{"id":52248,"date":"2020-09-30T11:15:39","date_gmt":"2020-09-30T11:15:39","guid":{"rendered":"https:\/\/www.ull.es\/portal\/noticias\/?p=52248"},"modified":"2020-09-30T11:15:39","modified_gmt":"2020-09-30T11:15:39","slug":"la-universidad-de-la-laguna-recibira-financiacion-estatal-para-23-proyectos-de-investigacion","status":"publish","type":"post","link":"https:\/\/www.ull.es\/portal\/noticias\/2020\/la-universidad-de-la-laguna-recibira-financiacion-estatal-para-23-proyectos-de-investigacion\/","title":{"rendered":"La Universidad de La Laguna recibir\u00e1 financiaci\u00f3n estatal para 23 proyectos de investigaci\u00f3n"},"content":{"rendered":"<p>El delegado del Gobierno en Canarias, Anselmo Pestana, mantuvo a comienzos de la pasada semana una reuni\u00f3n por videoconferencia con los representantes de distintas instituciones cient\u00edficas para interesarse por los proyectos de I+D+i del archipi\u00e9lago que recibir\u00e1n unas ayudas que ascienden a 6,24 millones de euros.<\/p>\n<p>Entre los 48 proyectos que han obtenido esta financiaci\u00f3n en Canarias, la Universidad de La Laguna ser\u00e1 la instituci\u00f3n que recibir\u00e1 m\u00e1s ayuda. Hasta 23 proyectos desarrollados en este centro acad\u00e9mico conseguir\u00e1n fondos, m\u00e1s de 2 millones de euros, poniendo en valor el esfuerzo que se realiza por la investigaci\u00f3n.<\/p>\n<p>El resto de los 6.240.454 de euros que se entregar\u00e1n para proyectos de investigaci\u00f3n, desarrollo e innovaci\u00f3n en Canarias ir\u00e1n destinados a entidades como la Universidad de Las Palmas de Gran Canaria (ULPGC), el Instituto de Astrof\u00edsica de Canarias (IAC), el Consejo Superior de Investigaciones Cient\u00edficas (CSIC) y la Fundaci\u00f3n Canaria Instituto de Investigaci\u00f3n Sanitaria de Canarias.<\/p>\n<p>Estos fondos, correspondientes a la convocatoria de 2019, se encuadran dentro del Programa Estatal de Generaci\u00f3n de Conocimiento y Fortalecimiento Cient\u00edfico y Tecnol\u00f3gico del Sistema de I+D+i y del Programa Estatal de I+D+i Orientada a los Retos de la Sociedad, en el marco del Plan Estatal de Investigaci\u00f3n Cient\u00edfica y T\u00e9cnica y de Innovaci\u00f3n 2017-2020.<\/p>\n<p>Las ayudas estatales servir\u00e1n para financiar proyectos de I+D+i en \u00e1mbitos como agrobiolog\u00eda, tecnolog\u00eda biom\u00e9dica, astrof\u00edsica, an\u00e1lisis matem\u00e1tico, nanotecnolog\u00eda, formaci\u00f3n del profesorado, computaci\u00f3n, sanidad animal y seguridad alimentaria, entre otros.<\/p>\n","protected":false},"excerpt":{"rendered":"<p>El delegado del Gobierno en Canarias, Anselmo Pestana, mantuvo a comienzos de la pasada semana una reuni\u00f3n por videoconferencia con&#8230;<\/p>\n","protected":false},"author":67,"featured_media":52251,"comment_status":"closed","ping_status":"closed","sticky":false,"template":"","format":"standard","meta":{"inline_featured_image":false,"footnotes":""},"categories":[345,348,350,2765],"tags":[],"acf":[],"yoast_head":"<!-- This site is optimized with the Yoast SEO plugin v21.3 - https:\/\/yoast.com\/wordpress\/plugins\/seo\/ -->\n<title>La Universidad de La Laguna recibir\u00e1 financiaci\u00f3n estatal para 23 proyectos de investigaci\u00f3n - ULL - Noticias<\/title>\n<meta name=\"description\" content=\"El delegado del Gobierno en Canarias, Anselmo Pestana, mantuvo a comienzos de la pasada semana una reuni\u00f3n por videoconferencia con los representantes de distintas instituciones cient\u00edficas para interesarse por los proyectos de I+D+i del archipi\u00e9lago que recibir\u00e1n unas ayudas que ascienden a 6,24 millones de euros.\" \/>\n<meta name=\"robots\" content=\"index, follow, max-snippet:-1, max-image-preview:large, max-video-preview:-1\" \/>\n<link rel=\"canonical\" href=\"https:\/\/www.ull.es\/portal\/noticias\/2020\/la-universidad-de-la-laguna-recibira-financiacion-estatal-para-23-proyectos-de-investigacion\/\" \/>\n<meta property=\"og:locale\" content=\"es_ES\" \/>\n<meta property=\"og:type\" content=\"article\" \/>\n<meta property=\"og:title\" content=\"La Universidad de La Laguna recibir\u00e1 financiaci\u00f3n estatal para 23 proyectos de investigaci\u00f3n - ULL - Noticias\" \/>\n<meta property=\"og:description\" content=\"El delegado del Gobierno en Canarias, Anselmo Pestana, mantuvo a comienzos de la pasada semana una reuni\u00f3n por videoconferencia con los representantes de distintas instituciones cient\u00edficas para interesarse por los proyectos de I+D+i del archipi\u00e9lago que recibir\u00e1n unas ayudas que ascienden a 6,24 millones de euros.\" \/>\n<meta property=\"og:url\" content=\"https:\/\/www.ull.es\/portal\/noticias\/2020\/la-universidad-de-la-laguna-recibira-financiacion-estatal-para-23-proyectos-de-investigacion\/\" \/>\n<meta property=\"og:site_name\" content=\"ULL - Noticias\" \/>\n<meta property=\"article:publisher\" content=\"https:\/\/www.facebook.com\/universidaddelalaguna\/\" \/>\n<meta property=\"article:published_time\" content=\"2020-09-30T11:15:39+00:00\" \/>\n<meta property=\"og:image\" content=\"https:\/\/www.ull.es\/portal\/noticias\/wp-content\/uploads\/sites\/13\/2020\/09\/pestana.jpg\" \/>\n\t<meta property=\"og:image:width\" content=\"1200\" \/>\n\t<meta property=\"og:image:height\" content=\"800\" \/>\n\t<meta property=\"og:image:type\" content=\"image\/jpeg\" \/>\n<meta name=\"author\" content=\"gcom5\" \/>\n<meta name=\"twitter:card\" content=\"summary_large_image\" \/>\n<meta name=\"twitter:creator\" content=\"@CanalULL\" \/>\n<meta name=\"twitter:site\" content=\"@CanalULL\" \/>\n<meta name=\"twitter:label1\" content=\"Escrito por\" \/>\n\t<meta name=\"twitter:data1\" content=\"gcom5\" \/>\n\t<meta name=\"twitter:label2\" content=\"Tiempo de lectura\" \/>\n\t<meta name=\"twitter:data2\" content=\"1 minuto\" \/>\n<script type=\"application\/ld+json\" class=\"yoast-schema-graph\">{\"@context\":\"https:\/\/schema.org\",\"@graph\":[{\"@type\":\"WebPage\",\"@id\":\"https:\/\/www.ull.es\/portal\/noticias\/2020\/la-universidad-de-la-laguna-recibira-financiacion-estatal-para-23-proyectos-de-investigacion\/\",\"url\":\"https:\/\/www.ull.es\/portal\/noticias\/2020\/la-universidad-de-la-laguna-recibira-financiacion-estatal-para-23-proyectos-de-investigacion\/\",\"name\":\"La Universidad de La Laguna recibir\u00e1 financiaci\u00f3n estatal para 23 proyectos de investigaci\u00f3n - ULL - Noticias\",\"isPartOf\":{\"@id\":\"https:\/\/www.ull.es\/portal\/noticias\/#website\"},\"datePublished\":\"2020-09-30T11:15:39+00:00\",\"dateModified\":\"2020-09-30T11:15:39+00:00\",\"author\":{\"@id\":\"https:\/\/www.ull.es\/portal\/noticias\/#\/schema\/person\/8027c6c4687adc2c90dc1532715d34df\"},\"description\":\"El delegado del Gobierno en Canarias, Anselmo Pestana, mantuvo a comienzos de la pasada semana una reuni\u00f3n por videoconferencia con los representantes de distintas instituciones cient\u00edficas para interesarse por los proyectos de I+D+i del archipi\u00e9lago que recibir\u00e1n unas ayudas que ascienden a 6,24 millones de euros.\",\"breadcrumb\":{\"@id\":\"https:\/\/www.ull.es\/portal\/noticias\/2020\/la-universidad-de-la-laguna-recibira-financiacion-estatal-para-23-proyectos-de-investigacion\/#breadcrumb\"},\"inLanguage\":\"es\",\"potentialAction\":[{\"@type\":\"ReadAction\",\"target\":[\"https:\/\/www.ull.es\/portal\/noticias\/2020\/la-universidad-de-la-laguna-recibira-financiacion-estatal-para-23-proyectos-de-investigacion\/\"]}]},{\"@type\":\"BreadcrumbList\",\"@id\":\"https:\/\/www.ull.es\/portal\/noticias\/2020\/la-universidad-de-la-laguna-recibira-financiacion-estatal-para-23-proyectos-de-investigacion\/#breadcrumb\",\"itemListElement\":[{\"@type\":\"ListItem\",\"position\":1,\"name\":\"Portada\",\"item\":\"https:\/\/www.ull.es\/portal\/noticias\/\"},{\"@type\":\"ListItem\",\"position\":2,\"name\":\"La Universidad de La Laguna recibir\u00e1 financiaci\u00f3n estatal para 23 proyectos de investigaci\u00f3n\"}]},{\"@type\":\"WebSite\",\"@id\":\"https:\/\/www.ull.es\/portal\/noticias\/#website\",\"url\":\"https:\/\/www.ull.es\/portal\/noticias\/\",\"name\":\"ULL - Noticias\",\"description\":\"\",\"potentialAction\":[{\"@type\":\"SearchAction\",\"target\":{\"@type\":\"EntryPoint\",\"urlTemplate\":\"https:\/\/www.ull.es\/portal\/noticias\/?s={search_term_string}\"},\"query-input\":\"required name=search_term_string\"}],\"inLanguage\":\"es\"},{\"@type\":\"Person\",\"@id\":\"https:\/\/www.ull.es\/portal\/noticias\/#\/schema\/person\/8027c6c4687adc2c90dc1532715d34df\",\"name\":\"gcom5\",\"image\":{\"@type\":\"ImageObject\",\"inLanguage\":\"es\",\"@id\":\"https:\/\/www.ull.es\/portal\/noticias\/#\/schema\/person\/image\/\",\"url\":\"https:\/\/secure.gravatar.com\/avatar\/8b3777f8048001fa57b88338ce5605b9?s=96&d=mm&r=g\",\"contentUrl\":\"https:\/\/secure.gravatar.com\/avatar\/8b3777f8048001fa57b88338ce5605b9?s=96&d=mm&r=g\",\"caption\":\"gcom5\"},\"url\":\"https:\/\/www.ull.es\/portal\/noticias\/author\/gcom5\/\"}]}<\/script>\n<!-- \/ Yoast SEO plugin. -->","yoast_head_json":{"title":"La Universidad de La Laguna recibir\u00e1 financiaci\u00f3n estatal para 23 proyectos de investigaci\u00f3n - ULL - Noticias","description":"El delegado del Gobierno en Canarias, Anselmo Pestana, mantuvo a comienzos de la pasada semana una reuni\u00f3n por videoconferencia con los representantes de distintas instituciones cient\u00edficas para interesarse por los proyectos de I+D+i del archipi\u00e9lago que recibir\u00e1n unas ayudas que ascienden a 6,24 millones de euros.","robots":{"index":"index","follow":"follow","max-snippet":"max-snippet:-1","max-image-preview":"max-image-preview:large","max-video-preview":"max-video-preview:-1"},"canonical":"https:\/\/www.ull.es\/portal\/noticias\/2020\/la-universidad-de-la-laguna-recibira-financiacion-estatal-para-23-proyectos-de-investigacion\/","og_locale":"es_ES","og_type":"article","og_title":"La Universidad de La Laguna recibir\u00e1 financiaci\u00f3n estatal para 23 proyectos de investigaci\u00f3n - ULL - Noticias","og_description":"El delegado del Gobierno en Canarias, Anselmo Pestana, mantuvo a comienzos de la pasada semana una reuni\u00f3n por videoconferencia con los representantes de distintas instituciones cient\u00edficas para interesarse por los proyectos de I+D+i del archipi\u00e9lago que recibir\u00e1n unas ayudas que ascienden a 6,24 millones de euros.","og_url":"https:\/\/www.ull.es\/portal\/noticias\/2020\/la-universidad-de-la-laguna-recibira-financiacion-estatal-para-23-proyectos-de-investigacion\/","og_site_name":"ULL - Noticias","article_publisher":"https:\/\/www.facebook.com\/universidaddelalaguna\/","article_published_time":"2020-09-30T11:15:39+00:00","og_image":[{"width":1200,"height":800,"url":"https:\/\/www.ull.es\/portal\/noticias\/wp-content\/uploads\/sites\/13\/2020\/09\/pestana.jpg","type":"image\/jpeg"}],"author":"gcom5","twitter_card":"summary_large_image","twitter_creator":"@CanalULL","twitter_site":"@CanalULL","twitter_misc":{"Escrito por":"gcom5","Tiempo de lectura":"1 minuto"},"schema":{"@context":"https:\/\/schema.org","@graph":[{"@type":"WebPage","@id":"https:\/\/www.ull.es\/portal\/noticias\/2020\/la-universidad-de-la-laguna-recibira-financiacion-estatal-para-23-proyectos-de-investigacion\/","url":"https:\/\/www.ull.es\/portal\/noticias\/2020\/la-universidad-de-la-laguna-recibira-financiacion-estatal-para-23-proyectos-de-investigacion\/","name":"La Universidad de La Laguna recibir\u00e1 financiaci\u00f3n estatal para 23 proyectos de investigaci\u00f3n - ULL - Noticias","isPartOf":{"@id":"https:\/\/www.ull.es\/portal\/noticias\/#website"},"datePublished":"2020-09-30T11:15:39+00:00","dateModified":"2020-09-30T11:15:39+00:00","author":{"@id":"https:\/\/www.ull.es\/portal\/noticias\/#\/schema\/person\/8027c6c4687adc2c90dc1532715d34df"},"description":"El delegado del Gobierno en Canarias, Anselmo Pestana, mantuvo a comienzos de la pasada semana una reuni\u00f3n por videoconferencia con los representantes de distintas instituciones cient\u00edficas para interesarse por los proyectos de I+D+i del archipi\u00e9lago que recibir\u00e1n unas ayudas que ascienden a 6,24 millones de euros.","breadcrumb":{"@id":"https:\/\/www.ull.es\/portal\/noticias\/2020\/la-universidad-de-la-laguna-recibira-financiacion-estatal-para-23-proyectos-de-investigacion\/#breadcrumb"},"inLanguage":"es","potentialAction":[{"@type":"ReadAction","target":["https:\/\/www.ull.es\/portal\/noticias\/2020\/la-universidad-de-la-laguna-recibira-financiacion-estatal-para-23-proyectos-de-investigacion\/"]}]},{"@type":"BreadcrumbList","@id":"https:\/\/www.ull.es\/portal\/noticias\/2020\/la-universidad-de-la-laguna-recibira-financiacion-estatal-para-23-proyectos-de-investigacion\/#breadcrumb","itemListElement":[{"@type":"ListItem","position":1,"name":"Portada","item":"https:\/\/www.ull.es\/portal\/noticias\/"},{"@type":"ListItem","position":2,"name":"La Universidad de La Laguna recibir\u00e1 financiaci\u00f3n estatal para 23 proyectos de investigaci\u00f3n"}]},{"@type":"WebSite","@id":"https:\/\/www.ull.es\/portal\/noticias\/#website","url":"https:\/\/www.ull.es\/portal\/noticias\/","name":"ULL - Noticias","description":"","potentialAction":[{"@type":"SearchAction","target":{"@type":"EntryPoint","urlTemplate":"https:\/\/www.ull.es\/portal\/noticias\/?s={search_term_string}"},"query-input":"required name=search_term_string"}],"inLanguage":"es"},{"@type":"Person","@id":"https:\/\/www.ull.es\/portal\/noticias\/#\/schema\/person\/8027c6c4687adc2c90dc1532715d34df","name":"gcom5","image":{"@type":"ImageObject","inLanguage":"es","@id":"https:\/\/www.ull.es\/portal\/noticias\/#\/schema\/person\/image\/","url":"https:\/\/secure.gravatar.com\/avatar\/8b3777f8048001fa57b88338ce5605b9?s=96&d=mm&r=g","contentUrl":"https:\/\/secure.gravatar.com\/avatar\/8b3777f8048001fa57b88338ce5605b9?s=96&d=mm&r=g","caption":"gcom5"},"url":"https:\/\/www.ull.es\/portal\/noticias\/author\/gcom5\/"}]}},"primary_category":{"id":2765,"name":"Portada ULL","slug":"portada-ull","link":"https:\/\/www.ull.es\/portal\/noticias\/category\/portada-ull\/"},"featured_image_thumbnail_url":"https:\/\/www.ull.es\/portal\/noticias\/wp-content\/uploads\/sites\/13\/2020\/09\/pestana-300x200.jpg","_links":{"self":[{"href":"https:\/\/www.ull.es\/portal\/noticias\/wp-json\/wp\/v2\/posts\/52248"}],"collection":[{"href":"https:\/\/www.ull.es\/portal\/noticias\/wp-json\/wp\/v2\/posts"}],"about":[{"href":"https:\/\/www.ull.es\/portal\/noticias\/wp-json\/wp\/v2\/types\/post"}],"author":[{"embeddable":true,"href":"https:\/\/www.ull.es\/portal\/noticias\/wp-json\/wp\/v2\/users\/67"}],"replies":[{"embeddable":true,"href":"https:\/\/www.ull.es\/portal\/noticias\/wp-json\/wp\/v2\/comments?post=52248"}],"version-history":[{"count":1,"href":"https:\/\/www.ull.es\/portal\/noticias\/wp-json\/wp\/v2\/posts\/52248\/revisions"}],"predecessor-version":[{"id":52250,"href":"https:\/\/www.ull.es\/portal\/noticias\/wp-json\/wp\/v2\/posts\/52248\/revisions\/52250"}],"wp:featuredmedia":[{"embeddable":true,"href":"https:\/\/www.ull.es\/portal\/noticias\/wp-json\/wp\/v2\/media\/52251"}],"wp:attachment":[{"href":"https:\/\/www.ull.es\/portal\/noticias\/wp-json\/wp\/v2\/media?parent=52248"}],"wp:term":[{"taxonomy":"category","embeddable":true,"href":"https:\/\/www.ull.es\/portal\/noticias\/wp-json\/wp\/v2\/categories?post=52248"},{"taxonomy":"post_tag","embeddable":true,"href":"https:\/\/www.ull.es\/portal\/noticias\/wp-json\/wp\/v2\/tags?post=52248"}],"curies":[{"name":"wp","href":"https:\/\/api.w.org\/{rel}","templated":true}]}}