{"id":52470,"date":"2020-10-08T12:39:49","date_gmt":"2020-10-08T12:39:49","guid":{"rendered":"https:\/\/www.ull.es\/portal\/noticias\/?p=52470"},"modified":"2020-10-08T13:04:15","modified_gmt":"2020-10-08T13:04:15","slug":"macroproblema-de-microplasticos","status":"publish","type":"post","link":"https:\/\/www.ull.es\/portal\/noticias\/2020\/macroproblema-de-microplasticos\/","title":{"rendered":"El macroproblema de los micropl\u00e1sticos"},"content":{"rendered":"<p>Cuando en 1972 los investigadores E. J. Carpenter y K. L. Smith alertaron en <a href=\"https:\/\/science.sciencemag.org\/content\/175\/4027\/1240\" target=\"_blank\" rel=\"noopener noreferrer\" target=\"_blank\" rel=\"noopener\">un art\u00edculo de la revista Science<\/a> de la presencia de part\u00edculas de pl\u00e1stico de peque\u00f1o tama\u00f1o en medio del Atl\u00e1ntico Norte (en el Mar de los Sargazos, concretamente), la comunidad cient\u00edfica no se mostr\u00f3 especialmente alarmada a pesar de lo ins\u00f3lito que resultaba encontrar estos diminutos fragmentos en un punto oce\u00e1nico tan alejado de cualquier poblaci\u00f3n. En aquella \u00e9poca, estos investigadores ni siquiera emplearon la palabra \u201cmicropl\u00e1sticos\u201d, pero ya estaban dando la se\u00f1al de alarma sobre un problema que, en la actualidad, por fin est\u00e1 recibiendo m\u00e1s atenci\u00f3n medi\u00e1tica y, sobre todo, cient\u00edfica.<\/p>\n<p>Fue en 2004 cuando Richard Thompson, de la Universidad de Plymouth, reaviv\u00f3 este problema y logr\u00f3 generar m\u00e1s inter\u00e9s social hacia \u00e9l gracias a un art\u00edculo, de nuevo en Science, titulado de manera contundente \u201c<a href=\"https:\/\/science.sciencemag.org\/content\/304\/5672\/838\/tab-article-info\" target=\"_blank\" rel=\"noopener noreferrer\" target=\"_blank\" rel=\"noopener\">Perdido en el mar. \u00bfD\u00f3nde est\u00e1 todo el pl\u00e1stico?<\/a>\u201d, en el que volv\u00eda a se\u00f1alar la presencia cada vez mayor de part\u00edculas de pl\u00e1stico muy peque\u00f1as en el mar y, adem\u00e1s, las denomina micropl\u00e1sticos por primera vez. A ra\u00edz de ese trabajo qued\u00f3 establecido que se trata de part\u00edculas con un tama\u00f1o inferior a 5 mil\u00edmetros; donde hay todav\u00eda debate es en fijar su l\u00edmite, que algunos autores cifran en una micra y otros llegan hasta los cien nan\u00f3metros.<\/p>\n<p>En ese momento la comunidad cient\u00edfica finalmente despert\u00f3 y desde entonces se ha producido un crecimiento exponencial de art\u00edculos sobre el asunto, hasta llegar a un punto en que, solo en 2019, hubo en torno a 800 trabajos centrados en este problema, hay vol\u00famenes de revistas completos pr\u00e1cticamente dedicados al tema e, incluso, existe un congreso internacional llamado <a href=\"https:\/\/micro2020.sciencesconf.org\/\" target=\"_blank\" rel=\"noopener\">Micro<\/a>, que desde 2016 se celebra cada dos a\u00f1os en Lanzarote, auspiciado por la Reserva de la Biosfera de la isla, al cual acuden los especialistas m\u00e1s reconocidos y en 2020, por razones de sobras conocidas, se celebrar\u00e1 \u00edntegramente de manera telem\u00e1tica.<\/p>\n<p>Un ejemplo de esa preocupaci\u00f3n creciente lo tenemos en la Universidad de La Laguna donde el grupo de investigaci\u00f3n en <a href=\"https:\/\/www.ull.es\/investigacion\/grupos-investigacion\/applied-analytical-chemistry-research-group\/\" target=\"_blank\" rel=\"noopener noreferrer\" target=\"_blank\" rel=\"noopener\">Qu\u00edmica Anal\u00edtica Aplicada<\/a> lleva pr\u00e1cticamente desde su fundaci\u00f3n en febrero de 2018 trabajando en varios proyectos cient\u00edficos, art\u00edculos y acciones de divulgaci\u00f3n centradas espec\u00edficamente en este problema. Su director, Javier Hern\u00e1ndez Borges, explica que su grupo naci\u00f3 con el prop\u00f3sito de desarrollar metodolog\u00edas de an\u00e1lisis con mucha aplicabilidad, para que \u201cla qu\u00edmica no se quede en el laboratorio y vaya m\u00e1s all\u00e1 para aportar beneficio a la sociedad. Obviamente, las l\u00edneas de investigaci\u00f3n van caminando, uno puede tener unas ideas y luego descubre que tiene medios y personal para abordar otras\u201d.<\/p>\n<p>Y m\u00e1s o menos eso es lo que ocurri\u00f3 con los micropl\u00e1sticos: el grupo comenz\u00f3 a trabajar en un proyecto de la <a href=\"https:\/\/www.cajacanarias.com\/\" target=\"_blank\" rel=\"noopener noreferrer\" target=\"_blank\" rel=\"noopener\">Fundaci\u00f3n CajaCanarias<\/a> sobre el impacto de los pl\u00e1sticos en las playas de Tenerife, concretamente sobre la presencia de ftalatos, que son compuestos que se a\u00f1aden a los pl\u00e1sticos para facilitar su moldeado y que pueden migrar f\u00e1cilmente a su entorno. Como el proyecto analizaba esos residuos, tambi\u00e9n incorporaba tangencialmente los micropl\u00e1sticos. \u201cFue ese proyecto el que nos hizo darnos cuenta de que ah\u00ed hab\u00eda una l\u00ednea de investigaci\u00f3n importante, que en Canarias apenas se hab\u00edan realizado estudios de estas caracter\u00edsticas y, por eso, abrimos esta l\u00ednea sobre micropl\u00e1sticos\u201d.<\/p>\n<div id=\"attachment_52472\" style=\"width: 310px\" class=\"wp-caption alignleft\"><a href=\"https:\/\/www.ull.es\/portal\/noticias\/wp-content\/uploads\/sites\/13\/2020\/10\/Javier-Hdez-Borges-11.jpg\" target=\"_blank\" rel=\"noopener noreferrer\" target=\"_blank\" rel=\"noopener\"><img aria-describedby=\"caption-attachment-52472\" decoding=\"async\" loading=\"lazy\" class=\"wp-image-52472 size-medium\" src=\"https:\/\/www.ull.es\/portal\/noticias\/wp-content\/uploads\/sites\/13\/2020\/10\/Javier-Hdez-Borges-11-300x200.jpg\" alt=\"Javier Hern\u00e1ndez Borges\" width=\"300\" height=\"200\" srcset=\"https:\/\/www.ull.es\/portal\/noticias\/wp-content\/uploads\/sites\/13\/2020\/10\/Javier-Hdez-Borges-11-300x200.jpg 300w, https:\/\/www.ull.es\/portal\/noticias\/wp-content\/uploads\/sites\/13\/2020\/10\/Javier-Hdez-Borges-11-1024x682.jpg 1024w, https:\/\/www.ull.es\/portal\/noticias\/wp-content\/uploads\/sites\/13\/2020\/10\/Javier-Hdez-Borges-11-768x512.jpg 768w, https:\/\/www.ull.es\/portal\/noticias\/wp-content\/uploads\/sites\/13\/2020\/10\/Javier-Hdez-Borges-11-375x250.jpg 375w, https:\/\/www.ull.es\/portal\/noticias\/wp-content\/uploads\/sites\/13\/2020\/10\/Javier-Hdez-Borges-11-750x500.jpg 750w, https:\/\/www.ull.es\/portal\/noticias\/wp-content\/uploads\/sites\/13\/2020\/10\/Javier-Hdez-Borges-11.jpg 1100w\" sizes=\"(max-width: 300px) 100vw, 300px\" \/><\/a><p id=\"caption-attachment-52472\" class=\"wp-caption-text\"><\/p>\n<div>Foto: JJpress (CC BY 3.0)<\/div>\n<p><\/p><\/div>\n<p><strong>Un problema por mensurar<\/strong><\/p>\n<p>La proliferaci\u00f3n de micropl\u00e1sticos origina varios problemas actualmente en estudio, cuyas consecuencias, en algunos casos, todav\u00eda no se han podido establecer con exactitud. B\u00e1sicamente, habr\u00eda dos grandes situaciones que han alertado a la comunidad cient\u00edfica: la primera, que estas part\u00edculas ya no est\u00e1n solamente en el medio acu\u00e1tico, sino que ya han llegado al a\u00e9reo y al terrestre, por lo cual ya se pude hablar de un \u201cciclo del pl\u00e1stico\u201d similar al de otras sustancias en el medio ambiente. En este sentido, el investigador se\u00f1ala que ya hay estudios que detallan su presencia en los grandes parques nacionales de Estados Unidos o, incluso, en el C\u00edrculo Polar \u00c1rtico y en la Ant\u00e1rtida, todas ellas localizaciones alejadas de n\u00facleos poblacionales, lo cual indica que ese pl\u00e1stico ha sido trasportado desde miles de kil\u00f3metros.<\/p>\n<p>La segunda se\u00f1al de alarma es que los micropl\u00e1sticos ya han llegado a la cadena tr\u00f3fica, de tal manera que al ser consumidos por organismos que, a su vez, forman parte de la dieta de otros, su propagaci\u00f3n ya ha llegado hasta los est\u00f3magos humanos. Hern\u00e1ndez Borges lo expone con un ejemplo ciertamente inquietante: \u201calgunos estudios indican que el ser humano ingiere el equivalente a una tarjeta de cr\u00e9dito de pl\u00e1stico a la semana\u201d.<\/p>\n<p>Sobre su presencia en todos los compartimentos ambientales, el experto explica que los micropl\u00e1sticos en el suelo pueden llegar, adem\u00e1s de por las part\u00edculas que caigan del aire, por materiales de cultivo (como los invernaderos o los acolchados pl\u00e1sticos) o incluso por el tr\u00e1fico rodado, dado que las ruedas est\u00e1n hechas de caucho natural pero tambi\u00e9n de pl\u00e1sticos sint\u00e9ticos que, al desgastarse, aparece en estas peque\u00f1as part\u00edculas. Al medio acu\u00e1tico llegan cantidades importantes por los n\u00facleos poblacionales cercanos y, tambi\u00e9n, a trav\u00e9s de los r\u00edos y barrancos.<\/p>\n<p>Es al llegar al medio marino cuando el pl\u00e1stico de mayor tama\u00f1o acaba fragmentado por la acci\u00f3n de la luz, el ox\u00edgeno atmosf\u00e9rico, las altas temperaturas y la degradaci\u00f3n mec\u00e1nica (choques y golpes), produciendo los llamados micropl\u00e1sticos secundarios. Los primarios ser\u00edan aquellos que ya son sintetizados directamente con esos peque\u00f1os tama\u00f1os, como los pellets o granzas, (peque\u00f1as esferas de pl\u00e1stico duro que se venden a la industria para su fundici\u00f3n y creaci\u00f3n de envases y objetos de mayor tama\u00f1o), las microesferas que se utilizan en cremas exfoliantes y pastas de dientes e, incluso, la purpurina. \u201cLos pa\u00edses son cada vez m\u00e1s conscientes de los problemas que plantean los micropl\u00e1sticos primarios, por lo que muchos est\u00e1n legislando para prohibirlos\u201d.<\/p>\n<p>Sobre su entrada en la cadena tr\u00f3fica, Hern\u00e1ndez Borges explica que los fragmentos m\u00e1s diminutos son asimilados por organismos filtradores como los mejillones, y tambi\u00e9n est\u00e1n presentes en el zooplancton y, por tanto, finalizan en peces que, a su vez, tambi\u00e9n acaban con micropl\u00e1sticos en su interior y en \u00faltima instancia llegan tambi\u00e9n a los humanos. Y el efecto de ese pl\u00e1stico ingerido sobre la salud es algo que todav\u00eda se est\u00e1 intentado averiguar.<\/p>\n<p>El qu\u00edmico de la Universidad de La Laguna explica que el pl\u00e1stico es una macromol\u00e9cula con unos enlaces muy estables, por lo que generalmente no es posible que se degrade al ingerirla. El problema es que al pl\u00e1stico se le a\u00f1aden aditivos para darle ciertas propiedades: plastificantes para facilitar su moldeado, colorantes, endurecedores o fotoprotectores. Esos aditivos, al no formar parte de la matriz polim\u00e9rica del pl\u00e1stico, es muy f\u00e1cil que se liberen en alg\u00fan momento, facilitando que puedan terminar ingeridos. \u201cSus efectos es algo que todav\u00eda se est\u00e1 estudiando. Se ha visto que en algunos peces produce un cierto estr\u00e9s oxidativo y en otros afecta al crecimiento, pero son datos que la comunidad cient\u00edfica est\u00e1 todav\u00eda analizando\u201d.<\/p>\n<p>Pero es que, adem\u00e1s de esos aditivos, los micropl\u00e1sticos, sobre todo en el medio marino, son capaces de retener contaminantes persistentes, como los bifenilos policlorados (que est\u00e1n prohibidos), herbicidas organoclorados (la mayor\u00eda tambi\u00e9n prohibida) e hidrocarburos arom\u00e1ticos polic\u00edclicos, entre otros. Y, de nuevo, cabe preguntar qu\u00e9 ocurre al ingerir micropl\u00e1sticos que tienen en su superficie esos contaminantes. \u201cParece ser que esa liberaci\u00f3n no es tan grande, pero son estudios muy preliminares y se han hecho con los contaminantes persistentes, pero no con los emergentes, que son compuestos que se sospecha que pueden ser contaminantes, como por ejemplo f\u00e1rmacos, productos de higiene personal como los filtros UV de las cremas solares, drogas de abuso\u2026 una serie de compuestos relativamente recientes que se est\u00e1 sospechando que pueden ser perjudiciales para el medio ambiente y las personas\u201d.<\/p>\n<div id=\"attachment_52473\" style=\"width: 310px\" class=\"wp-caption alignright\"><a href=\"https:\/\/www.ull.es\/portal\/noticias\/wp-content\/uploads\/sites\/13\/2020\/10\/implamac-playa.jpg\" target=\"_blank\" rel=\"noopener noreferrer\" target=\"_blank\" rel=\"noopener\"><img aria-describedby=\"caption-attachment-52473\" decoding=\"async\" loading=\"lazy\" class=\"wp-image-52473 size-medium\" src=\"https:\/\/www.ull.es\/portal\/noticias\/wp-content\/uploads\/sites\/13\/2020\/10\/implamac-playa-300x216.jpg\" alt=\"Recogida de muestras con voluntarios en una de las zonas costeras del proyecto IMPLAMAC\" width=\"300\" height=\"216\" srcset=\"https:\/\/www.ull.es\/portal\/noticias\/wp-content\/uploads\/sites\/13\/2020\/10\/implamac-playa-300x216.jpg 300w, https:\/\/www.ull.es\/portal\/noticias\/wp-content\/uploads\/sites\/13\/2020\/10\/implamac-playa-1024x737.jpg 1024w, https:\/\/www.ull.es\/portal\/noticias\/wp-content\/uploads\/sites\/13\/2020\/10\/implamac-playa-768x553.jpg 768w, https:\/\/www.ull.es\/portal\/noticias\/wp-content\/uploads\/sites\/13\/2020\/10\/implamac-playa-375x270.jpg 375w, https:\/\/www.ull.es\/portal\/noticias\/wp-content\/uploads\/sites\/13\/2020\/10\/implamac-playa-750x540.jpg 750w, https:\/\/www.ull.es\/portal\/noticias\/wp-content\/uploads\/sites\/13\/2020\/10\/implamac-playa-1140x821.jpg 1140w, https:\/\/www.ull.es\/portal\/noticias\/wp-content\/uploads\/sites\/13\/2020\/10\/implamac-playa.jpg 1200w\" sizes=\"(max-width: 300px) 100vw, 300px\" \/><\/a><p id=\"caption-attachment-52473\" class=\"wp-caption-text\">Recogida de muestras con voluntarios en una de las zonas costeras del proyecto.<\/p>\n<div>Foto: IMPLAMAC<\/div>\n<p><\/p><\/div>\n<p><strong>La situaci\u00f3n en la Macaronesia<\/strong><\/p>\n<p>Pr\u00e1cticamente al a\u00f1o de su fundaci\u00f3n, el grupo de investigaci\u00f3n en Qu\u00edmica Anal\u00edtica Aplicada logr\u00f3 1.340.000 euros de financiaci\u00f3n europea para poner en marcha un proyecto de la convocatoria Interreg-MAC 2014-2020 denominado IMPLAMAC, que fue <a href=\"https:\/\/www.ull.es\/portal\/noticias\/2019\/ull-lidera-estudio-sobre-microplasticos-implamac\/\" target=\"_blank\" rel=\"noopener noreferrer\" target=\"_blank\" rel=\"noopener\">presentado en noviembre de 2019<\/a> y su objetivo principal es estudiar el impacto de los micropl\u00e1sticos y contaminantes emergentes en las costas de la Macaronesia. Est\u00e1 liderado por la Universidad de La Laguna y participan tambi\u00e9n la Universidad de Las Palmas de Gran Canaria; la Agencia Nacional para el Desarrollo de la Investigaci\u00f3n, la Tecnolog\u00eda y la Innovaci\u00f3n de Madeira; la Secretar\u00eda Regional de Ambiente y Recursos Naturales de Madeira; la Direcci\u00f3n Regional de Asuntos del Mar de Azores y la Universidad de Cabo Verde.<\/p>\n<p>Lograr este proyecto fue el espaldarazo definitivo para poner en marcha la actividad del grupo de investigaci\u00f3n, que en sus inicios ten\u00eda solamente tres personas y, en gran medida gracias a este proyecto europeo, del cual el equipo de la Universidad de La Laguna gestiona directamente unos 600.000 euros, ya cuenta con nueve personas.<\/p>\n<p>IMPLAMAC analizar\u00e1 micropl\u00e1sticos hallados en playas y en alta mar de toda la Macaronesia, incluyendo tambi\u00e9n muestras de arena y agua para buscar contaminantes, sobre todo emergentes, y definir en d\u00f3nde se localizan y en qu\u00e9 cantidades.<\/p>\n<p>Si recoger las muestras es ya una tarea ardua porque exige desplazamientos y traves\u00edas en alta mar para realizar el muestreo, el an\u00e1lisis posterior de las muestras es igualmente complejo: los micropl\u00e1sticos entre 5 y 1 mil\u00edmetros son visibles al ojo humano y se pueden ver relativamente bien. \u201cEse tipo de an\u00e1lisis es m\u00e1s sencillo, aunque arduo\u201d, explica Hern\u00e1ndez Borges. \u201cHay que tamizar la muestra, lo tamizado se somete a flotaci\u00f3n en una disoluci\u00f3n saturada de cloruro s\u00f3dico para aumentar la densidad del agua y que los micropl\u00e1sticos floten. Se hace una inspecci\u00f3n visual de cada micropl\u00e1stico y hay que contarlos, ver sus colores, su forma una a una y pesarlos, y todo ello a mano, porque, de momento, no es un proceso automatizado\u201d.<\/p>\n<div id=\"attachment_52474\" style=\"width: 310px\" class=\"wp-caption alignleft\"><a href=\"https:\/\/www.ull.es\/portal\/noticias\/wp-content\/uploads\/sites\/13\/2020\/10\/implamac-muestras.jpg\" target=\"_blank\" rel=\"noopener noreferrer\" target=\"_blank\" rel=\"noopener\"><img aria-describedby=\"caption-attachment-52474\" decoding=\"async\" loading=\"lazy\" class=\"wp-image-52474 size-medium\" src=\"https:\/\/www.ull.es\/portal\/noticias\/wp-content\/uploads\/sites\/13\/2020\/10\/implamac-muestras-300x225.jpg\" alt=\"Muestras de micropl\u00e1sticos clasificadas por colores y tama\u00f1os para su an\u00e1lisis.\" width=\"300\" height=\"225\" srcset=\"https:\/\/www.ull.es\/portal\/noticias\/wp-content\/uploads\/sites\/13\/2020\/10\/implamac-muestras-300x225.jpg 300w, https:\/\/www.ull.es\/portal\/noticias\/wp-content\/uploads\/sites\/13\/2020\/10\/implamac-muestras-1024x768.jpg 1024w, https:\/\/www.ull.es\/portal\/noticias\/wp-content\/uploads\/sites\/13\/2020\/10\/implamac-muestras-768x576.jpg 768w, https:\/\/www.ull.es\/portal\/noticias\/wp-content\/uploads\/sites\/13\/2020\/10\/implamac-muestras-375x281.jpg 375w, https:\/\/www.ull.es\/portal\/noticias\/wp-content\/uploads\/sites\/13\/2020\/10\/implamac-muestras-750x563.jpg 750w, https:\/\/www.ull.es\/portal\/noticias\/wp-content\/uploads\/sites\/13\/2020\/10\/implamac-muestras-1140x855.jpg 1140w, https:\/\/www.ull.es\/portal\/noticias\/wp-content\/uploads\/sites\/13\/2020\/10\/implamac-muestras-108x81.jpg 108w, https:\/\/www.ull.es\/portal\/noticias\/wp-content\/uploads\/sites\/13\/2020\/10\/implamac-muestras.jpg 1200w\" sizes=\"(max-width: 300px) 100vw, 300px\" \/><\/a><p id=\"caption-attachment-52474\" class=\"wp-caption-text\">Muestras de micropl\u00e1sticos clasificadas por colores y tama\u00f1os para su an\u00e1lisis.<\/p>\n<div>Foto: IMPLAMAC.<\/div>\n<p><\/p><\/div>\n<p>Afortunadamente, la Universidad de Las Palmas de Gran Canaria ha desarrollado un software que permite hacer un recuento a partir de una fotograf\u00eda y esta tecnolog\u00eda va a ser utilizada en IMPLAMAC. Adem\u00e1s de este an\u00e1lisis visual con lupa binocular, se utilizar\u00e1n t\u00e9cnicas de espectroscopia infrarroja y tipo Raman para confirmar su composici\u00f3n.<\/p>\n<p>IMPLAMAC, al ser un proyecto Interreg, conlleva una importante carga de difusi\u00f3n. Al contrario que en otros tipos de convocatorias donde los resultados se presentan al final, el formato de este programa exige estar realizando una comunicaci\u00f3n continua de resultados, con un evento de lanzamiento, otro de cierre y algunos otros entre medias, sin contar los art\u00edculos en revistas cient\u00edficas e, incluso, la organizaci\u00f3n de cursos, charlas y seminarios: \u201cestuvimos en la Universidad de Verano de Adeje y en la de Verano de La Gomera, ahora tenemos cursos de Extensi\u00f3n en Arico y puede que en La Guancha, y un curso transdisciplinar 100% on-line donde vamos a abordar la perspectiva de los micropl\u00e1sticos en tierra, mar y aire con expertos que estado muestreado desde avi\u00f3n a 3.000 metros, otros en el \u00c1rtico, la Ant\u00e1rtida, en aguas residuales\u2026 algo muy completo\u201d.<\/p>\n<p>Un factor del que se muestra especialmente orgulloso Hern\u00e1ndez Borges en referencia a IMPLAMAC es que ha propiciado un movimiento de participaci\u00f3n ciudadana que, en su opini\u00f3n, revaloriza el proyecto de manera importante: en Tenerife colaboran con el proyecto Ciencia Ciudadana promovido por el Cabildo Insular, consistente en que el ciudadano de a pie puede \u201capadrinar\u201d una playa y ayudar a los investigadores a realizar los muestreos tras ser previamente formado para ello. Se cuenta con la Asociaci\u00f3n Terramare para encontrar los voluntarios y se ha extendido a todas las islas de la provincia: en La Palma se colabora a trav\u00e9s de la Asociaci\u00f3n Oceanol\u00f3gico y en La Gomera y El Hierrro, con Ventana al Mar.<\/p>\n<p>\u201cEsta participaci\u00f3n ciudadana y voluntaria, en todos los a\u00f1os que llevo investigando no la hab\u00eda visto nunca. El problema ha calado porque se lo hemos explicado con rigurosidad. Porque a veces estos problemas se tratan con sensacionalismo y yo creo que as\u00ed lo que logramos es, justamente, alejar a muchas personas. A la gente le gusta que la universidad salga a la calle como ella sabe: con rigor, aportando datos cient\u00edficos recientes y contrastados\u201d.<\/p>\n<p><strong>Las playas de Canarias<\/strong><\/p>\n<p>Adem\u00e1s de este proyecto europeo, el grupo de investigaci\u00f3n en Qu\u00edmica Anal\u00edtica Aplicada se ha visto recientemente envuelto en otro proyecto igualmente ambicioso, esta vez circunscrito al \u00e1mbito canario, que cuenta con el apoyo de la Fundaci\u00f3n Diario de Avisos y que <a href=\"https:\/\/www.ull.es\/portal\/noticias\/2020\/microplasticos-en-fondos-costeros-canarias\/\" target=\"_blank\" rel=\"noopener noreferrer\" target=\"_blank\" rel=\"noopener\">fue presentado a finales de septiembre de 2020<\/a>. De alguna manera, viene a complementar a IMPLAMAC, puesto que si este se centra en la fracci\u00f3n m\u00e1s grande de micropl\u00e1sticos, de entre 5 y 1 mil\u00edmetros, el de la fundaci\u00f3n lo hace en aquellos de tama\u00f1o inferior, y centrados \u00fanicamente en los fondos arenosos de las playas de las ochos islas canarias.<\/p>\n<p>En este proyecto se lleva trabajando desde julio de 2020, tomando muestras en cuatro playas de cada isla -con la excepci\u00f3n de La Graciosa, en la que solamente se muestrear\u00e1 una zona del litoral- para determinar los micropl\u00e1sticos que hay en profundidad. La investigaci\u00f3n se desarrollar\u00e1 durante un a\u00f1o y ser\u00e1 igualmente dura porque, adem\u00e1s de los exhaustivos an\u00e1lisis de laboratorio ya explicados, se a\u00f1ade la dificultad de que las muestras se obtienen del fondo marino y, por tanto, es necesario realizar inmersiones.<\/p>\n<div id=\"attachment_52475\" style=\"width: 310px\" class=\"wp-caption alignright\"><a href=\"https:\/\/www.ull.es\/portal\/noticias\/wp-content\/uploads\/sites\/13\/2020\/10\/implamac-sedimentos.jpg\" target=\"_blank\" rel=\"noopener noreferrer\" target=\"_blank\" rel=\"noopener\"><img aria-describedby=\"caption-attachment-52475\" decoding=\"async\" loading=\"lazy\" class=\"wp-image-52475 size-medium\" src=\"https:\/\/www.ull.es\/portal\/noticias\/wp-content\/uploads\/sites\/13\/2020\/10\/implamac-sedimentos-300x225.jpg\" alt=\"\" width=\"300\" height=\"225\" srcset=\"https:\/\/www.ull.es\/portal\/noticias\/wp-content\/uploads\/sites\/13\/2020\/10\/implamac-sedimentos-300x225.jpg 300w, https:\/\/www.ull.es\/portal\/noticias\/wp-content\/uploads\/sites\/13\/2020\/10\/implamac-sedimentos-1024x768.jpg 1024w, https:\/\/www.ull.es\/portal\/noticias\/wp-content\/uploads\/sites\/13\/2020\/10\/implamac-sedimentos-768x576.jpg 768w, https:\/\/www.ull.es\/portal\/noticias\/wp-content\/uploads\/sites\/13\/2020\/10\/implamac-sedimentos-375x281.jpg 375w, https:\/\/www.ull.es\/portal\/noticias\/wp-content\/uploads\/sites\/13\/2020\/10\/implamac-sedimentos-750x563.jpg 750w, https:\/\/www.ull.es\/portal\/noticias\/wp-content\/uploads\/sites\/13\/2020\/10\/implamac-sedimentos-1140x855.jpg 1140w, https:\/\/www.ull.es\/portal\/noticias\/wp-content\/uploads\/sites\/13\/2020\/10\/implamac-sedimentos-108x81.jpg 108w, https:\/\/www.ull.es\/portal\/noticias\/wp-content\/uploads\/sites\/13\/2020\/10\/implamac-sedimentos.jpg 1200w\" sizes=\"(max-width: 300px) 100vw, 300px\" \/><\/a><p id=\"caption-attachment-52475\" class=\"wp-caption-text\">Recogida de muestras de sedimentos submarios.<\/p>\n<div>Foto: Proyecto de la Fundaci\u00f3n Diario de Avisos.<\/div>\n<p><\/p><\/div>\n<p>La idea es realizar un diagn\u00f3stico de la situaci\u00f3n en Canarias, habida cuenta de que la llegada de micropl\u00e1sticos y otros residuos a las costas del archipi\u00e9lago es especialmente abundante por las corrientes que afectan a sus costas. Gracias a este diagn\u00f3stico se espera poder detectar \u201cpuntos negros\u201d y, as\u00ed, articular medidas preventivas o, al menos, intensificar las campa\u00f1as de limpieza. Por ahora, seg\u00fan Hern\u00e1ndez Borges, ya se han detectado tres de estos focos en Playa Grande de Arico, Famara en Lanzarote y Playa Lambra (o Playa del \u00c1mbar) en La Graciosa y, a falta de confirmar los datos obtenidos, es muy probable que Arenas Blancas en El Hierro podr\u00eda ser otro.<\/p>\n<p>En el an\u00e1lisis de fondos se est\u00e1 observado la gran presencia de pl\u00e1sticos en forma de microfibras provenientes de tejidos, liberados al mar a trav\u00e9s de los lavados de la ropa. Las depuradoras m\u00e1s modernas pueden eliminar en torno al 95 % de estos residuos, pero las m\u00e1s antiguas, de las cuales siguen muchas en activo, llegan en torno a un 80 % de filtrado. \u201cY otro problema es que lo eliminado se queda en los lodos, y si con ellos se abonan los campos, pues se est\u00e1n liberando en tierra\u201d.<\/p>\n<p>Por desgracia, no todos los pl\u00e1sticos se pueden reciclar: los hay que se derriten al aplicar altas temperaturas y pueden ser as\u00ed reutilizados para otros fines. Pero existen pl\u00e1sticos termoestables, como los empleados para fabricar utensilios de cocina, que no se pueden volver a moldear ni reciclar. \u201cY al medio ambiente llegan ambos tipos. Se est\u00e1n buscando soluciones, estamos colaborando con una empresa que est\u00e1 investigando qu\u00e9 hacer con la materia prima que recogemos. Se la suministramos tal cual nos llega y ellos ven si se puede utilizar como combustible o qu\u00e9 tratamiento habr\u00eda que hacer\u201d.<\/p>\n<p>En todo caso, la l\u00ednea de investigaci\u00f3n sobre micropl\u00e1sticos en la Universidad de La Laguna est\u00e1 en pleno auge. Como muestra, Hern\u00e1ndez Borges pone \u00e9nfasis en que, hasta el momento, ya se han hecho seis trabajos fin de grado y uno fin de m\u00e1ster sobre la materia, y adem\u00e1s ya est\u00e1n en marcha tres tesis doctorales. Adem\u00e1s, se est\u00e1 ampliado la investigaci\u00f3n hacia otros campos, como la b\u00fasqueda de estos residuos en organismos vivos como lubinas y doradas y, pr\u00f3ximamente, tambi\u00e9n en erizos de mar. \u201cAs\u00ed, colaboramos con bi\u00f3logos marinos, edaf\u00f3logos, f\u00edsicos que nos est\u00e1n ayudando en los an\u00e1lisis, obviamente con qu\u00edmicos\u2026 Es un equipo multidisciplinar y cada vez nos llaman m\u00e1s a la puerta para colaborar. Nuestra idea es consolidar esta l\u00ednea de investigaci\u00f3n y abrirla todav\u00eda m\u00e1s\u201d.<\/p>\n<p><strong>Gabinete de Comunicaci\u00f3n<\/strong><\/p>\n","protected":false},"excerpt":{"rendered":"<p>Cuando en 1972 los investigadores E. J. Carpenter y K. L. Smith alertaron en un art\u00edculo de la revista Science&#8230;<\/p>\n","protected":false},"author":21,"featured_media":52477,"comment_status":"closed","ping_status":"closed","sticky":false,"template":"","format":"standard","meta":{"inline_featured_image":false,"footnotes":""},"categories":[3924,350,2750,3457],"tags":[6161,1575,5733],"acf":[],"yoast_head":"<!-- This site is optimized with the Yoast SEO plugin v21.3 - https:\/\/yoast.com\/wordpress\/plugins\/seo\/ -->\n<title>El macroproblema de los micropl\u00e1sticos<\/title>\n<meta name=\"description\" content=\"Un grupo de investigaci\u00f3n de la ULL lleva desde 2018 analizando este problema medioambiental cada vez m\u00e1s relevante en Canarias.\" \/>\n<meta name=\"robots\" content=\"index, follow, max-snippet:-1, max-image-preview:large, max-video-preview:-1\" \/>\n<link rel=\"canonical\" href=\"https:\/\/www.ull.es\/portal\/noticias\/2020\/macroproblema-de-microplasticos\/\" \/>\n<meta property=\"og:locale\" content=\"es_ES\" \/>\n<meta property=\"og:type\" content=\"article\" \/>\n<meta property=\"og:title\" content=\"El macroproblema de los micropl\u00e1sticos\" \/>\n<meta property=\"og:description\" content=\"Un grupo de investigaci\u00f3n de la ULL lleva desde 2018 analizando este problema medioambiental cada vez m\u00e1s relevante en Canarias.\" \/>\n<meta property=\"og:url\" content=\"https:\/\/www.ull.es\/portal\/noticias\/2020\/macroproblema-de-microplasticos\/\" \/>\n<meta property=\"og:site_name\" content=\"ULL - Noticias\" \/>\n<meta property=\"article:publisher\" content=\"https:\/\/www.facebook.com\/universidaddelalaguna\/\" \/>\n<meta property=\"article:published_time\" content=\"2020-10-08T12:39:49+00:00\" \/>\n<meta property=\"article:modified_time\" content=\"2020-10-08T13:04:15+00:00\" \/>\n<meta property=\"og:image\" content=\"https:\/\/www.ull.es\/portal\/noticias\/wp-content\/uploads\/sites\/13\/2020\/10\/Javier-Hdez-Borges-01.jpg\" \/>\n\t<meta property=\"og:image:width\" content=\"1100\" \/>\n\t<meta property=\"og:image:height\" content=\"689\" \/>\n\t<meta property=\"og:image:type\" content=\"image\/jpeg\" \/>\n<meta name=\"author\" content=\"prensa2\" \/>\n<meta name=\"twitter:card\" content=\"summary_large_image\" \/>\n<meta name=\"twitter:creator\" content=\"@CanalULL\" \/>\n<meta name=\"twitter:site\" content=\"@CanalULL\" \/>\n<meta name=\"twitter:label1\" content=\"Escrito por\" \/>\n\t<meta name=\"twitter:data1\" content=\"prensa2\" \/>\n\t<meta name=\"twitter:label2\" content=\"Tiempo de lectura\" \/>\n\t<meta name=\"twitter:data2\" content=\"15 minutos\" \/>\n<script type=\"application\/ld+json\" class=\"yoast-schema-graph\">{\"@context\":\"https:\/\/schema.org\",\"@graph\":[{\"@type\":\"WebPage\",\"@id\":\"https:\/\/www.ull.es\/portal\/noticias\/2020\/macroproblema-de-microplasticos\/\",\"url\":\"https:\/\/www.ull.es\/portal\/noticias\/2020\/macroproblema-de-microplasticos\/\",\"name\":\"El macroproblema de los micropl\u00e1sticos\",\"isPartOf\":{\"@id\":\"https:\/\/www.ull.es\/portal\/noticias\/#website\"},\"datePublished\":\"2020-10-08T12:39:49+00:00\",\"dateModified\":\"2020-10-08T13:04:15+00:00\",\"author\":{\"@id\":\"https:\/\/www.ull.es\/portal\/noticias\/#\/schema\/person\/c3b2aa857797592927a03740d6664376\"},\"description\":\"Un grupo de investigaci\u00f3n de la ULL lleva desde 2018 analizando este problema medioambiental cada vez m\u00e1s relevante en Canarias.\",\"breadcrumb\":{\"@id\":\"https:\/\/www.ull.es\/portal\/noticias\/2020\/macroproblema-de-microplasticos\/#breadcrumb\"},\"inLanguage\":\"es\",\"potentialAction\":[{\"@type\":\"ReadAction\",\"target\":[\"https:\/\/www.ull.es\/portal\/noticias\/2020\/macroproblema-de-microplasticos\/\"]}]},{\"@type\":\"BreadcrumbList\",\"@id\":\"https:\/\/www.ull.es\/portal\/noticias\/2020\/macroproblema-de-microplasticos\/#breadcrumb\",\"itemListElement\":[{\"@type\":\"ListItem\",\"position\":1,\"name\":\"Portada\",\"item\":\"https:\/\/www.ull.es\/portal\/noticias\/\"},{\"@type\":\"ListItem\",\"position\":2,\"name\":\"El macroproblema de los micropl\u00e1sticos\"}]},{\"@type\":\"WebSite\",\"@id\":\"https:\/\/www.ull.es\/portal\/noticias\/#website\",\"url\":\"https:\/\/www.ull.es\/portal\/noticias\/\",\"name\":\"ULL - Noticias\",\"description\":\"\",\"potentialAction\":[{\"@type\":\"SearchAction\",\"target\":{\"@type\":\"EntryPoint\",\"urlTemplate\":\"https:\/\/www.ull.es\/portal\/noticias\/?s={search_term_string}\"},\"query-input\":\"required name=search_term_string\"}],\"inLanguage\":\"es\"},{\"@type\":\"Person\",\"@id\":\"https:\/\/www.ull.es\/portal\/noticias\/#\/schema\/person\/c3b2aa857797592927a03740d6664376\",\"name\":\"prensa2\",\"image\":{\"@type\":\"ImageObject\",\"inLanguage\":\"es\",\"@id\":\"https:\/\/www.ull.es\/portal\/noticias\/#\/schema\/person\/image\/\",\"url\":\"https:\/\/secure.gravatar.com\/avatar\/b58f310a5de5feb33d1e026d2493f23c?s=96&d=mm&r=g\",\"contentUrl\":\"https:\/\/secure.gravatar.com\/avatar\/b58f310a5de5feb33d1e026d2493f23c?s=96&d=mm&r=g\",\"caption\":\"prensa2\"},\"url\":\"https:\/\/www.ull.es\/portal\/noticias\/author\/prensa2\/\"}]}<\/script>\n<!-- \/ Yoast SEO plugin. -->","yoast_head_json":{"title":"El macroproblema de los micropl\u00e1sticos","description":"Un grupo de investigaci\u00f3n de la ULL lleva desde 2018 analizando este problema medioambiental cada vez m\u00e1s relevante en Canarias.","robots":{"index":"index","follow":"follow","max-snippet":"max-snippet:-1","max-image-preview":"max-image-preview:large","max-video-preview":"max-video-preview:-1"},"canonical":"https:\/\/www.ull.es\/portal\/noticias\/2020\/macroproblema-de-microplasticos\/","og_locale":"es_ES","og_type":"article","og_title":"El macroproblema de los micropl\u00e1sticos","og_description":"Un grupo de investigaci\u00f3n de la ULL lleva desde 2018 analizando este problema medioambiental cada vez m\u00e1s relevante en Canarias.","og_url":"https:\/\/www.ull.es\/portal\/noticias\/2020\/macroproblema-de-microplasticos\/","og_site_name":"ULL - Noticias","article_publisher":"https:\/\/www.facebook.com\/universidaddelalaguna\/","article_published_time":"2020-10-08T12:39:49+00:00","article_modified_time":"2020-10-08T13:04:15+00:00","og_image":[{"width":1100,"height":689,"url":"https:\/\/www.ull.es\/portal\/noticias\/wp-content\/uploads\/sites\/13\/2020\/10\/Javier-Hdez-Borges-01.jpg","type":"image\/jpeg"}],"author":"prensa2","twitter_card":"summary_large_image","twitter_creator":"@CanalULL","twitter_site":"@CanalULL","twitter_misc":{"Escrito por":"prensa2","Tiempo de lectura":"15 minutos"},"schema":{"@context":"https:\/\/schema.org","@graph":[{"@type":"WebPage","@id":"https:\/\/www.ull.es\/portal\/noticias\/2020\/macroproblema-de-microplasticos\/","url":"https:\/\/www.ull.es\/portal\/noticias\/2020\/macroproblema-de-microplasticos\/","name":"El macroproblema de los micropl\u00e1sticos","isPartOf":{"@id":"https:\/\/www.ull.es\/portal\/noticias\/#website"},"datePublished":"2020-10-08T12:39:49+00:00","dateModified":"2020-10-08T13:04:15+00:00","author":{"@id":"https:\/\/www.ull.es\/portal\/noticias\/#\/schema\/person\/c3b2aa857797592927a03740d6664376"},"description":"Un grupo de investigaci\u00f3n de la ULL lleva desde 2018 analizando este problema medioambiental cada vez m\u00e1s relevante en Canarias.","breadcrumb":{"@id":"https:\/\/www.ull.es\/portal\/noticias\/2020\/macroproblema-de-microplasticos\/#breadcrumb"},"inLanguage":"es","potentialAction":[{"@type":"ReadAction","target":["https:\/\/www.ull.es\/portal\/noticias\/2020\/macroproblema-de-microplasticos\/"]}]},{"@type":"BreadcrumbList","@id":"https:\/\/www.ull.es\/portal\/noticias\/2020\/macroproblema-de-microplasticos\/#breadcrumb","itemListElement":[{"@type":"ListItem","position":1,"name":"Portada","item":"https:\/\/www.ull.es\/portal\/noticias\/"},{"@type":"ListItem","position":2,"name":"El macroproblema de los micropl\u00e1sticos"}]},{"@type":"WebSite","@id":"https:\/\/www.ull.es\/portal\/noticias\/#website","url":"https:\/\/www.ull.es\/portal\/noticias\/","name":"ULL - Noticias","description":"","potentialAction":[{"@type":"SearchAction","target":{"@type":"EntryPoint","urlTemplate":"https:\/\/www.ull.es\/portal\/noticias\/?s={search_term_string}"},"query-input":"required name=search_term_string"}],"inLanguage":"es"},{"@type":"Person","@id":"https:\/\/www.ull.es\/portal\/noticias\/#\/schema\/person\/c3b2aa857797592927a03740d6664376","name":"prensa2","image":{"@type":"ImageObject","inLanguage":"es","@id":"https:\/\/www.ull.es\/portal\/noticias\/#\/schema\/person\/image\/","url":"https:\/\/secure.gravatar.com\/avatar\/b58f310a5de5feb33d1e026d2493f23c?s=96&d=mm&r=g","contentUrl":"https:\/\/secure.gravatar.com\/avatar\/b58f310a5de5feb33d1e026d2493f23c?s=96&d=mm&r=g","caption":"prensa2"},"url":"https:\/\/www.ull.es\/portal\/noticias\/author\/prensa2\/"}]}},"primary_category":{"id":350,"name":"Investigaci\u00f3n","slug":"investigacion","link":"https:\/\/www.ull.es\/portal\/noticias\/category\/investigacion\/"},"featured_image_thumbnail_url":"https:\/\/www.ull.es\/portal\/noticias\/wp-content\/uploads\/sites\/13\/2020\/10\/Javier-Hdez-Borges-01-300x188.jpg","_links":{"self":[{"href":"https:\/\/www.ull.es\/portal\/noticias\/wp-json\/wp\/v2\/posts\/52470"}],"collection":[{"href":"https:\/\/www.ull.es\/portal\/noticias\/wp-json\/wp\/v2\/posts"}],"about":[{"href":"https:\/\/www.ull.es\/portal\/noticias\/wp-json\/wp\/v2\/types\/post"}],"author":[{"embeddable":true,"href":"https:\/\/www.ull.es\/portal\/noticias\/wp-json\/wp\/v2\/users\/21"}],"replies":[{"embeddable":true,"href":"https:\/\/www.ull.es\/portal\/noticias\/wp-json\/wp\/v2\/comments?post=52470"}],"version-history":[{"count":6,"href":"https:\/\/www.ull.es\/portal\/noticias\/wp-json\/wp\/v2\/posts\/52470\/revisions"}],"predecessor-version":[{"id":52482,"href":"https:\/\/www.ull.es\/portal\/noticias\/wp-json\/wp\/v2\/posts\/52470\/revisions\/52482"}],"wp:featuredmedia":[{"embeddable":true,"href":"https:\/\/www.ull.es\/portal\/noticias\/wp-json\/wp\/v2\/media\/52477"}],"wp:attachment":[{"href":"https:\/\/www.ull.es\/portal\/noticias\/wp-json\/wp\/v2\/media?parent=52470"}],"wp:term":[{"taxonomy":"category","embeddable":true,"href":"https:\/\/www.ull.es\/portal\/noticias\/wp-json\/wp\/v2\/categories?post=52470"},{"taxonomy":"post_tag","embeddable":true,"href":"https:\/\/www.ull.es\/portal\/noticias\/wp-json\/wp\/v2\/tags?post=52470"}],"curies":[{"name":"wp","href":"https:\/\/api.w.org\/{rel}","templated":true}]}}