{"id":52537,"date":"2020-10-09T14:30:55","date_gmt":"2020-10-09T14:30:55","guid":{"rendered":"https:\/\/www.ull.es\/portal\/noticias\/?p=52537"},"modified":"2022-06-13T12:45:17","modified_gmt":"2022-06-13T12:45:17","slug":"ingenia-muestra-la-creatividad-y-el-emprendimiento-innovador-de-los-jovenes-de-la-ull-y-futuros-universitarios","status":"publish","type":"post","link":"https:\/\/www.ull.es\/portal\/noticias\/2020\/ingenia-muestra-la-creatividad-y-el-emprendimiento-innovador-de-los-jovenes-de-la-ull-y-futuros-universitarios\/","title":{"rendered":"INGENIA muestra la creatividad y el emprendimiento innovador de los j\u00f3venes de la ULL y futuros universitarios"},"content":{"rendered":"<p>El Aula Magna de F\u00edsica y Matem\u00e1ticas ha acogido hoy 9 de octubre la presentaci\u00f3n de los doce proyectos que componen el programa INGENIA, un proyecto de la Universidad de La Laguna y financiado por el Cabildo de Tenerife para fomentar entre los estudiantes el emprendimiento innovador y la b\u00fasqueda de soluciones medioambientales a retos globales del Planeta, pero enfocados desde lo local.<\/p>\n<p style=\"text-align: center;\"><a href=\"https:\/\/drive.google.com\/drive\/folders\/1TcFgOXv3kHYSOcV_JJ1Y72tHYAklDzIJ?usp=sharing\" target=\"_blank\" rel=\"noopener\">Galer\u00eda de im\u00e1genes<\/a><\/p>\n<p>Esta iniciativa persigue as\u00ed promover la participaci\u00f3n de la comunidad universitaria, y tambi\u00e9n preuniversitaria, en retos sociales y medioambientales del entorno, de modo que, a trav\u00e9s de un vasto programa de formaci\u00f3n y acompa\u00f1amiento, los j\u00f3venes se enfrenten a problemas reales y ayudan a buscar soluciones ligadas con los ODS.<\/p>\n<p>La rectora del centro acad\u00e9mico, Rosa Aguilar, estuvo acompa\u00f1ada en el acto de presentaci\u00f3n de B\u00e9lica P\u00e9rez, directora insular de Educaci\u00f3n y Juventud del cabildo de Tenerife, instituci\u00f3n a la que la rectora agradeci\u00f3 efusivamente su apoyo fundamental en esta acci\u00f3n. Tambi\u00e9n estuvo presente el director general de Investigaci\u00f3n y Coordinaci\u00f3n del Desarrollo Sostenible del Gobierno de Canarias, David Padr\u00f3n.<\/p>\n<p><img decoding=\"async\" loading=\"lazy\" class=\"alignleft size-medium wp-image-52539\" src=\"https:\/\/www.ull.es\/portal\/noticias\/wp-content\/uploads\/sites\/13\/2020\/10\/INGENIA-muestra-alumnado-300x200.jpg\" alt=\"\" width=\"300\" height=\"200\" srcset=\"https:\/\/www.ull.es\/portal\/noticias\/wp-content\/uploads\/sites\/13\/2020\/10\/INGENIA-muestra-alumnado-300x200.jpg 300w, https:\/\/www.ull.es\/portal\/noticias\/wp-content\/uploads\/sites\/13\/2020\/10\/INGENIA-muestra-alumnado-1024x682.jpg 1024w, https:\/\/www.ull.es\/portal\/noticias\/wp-content\/uploads\/sites\/13\/2020\/10\/INGENIA-muestra-alumnado-768x512.jpg 768w, https:\/\/www.ull.es\/portal\/noticias\/wp-content\/uploads\/sites\/13\/2020\/10\/INGENIA-muestra-alumnado-375x250.jpg 375w, https:\/\/www.ull.es\/portal\/noticias\/wp-content\/uploads\/sites\/13\/2020\/10\/INGENIA-muestra-alumnado-750x500.jpg 750w, https:\/\/www.ull.es\/portal\/noticias\/wp-content\/uploads\/sites\/13\/2020\/10\/INGENIA-muestra-alumnado.jpg 1100w\" sizes=\"(max-width: 300px) 100vw, 300px\" \/>De este programa, promovido por el Vicerrectorado de Estudiantes y Empleabilidad, surgieron doce proyectos, ya en marcha. En la cita de esta ma\u00f1ana realizaron una sesi\u00f3n de presentaci\u00f3n para conseguir patrocinios que puedan mantener los proyectos en pie y permitir la difusi\u00f3n de sus ideas para mejorar Canarias.<\/p>\n<p>\u201cSe trata de iniciativas que han llevado a cabo nuestros protagonistas para cambiar nuestro entorno o, como a m\u00ed me gusta decir, para cambiar el mundo. Dense cuenta de que en la sociedad en la que estamos todo lo que hacemos localmente afecta globalmente, y esa es una idea que INGENIA tiene muy claro\u201d, declar\u00f3 la rectora al comienzo de su intervenci\u00f3n.<\/p>\n<p>Aguilar a\u00f1adi\u00f3 que la Universidad de La Laguna busca un \u201cemprendimiento innovador, otra forma de hacer las cosas, otra forma de actuar y de entender los retos de la sociedad en la que vivimos\u201d. La rectora se mostr\u00f3 convencida de que este programa lo consigue. \u201cHa hecho de ustedes \u2013dijo al alumnado-, gracias al enorme equipo de apoyo con el que han contado, personas diferentes: ya saben trabajar en equipo, pensar globalmente, buscar soluciones, alinearse bajo un \u00fanico objetivo, en definitiva, emprender juntos\u201d.<\/p>\n<p>La rectora apunt\u00f3 igualmente que un programa transformador de este calado ha de darse en el ecosistema universitario, \u201cdonde docencia e investigaci\u00f3n van juntas de la mano y donde la creatividad y la innovaci\u00f3n es nuestro pan de cada d\u00eda\u201d.<\/p>\n<p>Los proyectos presentados por los j\u00f3venes tienen que ver con acompa\u00f1amiento de personas mayores, un programa formativo para la lucha contra el uso del pl\u00e1stico, otro de reciclaje y reaprovechamiento de ropa usada, repoblaci\u00f3n de zonas con insectos polinizadores, formaci\u00f3n contra las especies vegetales invasoras, compostables, protecci\u00f3n medioambiental, lucha contra el acoso escolar o promoci\u00f3n de los ODS entre la poblaci\u00f3n joven.<\/p>\n","protected":false},"excerpt":{"rendered":"<p>El Aula Magna de F\u00edsica y Matem\u00e1ticas ha acogido hoy 9 de octubre la presentaci\u00f3n de los doce proyectos que&#8230;<\/p>\n","protected":false},"author":23,"featured_media":52538,"comment_status":"closed","ping_status":"closed","sticky":false,"template":"","format":"standard","meta":{"inline_featured_image":false,"footnotes":""},"categories":[343,345,8720,2765],"tags":[1493],"acf":[],"yoast_head":"<!-- This site is optimized with the Yoast SEO plugin v21.3 - https:\/\/yoast.com\/wordpress\/plugins\/seo\/ -->\n<title>INGENIA muestra la creatividad y el emprendimiento innovador de los j\u00f3venes de la ULL y futuros universitarios - ULL - Noticias<\/title>\n<meta name=\"robots\" content=\"index, follow, max-snippet:-1, max-image-preview:large, max-video-preview:-1\" \/>\n<link rel=\"canonical\" href=\"https:\/\/www.ull.es\/portal\/noticias\/2020\/ingenia-muestra-la-creatividad-y-el-emprendimiento-innovador-de-los-jovenes-de-la-ull-y-futuros-universitarios\/\" \/>\n<meta property=\"og:locale\" content=\"es_ES\" \/>\n<meta property=\"og:type\" content=\"article\" \/>\n<meta property=\"og:title\" content=\"INGENIA muestra la creatividad y el emprendimiento innovador de los j\u00f3venes de la ULL y futuros universitarios - ULL - Noticias\" \/>\n<meta property=\"og:description\" content=\"El Aula Magna de F\u00edsica y Matem\u00e1ticas ha acogido hoy 9 de octubre la presentaci\u00f3n de los doce proyectos que...\" \/>\n<meta property=\"og:url\" content=\"https:\/\/www.ull.es\/portal\/noticias\/2020\/ingenia-muestra-la-creatividad-y-el-emprendimiento-innovador-de-los-jovenes-de-la-ull-y-futuros-universitarios\/\" \/>\n<meta property=\"og:site_name\" content=\"ULL - Noticias\" \/>\n<meta property=\"article:publisher\" content=\"https:\/\/www.facebook.com\/universidaddelalaguna\/\" \/>\n<meta property=\"article:published_time\" content=\"2020-10-09T14:30:55+00:00\" \/>\n<meta property=\"article:modified_time\" content=\"2022-06-13T12:45:17+00:00\" \/>\n<meta property=\"og:image\" content=\"https:\/\/www.ull.es\/portal\/noticias\/wp-content\/uploads\/sites\/13\/2020\/10\/INGENIA-mesa.jpg\" \/>\n\t<meta property=\"og:image:width\" content=\"1100\" \/>\n\t<meta property=\"og:image:height\" content=\"733\" \/>\n\t<meta property=\"og:image:type\" content=\"image\/jpeg\" \/>\n<meta name=\"author\" content=\"gaprsa\" \/>\n<meta name=\"twitter:card\" content=\"summary_large_image\" \/>\n<meta name=\"twitter:creator\" content=\"@CanalULL\" \/>\n<meta name=\"twitter:site\" content=\"@CanalULL\" \/>\n<meta name=\"twitter:label1\" content=\"Escrito por\" \/>\n\t<meta name=\"twitter:data1\" content=\"gaprsa\" \/>\n\t<meta name=\"twitter:label2\" content=\"Tiempo de lectura\" \/>\n\t<meta name=\"twitter:data2\" content=\"3 minutos\" \/>\n<script type=\"application\/ld+json\" class=\"yoast-schema-graph\">{\"@context\":\"https:\/\/schema.org\",\"@graph\":[{\"@type\":\"WebPage\",\"@id\":\"https:\/\/www.ull.es\/portal\/noticias\/2020\/ingenia-muestra-la-creatividad-y-el-emprendimiento-innovador-de-los-jovenes-de-la-ull-y-futuros-universitarios\/\",\"url\":\"https:\/\/www.ull.es\/portal\/noticias\/2020\/ingenia-muestra-la-creatividad-y-el-emprendimiento-innovador-de-los-jovenes-de-la-ull-y-futuros-universitarios\/\",\"name\":\"INGENIA muestra la creatividad y el emprendimiento innovador de los j\u00f3venes de la ULL y futuros universitarios - ULL - Noticias\",\"isPartOf\":{\"@id\":\"https:\/\/www.ull.es\/portal\/noticias\/#website\"},\"datePublished\":\"2020-10-09T14:30:55+00:00\",\"dateModified\":\"2022-06-13T12:45:17+00:00\",\"author\":{\"@id\":\"https:\/\/www.ull.es\/portal\/noticias\/#\/schema\/person\/b2b1a89d43ffa609e591f7df8ef3e817\"},\"breadcrumb\":{\"@id\":\"https:\/\/www.ull.es\/portal\/noticias\/2020\/ingenia-muestra-la-creatividad-y-el-emprendimiento-innovador-de-los-jovenes-de-la-ull-y-futuros-universitarios\/#breadcrumb\"},\"inLanguage\":\"es\",\"potentialAction\":[{\"@type\":\"ReadAction\",\"target\":[\"https:\/\/www.ull.es\/portal\/noticias\/2020\/ingenia-muestra-la-creatividad-y-el-emprendimiento-innovador-de-los-jovenes-de-la-ull-y-futuros-universitarios\/\"]}]},{\"@type\":\"BreadcrumbList\",\"@id\":\"https:\/\/www.ull.es\/portal\/noticias\/2020\/ingenia-muestra-la-creatividad-y-el-emprendimiento-innovador-de-los-jovenes-de-la-ull-y-futuros-universitarios\/#breadcrumb\",\"itemListElement\":[{\"@type\":\"ListItem\",\"position\":1,\"name\":\"Portada\",\"item\":\"https:\/\/www.ull.es\/portal\/noticias\/\"},{\"@type\":\"ListItem\",\"position\":2,\"name\":\"INGENIA muestra la creatividad y el emprendimiento innovador de los j\u00f3venes de la ULL y futuros universitarios\"}]},{\"@type\":\"WebSite\",\"@id\":\"https:\/\/www.ull.es\/portal\/noticias\/#website\",\"url\":\"https:\/\/www.ull.es\/portal\/noticias\/\",\"name\":\"ULL - Noticias\",\"description\":\"\",\"potentialAction\":[{\"@type\":\"SearchAction\",\"target\":{\"@type\":\"EntryPoint\",\"urlTemplate\":\"https:\/\/www.ull.es\/portal\/noticias\/?s={search_term_string}\"},\"query-input\":\"required name=search_term_string\"}],\"inLanguage\":\"es\"},{\"@type\":\"Person\",\"@id\":\"https:\/\/www.ull.es\/portal\/noticias\/#\/schema\/person\/b2b1a89d43ffa609e591f7df8ef3e817\",\"name\":\"gaprsa\",\"image\":{\"@type\":\"ImageObject\",\"inLanguage\":\"es\",\"@id\":\"https:\/\/www.ull.es\/portal\/noticias\/#\/schema\/person\/image\/\",\"url\":\"https:\/\/secure.gravatar.com\/avatar\/443820550921091458b4823867723b3d?s=96&d=mm&r=g\",\"contentUrl\":\"https:\/\/secure.gravatar.com\/avatar\/443820550921091458b4823867723b3d?s=96&d=mm&r=g\",\"caption\":\"gaprsa\"},\"url\":\"https:\/\/www.ull.es\/portal\/noticias\/author\/gaprsa\/\"}]}<\/script>\n<!-- \/ Yoast SEO plugin. -->","yoast_head_json":{"title":"INGENIA muestra la creatividad y el emprendimiento innovador de los j\u00f3venes de la ULL y futuros universitarios - ULL - Noticias","robots":{"index":"index","follow":"follow","max-snippet":"max-snippet:-1","max-image-preview":"max-image-preview:large","max-video-preview":"max-video-preview:-1"},"canonical":"https:\/\/www.ull.es\/portal\/noticias\/2020\/ingenia-muestra-la-creatividad-y-el-emprendimiento-innovador-de-los-jovenes-de-la-ull-y-futuros-universitarios\/","og_locale":"es_ES","og_type":"article","og_title":"INGENIA muestra la creatividad y el emprendimiento innovador de los j\u00f3venes de la ULL y futuros universitarios - ULL - Noticias","og_description":"El Aula Magna de F\u00edsica y Matem\u00e1ticas ha acogido hoy 9 de octubre la presentaci\u00f3n de los doce proyectos que...","og_url":"https:\/\/www.ull.es\/portal\/noticias\/2020\/ingenia-muestra-la-creatividad-y-el-emprendimiento-innovador-de-los-jovenes-de-la-ull-y-futuros-universitarios\/","og_site_name":"ULL - Noticias","article_publisher":"https:\/\/www.facebook.com\/universidaddelalaguna\/","article_published_time":"2020-10-09T14:30:55+00:00","article_modified_time":"2022-06-13T12:45:17+00:00","og_image":[{"width":1100,"height":733,"url":"https:\/\/www.ull.es\/portal\/noticias\/wp-content\/uploads\/sites\/13\/2020\/10\/INGENIA-mesa.jpg","type":"image\/jpeg"}],"author":"gaprsa","twitter_card":"summary_large_image","twitter_creator":"@CanalULL","twitter_site":"@CanalULL","twitter_misc":{"Escrito por":"gaprsa","Tiempo de lectura":"3 minutos"},"schema":{"@context":"https:\/\/schema.org","@graph":[{"@type":"WebPage","@id":"https:\/\/www.ull.es\/portal\/noticias\/2020\/ingenia-muestra-la-creatividad-y-el-emprendimiento-innovador-de-los-jovenes-de-la-ull-y-futuros-universitarios\/","url":"https:\/\/www.ull.es\/portal\/noticias\/2020\/ingenia-muestra-la-creatividad-y-el-emprendimiento-innovador-de-los-jovenes-de-la-ull-y-futuros-universitarios\/","name":"INGENIA muestra la creatividad y el emprendimiento innovador de los j\u00f3venes de la ULL y futuros universitarios - ULL - Noticias","isPartOf":{"@id":"https:\/\/www.ull.es\/portal\/noticias\/#website"},"datePublished":"2020-10-09T14:30:55+00:00","dateModified":"2022-06-13T12:45:17+00:00","author":{"@id":"https:\/\/www.ull.es\/portal\/noticias\/#\/schema\/person\/b2b1a89d43ffa609e591f7df8ef3e817"},"breadcrumb":{"@id":"https:\/\/www.ull.es\/portal\/noticias\/2020\/ingenia-muestra-la-creatividad-y-el-emprendimiento-innovador-de-los-jovenes-de-la-ull-y-futuros-universitarios\/#breadcrumb"},"inLanguage":"es","potentialAction":[{"@type":"ReadAction","target":["https:\/\/www.ull.es\/portal\/noticias\/2020\/ingenia-muestra-la-creatividad-y-el-emprendimiento-innovador-de-los-jovenes-de-la-ull-y-futuros-universitarios\/"]}]},{"@type":"BreadcrumbList","@id":"https:\/\/www.ull.es\/portal\/noticias\/2020\/ingenia-muestra-la-creatividad-y-el-emprendimiento-innovador-de-los-jovenes-de-la-ull-y-futuros-universitarios\/#breadcrumb","itemListElement":[{"@type":"ListItem","position":1,"name":"Portada","item":"https:\/\/www.ull.es\/portal\/noticias\/"},{"@type":"ListItem","position":2,"name":"INGENIA muestra la creatividad y el emprendimiento innovador de los j\u00f3venes de la ULL y futuros universitarios"}]},{"@type":"WebSite","@id":"https:\/\/www.ull.es\/portal\/noticias\/#website","url":"https:\/\/www.ull.es\/portal\/noticias\/","name":"ULL - Noticias","description":"","potentialAction":[{"@type":"SearchAction","target":{"@type":"EntryPoint","urlTemplate":"https:\/\/www.ull.es\/portal\/noticias\/?s={search_term_string}"},"query-input":"required name=search_term_string"}],"inLanguage":"es"},{"@type":"Person","@id":"https:\/\/www.ull.es\/portal\/noticias\/#\/schema\/person\/b2b1a89d43ffa609e591f7df8ef3e817","name":"gaprsa","image":{"@type":"ImageObject","inLanguage":"es","@id":"https:\/\/www.ull.es\/portal\/noticias\/#\/schema\/person\/image\/","url":"https:\/\/secure.gravatar.com\/avatar\/443820550921091458b4823867723b3d?s=96&d=mm&r=g","contentUrl":"https:\/\/secure.gravatar.com\/avatar\/443820550921091458b4823867723b3d?s=96&d=mm&r=g","caption":"gaprsa"},"url":"https:\/\/www.ull.es\/portal\/noticias\/author\/gaprsa\/"}]}},"primary_category":{"id":345,"name":"Destacado","slug":"destacado","link":"https:\/\/www.ull.es\/portal\/noticias\/category\/destacado\/"},"featured_image_thumbnail_url":"https:\/\/www.ull.es\/portal\/noticias\/wp-content\/uploads\/sites\/13\/2020\/10\/INGENIA-mesa-300x200.jpg","_links":{"self":[{"href":"https:\/\/www.ull.es\/portal\/noticias\/wp-json\/wp\/v2\/posts\/52537"}],"collection":[{"href":"https:\/\/www.ull.es\/portal\/noticias\/wp-json\/wp\/v2\/posts"}],"about":[{"href":"https:\/\/www.ull.es\/portal\/noticias\/wp-json\/wp\/v2\/types\/post"}],"author":[{"embeddable":true,"href":"https:\/\/www.ull.es\/portal\/noticias\/wp-json\/wp\/v2\/users\/23"}],"replies":[{"embeddable":true,"href":"https:\/\/www.ull.es\/portal\/noticias\/wp-json\/wp\/v2\/comments?post=52537"}],"version-history":[{"count":2,"href":"https:\/\/www.ull.es\/portal\/noticias\/wp-json\/wp\/v2\/posts\/52537\/revisions"}],"predecessor-version":[{"id":63303,"href":"https:\/\/www.ull.es\/portal\/noticias\/wp-json\/wp\/v2\/posts\/52537\/revisions\/63303"}],"wp:featuredmedia":[{"embeddable":true,"href":"https:\/\/www.ull.es\/portal\/noticias\/wp-json\/wp\/v2\/media\/52538"}],"wp:attachment":[{"href":"https:\/\/www.ull.es\/portal\/noticias\/wp-json\/wp\/v2\/media?parent=52537"}],"wp:term":[{"taxonomy":"category","embeddable":true,"href":"https:\/\/www.ull.es\/portal\/noticias\/wp-json\/wp\/v2\/categories?post=52537"},{"taxonomy":"post_tag","embeddable":true,"href":"https:\/\/www.ull.es\/portal\/noticias\/wp-json\/wp\/v2\/tags?post=52537"}],"curies":[{"name":"wp","href":"https:\/\/api.w.org\/{rel}","templated":true}]}}