{"id":52692,"date":"2020-10-20T14:20:34","date_gmt":"2020-10-20T14:20:34","guid":{"rendered":"https:\/\/www.ull.es\/portal\/noticias\/?p=52692"},"modified":"2020-10-20T14:22:39","modified_gmt":"2020-10-20T14:22:39","slug":"52692","status":"publish","type":"post","link":"https:\/\/www.ull.es\/portal\/noticias\/2020\/52692\/","title":{"rendered":"Iberoam\u00e9rica premia la internacionalizaci\u00f3n del Instituto de Enfermedades Tropicales y Salud P\u00fablica de la ULL"},"content":{"rendered":"<p>La Organizaci\u00f3n de Estados Iberoamericanos, el Instituto Internacional para la Educaci\u00f3n Superior en Am\u00e9rica Latina y el Caribe de la UNESCO, la Universidad Aut\u00f3noma de Bucaramanga de Colombia, la Universidad de Alcal\u00e1 de Henares (Espa\u00f1a), la Universidad Nacional de C\u00f3rdoba (Argentina) y la Asociaci\u00f3n Colombiana de Universidades abrieron en marzo una convocatoria para que las instituciones acad\u00e9micas iberoamericanas dieran a conocer sus mejores pr\u00e1cticas de internacionalizaci\u00f3n. Una de las iniciativas seleccionadas ha sido la propuesta que present\u00f3 el Instituto de Enfermedades Tropicales y Salud P\u00fablica de Canarias de la Universidad de La Laguna, a trav\u00e9s del Vicerrectorado de Proyecci\u00f3n, Internalizaci\u00f3n y Cooperaci\u00f3n de la ULL.<\/p>\n<p>La propuesta del instituto universitario se denomin\u00f3 \u201cPr\u00e1ctica de cooperaci\u00f3n internacional en investigaci\u00f3n destinada al desarrollo y fomento de la salud p\u00fablica, de la protecci\u00f3n y defensa del medio ambiente y del avance econ\u00f3mico, cultural y social de los pueblos\u201d. En ella se propon\u00edan orientaciones hacia el desarrollo de la investigaci\u00f3n y acciones de difusi\u00f3n del conocimiento y formaci\u00f3n en materia de enfermedades tropicales, emergentes y ligadas a la pobreza, as\u00ed como en salud p\u00fablica internacional y en biotecnolog\u00eda, en bien de la investigaci\u00f3n cient\u00edfica en general y de la proyecci\u00f3n socioecon\u00f3mica de la misma.<\/p>\n<p>Tambi\u00e9n contemplaba la participaci\u00f3n en actividades correspondientes a programas de grado y postgrado, facilitar a investigadores noveles el acceso a la investigaci\u00f3n y promover la formaci\u00f3n continuada, la colaboraci\u00f3n interdepartamental, el desarrollo del personal adscrito al instituto, y la colaboraci\u00f3n internacional con otras instituciones y empresas, entre otros objetivos.<\/p>\n<p>El instituto aval\u00f3 su propuesta resumiendo su actividad hasta la fecha, tras m\u00e1s de tres lustros de actividad a la colaboraci\u00f3n con m\u00e1s de treinta pa\u00edses de Am\u00e9rica y \u00c1frica en el \u00e1mbito de la investigaci\u00f3n dedicada a \u00e1reas como la mejora de la salud p\u00fablica y la cooperaci\u00f3n en formaci\u00f3n en salud. Es en este `punto muy relevante la estrecha relaci\u00f3n que mantiene con centros de investigaci\u00f3n de Venezuela, Colombia y Per\u00fa, pa\u00eds este \u00faltimo que ha creado recientemente un instituto de similares caracter\u00edsticas siguiendo el modelo de la Universidad de La Laguna.<\/p>\n<div id=\"attachment_48822\" style=\"width: 310px\" class=\"wp-caption alignleft\"><img aria-describedby=\"caption-attachment-48822\" decoding=\"async\" loading=\"lazy\" class=\"size-medium wp-image-48822\" src=\"https:\/\/www.ull.es\/portal\/noticias\/wp-content\/uploads\/sites\/13\/2020\/01\/Enferm.-Tropicales-04-300x200.jpeg\" alt=\"\" width=\"300\" height=\"200\" srcset=\"https:\/\/www.ull.es\/portal\/noticias\/wp-content\/uploads\/sites\/13\/2020\/01\/Enferm.-Tropicales-04-300x200.jpeg 300w, https:\/\/www.ull.es\/portal\/noticias\/wp-content\/uploads\/sites\/13\/2020\/01\/Enferm.-Tropicales-04-768x512.jpeg 768w, https:\/\/www.ull.es\/portal\/noticias\/wp-content\/uploads\/sites\/13\/2020\/01\/Enferm.-Tropicales-04-375x250.jpeg 375w, https:\/\/www.ull.es\/portal\/noticias\/wp-content\/uploads\/sites\/13\/2020\/01\/Enferm.-Tropicales-04-750x500.jpeg 750w, https:\/\/www.ull.es\/portal\/noticias\/wp-content\/uploads\/sites\/13\/2020\/01\/Enferm.-Tropicales-04.jpeg 997w\" sizes=\"(max-width: 300px) 100vw, 300px\" \/><p id=\"caption-attachment-48822\" class=\"wp-caption-text\">Instituto de Enfermedades Tropicales y Salud P\u00fablica de Canarias<\/p>\n<div>Foto: Emeterio Su\u00e1rez (CC BY 3.0)<\/div>\n<p><\/p><\/div>\n<p>El fallo del jurado que ha seleccionado al instituto se bas\u00f3 en las evaluaciones de un tribunal de expertos encargado de revisar las 83 experiencias que se presentaron a la convocatoria sobre Pr\u00e1cticas de Calidad en Internacionalizaci\u00f3n que cerr\u00f3 el pasado julio. La propuesta de la instituci\u00f3n tinerfe\u00f1a fue seleccionada en la categor\u00eda Pr\u00e1cticas de Investigaci\u00f3n, junto a otras incitativas de la Universidad de San Mart\u00edn (Argentina), la Universidad Aut\u00f3noma Latinoamericana (Colombia), la Fundaci\u00f3n Universitaria de los Libertadores (Colombia) y la Universidad Nacional de Villa Mar\u00eda (Argentina).<\/p>\n<p>En la convocatoria participaron 59 universidades de 14 pa\u00edses de toda la regi\u00f3n. Las cinco que han obtenido la mejor puntuaci\u00f3n en cada categor\u00eda formar\u00e1n parte del Manual Iberoamericano de Buenas Pr\u00e1cticas en Internacionalizaci\u00f3n que la OEI publicar\u00e1 pr\u00f3ximamente. Adem\u00e1s, las tres primeras seleccionadas de cada categor\u00eda tendr\u00e1n la ocasi\u00f3n de presentar sus propuestas en el Seminario Iberoamericano sobre Pr\u00e1cticas de Calidad en Internacionalizaci\u00f3n, que se celebrar\u00e1 finalmente en formato virtual los d\u00edas 9 y 10 de diciembre, y que servir\u00e1 tambi\u00e9n para plantear soluciones pr\u00e1cticas que ayuden a incrementar la movilidad en la regi\u00f3n iberoamericana.<\/p>\n<p>Adem\u00e1s de la categor\u00eda Pr\u00e1cticas de Investigaci\u00f3n, en la que destac\u00f3 el proyecto de la Universidad de La Laguna, tambi\u00e9n se establecieron otras \u00e1reas tem\u00e1ticas: Movilidad, Buenas pr\u00e1cticas en Extensi\u00f3n, Internacionalizaci\u00f3n del Curr\u00edculo y Pol\u00edticas.<\/p>\n<p>La realizaci\u00f3n de esta convocatoria se enmarca en la estrategia Universidad Iberoam\u00e9rica 2030 de la Organizaci\u00f3n de Estados Iberoamericanos, que tiene como fines principales incrementar el atractivo internacional de los sistemas universitarios de la regi\u00f3n y favorecer los intercambios y la cooperaci\u00f3n entre nuestras universidades, todo ello a partir de una decidida apuesta institucional por la eliminaci\u00f3n de los obst\u00e1culos a la movilidad universitaria por medio de una m\u00e9trica com\u00fan iberoamericana.<\/p>\n<p>Para el instituto es un gran honor recibir este reconocimiento, tras muchos a\u00f1os trabajando para que la ciencia sea colaborativa. \u201cTenemos relaciones muy fluidas con centros de investigaci\u00f3n iberoamericanos y muchos de los l\u00edderes en investigaci\u00f3n en estos pa\u00edses se han formado aqu\u00ed, en la Universidad de La Laguna, donde han llevado a cabo su tesis doctoral y, por tanto, el inicio de su larga trayectoria en investigaci\u00f3n\u201d, asegura Jacob Lorenzo, director del centro premiado.<\/p>\n","protected":false},"excerpt":{"rendered":"<p>La Organizaci\u00f3n de Estados Iberoamericanos, el Instituto Internacional para la Educaci\u00f3n Superior en Am\u00e9rica Latina y el Caribe de la&#8230;<\/p>\n","protected":false},"author":23,"featured_media":21435,"comment_status":"closed","ping_status":"closed","sticky":false,"template":"","format":"standard","meta":{"inline_featured_image":false,"footnotes":""},"categories":[345,4132,349,350,2765],"tags":[],"acf":[],"yoast_head":"<!-- This site is optimized with the Yoast SEO plugin v21.3 - https:\/\/yoast.com\/wordpress\/plugins\/seo\/ -->\n<title>Iberoam\u00e9rica premia la internacionalizaci\u00f3n del Instituto de Enfermedades Tropicales y Salud P\u00fablica de la ULL - ULL - Noticias<\/title>\n<meta name=\"robots\" content=\"index, follow, max-snippet:-1, max-image-preview:large, max-video-preview:-1\" \/>\n<link rel=\"canonical\" href=\"https:\/\/www.ull.es\/portal\/noticias\/2020\/52692\/\" \/>\n<meta property=\"og:locale\" content=\"es_ES\" \/>\n<meta property=\"og:type\" content=\"article\" \/>\n<meta property=\"og:title\" content=\"Iberoam\u00e9rica premia la internacionalizaci\u00f3n del Instituto de Enfermedades Tropicales y Salud P\u00fablica de la ULL - ULL - Noticias\" \/>\n<meta property=\"og:description\" content=\"La Organizaci\u00f3n de Estados Iberoamericanos, el Instituto Internacional para la Educaci\u00f3n Superior en Am\u00e9rica Latina y el Caribe de la...\" \/>\n<meta property=\"og:url\" content=\"https:\/\/www.ull.es\/portal\/noticias\/2020\/52692\/\" \/>\n<meta property=\"og:site_name\" content=\"ULL - Noticias\" \/>\n<meta property=\"article:publisher\" content=\"https:\/\/www.facebook.com\/universidaddelalaguna\/\" \/>\n<meta property=\"article:published_time\" content=\"2020-10-20T14:20:34+00:00\" \/>\n<meta property=\"article:modified_time\" content=\"2020-10-20T14:22:39+00:00\" \/>\n<meta property=\"og:image\" content=\"https:\/\/www.ull.es\/portal\/noticias\/wp-content\/uploads\/sites\/13\/2015\/07\/Jacob-02.jpg\" \/>\n\t<meta property=\"og:image:width\" content=\"1034\" \/>\n\t<meta property=\"og:image:height\" content=\"708\" \/>\n\t<meta property=\"og:image:type\" content=\"image\/jpeg\" \/>\n<meta name=\"author\" content=\"gaprsa\" \/>\n<meta name=\"twitter:card\" content=\"summary_large_image\" \/>\n<meta name=\"twitter:creator\" content=\"@CanalULL\" \/>\n<meta name=\"twitter:site\" content=\"@CanalULL\" \/>\n<meta name=\"twitter:label1\" content=\"Escrito por\" \/>\n\t<meta name=\"twitter:data1\" content=\"gaprsa\" \/>\n\t<meta name=\"twitter:label2\" content=\"Tiempo de lectura\" \/>\n\t<meta name=\"twitter:data2\" content=\"4 minutos\" \/>\n<script type=\"application\/ld+json\" class=\"yoast-schema-graph\">{\"@context\":\"https:\/\/schema.org\",\"@graph\":[{\"@type\":\"WebPage\",\"@id\":\"https:\/\/www.ull.es\/portal\/noticias\/2020\/52692\/\",\"url\":\"https:\/\/www.ull.es\/portal\/noticias\/2020\/52692\/\",\"name\":\"Iberoam\u00e9rica premia la internacionalizaci\u00f3n del Instituto de Enfermedades Tropicales y Salud P\u00fablica de la ULL - ULL - Noticias\",\"isPartOf\":{\"@id\":\"https:\/\/www.ull.es\/portal\/noticias\/#website\"},\"datePublished\":\"2020-10-20T14:20:34+00:00\",\"dateModified\":\"2020-10-20T14:22:39+00:00\",\"author\":{\"@id\":\"https:\/\/www.ull.es\/portal\/noticias\/#\/schema\/person\/b2b1a89d43ffa609e591f7df8ef3e817\"},\"breadcrumb\":{\"@id\":\"https:\/\/www.ull.es\/portal\/noticias\/2020\/52692\/#breadcrumb\"},\"inLanguage\":\"es\",\"potentialAction\":[{\"@type\":\"ReadAction\",\"target\":[\"https:\/\/www.ull.es\/portal\/noticias\/2020\/52692\/\"]}]},{\"@type\":\"BreadcrumbList\",\"@id\":\"https:\/\/www.ull.es\/portal\/noticias\/2020\/52692\/#breadcrumb\",\"itemListElement\":[{\"@type\":\"ListItem\",\"position\":1,\"name\":\"Portada\",\"item\":\"https:\/\/www.ull.es\/portal\/noticias\/\"},{\"@type\":\"ListItem\",\"position\":2,\"name\":\"Iberoam\u00e9rica premia la internacionalizaci\u00f3n del Instituto de Enfermedades Tropicales y Salud P\u00fablica de la ULL\"}]},{\"@type\":\"WebSite\",\"@id\":\"https:\/\/www.ull.es\/portal\/noticias\/#website\",\"url\":\"https:\/\/www.ull.es\/portal\/noticias\/\",\"name\":\"ULL - Noticias\",\"description\":\"\",\"potentialAction\":[{\"@type\":\"SearchAction\",\"target\":{\"@type\":\"EntryPoint\",\"urlTemplate\":\"https:\/\/www.ull.es\/portal\/noticias\/?s={search_term_string}\"},\"query-input\":\"required name=search_term_string\"}],\"inLanguage\":\"es\"},{\"@type\":\"Person\",\"@id\":\"https:\/\/www.ull.es\/portal\/noticias\/#\/schema\/person\/b2b1a89d43ffa609e591f7df8ef3e817\",\"name\":\"gaprsa\",\"image\":{\"@type\":\"ImageObject\",\"inLanguage\":\"es\",\"@id\":\"https:\/\/www.ull.es\/portal\/noticias\/#\/schema\/person\/image\/\",\"url\":\"https:\/\/secure.gravatar.com\/avatar\/443820550921091458b4823867723b3d?s=96&d=mm&r=g\",\"contentUrl\":\"https:\/\/secure.gravatar.com\/avatar\/443820550921091458b4823867723b3d?s=96&d=mm&r=g\",\"caption\":\"gaprsa\"},\"url\":\"https:\/\/www.ull.es\/portal\/noticias\/author\/gaprsa\/\"}]}<\/script>\n<!-- \/ Yoast SEO plugin. -->","yoast_head_json":{"title":"Iberoam\u00e9rica premia la internacionalizaci\u00f3n del Instituto de Enfermedades Tropicales y Salud P\u00fablica de la ULL - ULL - Noticias","robots":{"index":"index","follow":"follow","max-snippet":"max-snippet:-1","max-image-preview":"max-image-preview:large","max-video-preview":"max-video-preview:-1"},"canonical":"https:\/\/www.ull.es\/portal\/noticias\/2020\/52692\/","og_locale":"es_ES","og_type":"article","og_title":"Iberoam\u00e9rica premia la internacionalizaci\u00f3n del Instituto de Enfermedades Tropicales y Salud P\u00fablica de la ULL - ULL - Noticias","og_description":"La Organizaci\u00f3n de Estados Iberoamericanos, el Instituto Internacional para la Educaci\u00f3n Superior en Am\u00e9rica Latina y el Caribe de la...","og_url":"https:\/\/www.ull.es\/portal\/noticias\/2020\/52692\/","og_site_name":"ULL - Noticias","article_publisher":"https:\/\/www.facebook.com\/universidaddelalaguna\/","article_published_time":"2020-10-20T14:20:34+00:00","article_modified_time":"2020-10-20T14:22:39+00:00","og_image":[{"width":1034,"height":708,"url":"https:\/\/www.ull.es\/portal\/noticias\/wp-content\/uploads\/sites\/13\/2015\/07\/Jacob-02.jpg","type":"image\/jpeg"}],"author":"gaprsa","twitter_card":"summary_large_image","twitter_creator":"@CanalULL","twitter_site":"@CanalULL","twitter_misc":{"Escrito por":"gaprsa","Tiempo de lectura":"4 minutos"},"schema":{"@context":"https:\/\/schema.org","@graph":[{"@type":"WebPage","@id":"https:\/\/www.ull.es\/portal\/noticias\/2020\/52692\/","url":"https:\/\/www.ull.es\/portal\/noticias\/2020\/52692\/","name":"Iberoam\u00e9rica premia la internacionalizaci\u00f3n del Instituto de Enfermedades Tropicales y Salud P\u00fablica de la ULL - ULL - Noticias","isPartOf":{"@id":"https:\/\/www.ull.es\/portal\/noticias\/#website"},"datePublished":"2020-10-20T14:20:34+00:00","dateModified":"2020-10-20T14:22:39+00:00","author":{"@id":"https:\/\/www.ull.es\/portal\/noticias\/#\/schema\/person\/b2b1a89d43ffa609e591f7df8ef3e817"},"breadcrumb":{"@id":"https:\/\/www.ull.es\/portal\/noticias\/2020\/52692\/#breadcrumb"},"inLanguage":"es","potentialAction":[{"@type":"ReadAction","target":["https:\/\/www.ull.es\/portal\/noticias\/2020\/52692\/"]}]},{"@type":"BreadcrumbList","@id":"https:\/\/www.ull.es\/portal\/noticias\/2020\/52692\/#breadcrumb","itemListElement":[{"@type":"ListItem","position":1,"name":"Portada","item":"https:\/\/www.ull.es\/portal\/noticias\/"},{"@type":"ListItem","position":2,"name":"Iberoam\u00e9rica premia la internacionalizaci\u00f3n del Instituto de Enfermedades Tropicales y Salud P\u00fablica de la ULL"}]},{"@type":"WebSite","@id":"https:\/\/www.ull.es\/portal\/noticias\/#website","url":"https:\/\/www.ull.es\/portal\/noticias\/","name":"ULL - Noticias","description":"","potentialAction":[{"@type":"SearchAction","target":{"@type":"EntryPoint","urlTemplate":"https:\/\/www.ull.es\/portal\/noticias\/?s={search_term_string}"},"query-input":"required name=search_term_string"}],"inLanguage":"es"},{"@type":"Person","@id":"https:\/\/www.ull.es\/portal\/noticias\/#\/schema\/person\/b2b1a89d43ffa609e591f7df8ef3e817","name":"gaprsa","image":{"@type":"ImageObject","inLanguage":"es","@id":"https:\/\/www.ull.es\/portal\/noticias\/#\/schema\/person\/image\/","url":"https:\/\/secure.gravatar.com\/avatar\/443820550921091458b4823867723b3d?s=96&d=mm&r=g","contentUrl":"https:\/\/secure.gravatar.com\/avatar\/443820550921091458b4823867723b3d?s=96&d=mm&r=g","caption":"gaprsa"},"url":"https:\/\/www.ull.es\/portal\/noticias\/author\/gaprsa\/"}]}},"primary_category":{"id":345,"name":"Destacado","slug":"destacado","link":"https:\/\/www.ull.es\/portal\/noticias\/category\/destacado\/"},"featured_image_thumbnail_url":"https:\/\/www.ull.es\/portal\/noticias\/wp-content\/uploads\/sites\/13\/2015\/07\/Jacob-02-300x205.jpg","_links":{"self":[{"href":"https:\/\/www.ull.es\/portal\/noticias\/wp-json\/wp\/v2\/posts\/52692"}],"collection":[{"href":"https:\/\/www.ull.es\/portal\/noticias\/wp-json\/wp\/v2\/posts"}],"about":[{"href":"https:\/\/www.ull.es\/portal\/noticias\/wp-json\/wp\/v2\/types\/post"}],"author":[{"embeddable":true,"href":"https:\/\/www.ull.es\/portal\/noticias\/wp-json\/wp\/v2\/users\/23"}],"replies":[{"embeddable":true,"href":"https:\/\/www.ull.es\/portal\/noticias\/wp-json\/wp\/v2\/comments?post=52692"}],"version-history":[{"count":4,"href":"https:\/\/www.ull.es\/portal\/noticias\/wp-json\/wp\/v2\/posts\/52692\/revisions"}],"predecessor-version":[{"id":52696,"href":"https:\/\/www.ull.es\/portal\/noticias\/wp-json\/wp\/v2\/posts\/52692\/revisions\/52696"}],"wp:featuredmedia":[{"embeddable":true,"href":"https:\/\/www.ull.es\/portal\/noticias\/wp-json\/wp\/v2\/media\/21435"}],"wp:attachment":[{"href":"https:\/\/www.ull.es\/portal\/noticias\/wp-json\/wp\/v2\/media?parent=52692"}],"wp:term":[{"taxonomy":"category","embeddable":true,"href":"https:\/\/www.ull.es\/portal\/noticias\/wp-json\/wp\/v2\/categories?post=52692"},{"taxonomy":"post_tag","embeddable":true,"href":"https:\/\/www.ull.es\/portal\/noticias\/wp-json\/wp\/v2\/tags?post=52692"}],"curies":[{"name":"wp","href":"https:\/\/api.w.org\/{rel}","templated":true}]}}