{"id":52706,"date":"2020-10-21T10:06:04","date_gmt":"2020-10-21T10:06:04","guid":{"rendered":"https:\/\/www.ull.es\/portal\/noticias\/?p=52706"},"modified":"2020-10-21T11:02:18","modified_gmt":"2020-10-21T11:02:18","slug":"las-universidades-regionales-colaboradoras-para-que-canarias-entre-en-la-red-internacional-de-observatorios-sostenibles-de-la-omt","status":"publish","type":"post","link":"https:\/\/www.ull.es\/portal\/noticias\/2020\/las-universidades-regionales-colaboradoras-para-que-canarias-entre-en-la-red-internacional-de-observatorios-sostenibles-de-la-omt\/","title":{"rendered":"Las universidades regionales colaboran para que Canarias entre en la Red Internacional de Observatorios Sostenibles de la OMT"},"content":{"rendered":"<p><span style=\"font-weight: 400;\">Investigadores pertenecientes a la C\u00e1tedra de Turismo CajaCanarias-Ashotel, adscrita al Vicerrectorado de Cultura y Participaci\u00f3n Social de la Universidad de La Laguna, y del Instituto Tides de la Universidad de Las Palmas de Gran Canaria han preparado la candidatura de acceso a la Red Internacional de Observatorios de Turismo Sostenible de la OMT (INSTO) del Observatorio del Turismo de Canarias a petici\u00f3n de la Consejer\u00eda de Turismo, Industria y Comercio de las islas. La entrada en esta red internacional se har\u00e1 efectiva en la reuni\u00f3n anual de hoy mismo, 21 de octubre.\u00a0<\/span><\/p>\n<p><span style=\"font-weight: 400;\">Un grupo de destacados investigadores de los dos centros han desarrollado los informes necesarios para acceder a la Red INSTO siguiendo unos estrictos criterios impuestos por la OMT. Tras el primer informe de solicitud de acceso en marzo de este mismo a\u00f1o, se recibi\u00f3 la respuesta de la OMT, en base a la que se elabor\u00f3 una versi\u00f3n modificada con recomendaciones y mejoras.\u00a0<\/span><\/p>\n<p><span style=\"font-weight: 400;\">Finalmente, el Observatorio de Turismo Sostenible de Canarias ha sido seleccionado para unirse desde el 21 de octubre a una red mundial que cuenta con otros 30 observatorios activos: 7 en Am\u00e9rica, 7 en Europa, 14 en Asia y 2 en Ocean\u00eda. Hasta ahora el Observatorio de Navarra era el \u00fanico localizado en Espa\u00f1a.\u00a0<\/span><\/p>\n<p><span style=\"font-weight: 400;\">El documento de solicitud contiene aspectos clave para entender a Canarias como destino tur\u00edstico de excelencia mundial, cuestiones b\u00e1sicas para su sostenibilidad y un estudio de la estructura regional de informaci\u00f3n de inter\u00e9s sobre el sector. En cuanto a la estructura interna, se cuenta con diversas instituciones que ser\u00e1n b\u00e1sicas para el correcto funcionamiento del Observatorio de Turismo de Canarias: el Instituto Canario de Estad\u00edstica, Promotur, la Viceconsejer\u00eda de Turismo y las universidades p\u00fablicas, pero con una necesaria coordinaci\u00f3n con los Cabildos insulares <\/span><span style=\"font-weight: 400;\">\u2014a trav\u00e9s de Turismo de Tenerife o el Patronato de Turismo de Gran Canaria\u2014 ejerciendo la propia Consejer\u00eda de Turismo, Industria y Comercio un papel de liderazgo. Adem\u00e1s, no se pueden obviar la necesaria participaci\u00f3n del sector privado, las instituciones municipales y la ciudadan\u00eda, sin cuya colaboraci\u00f3n ser\u00eda imposible generar datos e informaci\u00f3n de valor e integral sobre el turismo en las islas.<\/span><\/p>\n<p><span style=\"font-weight: 400;\">La Red Internacional de Observatorios de Turismo Sostenible de la OMT fue creada en el a\u00f1o 2004 y formar parte de ella supone un paso adelante en la observaci\u00f3n, obtenci\u00f3n de informaci\u00f3n relevante y toma de decisiones inteligentes en el sector tur\u00edstico de Canarias. Adem\u00e1s de aunar y homogeneizar el an\u00e1lisis de los datos de esta \u00e1rea en las islas, el Observatorio funcionar\u00e1 con el m\u00e9todo de trabajo de la Red INSTO, basado en el seguimiento de las llamadas \u00e1reas clave de sostenibilidad (<\/span><i><span style=\"font-weight: 400;\">key sustainable issue areas<\/span><\/i><span style=\"font-weight: 400;\">) asociadas al turismo y alineadas con los 17 Objetivos de Desarrollo Sostenible aprobados por Naciones Unidas para 2030.\u00a0<\/span><\/p>\n<p><span style=\"font-weight: 400;\">Los investigadores de la Universidad de La Laguna y la Universidad de Las Palmas de Gran Canaria, de cara a la elaboraci\u00f3n del informe de acceso del Observatorio han identificado en los bloques econ\u00f3mico, social y medioambiental problemas e indicadores como: la innovaci\u00f3n, la conectividad o digitalizaci\u00f3n del destino; la gobernanza, la formaci\u00f3n, la calidad del empleo o la accesibilidad universal; as\u00ed como la gesti\u00f3n y el consumo de la energ\u00eda, el agua y los residuos o el cambio clim\u00e1tico.<\/span><\/p>\n<p><span style=\"font-weight: 400;\">La inclusi\u00f3n de Canarias en la red significa no s\u00f3lo desarrollar mejores herramientas para el seguimiento del turismo, sino tambi\u00e9n tener informaci\u00f3n m\u00e1s \u00fatil; fortaleciendo as\u00ed la coordinaci\u00f3n en la elaboraci\u00f3n y el uso de datos. Esta membres\u00eda genera enormes oportunidades de intercambio de experiencias con otros destinos de la red y ayuda a hacer de Canarias un referente para la generaci\u00f3n de conocimiento tur\u00edstico a nivel internacional, jugando las universidades un papel clave en esta generaci\u00f3n de conocimiento, declara Ra\u00fal Hern\u00e1ndez, director de C\u00e1tedra de Turismo CajaCanarias-Ashotel de la Universidad de La Laguna.<\/span><\/p>\n<p><span style=\"font-weight: 400;\">Sin duda, ser\u00e1 necesario un gran esfuerzo de colaboraci\u00f3n entre las instituciones p\u00fablicas y privadas para coordinar las iniciativas y mejorar la coherencia de la informaci\u00f3n con la que se trabaja. La sostenibilidad del sector tur\u00edstico <\/span><span style=\"font-weight: 400;\">\u2014<\/span><span style=\"font-weight: 400;\">en estos momentos de incertidumbre en los diferentes destinos del mundo debido a la crisis sanitaria, adem\u00e1s de cuestiones cr\u00edticas como el cambio clim\u00e1tico o el envejecimiento de las sociedades como la europea<\/span><span style=\"font-weight: 400;\">\u2014 se antoja un tema esencial de trabajo como base de desarrollo de los destinos y de sus sociedades locales. Es por ello, que el Observatorio de Turismo de Canarias tiene como fin \u00faltimo buscar y conciliar turismo y bienestar local a trav\u00e9s del conocimiento.<\/span><\/p>\n","protected":false},"excerpt":{"rendered":"<p>Investigadores pertenecientes a la C\u00e1tedra de Turismo CajaCanarias-Ashotel, adscrita al Vicerrectorado de Cultura y Participaci\u00f3n Social de la Universidad de&#8230;<\/p>\n","protected":false},"author":65,"featured_media":34463,"comment_status":"closed","ping_status":"closed","sticky":false,"template":"","format":"standard","meta":{"inline_featured_image":false,"footnotes":""},"categories":[345,348,5649,2765],"tags":[698,6806,6805,6804],"acf":[],"yoast_head":"<!-- This site is optimized with the Yoast SEO plugin v21.3 - https:\/\/yoast.com\/wordpress\/plugins\/seo\/ -->\n<title>Las universidades regionales colaboran para que Canarias entre en la Red Internacional de Observatorios Sostenibles de la OMT - ULL - Noticias<\/title>\n<meta name=\"robots\" content=\"index, follow, max-snippet:-1, max-image-preview:large, max-video-preview:-1\" \/>\n<link rel=\"canonical\" href=\"https:\/\/www.ull.es\/portal\/noticias\/2020\/las-universidades-regionales-colaboradoras-para-que-canarias-entre-en-la-red-internacional-de-observatorios-sostenibles-de-la-omt\/\" \/>\n<meta property=\"og:locale\" content=\"es_ES\" \/>\n<meta property=\"og:type\" content=\"article\" \/>\n<meta property=\"og:title\" content=\"Las universidades regionales colaboran para que Canarias entre en la Red Internacional de Observatorios Sostenibles de la OMT - ULL - Noticias\" \/>\n<meta property=\"og:description\" content=\"Investigadores pertenecientes a la C\u00e1tedra de Turismo CajaCanarias-Ashotel, adscrita al Vicerrectorado de Cultura y Participaci\u00f3n Social de la Universidad de...\" \/>\n<meta property=\"og:url\" content=\"https:\/\/www.ull.es\/portal\/noticias\/2020\/las-universidades-regionales-colaboradoras-para-que-canarias-entre-en-la-red-internacional-de-observatorios-sostenibles-de-la-omt\/\" \/>\n<meta property=\"og:site_name\" content=\"ULL - Noticias\" \/>\n<meta property=\"article:publisher\" content=\"https:\/\/www.facebook.com\/universidaddelalaguna\/\" \/>\n<meta property=\"article:published_time\" content=\"2020-10-21T10:06:04+00:00\" \/>\n<meta property=\"article:modified_time\" content=\"2020-10-21T11:02:18+00:00\" \/>\n<meta property=\"og:image\" content=\"https:\/\/www.ull.es\/portal\/noticias\/wp-content\/uploads\/sites\/13\/2017\/12\/raul-catedra-turismo.jpg\" \/>\n\t<meta property=\"og:image:width\" content=\"1024\" \/>\n\t<meta property=\"og:image:height\" content=\"683\" \/>\n\t<meta property=\"og:image:type\" content=\"image\/jpeg\" \/>\n<meta name=\"author\" content=\"gcom4\" \/>\n<meta name=\"twitter:card\" content=\"summary_large_image\" \/>\n<meta name=\"twitter:creator\" content=\"@CanalULL\" \/>\n<meta name=\"twitter:site\" content=\"@CanalULL\" \/>\n<meta name=\"twitter:label1\" content=\"Escrito por\" \/>\n\t<meta name=\"twitter:data1\" content=\"gcom4\" \/>\n\t<meta name=\"twitter:label2\" content=\"Tiempo de lectura\" \/>\n\t<meta name=\"twitter:data2\" content=\"4 minutos\" \/>\n<script type=\"application\/ld+json\" class=\"yoast-schema-graph\">{\"@context\":\"https:\/\/schema.org\",\"@graph\":[{\"@type\":\"WebPage\",\"@id\":\"https:\/\/www.ull.es\/portal\/noticias\/2020\/las-universidades-regionales-colaboradoras-para-que-canarias-entre-en-la-red-internacional-de-observatorios-sostenibles-de-la-omt\/\",\"url\":\"https:\/\/www.ull.es\/portal\/noticias\/2020\/las-universidades-regionales-colaboradoras-para-que-canarias-entre-en-la-red-internacional-de-observatorios-sostenibles-de-la-omt\/\",\"name\":\"Las universidades regionales colaboran para que Canarias entre en la Red Internacional de Observatorios Sostenibles de la OMT - ULL - Noticias\",\"isPartOf\":{\"@id\":\"https:\/\/www.ull.es\/portal\/noticias\/#website\"},\"datePublished\":\"2020-10-21T10:06:04+00:00\",\"dateModified\":\"2020-10-21T11:02:18+00:00\",\"author\":{\"@id\":\"https:\/\/www.ull.es\/portal\/noticias\/#\/schema\/person\/9924518fb1ad37d4428e7b5d6f311773\"},\"breadcrumb\":{\"@id\":\"https:\/\/www.ull.es\/portal\/noticias\/2020\/las-universidades-regionales-colaboradoras-para-que-canarias-entre-en-la-red-internacional-de-observatorios-sostenibles-de-la-omt\/#breadcrumb\"},\"inLanguage\":\"es\",\"potentialAction\":[{\"@type\":\"ReadAction\",\"target\":[\"https:\/\/www.ull.es\/portal\/noticias\/2020\/las-universidades-regionales-colaboradoras-para-que-canarias-entre-en-la-red-internacional-de-observatorios-sostenibles-de-la-omt\/\"]}]},{\"@type\":\"BreadcrumbList\",\"@id\":\"https:\/\/www.ull.es\/portal\/noticias\/2020\/las-universidades-regionales-colaboradoras-para-que-canarias-entre-en-la-red-internacional-de-observatorios-sostenibles-de-la-omt\/#breadcrumb\",\"itemListElement\":[{\"@type\":\"ListItem\",\"position\":1,\"name\":\"Portada\",\"item\":\"https:\/\/www.ull.es\/portal\/noticias\/\"},{\"@type\":\"ListItem\",\"position\":2,\"name\":\"Las universidades regionales colaboran para que Canarias entre en la Red Internacional de Observatorios Sostenibles de la OMT\"}]},{\"@type\":\"WebSite\",\"@id\":\"https:\/\/www.ull.es\/portal\/noticias\/#website\",\"url\":\"https:\/\/www.ull.es\/portal\/noticias\/\",\"name\":\"ULL - Noticias\",\"description\":\"\",\"potentialAction\":[{\"@type\":\"SearchAction\",\"target\":{\"@type\":\"EntryPoint\",\"urlTemplate\":\"https:\/\/www.ull.es\/portal\/noticias\/?s={search_term_string}\"},\"query-input\":\"required name=search_term_string\"}],\"inLanguage\":\"es\"},{\"@type\":\"Person\",\"@id\":\"https:\/\/www.ull.es\/portal\/noticias\/#\/schema\/person\/9924518fb1ad37d4428e7b5d6f311773\",\"name\":\"gcom4\",\"image\":{\"@type\":\"ImageObject\",\"inLanguage\":\"es\",\"@id\":\"https:\/\/www.ull.es\/portal\/noticias\/#\/schema\/person\/image\/\",\"url\":\"https:\/\/secure.gravatar.com\/avatar\/a5d1f5573f10617ccfcc209aaf6aa7fb?s=96&d=mm&r=g\",\"contentUrl\":\"https:\/\/secure.gravatar.com\/avatar\/a5d1f5573f10617ccfcc209aaf6aa7fb?s=96&d=mm&r=g\",\"caption\":\"gcom4\"},\"url\":\"https:\/\/www.ull.es\/portal\/noticias\/author\/gcom4\/\"}]}<\/script>\n<!-- \/ Yoast SEO plugin. -->","yoast_head_json":{"title":"Las universidades regionales colaboran para que Canarias entre en la Red Internacional de Observatorios Sostenibles de la OMT - ULL - Noticias","robots":{"index":"index","follow":"follow","max-snippet":"max-snippet:-1","max-image-preview":"max-image-preview:large","max-video-preview":"max-video-preview:-1"},"canonical":"https:\/\/www.ull.es\/portal\/noticias\/2020\/las-universidades-regionales-colaboradoras-para-que-canarias-entre-en-la-red-internacional-de-observatorios-sostenibles-de-la-omt\/","og_locale":"es_ES","og_type":"article","og_title":"Las universidades regionales colaboran para que Canarias entre en la Red Internacional de Observatorios Sostenibles de la OMT - ULL - Noticias","og_description":"Investigadores pertenecientes a la C\u00e1tedra de Turismo CajaCanarias-Ashotel, adscrita al Vicerrectorado de Cultura y Participaci\u00f3n Social de la Universidad de...","og_url":"https:\/\/www.ull.es\/portal\/noticias\/2020\/las-universidades-regionales-colaboradoras-para-que-canarias-entre-en-la-red-internacional-de-observatorios-sostenibles-de-la-omt\/","og_site_name":"ULL - Noticias","article_publisher":"https:\/\/www.facebook.com\/universidaddelalaguna\/","article_published_time":"2020-10-21T10:06:04+00:00","article_modified_time":"2020-10-21T11:02:18+00:00","og_image":[{"width":1024,"height":683,"url":"https:\/\/www.ull.es\/portal\/noticias\/wp-content\/uploads\/sites\/13\/2017\/12\/raul-catedra-turismo.jpg","type":"image\/jpeg"}],"author":"gcom4","twitter_card":"summary_large_image","twitter_creator":"@CanalULL","twitter_site":"@CanalULL","twitter_misc":{"Escrito por":"gcom4","Tiempo de lectura":"4 minutos"},"schema":{"@context":"https:\/\/schema.org","@graph":[{"@type":"WebPage","@id":"https:\/\/www.ull.es\/portal\/noticias\/2020\/las-universidades-regionales-colaboradoras-para-que-canarias-entre-en-la-red-internacional-de-observatorios-sostenibles-de-la-omt\/","url":"https:\/\/www.ull.es\/portal\/noticias\/2020\/las-universidades-regionales-colaboradoras-para-que-canarias-entre-en-la-red-internacional-de-observatorios-sostenibles-de-la-omt\/","name":"Las universidades regionales colaboran para que Canarias entre en la Red Internacional de Observatorios Sostenibles de la OMT - ULL - Noticias","isPartOf":{"@id":"https:\/\/www.ull.es\/portal\/noticias\/#website"},"datePublished":"2020-10-21T10:06:04+00:00","dateModified":"2020-10-21T11:02:18+00:00","author":{"@id":"https:\/\/www.ull.es\/portal\/noticias\/#\/schema\/person\/9924518fb1ad37d4428e7b5d6f311773"},"breadcrumb":{"@id":"https:\/\/www.ull.es\/portal\/noticias\/2020\/las-universidades-regionales-colaboradoras-para-que-canarias-entre-en-la-red-internacional-de-observatorios-sostenibles-de-la-omt\/#breadcrumb"},"inLanguage":"es","potentialAction":[{"@type":"ReadAction","target":["https:\/\/www.ull.es\/portal\/noticias\/2020\/las-universidades-regionales-colaboradoras-para-que-canarias-entre-en-la-red-internacional-de-observatorios-sostenibles-de-la-omt\/"]}]},{"@type":"BreadcrumbList","@id":"https:\/\/www.ull.es\/portal\/noticias\/2020\/las-universidades-regionales-colaboradoras-para-que-canarias-entre-en-la-red-internacional-de-observatorios-sostenibles-de-la-omt\/#breadcrumb","itemListElement":[{"@type":"ListItem","position":1,"name":"Portada","item":"https:\/\/www.ull.es\/portal\/noticias\/"},{"@type":"ListItem","position":2,"name":"Las universidades regionales colaboran para que Canarias entre en la Red Internacional de Observatorios Sostenibles de la OMT"}]},{"@type":"WebSite","@id":"https:\/\/www.ull.es\/portal\/noticias\/#website","url":"https:\/\/www.ull.es\/portal\/noticias\/","name":"ULL - Noticias","description":"","potentialAction":[{"@type":"SearchAction","target":{"@type":"EntryPoint","urlTemplate":"https:\/\/www.ull.es\/portal\/noticias\/?s={search_term_string}"},"query-input":"required name=search_term_string"}],"inLanguage":"es"},{"@type":"Person","@id":"https:\/\/www.ull.es\/portal\/noticias\/#\/schema\/person\/9924518fb1ad37d4428e7b5d6f311773","name":"gcom4","image":{"@type":"ImageObject","inLanguage":"es","@id":"https:\/\/www.ull.es\/portal\/noticias\/#\/schema\/person\/image\/","url":"https:\/\/secure.gravatar.com\/avatar\/a5d1f5573f10617ccfcc209aaf6aa7fb?s=96&d=mm&r=g","contentUrl":"https:\/\/secure.gravatar.com\/avatar\/a5d1f5573f10617ccfcc209aaf6aa7fb?s=96&d=mm&r=g","caption":"gcom4"},"url":"https:\/\/www.ull.es\/portal\/noticias\/author\/gcom4\/"}]}},"primary_category":{"id":2765,"name":"Portada ULL","slug":"portada-ull","link":"https:\/\/www.ull.es\/portal\/noticias\/category\/portada-ull\/"},"featured_image_thumbnail_url":"https:\/\/www.ull.es\/portal\/noticias\/wp-content\/uploads\/sites\/13\/2017\/12\/raul-catedra-turismo-300x200.jpg","_links":{"self":[{"href":"https:\/\/www.ull.es\/portal\/noticias\/wp-json\/wp\/v2\/posts\/52706"}],"collection":[{"href":"https:\/\/www.ull.es\/portal\/noticias\/wp-json\/wp\/v2\/posts"}],"about":[{"href":"https:\/\/www.ull.es\/portal\/noticias\/wp-json\/wp\/v2\/types\/post"}],"author":[{"embeddable":true,"href":"https:\/\/www.ull.es\/portal\/noticias\/wp-json\/wp\/v2\/users\/65"}],"replies":[{"embeddable":true,"href":"https:\/\/www.ull.es\/portal\/noticias\/wp-json\/wp\/v2\/comments?post=52706"}],"version-history":[{"count":4,"href":"https:\/\/www.ull.es\/portal\/noticias\/wp-json\/wp\/v2\/posts\/52706\/revisions"}],"predecessor-version":[{"id":52710,"href":"https:\/\/www.ull.es\/portal\/noticias\/wp-json\/wp\/v2\/posts\/52706\/revisions\/52710"}],"wp:featuredmedia":[{"embeddable":true,"href":"https:\/\/www.ull.es\/portal\/noticias\/wp-json\/wp\/v2\/media\/34463"}],"wp:attachment":[{"href":"https:\/\/www.ull.es\/portal\/noticias\/wp-json\/wp\/v2\/media?parent=52706"}],"wp:term":[{"taxonomy":"category","embeddable":true,"href":"https:\/\/www.ull.es\/portal\/noticias\/wp-json\/wp\/v2\/categories?post=52706"},{"taxonomy":"post_tag","embeddable":true,"href":"https:\/\/www.ull.es\/portal\/noticias\/wp-json\/wp\/v2\/tags?post=52706"}],"curies":[{"name":"wp","href":"https:\/\/api.w.org\/{rel}","templated":true}]}}