{"id":52982,"date":"2020-11-03T10:34:21","date_gmt":"2020-11-03T10:34:21","guid":{"rendered":"https:\/\/www.ull.es\/portal\/noticias\/?p=52982"},"modified":"2020-11-03T10:34:21","modified_gmt":"2020-11-03T10:34:21","slug":"edullab-presenta-nuevo-libro","status":"publish","type":"post","link":"https:\/\/www.ull.es\/portal\/noticias\/2020\/edullab-presenta-nuevo-libro\/","title":{"rendered":"Edullab presenta online su nuevo libro \u201cEscuel@ digit@l: los materiales did\u00e1cticos en la red\u201d"},"content":{"rendered":"<p>El Laboratorio de Educaci\u00f3n y Nuevas Tecnolog\u00edas de la Universidad de La Laguna (EDULLAB) presentar\u00e1 el pr\u00f3ximo 12 de noviembre a las 17:00 (hora canaria) el libro \u201c<a href=\"https:\/\/www.grao.com\/es\/producto\/escuel-digitl-aye15\" target=\"_blank\" rel=\"noopener\">Escuel@ digit@l: los materiales did\u00e1cticos en la red<\/a>\u201d publicado por la editorial Gra\u00f3. <a href=\"http:\/\/edullab.webs.ull.es\/wordpress\/presentacion-libro-escuela-digital\/\" target=\"_blank\" rel=\"noopener\">La presentaci\u00f3n<\/a> se desarrollar\u00e1 de manera totalmente online con formato de webinar desde el <a href=\"https:\/\/www.youtube.com\/user\/Edullab\/featured\" target=\"_blank\" rel=\"noopener\">canal de Youtube<\/a> del grupo de investigaci\u00f3n y se podr\u00e1 seguir a trav\u00e9s de Twitter con el <a href=\"https:\/\/twitter.com\/search?q=%23LibroEsucelaDigital&amp;src=typeahead_click&amp;f=live\" target=\"_blank\" rel=\"noopener\">hashtag <\/a><a href=\"https:\/\/twitter.com\/search?q=%23LibroEsucelaDigital&amp;src=typeahead_click&amp;f=live\" target=\"_blank\" rel=\"noopener\"><em>#LibroEscuelaDigital.<\/em><\/a><\/p>\n<p>El libro consta de catorce cap\u00edtulos donde se presentan los fundamentos te\u00f3ricos, el dise\u00f1o y resultados del proyecto nacional I+D titulado \u201cLa Escuela de la Sociedad Digital: An\u00e1lisis y propuestas para la producci\u00f3n y uso de los contenidos digitales educativos (EDU2015-64593-R)\u201d, coordinado por el grupo de investigaci\u00f3n EDULLAB y en el cual participaron m\u00e1s de cuarenta investigadores e investigadoras de diversas universidades espa\u00f1olas como Santiago de Compostela, A Coru\u00f1a, Valencia, Las Palmas de Gran Canaria y la propia La Laguna.<\/p>\n<p>El libro presenta resultados en torno a la disponibilidad, percepci\u00f3n y utilizaci\u00f3n de los recursos educativos digitales y sobre su utilizaci\u00f3n en las aulas y centros de la Educaci\u00f3n Primaria. As\u00ed, pretende dar respuesta a diferentes cuestiones: \u00bfc\u00f3mo son los materiales did\u00e1cticos de naturaleza digital que son distribuidos por editoriales y administraciones p\u00fablicas y que est\u00e1n disponibles en la red?; \u00bfqu\u00e9 opinan los agentes educativos (profesorado, t\u00e9cnicos, familias, alumnado) sobre este tr\u00e1nsito de los libros de textos en papel hacia los materiales did\u00e1cticos en la red?; y, por \u00faltimo, \u00bfcu\u00e1l es el uso que se hace de estos materiales en las aulas y centros escolares?<\/p>\n<p>Entre los ponentes invitados al webinar de presentaci\u00f3n cabe destacar a Manuel Area Moreira, de la Universidad de La Laguna, que es el director del proyecto y moderar\u00e1 el evento; Jes\u00fas Rodr\u00edguez (Universidad de Santiago de Compostela), Jos\u00e9 Peirats (Universidad de Valencia), Andoni Zabala (presidente de la editorial Gra\u00f3), Mariana Maggio (titular de la C\u00e1tedra de Tecnolog\u00eda Educativa de la Universidad de Buenos Aires), Tania Braga (profesora de la Universidade Federal do Paran\u00e1 de Brasil) y Manuel Bragado (pedagogo y exdirector de Edici\u00f3ns Xerais de Galicia).<\/p>\n","protected":false},"excerpt":{"rendered":"<p>El Laboratorio de Educaci\u00f3n y Nuevas Tecnolog\u00edas de la Universidad de La Laguna (EDULLAB) presentar\u00e1 el pr\u00f3ximo 12 de noviembre&#8230;<\/p>\n","protected":false},"author":21,"featured_media":52983,"comment_status":"closed","ping_status":"closed","sticky":false,"template":"","format":"standard","meta":{"inline_featured_image":false,"footnotes":""},"categories":[345,350,2765],"tags":[1100,1806],"acf":[],"yoast_head":"<!-- This site is optimized with the Yoast SEO plugin v21.3 - https:\/\/yoast.com\/wordpress\/plugins\/seo\/ -->\n<title>EDULLAB presenta su nuevo libro sobre materiales did\u00e1cticos en la red<\/title>\n<meta name=\"description\" content=\"La presentaci\u00f3n tendr\u00e1 formato de webinar y se desarrollar\u00e1 el 12 de noviembre a las 17:00 (hora canaria) en el canal de Youtube de EDULLAB.\" \/>\n<meta name=\"robots\" content=\"index, follow, max-snippet:-1, max-image-preview:large, max-video-preview:-1\" \/>\n<link rel=\"canonical\" href=\"https:\/\/www.ull.es\/portal\/noticias\/2020\/edullab-presenta-nuevo-libro\/\" \/>\n<meta property=\"og:locale\" content=\"es_ES\" \/>\n<meta property=\"og:type\" content=\"article\" \/>\n<meta property=\"og:title\" content=\"EDULLAB presenta su nuevo libro sobre materiales did\u00e1cticos en la red\" \/>\n<meta property=\"og:description\" content=\"La presentaci\u00f3n tendr\u00e1 formato de webinar y se desarrollar\u00e1 el 12 de noviembre a las 17:00 (hora canaria) en el canal de Youtube de EDULLAB.\" \/>\n<meta property=\"og:url\" content=\"https:\/\/www.ull.es\/portal\/noticias\/2020\/edullab-presenta-nuevo-libro\/\" \/>\n<meta property=\"og:site_name\" content=\"ULL - Noticias\" \/>\n<meta property=\"article:publisher\" content=\"https:\/\/www.facebook.com\/universidaddelalaguna\/\" \/>\n<meta property=\"article:published_time\" content=\"2020-11-03T10:34:21+00:00\" \/>\n<meta property=\"og:image\" content=\"https:\/\/www.ull.es\/portal\/noticias\/wp-content\/uploads\/sites\/13\/2020\/11\/presentacion-libro-edullab.jpg\" \/>\n\t<meta property=\"og:image:width\" content=\"1200\" \/>\n\t<meta property=\"og:image:height\" content=\"800\" \/>\n\t<meta property=\"og:image:type\" content=\"image\/jpeg\" \/>\n<meta name=\"author\" content=\"prensa2\" \/>\n<meta name=\"twitter:card\" content=\"summary_large_image\" \/>\n<meta name=\"twitter:creator\" content=\"@CanalULL\" \/>\n<meta name=\"twitter:site\" content=\"@CanalULL\" \/>\n<meta name=\"twitter:label1\" content=\"Escrito por\" \/>\n\t<meta name=\"twitter:data1\" content=\"prensa2\" \/>\n\t<meta name=\"twitter:label2\" content=\"Tiempo de lectura\" \/>\n\t<meta name=\"twitter:data2\" content=\"2 minutos\" \/>\n<script type=\"application\/ld+json\" class=\"yoast-schema-graph\">{\"@context\":\"https:\/\/schema.org\",\"@graph\":[{\"@type\":\"WebPage\",\"@id\":\"https:\/\/www.ull.es\/portal\/noticias\/2020\/edullab-presenta-nuevo-libro\/\",\"url\":\"https:\/\/www.ull.es\/portal\/noticias\/2020\/edullab-presenta-nuevo-libro\/\",\"name\":\"EDULLAB presenta su nuevo libro sobre materiales did\u00e1cticos en la red\",\"isPartOf\":{\"@id\":\"https:\/\/www.ull.es\/portal\/noticias\/#website\"},\"datePublished\":\"2020-11-03T10:34:21+00:00\",\"dateModified\":\"2020-11-03T10:34:21+00:00\",\"author\":{\"@id\":\"https:\/\/www.ull.es\/portal\/noticias\/#\/schema\/person\/c3b2aa857797592927a03740d6664376\"},\"description\":\"La presentaci\u00f3n tendr\u00e1 formato de webinar y se desarrollar\u00e1 el 12 de noviembre a las 17:00 (hora canaria) en el canal de Youtube de EDULLAB.\",\"breadcrumb\":{\"@id\":\"https:\/\/www.ull.es\/portal\/noticias\/2020\/edullab-presenta-nuevo-libro\/#breadcrumb\"},\"inLanguage\":\"es\",\"potentialAction\":[{\"@type\":\"ReadAction\",\"target\":[\"https:\/\/www.ull.es\/portal\/noticias\/2020\/edullab-presenta-nuevo-libro\/\"]}]},{\"@type\":\"BreadcrumbList\",\"@id\":\"https:\/\/www.ull.es\/portal\/noticias\/2020\/edullab-presenta-nuevo-libro\/#breadcrumb\",\"itemListElement\":[{\"@type\":\"ListItem\",\"position\":1,\"name\":\"Portada\",\"item\":\"https:\/\/www.ull.es\/portal\/noticias\/\"},{\"@type\":\"ListItem\",\"position\":2,\"name\":\"Edullab presenta online su nuevo libro \u201cEscuel@ digit@l: los materiales did\u00e1cticos en la red\u201d\"}]},{\"@type\":\"WebSite\",\"@id\":\"https:\/\/www.ull.es\/portal\/noticias\/#website\",\"url\":\"https:\/\/www.ull.es\/portal\/noticias\/\",\"name\":\"ULL - Noticias\",\"description\":\"\",\"potentialAction\":[{\"@type\":\"SearchAction\",\"target\":{\"@type\":\"EntryPoint\",\"urlTemplate\":\"https:\/\/www.ull.es\/portal\/noticias\/?s={search_term_string}\"},\"query-input\":\"required name=search_term_string\"}],\"inLanguage\":\"es\"},{\"@type\":\"Person\",\"@id\":\"https:\/\/www.ull.es\/portal\/noticias\/#\/schema\/person\/c3b2aa857797592927a03740d6664376\",\"name\":\"prensa2\",\"image\":{\"@type\":\"ImageObject\",\"inLanguage\":\"es\",\"@id\":\"https:\/\/www.ull.es\/portal\/noticias\/#\/schema\/person\/image\/\",\"url\":\"https:\/\/secure.gravatar.com\/avatar\/b58f310a5de5feb33d1e026d2493f23c?s=96&d=mm&r=g\",\"contentUrl\":\"https:\/\/secure.gravatar.com\/avatar\/b58f310a5de5feb33d1e026d2493f23c?s=96&d=mm&r=g\",\"caption\":\"prensa2\"},\"url\":\"https:\/\/www.ull.es\/portal\/noticias\/author\/prensa2\/\"}]}<\/script>\n<!-- \/ Yoast SEO plugin. -->","yoast_head_json":{"title":"EDULLAB presenta su nuevo libro sobre materiales did\u00e1cticos en la red","description":"La presentaci\u00f3n tendr\u00e1 formato de webinar y se desarrollar\u00e1 el 12 de noviembre a las 17:00 (hora canaria) en el canal de Youtube de EDULLAB.","robots":{"index":"index","follow":"follow","max-snippet":"max-snippet:-1","max-image-preview":"max-image-preview:large","max-video-preview":"max-video-preview:-1"},"canonical":"https:\/\/www.ull.es\/portal\/noticias\/2020\/edullab-presenta-nuevo-libro\/","og_locale":"es_ES","og_type":"article","og_title":"EDULLAB presenta su nuevo libro sobre materiales did\u00e1cticos en la red","og_description":"La presentaci\u00f3n tendr\u00e1 formato de webinar y se desarrollar\u00e1 el 12 de noviembre a las 17:00 (hora canaria) en el canal de Youtube de EDULLAB.","og_url":"https:\/\/www.ull.es\/portal\/noticias\/2020\/edullab-presenta-nuevo-libro\/","og_site_name":"ULL - Noticias","article_publisher":"https:\/\/www.facebook.com\/universidaddelalaguna\/","article_published_time":"2020-11-03T10:34:21+00:00","og_image":[{"width":1200,"height":800,"url":"https:\/\/www.ull.es\/portal\/noticias\/wp-content\/uploads\/sites\/13\/2020\/11\/presentacion-libro-edullab.jpg","type":"image\/jpeg"}],"author":"prensa2","twitter_card":"summary_large_image","twitter_creator":"@CanalULL","twitter_site":"@CanalULL","twitter_misc":{"Escrito por":"prensa2","Tiempo de lectura":"2 minutos"},"schema":{"@context":"https:\/\/schema.org","@graph":[{"@type":"WebPage","@id":"https:\/\/www.ull.es\/portal\/noticias\/2020\/edullab-presenta-nuevo-libro\/","url":"https:\/\/www.ull.es\/portal\/noticias\/2020\/edullab-presenta-nuevo-libro\/","name":"EDULLAB presenta su nuevo libro sobre materiales did\u00e1cticos en la red","isPartOf":{"@id":"https:\/\/www.ull.es\/portal\/noticias\/#website"},"datePublished":"2020-11-03T10:34:21+00:00","dateModified":"2020-11-03T10:34:21+00:00","author":{"@id":"https:\/\/www.ull.es\/portal\/noticias\/#\/schema\/person\/c3b2aa857797592927a03740d6664376"},"description":"La presentaci\u00f3n tendr\u00e1 formato de webinar y se desarrollar\u00e1 el 12 de noviembre a las 17:00 (hora canaria) en el canal de Youtube de EDULLAB.","breadcrumb":{"@id":"https:\/\/www.ull.es\/portal\/noticias\/2020\/edullab-presenta-nuevo-libro\/#breadcrumb"},"inLanguage":"es","potentialAction":[{"@type":"ReadAction","target":["https:\/\/www.ull.es\/portal\/noticias\/2020\/edullab-presenta-nuevo-libro\/"]}]},{"@type":"BreadcrumbList","@id":"https:\/\/www.ull.es\/portal\/noticias\/2020\/edullab-presenta-nuevo-libro\/#breadcrumb","itemListElement":[{"@type":"ListItem","position":1,"name":"Portada","item":"https:\/\/www.ull.es\/portal\/noticias\/"},{"@type":"ListItem","position":2,"name":"Edullab presenta online su nuevo libro \u201cEscuel@ digit@l: los materiales did\u00e1cticos en la red\u201d"}]},{"@type":"WebSite","@id":"https:\/\/www.ull.es\/portal\/noticias\/#website","url":"https:\/\/www.ull.es\/portal\/noticias\/","name":"ULL - Noticias","description":"","potentialAction":[{"@type":"SearchAction","target":{"@type":"EntryPoint","urlTemplate":"https:\/\/www.ull.es\/portal\/noticias\/?s={search_term_string}"},"query-input":"required name=search_term_string"}],"inLanguage":"es"},{"@type":"Person","@id":"https:\/\/www.ull.es\/portal\/noticias\/#\/schema\/person\/c3b2aa857797592927a03740d6664376","name":"prensa2","image":{"@type":"ImageObject","inLanguage":"es","@id":"https:\/\/www.ull.es\/portal\/noticias\/#\/schema\/person\/image\/","url":"https:\/\/secure.gravatar.com\/avatar\/b58f310a5de5feb33d1e026d2493f23c?s=96&d=mm&r=g","contentUrl":"https:\/\/secure.gravatar.com\/avatar\/b58f310a5de5feb33d1e026d2493f23c?s=96&d=mm&r=g","caption":"prensa2"},"url":"https:\/\/www.ull.es\/portal\/noticias\/author\/prensa2\/"}]}},"primary_category":{"id":345,"name":"Destacado","slug":"destacado","link":"https:\/\/www.ull.es\/portal\/noticias\/category\/destacado\/"},"featured_image_thumbnail_url":"https:\/\/www.ull.es\/portal\/noticias\/wp-content\/uploads\/sites\/13\/2020\/11\/presentacion-libro-edullab-300x200.jpg","_links":{"self":[{"href":"https:\/\/www.ull.es\/portal\/noticias\/wp-json\/wp\/v2\/posts\/52982"}],"collection":[{"href":"https:\/\/www.ull.es\/portal\/noticias\/wp-json\/wp\/v2\/posts"}],"about":[{"href":"https:\/\/www.ull.es\/portal\/noticias\/wp-json\/wp\/v2\/types\/post"}],"author":[{"embeddable":true,"href":"https:\/\/www.ull.es\/portal\/noticias\/wp-json\/wp\/v2\/users\/21"}],"replies":[{"embeddable":true,"href":"https:\/\/www.ull.es\/portal\/noticias\/wp-json\/wp\/v2\/comments?post=52982"}],"version-history":[{"count":1,"href":"https:\/\/www.ull.es\/portal\/noticias\/wp-json\/wp\/v2\/posts\/52982\/revisions"}],"predecessor-version":[{"id":52984,"href":"https:\/\/www.ull.es\/portal\/noticias\/wp-json\/wp\/v2\/posts\/52982\/revisions\/52984"}],"wp:featuredmedia":[{"embeddable":true,"href":"https:\/\/www.ull.es\/portal\/noticias\/wp-json\/wp\/v2\/media\/52983"}],"wp:attachment":[{"href":"https:\/\/www.ull.es\/portal\/noticias\/wp-json\/wp\/v2\/media?parent=52982"}],"wp:term":[{"taxonomy":"category","embeddable":true,"href":"https:\/\/www.ull.es\/portal\/noticias\/wp-json\/wp\/v2\/categories?post=52982"},{"taxonomy":"post_tag","embeddable":true,"href":"https:\/\/www.ull.es\/portal\/noticias\/wp-json\/wp\/v2\/tags?post=52982"}],"curies":[{"name":"wp","href":"https:\/\/api.w.org\/{rel}","templated":true}]}}