{"id":53225,"date":"2020-11-13T11:36:34","date_gmt":"2020-11-13T11:36:34","guid":{"rendered":"https:\/\/www.ull.es\/portal\/noticias\/?p=53225"},"modified":"2020-11-13T11:36:34","modified_gmt":"2020-11-13T11:36:34","slug":"la-universidad-de-la-laguna-y-reunid-indagan-en-nuevas-vias-para-otra-investigacion-educativa","status":"publish","type":"post","link":"https:\/\/www.ull.es\/portal\/noticias\/2020\/la-universidad-de-la-laguna-y-reunid-indagan-en-nuevas-vias-para-otra-investigacion-educativa\/","title":{"rendered":"La Universidad de La Laguna y REUNI+D indagan en nuevas v\u00edas para otra investigaci\u00f3n educativa"},"content":{"rendered":"<p>El Laboratorio de Educaci\u00f3n y Nuevas Tecnolog\u00edas de la Universidad de La Laguna y Red Universitaria de Investigaci\u00f3n e Innovaci\u00f3n Educativa, REUNI+D organizan un nuevo evento abierto al p\u00fablico centrado, en esta ocasi\u00f3n, en los nuevos los m\u00e9todos y las tem\u00e1ticas emergentes en el campo de la investigaci\u00f3n educativa.<\/p>\n<p>La red de excelencia universitaria <a href=\"https:\/\/reunid.eu\/\" target=\"_blank\" rel=\"noopener\">REUNI+D<\/a> se encuentra actualmente desarrollando su proyecto Conectando Redes y Promoviendo el Conocimiento Abierto, financiado por el entonces Ministerio de Ciencia, Innovaci\u00f3n y Universidades. Esta red aglutina a once grupos de investigaci\u00f3n en el \u00e1mbito de la educaci\u00f3n y la tecnolog\u00eda educativa de once universidades espa\u00f1olas, coordinados por el grupo <a href=\"https:\/\/gite.usal.es\/\" target=\"_blank\" rel=\"noopener\">GITE-USAL<\/a> de la Universidad de Salamanca, con el objetivo de potenciar la investigaci\u00f3n de m\u00e1ximo nivel y la difusi\u00f3n de sus resultados.<\/p>\n<p>El grupo de investigaci\u00f3n e innovaci\u00f3n <a href=\"http:\/\/edullab.webs.ull.es\" target=\"_blank\" rel=\"noopener\">EDULLAB<\/a>, de la Universidad de La Laguna, organiza desde el seno de esta red el seminario online <a href=\"http:\/\/edullab.webs.ull.es\/wordpress\/eventos\/buscando-alternativas\/\" target=\"_blank\" rel=\"noopener\">\u201cBuscando alternativas: Caminos para otra investigaci\u00f3n educativa\u201d<\/a>. Este webinar se desarrollar\u00e1 en dos sesiones, los d\u00edas 18 y 25 de noviembre de 2020, a trav\u00e9s del canal de Youtube del grupo EDULLAB. Este encuentro tiene por objetivo reflexionar sobre el sentido, los m\u00e9todos y las tem\u00e1ticas emergentes en la investigaci\u00f3n educativa. En \u00e9l participar\u00e1n ponentes de distintas universidades expertos en el \u00e1mbito del conocimiento pedag\u00f3gico.<\/p>\n<p>Entre los invitados se encuentran investigadores del campo de la educaci\u00f3n y de la tecnolog\u00eda, como Juana M. Sancho, catedr\u00e1tica de la Universidad de Barcelona; J. Ignacio Rivas, catedr\u00e1tico de la Universidad de M\u00e1laga; Javier Marrero, catedr\u00e1tico de la Universidad de La Laguna; Ana Garc\u00eda-Valc\u00e1rcel, catedr\u00e1tica de Tecnolog\u00eda Educativa de la Universidad de Salamanca; V\u00edctor M. Hern\u00e1ndez, profesor de la Universidad de La Laguna; Pablo Cort\u00e9s, profesor titular de la Universidad de M\u00e1laga; Fernando Hern\u00e1ndez-Hern\u00e1ndez, profesor de la Universidad de Barcelona; as\u00ed como el profesor jubilado Juan M. Escudero y el catedr\u00e1tico em\u00e9rito Saville Kushner.<\/p>\n<p>Toda la informaci\u00f3n de este evento se puede consultar en la web <a href=\"http:\/\/edullab.webs.ull.es\/wordpress\/eventos\/buscando-alternativas\/\" target=\"_blank\" rel=\"noopener\">edullab.webs.ull.es<\/a>, desde donde es posible tambi\u00e9n realizar la inscripci\u00f3n gratuita.<\/p>\n","protected":false},"excerpt":{"rendered":"<p>El Laboratorio de Educaci\u00f3n y Nuevas Tecnolog\u00edas de la Universidad de La Laguna y Red Universitaria de Investigaci\u00f3n e Innovaci\u00f3n&#8230;<\/p>\n","protected":false},"author":23,"featured_media":53226,"comment_status":"closed","ping_status":"closed","sticky":false,"template":"","format":"standard","meta":{"inline_featured_image":false,"footnotes":""},"categories":[345,346,3725,348,2765],"tags":[1100,2813],"acf":[],"yoast_head":"<!-- This site is optimized with the Yoast SEO plugin v21.3 - https:\/\/yoast.com\/wordpress\/plugins\/seo\/ -->\n<title>La Universidad de La Laguna y REUNI+D indagan en nuevas v\u00edas para otra investigaci\u00f3n educativa - ULL - Noticias<\/title>\n<meta name=\"robots\" content=\"index, follow, max-snippet:-1, max-image-preview:large, max-video-preview:-1\" \/>\n<link rel=\"canonical\" href=\"https:\/\/www.ull.es\/portal\/noticias\/2020\/la-universidad-de-la-laguna-y-reunid-indagan-en-nuevas-vias-para-otra-investigacion-educativa\/\" \/>\n<meta property=\"og:locale\" content=\"es_ES\" \/>\n<meta property=\"og:type\" content=\"article\" \/>\n<meta property=\"og:title\" content=\"La Universidad de La Laguna y REUNI+D indagan en nuevas v\u00edas para otra investigaci\u00f3n educativa - ULL - Noticias\" \/>\n<meta property=\"og:description\" content=\"El Laboratorio de Educaci\u00f3n y Nuevas Tecnolog\u00edas de la Universidad de La Laguna y Red Universitaria de Investigaci\u00f3n e Innovaci\u00f3n...\" \/>\n<meta property=\"og:url\" content=\"https:\/\/www.ull.es\/portal\/noticias\/2020\/la-universidad-de-la-laguna-y-reunid-indagan-en-nuevas-vias-para-otra-investigacion-educativa\/\" \/>\n<meta property=\"og:site_name\" content=\"ULL - Noticias\" \/>\n<meta property=\"article:publisher\" content=\"https:\/\/www.facebook.com\/universidaddelalaguna\/\" \/>\n<meta property=\"article:published_time\" content=\"2020-11-13T11:36:34+00:00\" \/>\n<meta property=\"og:image\" content=\"https:\/\/www.ull.es\/portal\/noticias\/wp-content\/uploads\/sites\/13\/2020\/11\/imagen-webinar.jpg\" \/>\n\t<meta property=\"og:image:width\" content=\"1200\" \/>\n\t<meta property=\"og:image:height\" content=\"800\" \/>\n\t<meta property=\"og:image:type\" content=\"image\/jpeg\" \/>\n<meta name=\"author\" content=\"gaprsa\" \/>\n<meta name=\"twitter:card\" content=\"summary_large_image\" \/>\n<meta name=\"twitter:creator\" content=\"@CanalULL\" \/>\n<meta name=\"twitter:site\" content=\"@CanalULL\" \/>\n<meta name=\"twitter:label1\" content=\"Escrito por\" \/>\n\t<meta name=\"twitter:data1\" content=\"gaprsa\" \/>\n\t<meta name=\"twitter:label2\" content=\"Tiempo de lectura\" \/>\n\t<meta name=\"twitter:data2\" content=\"2 minutos\" \/>\n<script type=\"application\/ld+json\" class=\"yoast-schema-graph\">{\"@context\":\"https:\/\/schema.org\",\"@graph\":[{\"@type\":\"WebPage\",\"@id\":\"https:\/\/www.ull.es\/portal\/noticias\/2020\/la-universidad-de-la-laguna-y-reunid-indagan-en-nuevas-vias-para-otra-investigacion-educativa\/\",\"url\":\"https:\/\/www.ull.es\/portal\/noticias\/2020\/la-universidad-de-la-laguna-y-reunid-indagan-en-nuevas-vias-para-otra-investigacion-educativa\/\",\"name\":\"La Universidad de La Laguna y REUNI+D indagan en nuevas v\u00edas para otra investigaci\u00f3n educativa - ULL - Noticias\",\"isPartOf\":{\"@id\":\"https:\/\/www.ull.es\/portal\/noticias\/#website\"},\"datePublished\":\"2020-11-13T11:36:34+00:00\",\"dateModified\":\"2020-11-13T11:36:34+00:00\",\"author\":{\"@id\":\"https:\/\/www.ull.es\/portal\/noticias\/#\/schema\/person\/b2b1a89d43ffa609e591f7df8ef3e817\"},\"breadcrumb\":{\"@id\":\"https:\/\/www.ull.es\/portal\/noticias\/2020\/la-universidad-de-la-laguna-y-reunid-indagan-en-nuevas-vias-para-otra-investigacion-educativa\/#breadcrumb\"},\"inLanguage\":\"es\",\"potentialAction\":[{\"@type\":\"ReadAction\",\"target\":[\"https:\/\/www.ull.es\/portal\/noticias\/2020\/la-universidad-de-la-laguna-y-reunid-indagan-en-nuevas-vias-para-otra-investigacion-educativa\/\"]}]},{\"@type\":\"BreadcrumbList\",\"@id\":\"https:\/\/www.ull.es\/portal\/noticias\/2020\/la-universidad-de-la-laguna-y-reunid-indagan-en-nuevas-vias-para-otra-investigacion-educativa\/#breadcrumb\",\"itemListElement\":[{\"@type\":\"ListItem\",\"position\":1,\"name\":\"Portada\",\"item\":\"https:\/\/www.ull.es\/portal\/noticias\/\"},{\"@type\":\"ListItem\",\"position\":2,\"name\":\"La Universidad de La Laguna y REUNI+D indagan en nuevas v\u00edas para otra investigaci\u00f3n educativa\"}]},{\"@type\":\"WebSite\",\"@id\":\"https:\/\/www.ull.es\/portal\/noticias\/#website\",\"url\":\"https:\/\/www.ull.es\/portal\/noticias\/\",\"name\":\"ULL - Noticias\",\"description\":\"\",\"potentialAction\":[{\"@type\":\"SearchAction\",\"target\":{\"@type\":\"EntryPoint\",\"urlTemplate\":\"https:\/\/www.ull.es\/portal\/noticias\/?s={search_term_string}\"},\"query-input\":\"required name=search_term_string\"}],\"inLanguage\":\"es\"},{\"@type\":\"Person\",\"@id\":\"https:\/\/www.ull.es\/portal\/noticias\/#\/schema\/person\/b2b1a89d43ffa609e591f7df8ef3e817\",\"name\":\"gaprsa\",\"image\":{\"@type\":\"ImageObject\",\"inLanguage\":\"es\",\"@id\":\"https:\/\/www.ull.es\/portal\/noticias\/#\/schema\/person\/image\/\",\"url\":\"https:\/\/secure.gravatar.com\/avatar\/443820550921091458b4823867723b3d?s=96&d=mm&r=g\",\"contentUrl\":\"https:\/\/secure.gravatar.com\/avatar\/443820550921091458b4823867723b3d?s=96&d=mm&r=g\",\"caption\":\"gaprsa\"},\"url\":\"https:\/\/www.ull.es\/portal\/noticias\/author\/gaprsa\/\"}]}<\/script>\n<!-- \/ Yoast SEO plugin. -->","yoast_head_json":{"title":"La Universidad de La Laguna y REUNI+D indagan en nuevas v\u00edas para otra investigaci\u00f3n educativa - ULL - Noticias","robots":{"index":"index","follow":"follow","max-snippet":"max-snippet:-1","max-image-preview":"max-image-preview:large","max-video-preview":"max-video-preview:-1"},"canonical":"https:\/\/www.ull.es\/portal\/noticias\/2020\/la-universidad-de-la-laguna-y-reunid-indagan-en-nuevas-vias-para-otra-investigacion-educativa\/","og_locale":"es_ES","og_type":"article","og_title":"La Universidad de La Laguna y REUNI+D indagan en nuevas v\u00edas para otra investigaci\u00f3n educativa - ULL - Noticias","og_description":"El Laboratorio de Educaci\u00f3n y Nuevas Tecnolog\u00edas de la Universidad de La Laguna y Red Universitaria de Investigaci\u00f3n e Innovaci\u00f3n...","og_url":"https:\/\/www.ull.es\/portal\/noticias\/2020\/la-universidad-de-la-laguna-y-reunid-indagan-en-nuevas-vias-para-otra-investigacion-educativa\/","og_site_name":"ULL - Noticias","article_publisher":"https:\/\/www.facebook.com\/universidaddelalaguna\/","article_published_time":"2020-11-13T11:36:34+00:00","og_image":[{"width":1200,"height":800,"url":"https:\/\/www.ull.es\/portal\/noticias\/wp-content\/uploads\/sites\/13\/2020\/11\/imagen-webinar.jpg","type":"image\/jpeg"}],"author":"gaprsa","twitter_card":"summary_large_image","twitter_creator":"@CanalULL","twitter_site":"@CanalULL","twitter_misc":{"Escrito por":"gaprsa","Tiempo de lectura":"2 minutos"},"schema":{"@context":"https:\/\/schema.org","@graph":[{"@type":"WebPage","@id":"https:\/\/www.ull.es\/portal\/noticias\/2020\/la-universidad-de-la-laguna-y-reunid-indagan-en-nuevas-vias-para-otra-investigacion-educativa\/","url":"https:\/\/www.ull.es\/portal\/noticias\/2020\/la-universidad-de-la-laguna-y-reunid-indagan-en-nuevas-vias-para-otra-investigacion-educativa\/","name":"La Universidad de La Laguna y REUNI+D indagan en nuevas v\u00edas para otra investigaci\u00f3n educativa - ULL - Noticias","isPartOf":{"@id":"https:\/\/www.ull.es\/portal\/noticias\/#website"},"datePublished":"2020-11-13T11:36:34+00:00","dateModified":"2020-11-13T11:36:34+00:00","author":{"@id":"https:\/\/www.ull.es\/portal\/noticias\/#\/schema\/person\/b2b1a89d43ffa609e591f7df8ef3e817"},"breadcrumb":{"@id":"https:\/\/www.ull.es\/portal\/noticias\/2020\/la-universidad-de-la-laguna-y-reunid-indagan-en-nuevas-vias-para-otra-investigacion-educativa\/#breadcrumb"},"inLanguage":"es","potentialAction":[{"@type":"ReadAction","target":["https:\/\/www.ull.es\/portal\/noticias\/2020\/la-universidad-de-la-laguna-y-reunid-indagan-en-nuevas-vias-para-otra-investigacion-educativa\/"]}]},{"@type":"BreadcrumbList","@id":"https:\/\/www.ull.es\/portal\/noticias\/2020\/la-universidad-de-la-laguna-y-reunid-indagan-en-nuevas-vias-para-otra-investigacion-educativa\/#breadcrumb","itemListElement":[{"@type":"ListItem","position":1,"name":"Portada","item":"https:\/\/www.ull.es\/portal\/noticias\/"},{"@type":"ListItem","position":2,"name":"La Universidad de La Laguna y REUNI+D indagan en nuevas v\u00edas para otra investigaci\u00f3n educativa"}]},{"@type":"WebSite","@id":"https:\/\/www.ull.es\/portal\/noticias\/#website","url":"https:\/\/www.ull.es\/portal\/noticias\/","name":"ULL - Noticias","description":"","potentialAction":[{"@type":"SearchAction","target":{"@type":"EntryPoint","urlTemplate":"https:\/\/www.ull.es\/portal\/noticias\/?s={search_term_string}"},"query-input":"required name=search_term_string"}],"inLanguage":"es"},{"@type":"Person","@id":"https:\/\/www.ull.es\/portal\/noticias\/#\/schema\/person\/b2b1a89d43ffa609e591f7df8ef3e817","name":"gaprsa","image":{"@type":"ImageObject","inLanguage":"es","@id":"https:\/\/www.ull.es\/portal\/noticias\/#\/schema\/person\/image\/","url":"https:\/\/secure.gravatar.com\/avatar\/443820550921091458b4823867723b3d?s=96&d=mm&r=g","contentUrl":"https:\/\/secure.gravatar.com\/avatar\/443820550921091458b4823867723b3d?s=96&d=mm&r=g","caption":"gaprsa"},"url":"https:\/\/www.ull.es\/portal\/noticias\/author\/gaprsa\/"}]}},"primary_category":{"id":345,"name":"Destacado","slug":"destacado","link":"https:\/\/www.ull.es\/portal\/noticias\/category\/destacado\/"},"featured_image_thumbnail_url":"https:\/\/www.ull.es\/portal\/noticias\/wp-content\/uploads\/sites\/13\/2020\/11\/imagen-webinar-300x200.jpg","_links":{"self":[{"href":"https:\/\/www.ull.es\/portal\/noticias\/wp-json\/wp\/v2\/posts\/53225"}],"collection":[{"href":"https:\/\/www.ull.es\/portal\/noticias\/wp-json\/wp\/v2\/posts"}],"about":[{"href":"https:\/\/www.ull.es\/portal\/noticias\/wp-json\/wp\/v2\/types\/post"}],"author":[{"embeddable":true,"href":"https:\/\/www.ull.es\/portal\/noticias\/wp-json\/wp\/v2\/users\/23"}],"replies":[{"embeddable":true,"href":"https:\/\/www.ull.es\/portal\/noticias\/wp-json\/wp\/v2\/comments?post=53225"}],"version-history":[{"count":1,"href":"https:\/\/www.ull.es\/portal\/noticias\/wp-json\/wp\/v2\/posts\/53225\/revisions"}],"predecessor-version":[{"id":53227,"href":"https:\/\/www.ull.es\/portal\/noticias\/wp-json\/wp\/v2\/posts\/53225\/revisions\/53227"}],"wp:featuredmedia":[{"embeddable":true,"href":"https:\/\/www.ull.es\/portal\/noticias\/wp-json\/wp\/v2\/media\/53226"}],"wp:attachment":[{"href":"https:\/\/www.ull.es\/portal\/noticias\/wp-json\/wp\/v2\/media?parent=53225"}],"wp:term":[{"taxonomy":"category","embeddable":true,"href":"https:\/\/www.ull.es\/portal\/noticias\/wp-json\/wp\/v2\/categories?post=53225"},{"taxonomy":"post_tag","embeddable":true,"href":"https:\/\/www.ull.es\/portal\/noticias\/wp-json\/wp\/v2\/tags?post=53225"}],"curies":[{"name":"wp","href":"https:\/\/api.w.org\/{rel}","templated":true}]}}