{"id":53734,"date":"2020-12-14T11:25:42","date_gmt":"2020-12-14T11:25:42","guid":{"rendered":"https:\/\/www.ull.es\/portal\/noticias\/?p=53734"},"modified":"2020-12-14T11:25:42","modified_gmt":"2020-12-14T11:25:42","slug":"ull-y-el-gobierno-de-canarias-desarrollaran-un-estudio-de-patogenos-en-aves-migratorias-y-especies-exoticas","status":"publish","type":"post","link":"https:\/\/www.ull.es\/portal\/noticias\/2020\/ull-y-el-gobierno-de-canarias-desarrollaran-un-estudio-de-patogenos-en-aves-migratorias-y-especies-exoticas\/","title":{"rendered":"La ULL y el Gobierno de Canarias desarrollar\u00e1n un estudio de pat\u00f3genos en aves migratorias y especies ex\u00f3ticas"},"content":{"rendered":"<p>La Consejer\u00eda de Transici\u00f3n Ecol\u00f3gica, Lucha contra el Cambio Clim\u00e1tico y Planificaci\u00f3n Territorial del Gobierno de Canarias, y la Universidad de La Laguna, a trav\u00e9s del Instituto Universitario de Enfermedades Tropicales y Salud P\u00fablica de Canarias, han suscrito un convenio de colaboraci\u00f3n de cuatro a\u00f1os prorrogables para el estudio de pat\u00f3genos en aves migratorias y en especies ex\u00f3ticas en un escenario de cambio clim\u00e1tico. El Ejecutivo regional aportar\u00e1 la cantidad de 162.000 euros para el desarrollo del citado estudio.<\/p>\n<p>El acuerdo firmado por el responsable de la Consejer\u00eda,\u00a0Jos\u00e9 Antonio Valbuena, y el vicerrector de Investigaci\u00f3n, Transferencia, Campus Santa Cruz y Sur de la Universidad de La Laguna, Ernesto Pereda, tiene por objeto el estudio de bacterias, virus y par\u00e1sitos que se encuentran en las aves migratorias y en las especies ex\u00f3ticas presentes en Canarias, determinando as\u00ed el papel que tienen estos animales en nuestro archipi\u00e9lago en la introducci\u00f3n, dispersi\u00f3n, mantenimiento y posible transmisi\u00f3n de pat\u00f3genos que puedan afectar a la poblaci\u00f3n y a la biodiversidad de las Islas.<\/p>\n<p>El consejero Jos\u00e9 Antonio Valbuena resalt\u00f3 la importancia de este convenio para \u201ccomprender los cambios e implicaciones que directa o indirectamente puedan derivar del cambio clim\u00e1tico, algo esencial para nuestra supervivencia o, al menos, para la vida tal y como la conocemos hoy en d\u00eda\u201d y, al mismo tiempo, record\u00f3 que \u201clos desplazamientos peri\u00f3dicos de las aves migratorias las convierten en potenciales diseminadores de agentes pat\u00f3genos, algunos con impacto en la salud p\u00fablica\u201d.<\/p>\n<p>Adem\u00e1s, \u201cla creaci\u00f3n de redes centralizadas de vigilancia sanitaria de la fauna silvestre, especialmente para la avifauna, que permitan determinar con la mayor precisi\u00f3n posible la causa de mortalidad de los ejemplares silvestres encontrados en el medio natural es vital para determinar la presencia e incidencia de enfermedades infecciosas significativas para las poblaciones humanas y animales asociadas al cambio clim\u00e1tico y a la capacidad de los pat\u00f3genos a sobrevivir y persistir en nuevos entornos derivados de la modificaci\u00f3n de los cambios ambientales\u201d, subray\u00f3 el consejero.<\/p>\n<p>El estudio conllevar\u00e1 la realizaci\u00f3n de un seguimiento de las aves migratorias a las que se pueda tener acceso en relaci\u00f3n con estudios cient\u00edficos en curso, que puedan resultar accidentadas o que sean capturadas al amparo de las actuaciones previstas en el convenio. En este sentido, tambi\u00e9n se abarcar\u00e1n animales ex\u00f3ticos de origen dom\u00e9stico asilvestrados y especies animales ex\u00f3ticas en cautividad o en libertad.<\/p>\n<p>En virtud de este acuerdo, la Consejer\u00eda de Transici\u00f3n Ecol\u00f3gica, Lucha contra el Cambio Clim\u00e1tico y Planificaci\u00f3n Territorial, adem\u00e1s de financiar el mismo, facilitar\u00e1 el acceso a las muestras biol\u00f3gicas necesarias para el desarrollo del estudio, y remitir\u00e1 la informaci\u00f3n obtenida por la Red de Detecci\u00f3n e Intervenci\u00f3n de Especies de Ex\u00f3ticas Invasoras en Canarias (REDEXOS), a los efectos de que, si son detectados pat\u00f3genos que puedan afectar a la sanidad animal y humana, el Grupo de Trabajo de la Red pueda valorar y decidir acerca de la necesidad de llevar a cabo las correspondientes intervenciones.<\/p>\n<p>Entre las obligaciones del Instituto, se encuentran la de promover la integraci\u00f3n de Canarias dentro de las redes europeas e internacionales de vigilancia sanitaria de fauna silvestre, y en particular la European Network for Wildlife Health Surveillance; abarcar el conjunto de las islas en el \u00e1mbito del trabajo, colaborando con los centros de recuperaci\u00f3n de fauna y similares, fundaciones y centros de investigaci\u00f3n, y en particular, con aquellos vinculados a la Red Canaria de Vigilancia Sanitaria de la Fauna Silvestre; elaborar documentaci\u00f3n cient\u00edfico\/t\u00e9cnica en la que se describa la metodolog\u00eda seguida y resultados obtenidos; as\u00ed como disponer de investigadores especializados y con la experiencia suficiente para el estudio de pat\u00f3genos de inter\u00e9s para la salud p\u00fablica y veterinaria para la fauna en Canarias.<\/p>\n<p>Nota de prensa y fotograf\u00eda cedidas.<\/p>\n","protected":false},"excerpt":{"rendered":"<p>La Consejer\u00eda de Transici\u00f3n Ecol\u00f3gica, Lucha contra el Cambio Clim\u00e1tico y Planificaci\u00f3n Territorial del Gobierno de Canarias, y la Universidad&#8230;<\/p>\n","protected":false},"author":67,"featured_media":53736,"comment_status":"closed","ping_status":"closed","sticky":false,"template":"","format":"standard","meta":{"inline_featured_image":false,"footnotes":""},"categories":[345,350,2765],"tags":[],"acf":[],"yoast_head":"<!-- This site is optimized with the Yoast SEO plugin v21.3 - https:\/\/yoast.com\/wordpress\/plugins\/seo\/ -->\n<title>La ULL y el Gobierno de Canarias desarrollar\u00e1n un estudio de pat\u00f3genos en aves migratorias y especies ex\u00f3ticas - ULL - Noticias<\/title>\n<meta name=\"description\" content=\"El Gobierno de Canarias, y la Universidad de La Laguna han suscrito un convenio de colaboraci\u00f3n de cuatro a\u00f1os prorrogables para el estudio de pat\u00f3genos en aves migratorias y en especies ex\u00f3ticas en un escenario de cambio clim\u00e1tico.\" \/>\n<meta name=\"robots\" content=\"index, follow, max-snippet:-1, max-image-preview:large, max-video-preview:-1\" \/>\n<link rel=\"canonical\" href=\"https:\/\/www.ull.es\/portal\/noticias\/2020\/ull-y-el-gobierno-de-canarias-desarrollaran-un-estudio-de-patogenos-en-aves-migratorias-y-especies-exoticas\/\" \/>\n<meta property=\"og:locale\" content=\"es_ES\" \/>\n<meta property=\"og:type\" content=\"article\" \/>\n<meta property=\"og:title\" content=\"La ULL y el Gobierno de Canarias desarrollar\u00e1n un estudio de pat\u00f3genos en aves migratorias y especies ex\u00f3ticas - ULL - Noticias\" \/>\n<meta property=\"og:description\" content=\"El Gobierno de Canarias, y la Universidad de La Laguna han suscrito un convenio de colaboraci\u00f3n de cuatro a\u00f1os prorrogables para el estudio de pat\u00f3genos en aves migratorias y en especies ex\u00f3ticas en un escenario de cambio clim\u00e1tico.\" \/>\n<meta property=\"og:url\" content=\"https:\/\/www.ull.es\/portal\/noticias\/2020\/ull-y-el-gobierno-de-canarias-desarrollaran-un-estudio-de-patogenos-en-aves-migratorias-y-especies-exoticas\/\" \/>\n<meta property=\"og:site_name\" content=\"ULL - Noticias\" \/>\n<meta property=\"article:publisher\" content=\"https:\/\/www.facebook.com\/universidaddelalaguna\/\" \/>\n<meta property=\"article:published_time\" content=\"2020-12-14T11:25:42+00:00\" \/>\n<meta property=\"og:image\" content=\"https:\/\/www.ull.es\/portal\/noticias\/wp-content\/uploads\/sites\/13\/2020\/12\/foto-convenio-ull-gob.jpg\" \/>\n\t<meta property=\"og:image:width\" content=\"1200\" \/>\n\t<meta property=\"og:image:height\" content=\"800\" \/>\n\t<meta property=\"og:image:type\" content=\"image\/jpeg\" \/>\n<meta name=\"author\" content=\"gcom5\" \/>\n<meta name=\"twitter:card\" content=\"summary_large_image\" \/>\n<meta name=\"twitter:creator\" content=\"@CanalULL\" \/>\n<meta name=\"twitter:site\" content=\"@CanalULL\" \/>\n<meta name=\"twitter:label1\" content=\"Escrito por\" \/>\n\t<meta name=\"twitter:data1\" content=\"gcom5\" \/>\n\t<meta name=\"twitter:label2\" content=\"Tiempo de lectura\" \/>\n\t<meta name=\"twitter:data2\" content=\"3 minutos\" \/>\n<script type=\"application\/ld+json\" class=\"yoast-schema-graph\">{\"@context\":\"https:\/\/schema.org\",\"@graph\":[{\"@type\":\"WebPage\",\"@id\":\"https:\/\/www.ull.es\/portal\/noticias\/2020\/ull-y-el-gobierno-de-canarias-desarrollaran-un-estudio-de-patogenos-en-aves-migratorias-y-especies-exoticas\/\",\"url\":\"https:\/\/www.ull.es\/portal\/noticias\/2020\/ull-y-el-gobierno-de-canarias-desarrollaran-un-estudio-de-patogenos-en-aves-migratorias-y-especies-exoticas\/\",\"name\":\"La ULL y el Gobierno de Canarias desarrollar\u00e1n un estudio de pat\u00f3genos en aves migratorias y especies ex\u00f3ticas - ULL - Noticias\",\"isPartOf\":{\"@id\":\"https:\/\/www.ull.es\/portal\/noticias\/#website\"},\"datePublished\":\"2020-12-14T11:25:42+00:00\",\"dateModified\":\"2020-12-14T11:25:42+00:00\",\"author\":{\"@id\":\"https:\/\/www.ull.es\/portal\/noticias\/#\/schema\/person\/8027c6c4687adc2c90dc1532715d34df\"},\"description\":\"El Gobierno de Canarias, y la Universidad de La Laguna han suscrito un convenio de colaboraci\u00f3n de cuatro a\u00f1os prorrogables para el estudio de pat\u00f3genos en aves migratorias y en especies ex\u00f3ticas en un escenario de cambio clim\u00e1tico.\",\"breadcrumb\":{\"@id\":\"https:\/\/www.ull.es\/portal\/noticias\/2020\/ull-y-el-gobierno-de-canarias-desarrollaran-un-estudio-de-patogenos-en-aves-migratorias-y-especies-exoticas\/#breadcrumb\"},\"inLanguage\":\"es\",\"potentialAction\":[{\"@type\":\"ReadAction\",\"target\":[\"https:\/\/www.ull.es\/portal\/noticias\/2020\/ull-y-el-gobierno-de-canarias-desarrollaran-un-estudio-de-patogenos-en-aves-migratorias-y-especies-exoticas\/\"]}]},{\"@type\":\"BreadcrumbList\",\"@id\":\"https:\/\/www.ull.es\/portal\/noticias\/2020\/ull-y-el-gobierno-de-canarias-desarrollaran-un-estudio-de-patogenos-en-aves-migratorias-y-especies-exoticas\/#breadcrumb\",\"itemListElement\":[{\"@type\":\"ListItem\",\"position\":1,\"name\":\"Portada\",\"item\":\"https:\/\/www.ull.es\/portal\/noticias\/\"},{\"@type\":\"ListItem\",\"position\":2,\"name\":\"La ULL y el Gobierno de Canarias desarrollar\u00e1n un estudio de pat\u00f3genos en aves migratorias y especies ex\u00f3ticas\"}]},{\"@type\":\"WebSite\",\"@id\":\"https:\/\/www.ull.es\/portal\/noticias\/#website\",\"url\":\"https:\/\/www.ull.es\/portal\/noticias\/\",\"name\":\"ULL - Noticias\",\"description\":\"\",\"potentialAction\":[{\"@type\":\"SearchAction\",\"target\":{\"@type\":\"EntryPoint\",\"urlTemplate\":\"https:\/\/www.ull.es\/portal\/noticias\/?s={search_term_string}\"},\"query-input\":\"required name=search_term_string\"}],\"inLanguage\":\"es\"},{\"@type\":\"Person\",\"@id\":\"https:\/\/www.ull.es\/portal\/noticias\/#\/schema\/person\/8027c6c4687adc2c90dc1532715d34df\",\"name\":\"gcom5\",\"image\":{\"@type\":\"ImageObject\",\"inLanguage\":\"es\",\"@id\":\"https:\/\/www.ull.es\/portal\/noticias\/#\/schema\/person\/image\/\",\"url\":\"https:\/\/secure.gravatar.com\/avatar\/8b3777f8048001fa57b88338ce5605b9?s=96&d=mm&r=g\",\"contentUrl\":\"https:\/\/secure.gravatar.com\/avatar\/8b3777f8048001fa57b88338ce5605b9?s=96&d=mm&r=g\",\"caption\":\"gcom5\"},\"url\":\"https:\/\/www.ull.es\/portal\/noticias\/author\/gcom5\/\"}]}<\/script>\n<!-- \/ Yoast SEO plugin. -->","yoast_head_json":{"title":"La ULL y el Gobierno de Canarias desarrollar\u00e1n un estudio de pat\u00f3genos en aves migratorias y especies ex\u00f3ticas - ULL - Noticias","description":"El Gobierno de Canarias, y la Universidad de La Laguna han suscrito un convenio de colaboraci\u00f3n de cuatro a\u00f1os prorrogables para el estudio de pat\u00f3genos en aves migratorias y en especies ex\u00f3ticas en un escenario de cambio clim\u00e1tico.","robots":{"index":"index","follow":"follow","max-snippet":"max-snippet:-1","max-image-preview":"max-image-preview:large","max-video-preview":"max-video-preview:-1"},"canonical":"https:\/\/www.ull.es\/portal\/noticias\/2020\/ull-y-el-gobierno-de-canarias-desarrollaran-un-estudio-de-patogenos-en-aves-migratorias-y-especies-exoticas\/","og_locale":"es_ES","og_type":"article","og_title":"La ULL y el Gobierno de Canarias desarrollar\u00e1n un estudio de pat\u00f3genos en aves migratorias y especies ex\u00f3ticas - ULL - Noticias","og_description":"El Gobierno de Canarias, y la Universidad de La Laguna han suscrito un convenio de colaboraci\u00f3n de cuatro a\u00f1os prorrogables para el estudio de pat\u00f3genos en aves migratorias y en especies ex\u00f3ticas en un escenario de cambio clim\u00e1tico.","og_url":"https:\/\/www.ull.es\/portal\/noticias\/2020\/ull-y-el-gobierno-de-canarias-desarrollaran-un-estudio-de-patogenos-en-aves-migratorias-y-especies-exoticas\/","og_site_name":"ULL - Noticias","article_publisher":"https:\/\/www.facebook.com\/universidaddelalaguna\/","article_published_time":"2020-12-14T11:25:42+00:00","og_image":[{"width":1200,"height":800,"url":"https:\/\/www.ull.es\/portal\/noticias\/wp-content\/uploads\/sites\/13\/2020\/12\/foto-convenio-ull-gob.jpg","type":"image\/jpeg"}],"author":"gcom5","twitter_card":"summary_large_image","twitter_creator":"@CanalULL","twitter_site":"@CanalULL","twitter_misc":{"Escrito por":"gcom5","Tiempo de lectura":"3 minutos"},"schema":{"@context":"https:\/\/schema.org","@graph":[{"@type":"WebPage","@id":"https:\/\/www.ull.es\/portal\/noticias\/2020\/ull-y-el-gobierno-de-canarias-desarrollaran-un-estudio-de-patogenos-en-aves-migratorias-y-especies-exoticas\/","url":"https:\/\/www.ull.es\/portal\/noticias\/2020\/ull-y-el-gobierno-de-canarias-desarrollaran-un-estudio-de-patogenos-en-aves-migratorias-y-especies-exoticas\/","name":"La ULL y el Gobierno de Canarias desarrollar\u00e1n un estudio de pat\u00f3genos en aves migratorias y especies ex\u00f3ticas - ULL - Noticias","isPartOf":{"@id":"https:\/\/www.ull.es\/portal\/noticias\/#website"},"datePublished":"2020-12-14T11:25:42+00:00","dateModified":"2020-12-14T11:25:42+00:00","author":{"@id":"https:\/\/www.ull.es\/portal\/noticias\/#\/schema\/person\/8027c6c4687adc2c90dc1532715d34df"},"description":"El Gobierno de Canarias, y la Universidad de La Laguna han suscrito un convenio de colaboraci\u00f3n de cuatro a\u00f1os prorrogables para el estudio de pat\u00f3genos en aves migratorias y en especies ex\u00f3ticas en un escenario de cambio clim\u00e1tico.","breadcrumb":{"@id":"https:\/\/www.ull.es\/portal\/noticias\/2020\/ull-y-el-gobierno-de-canarias-desarrollaran-un-estudio-de-patogenos-en-aves-migratorias-y-especies-exoticas\/#breadcrumb"},"inLanguage":"es","potentialAction":[{"@type":"ReadAction","target":["https:\/\/www.ull.es\/portal\/noticias\/2020\/ull-y-el-gobierno-de-canarias-desarrollaran-un-estudio-de-patogenos-en-aves-migratorias-y-especies-exoticas\/"]}]},{"@type":"BreadcrumbList","@id":"https:\/\/www.ull.es\/portal\/noticias\/2020\/ull-y-el-gobierno-de-canarias-desarrollaran-un-estudio-de-patogenos-en-aves-migratorias-y-especies-exoticas\/#breadcrumb","itemListElement":[{"@type":"ListItem","position":1,"name":"Portada","item":"https:\/\/www.ull.es\/portal\/noticias\/"},{"@type":"ListItem","position":2,"name":"La ULL y el Gobierno de Canarias desarrollar\u00e1n un estudio de pat\u00f3genos en aves migratorias y especies ex\u00f3ticas"}]},{"@type":"WebSite","@id":"https:\/\/www.ull.es\/portal\/noticias\/#website","url":"https:\/\/www.ull.es\/portal\/noticias\/","name":"ULL - Noticias","description":"","potentialAction":[{"@type":"SearchAction","target":{"@type":"EntryPoint","urlTemplate":"https:\/\/www.ull.es\/portal\/noticias\/?s={search_term_string}"},"query-input":"required name=search_term_string"}],"inLanguage":"es"},{"@type":"Person","@id":"https:\/\/www.ull.es\/portal\/noticias\/#\/schema\/person\/8027c6c4687adc2c90dc1532715d34df","name":"gcom5","image":{"@type":"ImageObject","inLanguage":"es","@id":"https:\/\/www.ull.es\/portal\/noticias\/#\/schema\/person\/image\/","url":"https:\/\/secure.gravatar.com\/avatar\/8b3777f8048001fa57b88338ce5605b9?s=96&d=mm&r=g","contentUrl":"https:\/\/secure.gravatar.com\/avatar\/8b3777f8048001fa57b88338ce5605b9?s=96&d=mm&r=g","caption":"gcom5"},"url":"https:\/\/www.ull.es\/portal\/noticias\/author\/gcom5\/"}]}},"primary_category":{"id":345,"name":"Destacado","slug":"destacado","link":"https:\/\/www.ull.es\/portal\/noticias\/category\/destacado\/"},"featured_image_thumbnail_url":"https:\/\/www.ull.es\/portal\/noticias\/wp-content\/uploads\/sites\/13\/2020\/12\/foto-convenio-ull-gob-300x200.jpg","_links":{"self":[{"href":"https:\/\/www.ull.es\/portal\/noticias\/wp-json\/wp\/v2\/posts\/53734"}],"collection":[{"href":"https:\/\/www.ull.es\/portal\/noticias\/wp-json\/wp\/v2\/posts"}],"about":[{"href":"https:\/\/www.ull.es\/portal\/noticias\/wp-json\/wp\/v2\/types\/post"}],"author":[{"embeddable":true,"href":"https:\/\/www.ull.es\/portal\/noticias\/wp-json\/wp\/v2\/users\/67"}],"replies":[{"embeddable":true,"href":"https:\/\/www.ull.es\/portal\/noticias\/wp-json\/wp\/v2\/comments?post=53734"}],"version-history":[{"count":1,"href":"https:\/\/www.ull.es\/portal\/noticias\/wp-json\/wp\/v2\/posts\/53734\/revisions"}],"predecessor-version":[{"id":53735,"href":"https:\/\/www.ull.es\/portal\/noticias\/wp-json\/wp\/v2\/posts\/53734\/revisions\/53735"}],"wp:featuredmedia":[{"embeddable":true,"href":"https:\/\/www.ull.es\/portal\/noticias\/wp-json\/wp\/v2\/media\/53736"}],"wp:attachment":[{"href":"https:\/\/www.ull.es\/portal\/noticias\/wp-json\/wp\/v2\/media?parent=53734"}],"wp:term":[{"taxonomy":"category","embeddable":true,"href":"https:\/\/www.ull.es\/portal\/noticias\/wp-json\/wp\/v2\/categories?post=53734"},{"taxonomy":"post_tag","embeddable":true,"href":"https:\/\/www.ull.es\/portal\/noticias\/wp-json\/wp\/v2\/tags?post=53734"}],"curies":[{"name":"wp","href":"https:\/\/api.w.org\/{rel}","templated":true}]}}