{"id":53957,"date":"2020-12-29T09:22:16","date_gmt":"2020-12-29T09:22:16","guid":{"rendered":"https:\/\/www.ull.es\/portal\/noticias\/?p=53957"},"modified":"2020-12-29T09:22:16","modified_gmt":"2020-12-29T09:22:16","slug":"conocimiento-da-continuidad-a-la-formacion-investigadora-con-la-convocatoria-catalina-ruiz","status":"publish","type":"post","link":"https:\/\/www.ull.es\/portal\/noticias\/2020\/conocimiento-da-continuidad-a-la-formacion-investigadora-con-la-convocatoria-catalina-ruiz\/","title":{"rendered":"Conocimiento da continuidad a la formaci\u00f3n investigadora con la Convocatoria Catalina Ruiz"},"content":{"rendered":"<p>La Consejer\u00eda de Econom\u00eda, Conocimiento y Empleo, que dirige Elena M\u00e1\u00f1ez, a trav\u00e9s de la Agencia Canaria de Investigaci\u00f3n, Innovaci\u00f3n y Sociedad de la Informaci\u00f3n, publica la convocatoria de ayudas del programa posdoctoral de formaci\u00f3n del personal investigador Catalina Ruiz, cofinanciadas con el Fondo Social Europeo con una dotaci\u00f3n econ\u00f3mica de m\u00e1s de 1 mill\u00f3n de euros con el fin de retener, recuperar y atraer talento para la investigaci\u00f3n de Excelencia en I+D+i.<\/p>\n<p>El programa posdoctoral Catalina Ruiz fomenta la movilidad de personas investigadoras doctoras en sus actividades de investigaci\u00f3n en universidades o centros de I+D de excelencia internacional, para la adquisici\u00f3n de nuevos conocimientos, y su posterior incorporaci\u00f3n a las universidades p\u00fablicas de Canarias.<\/p>\n<p>En concreto, las ayudas ir\u00e1n destinadas a la formalizaci\u00f3n de un contrato laboral dirigido al personal investigador que ha terminado su doctorado recientemente y la entidad beneficiaria, durante tres anualidades, a contar desde la fecha de firma del contrato. Los dos primeros a\u00f1os realizar\u00e1n una estancia posdoctoral en un centro de I+D de excelencia internacional. Una vez finalizado este periodo, se incorporar\u00e1n durante un a\u00f1o al centro investigador del Archipi\u00e9lago canario.<\/p>\n<p>Los contratos se distribuir\u00e1n entre las cinco grandes ramas del conocimiento, correspondiendo inicialmente dos contratos a cada una, dentro de las \u00e1reas establecidas por la Comisi\u00f3n Nacional Evaluadora de la Actividad Investigadora (CNEAI) que son Ciencias, Ciencias de la Salud, Ingenier\u00eda y Arquitectura, Ciencias Sociales y Jur\u00eddicas; Arte y Humanidades.<\/p>\n<p>El plazo de presentaci\u00f3n de solicitudes es de quince d\u00edas h\u00e1biles a contar desde el d\u00eda siguiente a la publicaci\u00f3n del extracto de la convocatoria en el Bolet\u00edn Oficial de Canarias y se realizar\u00e1 electr\u00f3nicamente <a href=\"https:\/\/sede.gobcan.es\/aciisi\/procedimientos_servicios\/tramites\/6541\" target=\"_blank\" rel=\"noopener noreferrer\" target=\"_blank\" rel=\"noopener\">en el siguiente enlace<\/a>.<\/p>\n<p>El programa \u2018Catalina Ruiz\u2019 recibe el nombre de una figura que ha sido referente en el \u00e1mbito cient\u00edfico internacional, y un ejemplo a seguir por las mujeres investigadoras y por su constancia para lograr una Canarias comprometida con la igualdad, en el desarrollo de su carrera como catedr\u00e1tica de F\u00edsica Aplicada de la Universidad de La Laguna (ULL) y Premio Canarias de Investigaci\u00f3n e Innovaci\u00f3n 2017.<\/p>\n<p><a href=\"http:\/\/www.gobiernodecanarias.org\/boc\/2020\/267\/031.html\" target=\"_blank\" rel=\"noopener\">Convocatoria Programa Posdoctoral Catalina Ru\u00edz<\/a><\/p>\n<p>Nota de prensa y imagen cedidas.<\/p>\n","protected":false},"excerpt":{"rendered":"<p>La Consejer\u00eda de Econom\u00eda, Conocimiento y Empleo, que dirige Elena M\u00e1\u00f1ez, a trav\u00e9s de la Agencia Canaria de Investigaci\u00f3n, Innovaci\u00f3n&#8230;<\/p>\n","protected":false},"author":67,"featured_media":53958,"comment_status":"closed","ping_status":"closed","sticky":false,"template":"","format":"standard","meta":{"inline_featured_image":false,"footnotes":""},"categories":[345,350,2765],"tags":[],"acf":[],"yoast_head":"<!-- This site is optimized with the Yoast SEO plugin v21.3 - https:\/\/yoast.com\/wordpress\/plugins\/seo\/ -->\n<title>Conocimiento da continuidad a la formaci\u00f3n investigadora con la Convocatoria Catalina Ruiz - ULL - Noticias<\/title>\n<meta name=\"description\" content=\"La Consejer\u00eda de Econom\u00eda, Conocimiento y Empleo, que dirige Elena M\u00e1\u00f1ez, a trav\u00e9s de la Agencia Canaria de Investigaci\u00f3n, Innovaci\u00f3n y Sociedad de la Informaci\u00f3n, publica la convocatoria de ayudas del programa posdoctoral de formaci\u00f3n del personal investigador Catalina Ruiz.\" \/>\n<meta name=\"robots\" content=\"index, follow, max-snippet:-1, max-image-preview:large, max-video-preview:-1\" \/>\n<link rel=\"canonical\" href=\"https:\/\/www.ull.es\/portal\/noticias\/2020\/conocimiento-da-continuidad-a-la-formacion-investigadora-con-la-convocatoria-catalina-ruiz\/\" \/>\n<meta property=\"og:locale\" content=\"es_ES\" \/>\n<meta property=\"og:type\" content=\"article\" \/>\n<meta property=\"og:title\" content=\"Conocimiento da continuidad a la formaci\u00f3n investigadora con la Convocatoria Catalina Ruiz - ULL - Noticias\" \/>\n<meta property=\"og:description\" content=\"La Consejer\u00eda de Econom\u00eda, Conocimiento y Empleo, que dirige Elena M\u00e1\u00f1ez, a trav\u00e9s de la Agencia Canaria de Investigaci\u00f3n, Innovaci\u00f3n y Sociedad de la Informaci\u00f3n, publica la convocatoria de ayudas del programa posdoctoral de formaci\u00f3n del personal investigador Catalina Ruiz.\" \/>\n<meta property=\"og:url\" content=\"https:\/\/www.ull.es\/portal\/noticias\/2020\/conocimiento-da-continuidad-a-la-formacion-investigadora-con-la-convocatoria-catalina-ruiz\/\" \/>\n<meta property=\"og:site_name\" content=\"ULL - Noticias\" \/>\n<meta property=\"article:publisher\" content=\"https:\/\/www.facebook.com\/universidaddelalaguna\/\" \/>\n<meta property=\"article:published_time\" content=\"2020-12-29T09:22:16+00:00\" \/>\n<meta property=\"og:image\" content=\"https:\/\/www.ull.es\/portal\/noticias\/wp-content\/uploads\/sites\/13\/2020\/12\/postdoctoral.jpg\" \/>\n\t<meta property=\"og:image:width\" content=\"1200\" \/>\n\t<meta property=\"og:image:height\" content=\"800\" \/>\n\t<meta property=\"og:image:type\" content=\"image\/jpeg\" \/>\n<meta name=\"author\" content=\"gcom5\" \/>\n<meta name=\"twitter:card\" content=\"summary_large_image\" \/>\n<meta name=\"twitter:creator\" content=\"@CanalULL\" \/>\n<meta name=\"twitter:site\" content=\"@CanalULL\" \/>\n<meta name=\"twitter:label1\" content=\"Escrito por\" \/>\n\t<meta name=\"twitter:data1\" content=\"gcom5\" \/>\n\t<meta name=\"twitter:label2\" content=\"Tiempo de lectura\" \/>\n\t<meta name=\"twitter:data2\" content=\"2 minutos\" \/>\n<script type=\"application\/ld+json\" class=\"yoast-schema-graph\">{\"@context\":\"https:\/\/schema.org\",\"@graph\":[{\"@type\":\"WebPage\",\"@id\":\"https:\/\/www.ull.es\/portal\/noticias\/2020\/conocimiento-da-continuidad-a-la-formacion-investigadora-con-la-convocatoria-catalina-ruiz\/\",\"url\":\"https:\/\/www.ull.es\/portal\/noticias\/2020\/conocimiento-da-continuidad-a-la-formacion-investigadora-con-la-convocatoria-catalina-ruiz\/\",\"name\":\"Conocimiento da continuidad a la formaci\u00f3n investigadora con la Convocatoria Catalina Ruiz - ULL - Noticias\",\"isPartOf\":{\"@id\":\"https:\/\/www.ull.es\/portal\/noticias\/#website\"},\"datePublished\":\"2020-12-29T09:22:16+00:00\",\"dateModified\":\"2020-12-29T09:22:16+00:00\",\"author\":{\"@id\":\"https:\/\/www.ull.es\/portal\/noticias\/#\/schema\/person\/8027c6c4687adc2c90dc1532715d34df\"},\"description\":\"La Consejer\u00eda de Econom\u00eda, Conocimiento y Empleo, que dirige Elena M\u00e1\u00f1ez, a trav\u00e9s de la Agencia Canaria de Investigaci\u00f3n, Innovaci\u00f3n y Sociedad de la Informaci\u00f3n, publica la convocatoria de ayudas del programa posdoctoral de formaci\u00f3n del personal investigador Catalina Ruiz.\",\"breadcrumb\":{\"@id\":\"https:\/\/www.ull.es\/portal\/noticias\/2020\/conocimiento-da-continuidad-a-la-formacion-investigadora-con-la-convocatoria-catalina-ruiz\/#breadcrumb\"},\"inLanguage\":\"es\",\"potentialAction\":[{\"@type\":\"ReadAction\",\"target\":[\"https:\/\/www.ull.es\/portal\/noticias\/2020\/conocimiento-da-continuidad-a-la-formacion-investigadora-con-la-convocatoria-catalina-ruiz\/\"]}]},{\"@type\":\"BreadcrumbList\",\"@id\":\"https:\/\/www.ull.es\/portal\/noticias\/2020\/conocimiento-da-continuidad-a-la-formacion-investigadora-con-la-convocatoria-catalina-ruiz\/#breadcrumb\",\"itemListElement\":[{\"@type\":\"ListItem\",\"position\":1,\"name\":\"Portada\",\"item\":\"https:\/\/www.ull.es\/portal\/noticias\/\"},{\"@type\":\"ListItem\",\"position\":2,\"name\":\"Conocimiento da continuidad a la formaci\u00f3n investigadora con la Convocatoria Catalina Ruiz\"}]},{\"@type\":\"WebSite\",\"@id\":\"https:\/\/www.ull.es\/portal\/noticias\/#website\",\"url\":\"https:\/\/www.ull.es\/portal\/noticias\/\",\"name\":\"ULL - Noticias\",\"description\":\"\",\"potentialAction\":[{\"@type\":\"SearchAction\",\"target\":{\"@type\":\"EntryPoint\",\"urlTemplate\":\"https:\/\/www.ull.es\/portal\/noticias\/?s={search_term_string}\"},\"query-input\":\"required name=search_term_string\"}],\"inLanguage\":\"es\"},{\"@type\":\"Person\",\"@id\":\"https:\/\/www.ull.es\/portal\/noticias\/#\/schema\/person\/8027c6c4687adc2c90dc1532715d34df\",\"name\":\"gcom5\",\"image\":{\"@type\":\"ImageObject\",\"inLanguage\":\"es\",\"@id\":\"https:\/\/www.ull.es\/portal\/noticias\/#\/schema\/person\/image\/\",\"url\":\"https:\/\/secure.gravatar.com\/avatar\/8b3777f8048001fa57b88338ce5605b9?s=96&d=mm&r=g\",\"contentUrl\":\"https:\/\/secure.gravatar.com\/avatar\/8b3777f8048001fa57b88338ce5605b9?s=96&d=mm&r=g\",\"caption\":\"gcom5\"},\"url\":\"https:\/\/www.ull.es\/portal\/noticias\/author\/gcom5\/\"}]}<\/script>\n<!-- \/ Yoast SEO plugin. -->","yoast_head_json":{"title":"Conocimiento da continuidad a la formaci\u00f3n investigadora con la Convocatoria Catalina Ruiz - ULL - Noticias","description":"La Consejer\u00eda de Econom\u00eda, Conocimiento y Empleo, que dirige Elena M\u00e1\u00f1ez, a trav\u00e9s de la Agencia Canaria de Investigaci\u00f3n, Innovaci\u00f3n y Sociedad de la Informaci\u00f3n, publica la convocatoria de ayudas del programa posdoctoral de formaci\u00f3n del personal investigador Catalina Ruiz.","robots":{"index":"index","follow":"follow","max-snippet":"max-snippet:-1","max-image-preview":"max-image-preview:large","max-video-preview":"max-video-preview:-1"},"canonical":"https:\/\/www.ull.es\/portal\/noticias\/2020\/conocimiento-da-continuidad-a-la-formacion-investigadora-con-la-convocatoria-catalina-ruiz\/","og_locale":"es_ES","og_type":"article","og_title":"Conocimiento da continuidad a la formaci\u00f3n investigadora con la Convocatoria Catalina Ruiz - ULL - Noticias","og_description":"La Consejer\u00eda de Econom\u00eda, Conocimiento y Empleo, que dirige Elena M\u00e1\u00f1ez, a trav\u00e9s de la Agencia Canaria de Investigaci\u00f3n, Innovaci\u00f3n y Sociedad de la Informaci\u00f3n, publica la convocatoria de ayudas del programa posdoctoral de formaci\u00f3n del personal investigador Catalina Ruiz.","og_url":"https:\/\/www.ull.es\/portal\/noticias\/2020\/conocimiento-da-continuidad-a-la-formacion-investigadora-con-la-convocatoria-catalina-ruiz\/","og_site_name":"ULL - Noticias","article_publisher":"https:\/\/www.facebook.com\/universidaddelalaguna\/","article_published_time":"2020-12-29T09:22:16+00:00","og_image":[{"width":1200,"height":800,"url":"https:\/\/www.ull.es\/portal\/noticias\/wp-content\/uploads\/sites\/13\/2020\/12\/postdoctoral.jpg","type":"image\/jpeg"}],"author":"gcom5","twitter_card":"summary_large_image","twitter_creator":"@CanalULL","twitter_site":"@CanalULL","twitter_misc":{"Escrito por":"gcom5","Tiempo de lectura":"2 minutos"},"schema":{"@context":"https:\/\/schema.org","@graph":[{"@type":"WebPage","@id":"https:\/\/www.ull.es\/portal\/noticias\/2020\/conocimiento-da-continuidad-a-la-formacion-investigadora-con-la-convocatoria-catalina-ruiz\/","url":"https:\/\/www.ull.es\/portal\/noticias\/2020\/conocimiento-da-continuidad-a-la-formacion-investigadora-con-la-convocatoria-catalina-ruiz\/","name":"Conocimiento da continuidad a la formaci\u00f3n investigadora con la Convocatoria Catalina Ruiz - ULL - Noticias","isPartOf":{"@id":"https:\/\/www.ull.es\/portal\/noticias\/#website"},"datePublished":"2020-12-29T09:22:16+00:00","dateModified":"2020-12-29T09:22:16+00:00","author":{"@id":"https:\/\/www.ull.es\/portal\/noticias\/#\/schema\/person\/8027c6c4687adc2c90dc1532715d34df"},"description":"La Consejer\u00eda de Econom\u00eda, Conocimiento y Empleo, que dirige Elena M\u00e1\u00f1ez, a trav\u00e9s de la Agencia Canaria de Investigaci\u00f3n, Innovaci\u00f3n y Sociedad de la Informaci\u00f3n, publica la convocatoria de ayudas del programa posdoctoral de formaci\u00f3n del personal investigador Catalina Ruiz.","breadcrumb":{"@id":"https:\/\/www.ull.es\/portal\/noticias\/2020\/conocimiento-da-continuidad-a-la-formacion-investigadora-con-la-convocatoria-catalina-ruiz\/#breadcrumb"},"inLanguage":"es","potentialAction":[{"@type":"ReadAction","target":["https:\/\/www.ull.es\/portal\/noticias\/2020\/conocimiento-da-continuidad-a-la-formacion-investigadora-con-la-convocatoria-catalina-ruiz\/"]}]},{"@type":"BreadcrumbList","@id":"https:\/\/www.ull.es\/portal\/noticias\/2020\/conocimiento-da-continuidad-a-la-formacion-investigadora-con-la-convocatoria-catalina-ruiz\/#breadcrumb","itemListElement":[{"@type":"ListItem","position":1,"name":"Portada","item":"https:\/\/www.ull.es\/portal\/noticias\/"},{"@type":"ListItem","position":2,"name":"Conocimiento da continuidad a la formaci\u00f3n investigadora con la Convocatoria Catalina Ruiz"}]},{"@type":"WebSite","@id":"https:\/\/www.ull.es\/portal\/noticias\/#website","url":"https:\/\/www.ull.es\/portal\/noticias\/","name":"ULL - Noticias","description":"","potentialAction":[{"@type":"SearchAction","target":{"@type":"EntryPoint","urlTemplate":"https:\/\/www.ull.es\/portal\/noticias\/?s={search_term_string}"},"query-input":"required name=search_term_string"}],"inLanguage":"es"},{"@type":"Person","@id":"https:\/\/www.ull.es\/portal\/noticias\/#\/schema\/person\/8027c6c4687adc2c90dc1532715d34df","name":"gcom5","image":{"@type":"ImageObject","inLanguage":"es","@id":"https:\/\/www.ull.es\/portal\/noticias\/#\/schema\/person\/image\/","url":"https:\/\/secure.gravatar.com\/avatar\/8b3777f8048001fa57b88338ce5605b9?s=96&d=mm&r=g","contentUrl":"https:\/\/secure.gravatar.com\/avatar\/8b3777f8048001fa57b88338ce5605b9?s=96&d=mm&r=g","caption":"gcom5"},"url":"https:\/\/www.ull.es\/portal\/noticias\/author\/gcom5\/"}]}},"primary_category":{"id":345,"name":"Destacado","slug":"destacado","link":"https:\/\/www.ull.es\/portal\/noticias\/category\/destacado\/"},"featured_image_thumbnail_url":"https:\/\/www.ull.es\/portal\/noticias\/wp-content\/uploads\/sites\/13\/2020\/12\/postdoctoral-300x200.jpg","_links":{"self":[{"href":"https:\/\/www.ull.es\/portal\/noticias\/wp-json\/wp\/v2\/posts\/53957"}],"collection":[{"href":"https:\/\/www.ull.es\/portal\/noticias\/wp-json\/wp\/v2\/posts"}],"about":[{"href":"https:\/\/www.ull.es\/portal\/noticias\/wp-json\/wp\/v2\/types\/post"}],"author":[{"embeddable":true,"href":"https:\/\/www.ull.es\/portal\/noticias\/wp-json\/wp\/v2\/users\/67"}],"replies":[{"embeddable":true,"href":"https:\/\/www.ull.es\/portal\/noticias\/wp-json\/wp\/v2\/comments?post=53957"}],"version-history":[{"count":1,"href":"https:\/\/www.ull.es\/portal\/noticias\/wp-json\/wp\/v2\/posts\/53957\/revisions"}],"predecessor-version":[{"id":53959,"href":"https:\/\/www.ull.es\/portal\/noticias\/wp-json\/wp\/v2\/posts\/53957\/revisions\/53959"}],"wp:featuredmedia":[{"embeddable":true,"href":"https:\/\/www.ull.es\/portal\/noticias\/wp-json\/wp\/v2\/media\/53958"}],"wp:attachment":[{"href":"https:\/\/www.ull.es\/portal\/noticias\/wp-json\/wp\/v2\/media?parent=53957"}],"wp:term":[{"taxonomy":"category","embeddable":true,"href":"https:\/\/www.ull.es\/portal\/noticias\/wp-json\/wp\/v2\/categories?post=53957"},{"taxonomy":"post_tag","embeddable":true,"href":"https:\/\/www.ull.es\/portal\/noticias\/wp-json\/wp\/v2\/tags?post=53957"}],"curies":[{"name":"wp","href":"https:\/\/api.w.org\/{rel}","templated":true}]}}