{"id":54084,"date":"2021-01-14T10:57:30","date_gmt":"2021-01-14T10:57:30","guid":{"rendered":"https:\/\/www.ull.es\/portal\/noticias\/?p=54084"},"modified":"2021-01-15T08:44:56","modified_gmt":"2021-01-15T08:44:56","slug":"la-ull-participa-en-una-accion-formativa-sobre-el-fondo-europeo-next-generation","status":"publish","type":"post","link":"https:\/\/www.ull.es\/portal\/noticias\/2021\/la-ull-participa-en-una-accion-formativa-sobre-el-fondo-europeo-next-generation\/","title":{"rendered":"La ULL participa en una acci\u00f3n formativa sobre el Fondo Europeo Next Generation"},"content":{"rendered":"<p>El Consejo Canario del Movimiento Europeo, el Gobierno de Canarias, las dos universidades regionales y Atlantic Euroconsulting han organizado un programa formativo sobre los proyectos que se pueden presentar en el Fondo Europeo Next Generation y su relaci\u00f3n con otros fondos europeos, cuyo p\u00fablico objetivo es la Administraci\u00f3n P\u00fabica, la empresa privada y el tercer sector de Canarias.<\/p>\n<p>El programa formativo se desarrollar\u00e1 de manera virtual los d\u00edas 20 y 21 de enero, en horario de 16.30 a 19.45 horas y en \u00e9l se tratar\u00e1n cuatro bloques tem\u00e1ticos: el Plan de recuperaci\u00f3n; Plan de recuperaci\u00f3n, aspectos t\u00e9cnicos del plan estatal para entidades locales; Plan de recuperaci\u00f3n, an\u00e1lisis sectorial, proyectos tractor; y Plan de recuperaci\u00f3n, proyectos canarios, Gobierno de Canarias. Ser\u00e1 impartido por especialistas en fondos europeos y est\u00e1 dirigido a la Administraci\u00f3n P\u00fablica, empresas privadas, empresas p\u00fablicas y empresas del tercer sector. La inscripci\u00f3n puede realizarse <a href=\"https:\/\/docs.google.com\/forms\/d\/e\/1FAIpQLSee96f6LUz4qj_oSZLtiHQ32UlfvN-PA_Bbeqq6amr9k2DLaQ\/viewform\" target=\"_blank\" rel=\"noopener\">AQU\u00cd<\/a>, con plazas limitadas.<\/p>\n<p>Tras la aprobaci\u00f3n del Fondo Europeo y del Real Decreto Ley 36\/2020 por el que se aprueban medidas urgentes para la modernizaci\u00f3n de la administraci\u00f3n p\u00fablica y para la ejecuci\u00f3n del Plan de Recuperaci\u00f3n, Transformaci\u00f3n y Resiliencia, son varios los aspectos que deben tratarse. La configuraci\u00f3n general del Fondo en el marco del periodo Financiero 2021-27, as\u00ed como los tipos de proyectos que pueden presentar las entidades locales, empresas o tercer sector desde Canarias con su especial estatuto RUP, constituyen algunos.<\/p>\n<p>Para ello, Finnova y Consulta Europa, dos consultoras expertas en gesti\u00f3n de fondos europeos en y para Canarias, y Jos\u00e9 Manuel Mart\u00ednez Fern\u00e1ndez, experto en gesti\u00f3n contractual de fondos europeos en entidades locales, impartir\u00e1n los cuatro m\u00f3dulos de una formaci\u00f3n eminentemente pr\u00e1ctica con el objeto de facilitar el planteamiento de proyectos a las entidades canarias interesadas.<\/p>\n<p>El Centro de Documentaci\u00f3n Europea de la Universidad de La Laguna es la entidad de este centro docente a cargo de la participaci\u00f3n en esta iniciativa para explicar el citado plan, un instrumento temporal concebido para impulsar la recuperaci\u00f3n, tras el acuerdo alcanzado por los dirigentes de la Uni\u00f3n Europea en julio de 2020. El destino de los fondos ser\u00e1 principalmente el mecanismo europeo de recuperaci\u00f3n y resiliencia, cuyo objetivo es mitigar el impacto econ\u00f3mico y social de la pandemia y hacer que las econom\u00edas y sociedades europeas sean m\u00e1s sostenibles y resilientes y est\u00e9n mejor preparadas para los retos y las oportunidades de las transiciones ecol\u00f3gica y digital.<\/p>\n","protected":false},"excerpt":{"rendered":"<p>El Consejo Canario del Movimiento Europeo, el Gobierno de Canarias, las dos universidades regionales y Atlantic Euroconsulting han organizado un&#8230;<\/p>\n","protected":false},"author":23,"featured_media":54085,"comment_status":"closed","ping_status":"closed","sticky":false,"template":"","format":"standard","meta":{"inline_featured_image":false,"footnotes":""},"categories":[3773,345,348,349,2765],"tags":[792,7003,7002],"acf":[],"yoast_head":"<!-- This site is optimized with the Yoast SEO plugin v21.3 - https:\/\/yoast.com\/wordpress\/plugins\/seo\/ -->\n<title>La ULL participa en una acci\u00f3n formativa sobre el Fondo Europeo Next Generation - ULL - Noticias<\/title>\n<meta name=\"robots\" content=\"index, follow, max-snippet:-1, max-image-preview:large, max-video-preview:-1\" \/>\n<link rel=\"canonical\" href=\"https:\/\/www.ull.es\/portal\/noticias\/2021\/la-ull-participa-en-una-accion-formativa-sobre-el-fondo-europeo-next-generation\/\" \/>\n<meta property=\"og:locale\" content=\"es_ES\" \/>\n<meta property=\"og:type\" content=\"article\" \/>\n<meta property=\"og:title\" content=\"La ULL participa en una acci\u00f3n formativa sobre el Fondo Europeo Next Generation - ULL - Noticias\" \/>\n<meta property=\"og:description\" content=\"El Consejo Canario del Movimiento Europeo, el Gobierno de Canarias, las dos universidades regionales y Atlantic Euroconsulting han organizado un...\" \/>\n<meta property=\"og:url\" content=\"https:\/\/www.ull.es\/portal\/noticias\/2021\/la-ull-participa-en-una-accion-formativa-sobre-el-fondo-europeo-next-generation\/\" \/>\n<meta property=\"og:site_name\" content=\"ULL - Noticias\" \/>\n<meta property=\"article:publisher\" content=\"https:\/\/www.facebook.com\/universidaddelalaguna\/\" \/>\n<meta property=\"article:published_time\" content=\"2021-01-14T10:57:30+00:00\" \/>\n<meta property=\"article:modified_time\" content=\"2021-01-15T08:44:56+00:00\" \/>\n<meta property=\"og:image\" content=\"https:\/\/www.ull.es\/portal\/noticias\/wp-content\/uploads\/sites\/13\/2021\/01\/NextGen-700x350-1.png\" \/>\n\t<meta property=\"og:image:width\" content=\"700\" \/>\n\t<meta property=\"og:image:height\" content=\"350\" \/>\n\t<meta property=\"og:image:type\" content=\"image\/png\" \/>\n<meta name=\"author\" content=\"gaprsa\" \/>\n<meta name=\"twitter:card\" content=\"summary_large_image\" \/>\n<meta name=\"twitter:creator\" content=\"@CanalULL\" \/>\n<meta name=\"twitter:site\" content=\"@CanalULL\" \/>\n<meta name=\"twitter:label1\" content=\"Escrito por\" \/>\n\t<meta name=\"twitter:data1\" content=\"gaprsa\" \/>\n\t<meta name=\"twitter:label2\" content=\"Tiempo de lectura\" \/>\n\t<meta name=\"twitter:data2\" content=\"2 minutos\" \/>\n<script type=\"application\/ld+json\" class=\"yoast-schema-graph\">{\"@context\":\"https:\/\/schema.org\",\"@graph\":[{\"@type\":\"WebPage\",\"@id\":\"https:\/\/www.ull.es\/portal\/noticias\/2021\/la-ull-participa-en-una-accion-formativa-sobre-el-fondo-europeo-next-generation\/\",\"url\":\"https:\/\/www.ull.es\/portal\/noticias\/2021\/la-ull-participa-en-una-accion-formativa-sobre-el-fondo-europeo-next-generation\/\",\"name\":\"La ULL participa en una acci\u00f3n formativa sobre el Fondo Europeo Next Generation - ULL - Noticias\",\"isPartOf\":{\"@id\":\"https:\/\/www.ull.es\/portal\/noticias\/#website\"},\"datePublished\":\"2021-01-14T10:57:30+00:00\",\"dateModified\":\"2021-01-15T08:44:56+00:00\",\"author\":{\"@id\":\"https:\/\/www.ull.es\/portal\/noticias\/#\/schema\/person\/b2b1a89d43ffa609e591f7df8ef3e817\"},\"breadcrumb\":{\"@id\":\"https:\/\/www.ull.es\/portal\/noticias\/2021\/la-ull-participa-en-una-accion-formativa-sobre-el-fondo-europeo-next-generation\/#breadcrumb\"},\"inLanguage\":\"es\",\"potentialAction\":[{\"@type\":\"ReadAction\",\"target\":[\"https:\/\/www.ull.es\/portal\/noticias\/2021\/la-ull-participa-en-una-accion-formativa-sobre-el-fondo-europeo-next-generation\/\"]}]},{\"@type\":\"BreadcrumbList\",\"@id\":\"https:\/\/www.ull.es\/portal\/noticias\/2021\/la-ull-participa-en-una-accion-formativa-sobre-el-fondo-europeo-next-generation\/#breadcrumb\",\"itemListElement\":[{\"@type\":\"ListItem\",\"position\":1,\"name\":\"Portada\",\"item\":\"https:\/\/www.ull.es\/portal\/noticias\/\"},{\"@type\":\"ListItem\",\"position\":2,\"name\":\"La ULL participa en una acci\u00f3n formativa sobre el Fondo Europeo Next Generation\"}]},{\"@type\":\"WebSite\",\"@id\":\"https:\/\/www.ull.es\/portal\/noticias\/#website\",\"url\":\"https:\/\/www.ull.es\/portal\/noticias\/\",\"name\":\"ULL - Noticias\",\"description\":\"\",\"potentialAction\":[{\"@type\":\"SearchAction\",\"target\":{\"@type\":\"EntryPoint\",\"urlTemplate\":\"https:\/\/www.ull.es\/portal\/noticias\/?s={search_term_string}\"},\"query-input\":\"required name=search_term_string\"}],\"inLanguage\":\"es\"},{\"@type\":\"Person\",\"@id\":\"https:\/\/www.ull.es\/portal\/noticias\/#\/schema\/person\/b2b1a89d43ffa609e591f7df8ef3e817\",\"name\":\"gaprsa\",\"image\":{\"@type\":\"ImageObject\",\"inLanguage\":\"es\",\"@id\":\"https:\/\/www.ull.es\/portal\/noticias\/#\/schema\/person\/image\/\",\"url\":\"https:\/\/secure.gravatar.com\/avatar\/443820550921091458b4823867723b3d?s=96&d=mm&r=g\",\"contentUrl\":\"https:\/\/secure.gravatar.com\/avatar\/443820550921091458b4823867723b3d?s=96&d=mm&r=g\",\"caption\":\"gaprsa\"},\"url\":\"https:\/\/www.ull.es\/portal\/noticias\/author\/gaprsa\/\"}]}<\/script>\n<!-- \/ Yoast SEO plugin. -->","yoast_head_json":{"title":"La ULL participa en una acci\u00f3n formativa sobre el Fondo Europeo Next Generation - ULL - Noticias","robots":{"index":"index","follow":"follow","max-snippet":"max-snippet:-1","max-image-preview":"max-image-preview:large","max-video-preview":"max-video-preview:-1"},"canonical":"https:\/\/www.ull.es\/portal\/noticias\/2021\/la-ull-participa-en-una-accion-formativa-sobre-el-fondo-europeo-next-generation\/","og_locale":"es_ES","og_type":"article","og_title":"La ULL participa en una acci\u00f3n formativa sobre el Fondo Europeo Next Generation - ULL - Noticias","og_description":"El Consejo Canario del Movimiento Europeo, el Gobierno de Canarias, las dos universidades regionales y Atlantic Euroconsulting han organizado un...","og_url":"https:\/\/www.ull.es\/portal\/noticias\/2021\/la-ull-participa-en-una-accion-formativa-sobre-el-fondo-europeo-next-generation\/","og_site_name":"ULL - Noticias","article_publisher":"https:\/\/www.facebook.com\/universidaddelalaguna\/","article_published_time":"2021-01-14T10:57:30+00:00","article_modified_time":"2021-01-15T08:44:56+00:00","og_image":[{"width":700,"height":350,"url":"https:\/\/www.ull.es\/portal\/noticias\/wp-content\/uploads\/sites\/13\/2021\/01\/NextGen-700x350-1.png","type":"image\/png"}],"author":"gaprsa","twitter_card":"summary_large_image","twitter_creator":"@CanalULL","twitter_site":"@CanalULL","twitter_misc":{"Escrito por":"gaprsa","Tiempo de lectura":"2 minutos"},"schema":{"@context":"https:\/\/schema.org","@graph":[{"@type":"WebPage","@id":"https:\/\/www.ull.es\/portal\/noticias\/2021\/la-ull-participa-en-una-accion-formativa-sobre-el-fondo-europeo-next-generation\/","url":"https:\/\/www.ull.es\/portal\/noticias\/2021\/la-ull-participa-en-una-accion-formativa-sobre-el-fondo-europeo-next-generation\/","name":"La ULL participa en una acci\u00f3n formativa sobre el Fondo Europeo Next Generation - ULL - Noticias","isPartOf":{"@id":"https:\/\/www.ull.es\/portal\/noticias\/#website"},"datePublished":"2021-01-14T10:57:30+00:00","dateModified":"2021-01-15T08:44:56+00:00","author":{"@id":"https:\/\/www.ull.es\/portal\/noticias\/#\/schema\/person\/b2b1a89d43ffa609e591f7df8ef3e817"},"breadcrumb":{"@id":"https:\/\/www.ull.es\/portal\/noticias\/2021\/la-ull-participa-en-una-accion-formativa-sobre-el-fondo-europeo-next-generation\/#breadcrumb"},"inLanguage":"es","potentialAction":[{"@type":"ReadAction","target":["https:\/\/www.ull.es\/portal\/noticias\/2021\/la-ull-participa-en-una-accion-formativa-sobre-el-fondo-europeo-next-generation\/"]}]},{"@type":"BreadcrumbList","@id":"https:\/\/www.ull.es\/portal\/noticias\/2021\/la-ull-participa-en-una-accion-formativa-sobre-el-fondo-europeo-next-generation\/#breadcrumb","itemListElement":[{"@type":"ListItem","position":1,"name":"Portada","item":"https:\/\/www.ull.es\/portal\/noticias\/"},{"@type":"ListItem","position":2,"name":"La ULL participa en una acci\u00f3n formativa sobre el Fondo Europeo Next Generation"}]},{"@type":"WebSite","@id":"https:\/\/www.ull.es\/portal\/noticias\/#website","url":"https:\/\/www.ull.es\/portal\/noticias\/","name":"ULL - Noticias","description":"","potentialAction":[{"@type":"SearchAction","target":{"@type":"EntryPoint","urlTemplate":"https:\/\/www.ull.es\/portal\/noticias\/?s={search_term_string}"},"query-input":"required name=search_term_string"}],"inLanguage":"es"},{"@type":"Person","@id":"https:\/\/www.ull.es\/portal\/noticias\/#\/schema\/person\/b2b1a89d43ffa609e591f7df8ef3e817","name":"gaprsa","image":{"@type":"ImageObject","inLanguage":"es","@id":"https:\/\/www.ull.es\/portal\/noticias\/#\/schema\/person\/image\/","url":"https:\/\/secure.gravatar.com\/avatar\/443820550921091458b4823867723b3d?s=96&d=mm&r=g","contentUrl":"https:\/\/secure.gravatar.com\/avatar\/443820550921091458b4823867723b3d?s=96&d=mm&r=g","caption":"gaprsa"},"url":"https:\/\/www.ull.es\/portal\/noticias\/author\/gaprsa\/"}]}},"primary_category":{"id":345,"name":"Destacado","slug":"destacado","link":"https:\/\/www.ull.es\/portal\/noticias\/category\/destacado\/"},"featured_image_thumbnail_url":"https:\/\/www.ull.es\/portal\/noticias\/wp-content\/uploads\/sites\/13\/2021\/01\/NextGen-700x350-1-300x150.png","_links":{"self":[{"href":"https:\/\/www.ull.es\/portal\/noticias\/wp-json\/wp\/v2\/posts\/54084"}],"collection":[{"href":"https:\/\/www.ull.es\/portal\/noticias\/wp-json\/wp\/v2\/posts"}],"about":[{"href":"https:\/\/www.ull.es\/portal\/noticias\/wp-json\/wp\/v2\/types\/post"}],"author":[{"embeddable":true,"href":"https:\/\/www.ull.es\/portal\/noticias\/wp-json\/wp\/v2\/users\/23"}],"replies":[{"embeddable":true,"href":"https:\/\/www.ull.es\/portal\/noticias\/wp-json\/wp\/v2\/comments?post=54084"}],"version-history":[{"count":1,"href":"https:\/\/www.ull.es\/portal\/noticias\/wp-json\/wp\/v2\/posts\/54084\/revisions"}],"predecessor-version":[{"id":54086,"href":"https:\/\/www.ull.es\/portal\/noticias\/wp-json\/wp\/v2\/posts\/54084\/revisions\/54086"}],"wp:featuredmedia":[{"embeddable":true,"href":"https:\/\/www.ull.es\/portal\/noticias\/wp-json\/wp\/v2\/media\/54085"}],"wp:attachment":[{"href":"https:\/\/www.ull.es\/portal\/noticias\/wp-json\/wp\/v2\/media?parent=54084"}],"wp:term":[{"taxonomy":"category","embeddable":true,"href":"https:\/\/www.ull.es\/portal\/noticias\/wp-json\/wp\/v2\/categories?post=54084"},{"taxonomy":"post_tag","embeddable":true,"href":"https:\/\/www.ull.es\/portal\/noticias\/wp-json\/wp\/v2\/tags?post=54084"}],"curies":[{"name":"wp","href":"https:\/\/api.w.org\/{rel}","templated":true}]}}