{"id":54121,"date":"2021-01-15T14:34:48","date_gmt":"2021-01-15T14:34:48","guid":{"rendered":"https:\/\/www.ull.es\/portal\/noticias\/?p=54121"},"modified":"2021-01-19T13:54:06","modified_gmt":"2021-01-19T13:54:06","slug":"ciencia-impulsa-cooperacion-desarrollo","status":"publish","type":"post","link":"https:\/\/www.ull.es\/portal\/noticias\/2021\/ciencia-impulsa-cooperacion-desarrollo\/","title":{"rendered":"Ciencia que impulsa la cooperaci\u00f3n para el desarrollo"},"content":{"rendered":"<p>El papel de las universidades en la sociedad abarca mucho m\u00e1s de sus tradicionales funciones de docencia e investigaci\u00f3n, y de este modo, est\u00e1 asentada la noci\u00f3n de que existe una tercera misi\u00f3n relacionada con la innovaci\u00f3n y transferencia de conocimiento, el emprendimiento y el compromiso social que favorezca el desarrollo de, especialmente, el \u00e1rea de influencia en el que se mueva cada instituci\u00f3n. Ese tercer eje de \u00edndole solidaria ampl\u00eda su rango de acci\u00f3n cuando se relaciona con otro gran concepto que tambi\u00e9n ha cobrado importancia en el \u00e1mbito acad\u00e9mico: la Cooperaci\u00f3n Universitaria al Desarrollo, entendida como aquellas acciones que los centros acad\u00e9micos de estados desarrollados puedan impulsar en diversos \u00e1mbitos (investigaci\u00f3n, docencia, activismo social, sensibilizaci\u00f3n, cultura\u2026) para mejorar las condiciones socioecon\u00f3micas de pa\u00edses menos favorecidos.<\/p>\n<p>Esta forma de cooperaci\u00f3n internacional, lejos de ser un mero prop\u00f3sito bienintencionado es, de hecho, un objetivo asumido por la propia CRUE Universidades Espa\u00f1olas, entidad que no s\u00f3lo mantiene una <a href=\"http:\/\/ocud.es\/\" target=\"_blank\" rel=\"noopener noreferrer\" target=\"_blank\" rel=\"noopener\">Observatorio de la Cooperaci\u00f3n Universitaria al Desarrollo (OCUD)<\/a> que cuenta con el apoyo de la <a href=\"https:\/\/www.crue.org\/2020\/07\/crue-universidades-espanolas-y-la-secretaria-de-estado-de-cooperacion-internacional-suscriben-un-nuevo-convenio-de-colaboracion-para-el-ocud\/\" target=\"_blank\" rel=\"noopener\">Secretar\u00eda de Estado de Cooperaci\u00f3n Internacional<\/a>, sino que, en mayo de 2020, ratific\u00f3 las <a href=\"http:\/\/ocud.es\/es\/pl61\/recursos\/id2130\/directrices-de-la-cooperacion-universitaria-al-desarrollo-para-el-periodo-2019-2030.htm\" target=\"_blank\" rel=\"noopener noreferrer\" target=\"_blank\" rel=\"noopener\">Directrices de la cooperaci\u00f3n universitaria al desarrollo para el periodo 2019-2030<\/a>, que renovaban las aprobadas en 2000 y que, en esta ocasi\u00f3n, se alinea con la Agenda 2030 de la ONU. En dicho documento, la Cooperaci\u00f3n Universitaria la Desarrollo qued\u00f3 definida como \u201cel conjunto de actividades llevadas a cabo por la comunidad universitaria orientadas a la transformaci\u00f3n social, en pro de la paz, la equidad, el desarrollo humano y la sostenibilidad ambiental en el mundo, transformaci\u00f3n en la que el fortalecimiento institucional y acad\u00e9mico desempe\u00f1a un papel relevante\u201d.<\/p>\n<p>En este contexto, la Universidad de La Laguna, a trav\u00e9s de su <a href=\"https:\/\/www.ull.es\/la-universidad\/equipo-gobierno\/vicerrectorado-proyeccion-internacionalizacion-cooperacion\/\" target=\"_blank\" rel=\"noopener noreferrer\" target=\"_blank\" rel=\"noopener\">Vicerrectorado de Proyecci\u00f3n, Internacionalizaci\u00f3n y Cooperaci\u00f3n<\/a>, ha asumido el reto de darle un impulso a la cooperaci\u00f3n universitaria al desarrollo, a pesar de que 2020 ha sido un a\u00f1o especialmente complicado para poner en marcha cualquier iniciativa, dadas las medidas que ha habido que adoptar para frenar la expansi\u00f3n de la Covid-19. Pese a ello, el pasado septiembre el vicerrectorado public\u00f3 una primera edici\u00f3n de una convocatoria que concedi\u00f3 cinco ayudas de 5.000 euros cada una, financiadas por la propia universidad, a \u201cProyectos de investigaci\u00f3n, educativos o de transferencia de conocimiento en el \u00e1mbito de la cooperaci\u00f3n interuniversitaria con incidencia en pa\u00edses perceptores de ayuda al desarrollo\u201d, tal y como se\u00f1alaba su t\u00edtulo.<\/p>\n<p>A esta primera edici\u00f3n se present\u00f3 una quincena de proyectos, de entre los cuales fueron seleccionados \u201cAtlas de Cooperaci\u00f3n interuniversitaria Canarias-\u00c1frica\u201d, propuesta del Centro de Estudios Africanos de la Universidad de La Laguna presentada por su directora, Carmen Marina Barreto Vargas; \u201cEtiolog\u00eda de las infecciones intestinales en ni\u00f1os menores de doce a\u00f1os en Praia, Cabo Verde\u201d, de Pilar Foronda Rodr\u00edguez; \u201cDise\u00f1o, optimizaci\u00f3n e implantaci\u00f3n de un sistema de energ\u00edas renovables en un entorno rural en pa\u00edses perceptores de ayuda al desarrollo\u201d, coordinado por Fernando Lahoz Zamarro; \u201cCiudad y comunicaci\u00f3n para el desarrollo: cultura y nuevos contextos comunicativos desde la diversidad y la transnacionalidad\u201d, liderado por Carmen Rodr\u00edguez Wangu\u00ebmert; y \u201cDesarrollo de un programa formativo b\u00e1sico en Mauritania para la capacitaci\u00f3n de personal cualificado en la detecci\u00f3n de medicamentos falsificados\u201d, impulsado por Bruno Fari\u00f1a Espinosa.<\/p>\n<div id=\"attachment_54124\" style=\"width: 310px\" class=\"wp-caption alignright\"><a href=\"https:\/\/www.ull.es\/portal\/noticias\/wp-content\/uploads\/sites\/13\/2021\/01\/Coop-Internacional-04.jpg\" target=\"_blank\" rel=\"noopener noreferrer\" target=\"_blank\" rel=\"noopener\"><img aria-describedby=\"caption-attachment-54124\" decoding=\"async\" loading=\"lazy\" class=\"wp-image-54124 size-medium\" src=\"https:\/\/www.ull.es\/portal\/noticias\/wp-content\/uploads\/sites\/13\/2021\/01\/Coop-Internacional-04-300x200.jpg\" alt=\"Los investigadores seleccionados, con la vicerectora, Lidia Cabrera, y el asesor de Cooperaci\u00f3n Internacional, Marcelino Santana, ambos en primera fila. \" width=\"300\" height=\"200\" srcset=\"https:\/\/www.ull.es\/portal\/noticias\/wp-content\/uploads\/sites\/13\/2021\/01\/Coop-Internacional-04-300x200.jpg 300w, https:\/\/www.ull.es\/portal\/noticias\/wp-content\/uploads\/sites\/13\/2021\/01\/Coop-Internacional-04-768x512.jpg 768w, https:\/\/www.ull.es\/portal\/noticias\/wp-content\/uploads\/sites\/13\/2021\/01\/Coop-Internacional-04-375x250.jpg 375w, https:\/\/www.ull.es\/portal\/noticias\/wp-content\/uploads\/sites\/13\/2021\/01\/Coop-Internacional-04-750x500.jpg 750w, https:\/\/www.ull.es\/portal\/noticias\/wp-content\/uploads\/sites\/13\/2021\/01\/Coop-Internacional-04.jpg 1024w\" sizes=\"(max-width: 300px) 100vw, 300px\" \/><\/a><p id=\"caption-attachment-54124\" class=\"wp-caption-text\">Los investigadores seleccionados, con la vicerrectora, Lidia Cabrera, y el asesor de Cooperaci\u00f3n Internacional, Marcelino Santana, ambos en primera fila.<\/p><\/div>\n<p><strong>Investigaci\u00f3n para el desarrollo<\/strong><\/p>\n<p>La vicerrectora de Proyecci\u00f3n, Internacionalizaci\u00f3n y Cooperaci\u00f3n, Lidia Cabrera, es una firme partidaria de afrontar este tipo de pol\u00edticas desde la instituci\u00f3n tanto para el propio fortalecimiento de la universidad como para el desarrollo social. \u201cSobre todo en el momento actual, intercultural, digital y global, donde todo lo que hacemos est\u00e1 mundialmente conectado y las acciones locales tienen repercusiones globales. La ciudadan\u00eda, la ciencia y las universidades tenemos que ser responsables y comprometernos con el desarrollo equilibrado del planeta, para lograr el progreso solidario. Creo que en un presente tan tecnologizado y con tanta tendencia a la digitalizaci\u00f3n, tenemos que equilibrar humanizando el mundo. Y para eso hay que humanizar a los ciudadanos y tambi\u00e9n la ciencia\u201d.<\/p>\n<p>De este modo, cree necesario afrontar medidas como esta convocatoria, si bien matiza que \u00e9stas no pueden ser acciones puntuales, sino que deben estar amparadas bajo una pol\u00edtica institucional bien definida. Por ello, explica que desde su vicerrectorado se est\u00e1 dise\u00f1ando un Plan de Cooperaci\u00f3n al Desarrollo de la Universidad de La Laguna con vista a poder presentarlo este a\u00f1o ante el Consejo de Gobierno para su aprobaci\u00f3n.<\/p>\n<p>Es un documento que, obviamente, entronca con los principios propugnados por CRUE Universidades Espa\u00f1olas en sus recientes directrices y, pese a estar todav\u00eda en fase de redacci\u00f3n, ya se han definido sus cinco grandes objetivos: formaci\u00f3n b\u00e1sica de m\u00e1ster y doctorado, en colaboraci\u00f3n con pa\u00edses asociados; formaci\u00f3n de una ciudadan\u00eda socialmente responsable y cr\u00edtica, que se comprometa con los valores y desaf\u00edos del mundo global; fomento de la investigaci\u00f3n que revierta en el bienestar de las personas y los pueblos perceptibles de cooperaci\u00f3n, as\u00ed como soluciones a los retos que plantea el desarrollo sostenible; creaci\u00f3n de alianzas y trabajo en red con otros centros de investigaci\u00f3n; y cooperaci\u00f3n con otras instituciones sociales para detectar necesidades y alcanzar soluciones conjuntas.<\/p>\n<p>Para lograrlo, se pondr\u00e1n en marcha diversas acciones espec\u00edficas de formaci\u00f3n, sensibilizaci\u00f3n e investigaci\u00f3n como, por ejemplo, esta misma convocatoria que se fall\u00f3 a finales de 2020. Sobre ella, Cabrera explica que la intenci\u00f3n del vicerrectorado es consolidarla y convocarla anualmente. No solo eso: es lograr apoyo de otras entidades y, de este modo, poder convocar m\u00e1s ayudas y aumentar su cuant\u00eda. As\u00ed que, por lo pronto, ya se puede dar por hecha una segunda convocatoria en el \u00faltimo cuatrimestre de este a\u00f1o.<\/p>\n<p>La convocatoria estaba abierta a proyectos de investigaci\u00f3n, educativos o de transferencia de conocimiento realizados por profesorado de la Universidad de La Laguna, con la posible colaboraci\u00f3n de otras entidades externas, y que tengan incidencia en pa\u00edses receptores de ayudas para el desarrollo. Un punto que se valor\u00f3 especialmente es que las iniciativas presentadas tuvieran un componente de formaci\u00f3n para los estudiantes de la instituci\u00f3n, por lo que en la baremaci\u00f3n de m\u00e9ritos se puntuaba favorablemente la existencia de Trabajos Fin de Grado o Trabajos Fin de M\u00e1ster enmarcados en la investigaci\u00f3n.<\/p>\n<p><strong>Los proyectos seleccionados<\/strong><\/p>\n<p>La quincena de proyectos presentada a esta primera convocatoria fue evaluada por un comit\u00e9 de selecci\u00f3n conformado por la directora de Secretariado de Movilidad y Relaciones Extracomunitarias, \u00c1frica, Latinoam\u00e9rica y Cooperaci\u00f3n, Carmen Marrero Marrero, como presidenta; el asesor de Cooperaci\u00f3n Internacional del vicerrectorado, Marcelino Santana Delgado, como vocal; y la jefa del Negociado de Programas Extracomunitarios, Raquel Gonz\u00e1lez Francisco, en calidad de secretaria. Las cinco propuestas elegidas tienen ahora un plazo de medio a\u00f1o para desarrollarse, pues la fecha l\u00edmite para justificar estas ayudas es hasta el 30 de julio de 2021.<\/p>\n<p>&nbsp;<\/p>\n<ul>\n<li><strong><u>Atlas de espacios de cooperaci\u00f3n interuniversitaria Canarias-\u00c1frica<\/u><\/strong><\/li>\n<\/ul>\n<div id=\"attachment_54126\" style=\"width: 210px\" class=\"wp-caption alignleft\"><a href=\"https:\/\/www.ull.es\/portal\/noticias\/wp-content\/uploads\/sites\/13\/2021\/01\/Coop-Internacional-13.jpg\" target=\"_blank\" rel=\"noopener noreferrer\" target=\"_blank\" rel=\"noopener\"><img aria-describedby=\"caption-attachment-54126\" decoding=\"async\" loading=\"lazy\" class=\"wp-image-54126 size-medium\" src=\"https:\/\/www.ull.es\/portal\/noticias\/wp-content\/uploads\/sites\/13\/2021\/01\/Coop-Internacional-13-200x300.jpg\" alt=\"Carmen Marina Barreto Vargas\" width=\"200\" height=\"300\" srcset=\"https:\/\/www.ull.es\/portal\/noticias\/wp-content\/uploads\/sites\/13\/2021\/01\/Coop-Internacional-13-200x300.jpg 200w, https:\/\/www.ull.es\/portal\/noticias\/wp-content\/uploads\/sites\/13\/2021\/01\/Coop-Internacional-13-375x562.jpg 375w, https:\/\/www.ull.es\/portal\/noticias\/wp-content\/uploads\/sites\/13\/2021\/01\/Coop-Internacional-13.jpg 683w\" sizes=\"(max-width: 200px) 100vw, 200px\" \/><\/a><p id=\"caption-attachment-54126\" class=\"wp-caption-text\">Carmen Marina Barreto Vargas<\/p><\/div>\n<p>Esta propuesta, impulsada desde el <a href=\"https:\/\/www.ull.es\/la-universidad\/facultades-centros-departamentos\/centros-estudios-africanos\/\" target=\"_blank\" rel=\"noopener noreferrer\" target=\"_blank\" rel=\"noopener\">Centro de Estudios Africanos<\/a> de la Universidad de La Laguna por su directora, la profesora del Departamento de Sociolog\u00eda y Antropolog\u00eda Carmen Marina Barreto Vargas, podr\u00eda muy bien servir como marco general para impulsar las pol\u00edticas institucionales sobre cooperaci\u00f3n, ya que su objetivo es, como se\u00f1ala su t\u00edtulo, plantear un estado de la cuesti\u00f3n de qu\u00e9 ha hecho y qu\u00e9 est\u00e1 haciendo en estos momentos el centro en materia de investigaci\u00f3n aplicada a la cooperaci\u00f3n para el desarrollo. Para ello, el primer paso va a ser localizar todos los convenios de investigaci\u00f3n que se hayan firmado con universidades y centros cient\u00edficos de las universidades africanas de pa\u00edses con los que la Universidad de La Laguna ha establecido relaciones: T\u00fanez, Marruecos, Cabo Verde, Senegal y Mauritania.<\/p>\n<p>Barreto indica que se seguir\u00e1 una t\u00e9cnica \u201cetnocartogr\u00e1fica\u201d para realizar esta tarea, que se afronta como una revisi\u00f3n cr\u00edtica: una vez localizados los proyectos, se analizar\u00e1 si se ocupan de asuntos relacionados con la cooperaci\u00f3n, la sostenibilidad y el desarrollo, se comprobar\u00e1 su viabilidad y tambi\u00e9n se plantear\u00e1 si realmente cumplen con las necesidades prioritarias de los pa\u00edses en desarrollo.<\/p>\n<p>El proyecto lleva, adem\u00e1s, aparejados dos Trabajos Fin de Grado de la titulaci\u00f3n en Antropolog\u00eda Social y Cultural: el primero analizar\u00e1 de manera general qu\u00e9 es la cooperaci\u00f3n interuniversitaria y cu\u00e1les son sus posibilidades, mientras que el segundo indagar\u00e1 en c\u00f3mo percibe el alumnado africano matriculado en los diferentes niveles en la Universidad de La laguna esas acciones de cooperaci\u00f3n.<\/p>\n<p>&nbsp;<\/p>\n<p>La realizaci\u00f3n de este proyecto implicar\u00e1 una etapa de recopilaci\u00f3n de documentaci\u00f3n, la realizaci\u00f3n de encuestas y entrevistas, e incluso la realizaci\u00f3n de un <em>focus group<\/em> entre los investigadores principales de los proyectos y el alumnado africano matriculado en la instituci\u00f3n. Por ello habr\u00e1 contactos con diversos interlocutores, tanto internos (como el alumnado africano y los propios vicerrectorados de Investigaci\u00f3n y Transferencia y de Proyecci\u00f3n, Internacionalizaci\u00f3n y Cooperaci\u00f3n) como externos (las universidades africanas con las que existen acuerdos). No se descartan desplazamientos al extranjero para establecer estos contactos, siempre y cuando las restricciones de la pandemia lo posibiliten.<\/p>\n<p>&nbsp;<\/p>\n<ul>\n<li><strong><u>Desarrollo de un programa formativo b\u00e1sico en Mauritania para la capacitaci\u00f3n de personal cualificado en la detecci\u00f3n de medicamentos falsificados<\/u><\/strong><\/li>\n<\/ul>\n<div id=\"attachment_54128\" style=\"width: 210px\" class=\"wp-caption alignright\"><a href=\"https:\/\/www.ull.es\/portal\/noticias\/wp-content\/uploads\/sites\/13\/2021\/01\/Coop-Internacional-15.jpg\" target=\"_blank\" rel=\"noopener noreferrer\" target=\"_blank\" rel=\"noopener\"><img aria-describedby=\"caption-attachment-54128\" decoding=\"async\" loading=\"lazy\" class=\"wp-image-54128 size-medium\" src=\"https:\/\/www.ull.es\/portal\/noticias\/wp-content\/uploads\/sites\/13\/2021\/01\/Coop-Internacional-15-200x300.jpg\" alt=\"Jos\u00e9 Bruno Fari\u00f1a Espinosa\" width=\"200\" height=\"300\" srcset=\"https:\/\/www.ull.es\/portal\/noticias\/wp-content\/uploads\/sites\/13\/2021\/01\/Coop-Internacional-15-200x300.jpg 200w, https:\/\/www.ull.es\/portal\/noticias\/wp-content\/uploads\/sites\/13\/2021\/01\/Coop-Internacional-15-375x562.jpg 375w, https:\/\/www.ull.es\/portal\/noticias\/wp-content\/uploads\/sites\/13\/2021\/01\/Coop-Internacional-15.jpg 683w\" sizes=\"(max-width: 200px) 100vw, 200px\" \/><\/a><p id=\"caption-attachment-54128\" class=\"wp-caption-text\">Jos\u00e9 Bruno Fari\u00f1a Espinosa<\/p><\/div>\n<p>Este proyecto, que coordina el profesor del Departamento de Ingenier\u00eda Qu\u00edmica y Tecnolog\u00eda Farmac\u00e9utica Jos\u00e9 Bruno Fari\u00f1a Espinosa, se enmarca en otro m\u00e1s amplio que lidera la Universidad de La laguna con la colaboraci\u00f3n del Ministerio de Salud de Mauritania, denominado \u201cInstauraci\u00f3n de un sistema para el aseguramiento de la calidad de medicamentos utilizados en el tratamiento del SIDA y enfermedades tropicales descuidadas\u201d (<a href=\"https:\/\/isacam.eu\/\" target=\"_blank\" rel=\"noopener noreferrer\" target=\"_blank\" rel=\"noopener\">ISACAM<\/a>), que cuenta con financiaci\u00f3n europea. La acci\u00f3n apoyada por el vicerrectorado completar\u00e1 la formaci\u00f3n del personal del Laboratorio Nacional de Control de la Calidad de los Medicamentos (LNCQM en sus siglas francesas) sobre an\u00e1lisis, distribuci\u00f3n, almacenamiento y estabilidad de los medicamentos, para atajar un grave problema de salud p\u00fablica del pa\u00eds: la falsificaci\u00f3n de f\u00e1rmacos.<\/p>\n<p>Fari\u00f1a explica que, en Mauritania, por un lado, no existe una sanidad p\u00fablica fuerte, por lo que en la pr\u00e1ctica est\u00e1 en manos de un sector privado con fines claramente lucrativos; y por otra, existen pocos farmac\u00e9uticos adecuadamente formados, al carecer el pa\u00eds de estudios universitarios sobre la materia. Adem\u00e1s, solamente hay tres farmacias por cada 100.000 habitantes (como comparativa, en Espa\u00f1a hay 120) y no existe un sistema de trazabilidad de los medicamentes como el de los pa\u00edses desarrollados.<\/p>\n<p>Ese contexto provoca que sea m\u00e1s f\u00e1cil que lleguen a la poblaci\u00f3n medicamentos falsificados, los cuales o no contienen ning\u00fan activo, o incumplen especificaciones como la caducidad o la dosis o, incluso, que pueden ser t\u00f3xicos, en los casos m\u00e1s graves. Por ello, es necesario contar con personal t\u00e9cnico adecuadamente formado para detectar estos fraudes y, de este modo, mejorar la salud de la poblaci\u00f3n mediante la mejora de la calidad de los f\u00e1rmacos que consumen.<\/p>\n<p>El proyecto tiene dos Trabajos Fin de Grado asociados ya finalizados, que abordan algunos aspectos de los medicamentos antituberculosos, y tambi\u00e9n una tesis doctoral actualmente en fase de investigaci\u00f3n, sobre el aseguramiento de la calidad de medicamentos empleados en el tratamiento del SIDA y enfermedades tropicales descuidadas.<\/p>\n<p>&nbsp;<\/p>\n<ul>\n<li><strong><u>Ciudad y Comunicaci\u00f3n para el Desarrollo: cultura y nuevos contextos comunicativos desde la diversidad y la transnacionalidad<\/u><\/strong><\/li>\n<\/ul>\n<div id=\"attachment_54130\" style=\"width: 210px\" class=\"wp-caption alignleft\"><a href=\"https:\/\/www.ull.es\/portal\/noticias\/wp-content\/uploads\/sites\/13\/2021\/01\/Coop-Internacional-09.jpg\" target=\"_blank\" rel=\"noopener noreferrer\" target=\"_blank\" rel=\"noopener\"><img aria-describedby=\"caption-attachment-54130\" decoding=\"async\" loading=\"lazy\" class=\"wp-image-54130 size-medium\" src=\"https:\/\/www.ull.es\/portal\/noticias\/wp-content\/uploads\/sites\/13\/2021\/01\/Coop-Internacional-09-200x300.jpg\" alt=\"Carmen Rodr\u00edguez Wang\u00fcemert\" width=\"200\" height=\"300\" srcset=\"https:\/\/www.ull.es\/portal\/noticias\/wp-content\/uploads\/sites\/13\/2021\/01\/Coop-Internacional-09-200x300.jpg 200w, https:\/\/www.ull.es\/portal\/noticias\/wp-content\/uploads\/sites\/13\/2021\/01\/Coop-Internacional-09-375x562.jpg 375w, https:\/\/www.ull.es\/portal\/noticias\/wp-content\/uploads\/sites\/13\/2021\/01\/Coop-Internacional-09.jpg 683w\" sizes=\"(max-width: 200px) 100vw, 200px\" \/><\/a><p id=\"caption-attachment-54130\" class=\"wp-caption-text\">Carmen Rodr\u00edguez Wang\u00fcemert<\/p><\/div>\n<p>La profesora del Departamento de Ciencias de la Comunicaci\u00f3n y Trabajo Social Carmen Rodr\u00edguez Wang\u00fcemert impuls\u00f3 la creaci\u00f3n en 2009 de <em>\u201cCalima. Red de Investigadora en Comunicaci\u00f3n y Cultura Canarias-\u00c1frica\u201d<\/em><em>,<\/em> una iniciativa que sigue coordinando y que ha desarrollado varios proyectos con universidades africanas pero que se hab\u00eda ralentizado en los \u00faltimos a\u00f1os ante el descenso de apoyos y subvenciones tras la salida de la crisis econ\u00f3mica. Con esta ayuda se pretende dar un nuevo impulso a esta asociaci\u00f3n para que pueda retomar sus v\u00ednculos de intercambio intercultural con otras universidades y, de manera m\u00e1s espec\u00edfica, continuar una de sus l\u00edneas de trabajo enfocada en los conceptos de Comunicaci\u00f3n para el Desarrollo y Ciudad, en la cual han participado instituciones de Espa\u00f1a, Camer\u00fan, Costa de Marfil, Burkina-Faso, Marruecos y Cabo Verde.<\/p>\n<p>Para ello, se proponen varias actividades de investigaci\u00f3n y formaci\u00f3n. La m\u00e1s ambiciosa ser\u00eda un encuentro sobre Comunicaci\u00f3n para el Desarrollo llamado \u201cEl COVID se queda y los nuevos contextos comunicativos\u201d que, si la situaci\u00f3n lo permite, se desarrollar\u00eda de manera presencial a finales de julio y contar\u00eda con la presencia de profesorado no solo africano, sino tambi\u00e9n latinoamericano, dado que la Red Calima tiene una vocaci\u00f3n tricontinental.<\/p>\n<p>En el \u00e1mbito de ese encuentro de julio tambi\u00e9n se desarrollar\u00eda una acci\u00f3n de formaci\u00f3n para alumnado sobre lenguajes audiovisuales, titulada \u201cNarrativas audiovisuales: trasnacionalizaci\u00f3n y transversalidad en series de ficci\u00f3n\u201d, nuevamente con participantes tanto africanos como latinoamericanos que ser\u00eda presencial para los asistentes de la Universidad de La Laguna y telem\u00e1tico para el de resto de pa\u00edses.<\/p>\n<p>Adicionalmente, el proyecto contempla la elaboraci\u00f3n de, al menos, dos Trabajos Fin de M\u00e1ster Universitario en Innovaci\u00f3n Comunicativa en las Organizaciones de la Universidad de La Laguna: uno sobre los planes de comunicaci\u00f3n de instituciones de cooperaci\u00f3n universitaria y otro acerca de la gesti\u00f3n y estrategias comunicativas para la transferencia de conocimiento de actividades de internacionalizaci\u00f3n y cooperaci\u00f3n universitaria.<\/p>\n<p>&nbsp;<\/p>\n<ul>\n<li><strong><u>Dise\u00f1o, optimizaci\u00f3n e implantaci\u00f3n de un sistema de energ\u00edas renovables en un entorno rural en pa\u00edses perceptores de ayuda al desarrollo<\/u><\/strong><\/li>\n<\/ul>\n<div id=\"attachment_54132\" style=\"width: 210px\" class=\"wp-caption alignright\"><a href=\"https:\/\/www.ull.es\/portal\/noticias\/wp-content\/uploads\/sites\/13\/2021\/01\/Coop-Internacional-07.jpg\" target=\"_blank\" rel=\"noopener noreferrer\" target=\"_blank\" rel=\"noopener\"><img aria-describedby=\"caption-attachment-54132\" decoding=\"async\" loading=\"lazy\" class=\"wp-image-54132 size-medium\" src=\"https:\/\/www.ull.es\/portal\/noticias\/wp-content\/uploads\/sites\/13\/2021\/01\/Coop-Internacional-07-200x300.jpg\" alt=\"Fernando Lahoz Zamarro\" width=\"200\" height=\"300\" srcset=\"https:\/\/www.ull.es\/portal\/noticias\/wp-content\/uploads\/sites\/13\/2021\/01\/Coop-Internacional-07-200x300.jpg 200w, https:\/\/www.ull.es\/portal\/noticias\/wp-content\/uploads\/sites\/13\/2021\/01\/Coop-Internacional-07-375x562.jpg 375w, https:\/\/www.ull.es\/portal\/noticias\/wp-content\/uploads\/sites\/13\/2021\/01\/Coop-Internacional-07.jpg 683w\" sizes=\"(max-width: 200px) 100vw, 200px\" \/><\/a><p id=\"caption-attachment-54132\" class=\"wp-caption-text\">Fernando Lahoz Zamarro<\/p><\/div>\n<p>Este proyecto, dirigido por el profesor del Departamento de F\u00edsica Fernando Lahoz Zamarro, que propone una colaboraci\u00f3n con el docente del Departamento de Ingenier\u00eda Industrial Benjam\u00edn Gonz\u00e1lez D\u00edaz y la ONG <a href=\"https:\/\/www.alegriasinfronteras.org\/\" target=\"_blank\" rel=\"noopener noreferrer\" target=\"_blank\" rel=\"noopener\">Alegr\u00eda Sin Fronteras<\/a>, persigue poner en marcha una instalaci\u00f3n de energ\u00eda solar que abastezca una infraestructura sensible en alguna zona rural de Senegal. La disponibilidad presupuestaria del proyecto solamente permitir\u00e1 realizar una instalaci\u00f3n entre dos emplazamientos candidatos: una escuela que, actualmente, carece de electricidad y, por tanto, circunscribe su uso a las horas de sol; y un centro m\u00e9dico cuya instalaci\u00f3n el\u00e9ctrica es precaria y no permite realizar determinadas operaciones y pruebas.<\/p>\n<p>Parte del proyecto ser\u00e1 analizar la viabilidad de realizar la instalaci\u00f3n en una u otra ubicaci\u00f3n y hacerla efectiva. Aun as\u00ed, si se diera la posibilidad de lograr financiaci\u00f3n extra, ser\u00eda posible llevar a cabo tambi\u00e9n la segunda de las instalaciones, dado que el trabajo de an\u00e1lisis previo ya estar\u00eda finalizado en el marco de este proyecto. Adem\u00e1s, durante la elaboraci\u00f3n de los trabajos tambi\u00e9n se desarrollar\u00eda un estudio para mejorar la eficiencia de las placas que se coloquen, las cuales ser\u00edan adquiridas a una empresa local.<\/p>\n<p>Esta acci\u00f3n tiene tambi\u00e9n un componente did\u00e1ctico puesto que contempla ofrecer formaci\u00f3n cient\u00edfico-tecnol\u00f3gica al alumnado que realice los Trabajos Fin de Grado que puedan incorporarse al proyecto, sobre los fundamentos, dise\u00f1o y dimensionado para la generaci\u00f3n de energ\u00eda el\u00e9ctrica mediante el uso de paneles fotovoltaicos. Esa formaci\u00f3n tambi\u00e9n incluir\u00eda contenidos sobre el fomento de la solidaridad, valores y acciones de cooperaci\u00f3n que impartir\u00e1 la ONG vinculada a la iniciativa, bajo la metodolog\u00eda de aprendizaje-servicio, aplicando sobre el terreno los conocimientos adquiridos.<\/p>\n<p>Los responsables de este proyecto han estado trabajando en \u00e9l desde noviembre, antes incluso de saber si lograr\u00edan la ayuda del vicerrectorado, puesto que la organizaci\u00f3n Alegr\u00eda Sin Fronteras les puso en contacto con representantes de las comunidades senegalesas para conocer mejor las necesidades de cada una. El profesor Lahoz tambi\u00e9n destaca la alta implicaci\u00f3n mostrada por el alumnado que ha realizado el TFG, que no solo se ha centrado en la parte estrictamente t\u00e9cnica, sino que se ha involucrado de manera decidida en los principios de la cooperaci\u00f3n para el desarrollo.<\/p>\n<p>&nbsp;<\/p>\n<ul>\n<li><strong><u>Caracterizaci\u00f3n molecular de <em>Giardia<\/em> y<em> Cryptosporidium<\/em> sp. en ni\u00f1os con diarrea en Cabo Verde<\/u><\/strong><\/li>\n<\/ul>\n<div id=\"attachment_54133\" style=\"width: 210px\" class=\"wp-caption alignleft\"><a href=\"https:\/\/www.ull.es\/portal\/noticias\/wp-content\/uploads\/sites\/13\/2021\/01\/Coop-Internacional-11.jpg\" target=\"_blank\" rel=\"noopener noreferrer\" target=\"_blank\" rel=\"noopener\"><img aria-describedby=\"caption-attachment-54133\" decoding=\"async\" loading=\"lazy\" class=\"wp-image-54133 size-medium\" src=\"https:\/\/www.ull.es\/portal\/noticias\/wp-content\/uploads\/sites\/13\/2021\/01\/Coop-Internacional-11-200x300.jpg\" alt=\"Pilar Foronda Rodr\u00edguez\" width=\"200\" height=\"300\" srcset=\"https:\/\/www.ull.es\/portal\/noticias\/wp-content\/uploads\/sites\/13\/2021\/01\/Coop-Internacional-11-200x300.jpg 200w, https:\/\/www.ull.es\/portal\/noticias\/wp-content\/uploads\/sites\/13\/2021\/01\/Coop-Internacional-11-375x562.jpg 375w, https:\/\/www.ull.es\/portal\/noticias\/wp-content\/uploads\/sites\/13\/2021\/01\/Coop-Internacional-11.jpg 683w\" sizes=\"(max-width: 200px) 100vw, 200px\" \/><\/a><p id=\"caption-attachment-54133\" class=\"wp-caption-text\">Pilar Foronda Rodr\u00edguez<\/p><\/div>\n<p>Finalmente, esta iniciativa coordinada por Pilar Foronda Rodr\u00edguez, del Departamento de Obstetricia y Ginecolog\u00eda, Pediatr\u00eda, Medicina Preventiva y Salud P\u00fablica, Toxicolog\u00eda, Medicina Legal y Forense y Parasitolog\u00eda, pretende dar continuidad a un proyecto iniciado en 2018 a trav\u00e9s de un convenio con la Universidad de Cabo Verde, mediante el cual se trata de ampliar el conocimiento sobre los dos par\u00e1sitos citados en el t\u00edtulo del proyecto, que son causantes de unas infecciones que provocan graves diarreas. Se trata de un asunto de capital importancia sanitaria, habida cuenta que las enfermedades parasitarias son una de las principales causas de la mortalidad infantil en aquel pa\u00eds.<\/p>\n<p>Actualmente, ya se ha analizado m\u00e1s de un centenar de muestras de ni\u00f1os afectados por estos par\u00e1sitos, y gracias a esta nueva financiaci\u00f3n, se podr\u00e1 ampliar a\u00fan m\u00e1s el n\u00famero de an\u00e1lisis, y de este modo, estudiar la prevalencia, secuenciar las especies y genotipos y caracterizar los m\u00e9todos de trasmisi\u00f3n de los par\u00e1sitos <em>Giardia<\/em> sp. y<em> Cryptosporidium<\/em> sp.<\/p>\n<p>Las muestras de heces se obtendr\u00e1n de ni\u00f1os con diarrea en el Hospital Dr. Agostinho Neto, en la ciudad de Praia (Santiago, Cabo Verde) y ser\u00e1n analizadas tanto en la Universidad de Cabo Verde como en el<a href=\"https:\/\/www.ull.es\/institutos\/instituto-universitario-enfermedades-tropicales-salud-publica-canarias\/\" target=\"_blank\" rel=\"noopener noreferrer\" target=\"_blank\" rel=\"noopener\"> Instituto Universitario de Enfermedades Tropicales y Salud P\u00fablica de Canarias<\/a> de la Universidad de La Laguna<\/p>\n<p>El proyecto tambi\u00e9n incluye impartir un curso sobre las t\u00e9cnicas de an\u00e1lisis molecular y sus aplicaciones para docentes y alumnado de la Universidad de Cabo Verde, que ser\u00eda on-line si la coyuntura sanitaria no aconsejara desplazamientos. Tambi\u00e9n se contempla la posibilidad de concurrir a otras convocatorias que permitir\u00edan ampliar los an\u00e1lisis al resto de islas de Cabo Verde. Como sucede en los dem\u00e1s proyectos seleccionados por el vicerrectorado, tambi\u00e9n incorpora la realizaci\u00f3n de Trabajos Fin de M\u00e1ster y Fin de Grado.<\/p>\n<p style=\"text-align: right\"><strong>Gabinete de Comunicaci\u00f3n<\/strong><\/p>\n","protected":false},"excerpt":{"rendered":"<p>El papel de las universidades en la sociedad abarca mucho m\u00e1s de sus tradicionales funciones de docencia e investigaci\u00f3n, y&#8230;<\/p>\n","protected":false},"author":21,"featured_media":54122,"comment_status":"closed","ping_status":"closed","sticky":false,"template":"","format":"standard","meta":{"inline_featured_image":false,"footnotes":""},"categories":[3245,3412,3475,4132,350,3494,2750,3464],"tags":[7011,727,3584,1249,1537,6210,2099],"acf":[],"yoast_head":"<!-- This site is optimized with the Yoast SEO plugin v21.3 - https:\/\/yoast.com\/wordpress\/plugins\/seo\/ -->\n<title>Ciencia que impulsa la Cooperaci\u00f3n para el Desarrollo<\/title>\n<meta name=\"description\" content=\"La ULL abri\u00f3 en 2020 una convocatoria que financia cinco proyectos de investigaci\u00f3n alineados con la cooperaci\u00f3n para el desarrollo.\" \/>\n<meta name=\"robots\" content=\"index, follow, max-snippet:-1, max-image-preview:large, max-video-preview:-1\" \/>\n<link rel=\"canonical\" href=\"https:\/\/www.ull.es\/portal\/noticias\/2021\/ciencia-impulsa-cooperacion-desarrollo\/\" \/>\n<meta property=\"og:locale\" content=\"es_ES\" \/>\n<meta property=\"og:type\" content=\"article\" \/>\n<meta property=\"og:title\" content=\"Ciencia que impulsa la Cooperaci\u00f3n para el Desarrollo\" \/>\n<meta property=\"og:description\" content=\"La ULL abri\u00f3 en 2020 una convocatoria que financia cinco proyectos de investigaci\u00f3n alineados con la cooperaci\u00f3n para el desarrollo.\" \/>\n<meta property=\"og:url\" content=\"https:\/\/www.ull.es\/portal\/noticias\/2021\/ciencia-impulsa-cooperacion-desarrollo\/\" \/>\n<meta property=\"og:site_name\" content=\"ULL - Noticias\" \/>\n<meta property=\"article:publisher\" content=\"https:\/\/www.facebook.com\/universidaddelalaguna\/\" \/>\n<meta property=\"article:published_time\" content=\"2021-01-15T14:34:48+00:00\" \/>\n<meta property=\"article:modified_time\" content=\"2021-01-19T13:54:06+00:00\" \/>\n<meta property=\"og:image\" content=\"https:\/\/www.ull.es\/portal\/noticias\/wp-content\/uploads\/sites\/13\/2021\/01\/Coop-Internacional-03.jpg\" \/>\n\t<meta property=\"og:image:width\" content=\"1024\" \/>\n\t<meta property=\"og:image:height\" content=\"683\" \/>\n\t<meta property=\"og:image:type\" content=\"image\/jpeg\" \/>\n<meta name=\"author\" content=\"prensa2\" \/>\n<meta name=\"twitter:card\" content=\"summary_large_image\" \/>\n<meta name=\"twitter:creator\" content=\"@CanalULL\" \/>\n<meta name=\"twitter:site\" content=\"@CanalULL\" \/>\n<meta name=\"twitter:label1\" content=\"Escrito por\" \/>\n\t<meta name=\"twitter:data1\" content=\"prensa2\" \/>\n\t<meta name=\"twitter:label2\" content=\"Tiempo de lectura\" \/>\n\t<meta name=\"twitter:data2\" content=\"16 minutos\" \/>\n<script type=\"application\/ld+json\" class=\"yoast-schema-graph\">{\"@context\":\"https:\/\/schema.org\",\"@graph\":[{\"@type\":\"WebPage\",\"@id\":\"https:\/\/www.ull.es\/portal\/noticias\/2021\/ciencia-impulsa-cooperacion-desarrollo\/\",\"url\":\"https:\/\/www.ull.es\/portal\/noticias\/2021\/ciencia-impulsa-cooperacion-desarrollo\/\",\"name\":\"Ciencia que impulsa la Cooperaci\u00f3n para el Desarrollo\",\"isPartOf\":{\"@id\":\"https:\/\/www.ull.es\/portal\/noticias\/#website\"},\"datePublished\":\"2021-01-15T14:34:48+00:00\",\"dateModified\":\"2021-01-19T13:54:06+00:00\",\"author\":{\"@id\":\"https:\/\/www.ull.es\/portal\/noticias\/#\/schema\/person\/c3b2aa857797592927a03740d6664376\"},\"description\":\"La ULL abri\u00f3 en 2020 una convocatoria que financia cinco proyectos de investigaci\u00f3n alineados con la cooperaci\u00f3n para el desarrollo.\",\"breadcrumb\":{\"@id\":\"https:\/\/www.ull.es\/portal\/noticias\/2021\/ciencia-impulsa-cooperacion-desarrollo\/#breadcrumb\"},\"inLanguage\":\"es\",\"potentialAction\":[{\"@type\":\"ReadAction\",\"target\":[\"https:\/\/www.ull.es\/portal\/noticias\/2021\/ciencia-impulsa-cooperacion-desarrollo\/\"]}]},{\"@type\":\"BreadcrumbList\",\"@id\":\"https:\/\/www.ull.es\/portal\/noticias\/2021\/ciencia-impulsa-cooperacion-desarrollo\/#breadcrumb\",\"itemListElement\":[{\"@type\":\"ListItem\",\"position\":1,\"name\":\"Portada\",\"item\":\"https:\/\/www.ull.es\/portal\/noticias\/\"},{\"@type\":\"ListItem\",\"position\":2,\"name\":\"Ciencia que impulsa la cooperaci\u00f3n para el desarrollo\"}]},{\"@type\":\"WebSite\",\"@id\":\"https:\/\/www.ull.es\/portal\/noticias\/#website\",\"url\":\"https:\/\/www.ull.es\/portal\/noticias\/\",\"name\":\"ULL - Noticias\",\"description\":\"\",\"potentialAction\":[{\"@type\":\"SearchAction\",\"target\":{\"@type\":\"EntryPoint\",\"urlTemplate\":\"https:\/\/www.ull.es\/portal\/noticias\/?s={search_term_string}\"},\"query-input\":\"required name=search_term_string\"}],\"inLanguage\":\"es\"},{\"@type\":\"Person\",\"@id\":\"https:\/\/www.ull.es\/portal\/noticias\/#\/schema\/person\/c3b2aa857797592927a03740d6664376\",\"name\":\"prensa2\",\"image\":{\"@type\":\"ImageObject\",\"inLanguage\":\"es\",\"@id\":\"https:\/\/www.ull.es\/portal\/noticias\/#\/schema\/person\/image\/\",\"url\":\"https:\/\/secure.gravatar.com\/avatar\/b58f310a5de5feb33d1e026d2493f23c?s=96&d=mm&r=g\",\"contentUrl\":\"https:\/\/secure.gravatar.com\/avatar\/b58f310a5de5feb33d1e026d2493f23c?s=96&d=mm&r=g\",\"caption\":\"prensa2\"},\"url\":\"https:\/\/www.ull.es\/portal\/noticias\/author\/prensa2\/\"}]}<\/script>\n<!-- \/ Yoast SEO plugin. -->","yoast_head_json":{"title":"Ciencia que impulsa la Cooperaci\u00f3n para el Desarrollo","description":"La ULL abri\u00f3 en 2020 una convocatoria que financia cinco proyectos de investigaci\u00f3n alineados con la cooperaci\u00f3n para el desarrollo.","robots":{"index":"index","follow":"follow","max-snippet":"max-snippet:-1","max-image-preview":"max-image-preview:large","max-video-preview":"max-video-preview:-1"},"canonical":"https:\/\/www.ull.es\/portal\/noticias\/2021\/ciencia-impulsa-cooperacion-desarrollo\/","og_locale":"es_ES","og_type":"article","og_title":"Ciencia que impulsa la Cooperaci\u00f3n para el Desarrollo","og_description":"La ULL abri\u00f3 en 2020 una convocatoria que financia cinco proyectos de investigaci\u00f3n alineados con la cooperaci\u00f3n para el desarrollo.","og_url":"https:\/\/www.ull.es\/portal\/noticias\/2021\/ciencia-impulsa-cooperacion-desarrollo\/","og_site_name":"ULL - Noticias","article_publisher":"https:\/\/www.facebook.com\/universidaddelalaguna\/","article_published_time":"2021-01-15T14:34:48+00:00","article_modified_time":"2021-01-19T13:54:06+00:00","og_image":[{"width":1024,"height":683,"url":"https:\/\/www.ull.es\/portal\/noticias\/wp-content\/uploads\/sites\/13\/2021\/01\/Coop-Internacional-03.jpg","type":"image\/jpeg"}],"author":"prensa2","twitter_card":"summary_large_image","twitter_creator":"@CanalULL","twitter_site":"@CanalULL","twitter_misc":{"Escrito por":"prensa2","Tiempo de lectura":"16 minutos"},"schema":{"@context":"https:\/\/schema.org","@graph":[{"@type":"WebPage","@id":"https:\/\/www.ull.es\/portal\/noticias\/2021\/ciencia-impulsa-cooperacion-desarrollo\/","url":"https:\/\/www.ull.es\/portal\/noticias\/2021\/ciencia-impulsa-cooperacion-desarrollo\/","name":"Ciencia que impulsa la Cooperaci\u00f3n para el Desarrollo","isPartOf":{"@id":"https:\/\/www.ull.es\/portal\/noticias\/#website"},"datePublished":"2021-01-15T14:34:48+00:00","dateModified":"2021-01-19T13:54:06+00:00","author":{"@id":"https:\/\/www.ull.es\/portal\/noticias\/#\/schema\/person\/c3b2aa857797592927a03740d6664376"},"description":"La ULL abri\u00f3 en 2020 una convocatoria que financia cinco proyectos de investigaci\u00f3n alineados con la cooperaci\u00f3n para el desarrollo.","breadcrumb":{"@id":"https:\/\/www.ull.es\/portal\/noticias\/2021\/ciencia-impulsa-cooperacion-desarrollo\/#breadcrumb"},"inLanguage":"es","potentialAction":[{"@type":"ReadAction","target":["https:\/\/www.ull.es\/portal\/noticias\/2021\/ciencia-impulsa-cooperacion-desarrollo\/"]}]},{"@type":"BreadcrumbList","@id":"https:\/\/www.ull.es\/portal\/noticias\/2021\/ciencia-impulsa-cooperacion-desarrollo\/#breadcrumb","itemListElement":[{"@type":"ListItem","position":1,"name":"Portada","item":"https:\/\/www.ull.es\/portal\/noticias\/"},{"@type":"ListItem","position":2,"name":"Ciencia que impulsa la cooperaci\u00f3n para el desarrollo"}]},{"@type":"WebSite","@id":"https:\/\/www.ull.es\/portal\/noticias\/#website","url":"https:\/\/www.ull.es\/portal\/noticias\/","name":"ULL - Noticias","description":"","potentialAction":[{"@type":"SearchAction","target":{"@type":"EntryPoint","urlTemplate":"https:\/\/www.ull.es\/portal\/noticias\/?s={search_term_string}"},"query-input":"required name=search_term_string"}],"inLanguage":"es"},{"@type":"Person","@id":"https:\/\/www.ull.es\/portal\/noticias\/#\/schema\/person\/c3b2aa857797592927a03740d6664376","name":"prensa2","image":{"@type":"ImageObject","inLanguage":"es","@id":"https:\/\/www.ull.es\/portal\/noticias\/#\/schema\/person\/image\/","url":"https:\/\/secure.gravatar.com\/avatar\/b58f310a5de5feb33d1e026d2493f23c?s=96&d=mm&r=g","contentUrl":"https:\/\/secure.gravatar.com\/avatar\/b58f310a5de5feb33d1e026d2493f23c?s=96&d=mm&r=g","caption":"prensa2"},"url":"https:\/\/www.ull.es\/portal\/noticias\/author\/prensa2\/"}]}},"primary_category":{"id":350,"name":"Investigaci\u00f3n","slug":"investigacion","link":"https:\/\/www.ull.es\/portal\/noticias\/category\/investigacion\/"},"featured_image_thumbnail_url":"https:\/\/www.ull.es\/portal\/noticias\/wp-content\/uploads\/sites\/13\/2021\/01\/Coop-Internacional-03-300x200.jpg","_links":{"self":[{"href":"https:\/\/www.ull.es\/portal\/noticias\/wp-json\/wp\/v2\/posts\/54121"}],"collection":[{"href":"https:\/\/www.ull.es\/portal\/noticias\/wp-json\/wp\/v2\/posts"}],"about":[{"href":"https:\/\/www.ull.es\/portal\/noticias\/wp-json\/wp\/v2\/types\/post"}],"author":[{"embeddable":true,"href":"https:\/\/www.ull.es\/portal\/noticias\/wp-json\/wp\/v2\/users\/21"}],"replies":[{"embeddable":true,"href":"https:\/\/www.ull.es\/portal\/noticias\/wp-json\/wp\/v2\/comments?post=54121"}],"version-history":[{"count":7,"href":"https:\/\/www.ull.es\/portal\/noticias\/wp-json\/wp\/v2\/posts\/54121\/revisions"}],"predecessor-version":[{"id":54163,"href":"https:\/\/www.ull.es\/portal\/noticias\/wp-json\/wp\/v2\/posts\/54121\/revisions\/54163"}],"wp:featuredmedia":[{"embeddable":true,"href":"https:\/\/www.ull.es\/portal\/noticias\/wp-json\/wp\/v2\/media\/54122"}],"wp:attachment":[{"href":"https:\/\/www.ull.es\/portal\/noticias\/wp-json\/wp\/v2\/media?parent=54121"}],"wp:term":[{"taxonomy":"category","embeddable":true,"href":"https:\/\/www.ull.es\/portal\/noticias\/wp-json\/wp\/v2\/categories?post=54121"},{"taxonomy":"post_tag","embeddable":true,"href":"https:\/\/www.ull.es\/portal\/noticias\/wp-json\/wp\/v2\/tags?post=54121"}],"curies":[{"name":"wp","href":"https:\/\/api.w.org\/{rel}","templated":true}]}}