{"id":54253,"date":"2021-01-25T13:49:37","date_gmt":"2021-01-25T13:49:37","guid":{"rendered":"https:\/\/www.ull.es\/portal\/noticias\/?p=54253"},"modified":"2021-01-25T13:49:37","modified_gmt":"2021-01-25T13:49:37","slug":"la-ull-y-el-conservatorio-superior-de-musica-de-canarias-contaran-con-una-programacion-de-conciertos-en-el-paraninfo","status":"publish","type":"post","link":"https:\/\/www.ull.es\/portal\/noticias\/2021\/la-ull-y-el-conservatorio-superior-de-musica-de-canarias-contaran-con-una-programacion-de-conciertos-en-el-paraninfo\/","title":{"rendered":"La ULL y el Conservatorio Superior de M\u00fasica de Canarias contar\u00e1n con una programaci\u00f3n de conciertos en el Paraninfo"},"content":{"rendered":"<p>La rectora de la Universidad de La Laguna, Rosa Aguilar, y el director del <a href=\"http:\/\/www.internationalcsmc.es\/\" target=\"_blank\" rel=\"noopener\">Conservatorio Superior de M\u00fasica de Canarias<\/a>, Miguel \u00c1ngel Linares, han suscrito hoy 25 de enero un protocolo general de actuaci\u00f3n para poner en marcha actividades conjuntas, entre las que figura un ciclo de conciertos del alumnado de este \u00faltimo centro en el Paraninfo de la instituci\u00f3n docente.<\/p>\n<p>Si bien ya exist\u00edan colaboraciones anteriores entre las dos entidades, con este acuerdo se formaliza una relaci\u00f3n que pretende ir a m\u00e1s, en unos momentos especialmente dedicados para la cultura y para las salas esc\u00e9nicas en general. Por eso, los firmantes estuvieron de acuerdo en la necesidad de preparar este ciclo de conciertos, ya que tanto los estudiantes del conservatorio necesitan actuar frente al p\u00fablico y exhibir sus conocimientos como la universidad, por su parte, quiere recobrar la brillantez de esta sala, que ha estado funcionado con aforo restringido en todo este curso, salvo el mes de diciembre, cuando las restricciones fueron m\u00e1s severas.<\/p>\n<p><img decoding=\"async\" loading=\"lazy\" class=\"alignleft size-medium wp-image-54255\" src=\"https:\/\/www.ull.es\/portal\/noticias\/wp-content\/uploads\/sites\/13\/2021\/01\/conservatorio-musica-canarias-firma-300x200.jpg\" alt=\"\" width=\"300\" height=\"200\" srcset=\"https:\/\/www.ull.es\/portal\/noticias\/wp-content\/uploads\/sites\/13\/2021\/01\/conservatorio-musica-canarias-firma-300x200.jpg 300w, https:\/\/www.ull.es\/portal\/noticias\/wp-content\/uploads\/sites\/13\/2021\/01\/conservatorio-musica-canarias-firma-1024x683.jpg 1024w, https:\/\/www.ull.es\/portal\/noticias\/wp-content\/uploads\/sites\/13\/2021\/01\/conservatorio-musica-canarias-firma-768x512.jpg 768w, https:\/\/www.ull.es\/portal\/noticias\/wp-content\/uploads\/sites\/13\/2021\/01\/conservatorio-musica-canarias-firma-1536x1024.jpg 1536w, https:\/\/www.ull.es\/portal\/noticias\/wp-content\/uploads\/sites\/13\/2021\/01\/conservatorio-musica-canarias-firma-375x250.jpg 375w, https:\/\/www.ull.es\/portal\/noticias\/wp-content\/uploads\/sites\/13\/2021\/01\/conservatorio-musica-canarias-firma-750x500.jpg 750w, https:\/\/www.ull.es\/portal\/noticias\/wp-content\/uploads\/sites\/13\/2021\/01\/conservatorio-musica-canarias-firma-1140x760.jpg 1140w, https:\/\/www.ull.es\/portal\/noticias\/wp-content\/uploads\/sites\/13\/2021\/01\/conservatorio-musica-canarias-firma.jpg 1600w\" sizes=\"(max-width: 300px) 100vw, 300px\" \/>El propio Linares reconoci\u00f3 las excelentes condiciones ac\u00fasticas del Paraninfo, que en estos momentos dispone de 190 plazas. Las actuaciones del alumnado en este espacio servir\u00e1n adem\u00e1s como certificaci\u00f3n de pr\u00e1cticas externas para este colectivo. Hay que recordar que el conservatorio dispone de coro, orquesta, banda y grupos de c\u00e1mara.<\/p>\n<p>El conservatorio colabora igualmente con otros estamentos de la universidad, tal es el caso del M\u00e1ster en Videojuegos, ya que en diversas ocasiones se ha solicitado desde este t\u00edtulo oficial de posgrado la participaci\u00f3n del alumnado para llevar a cabo la composici\u00f3n musical en la creaci\u00f3n de los citados videojuegos. De hecho, Linares inform\u00f3 que este sector est\u00e1 siendo un importante nicho de mercado para los compositores.<\/p>\n<p>Otra posibilidad de cooperaci\u00f3n con el centro acad\u00e9mico podr\u00eda ser la cr\u00edtica musical, ya que los estudiantes de Musicolog\u00eda cooperar\u00edan en la redacci\u00f3n de cr\u00edticas musicales o en la elaboraci\u00f3n de programas de mano de los conciertos.<\/p>\n<p>Tanto la rectora como el vicerrector de Cultura y Extensi\u00f3n, Juan Albino M\u00e9ndez, mostraron su total disposici\u00f3n a la colaboraci\u00f3n con el Conservatorio Superior de M\u00fasica de Canarias. \u201cNos encanta mostrar el talento de nuestros j\u00f3venes, y la Universidad de La Laguna es el espacio ideal para ello\u201d, enfatiz\u00f3 Rosa Aguilar.<\/p>\n","protected":false},"excerpt":{"rendered":"<p>La rectora de la Universidad de La Laguna, Rosa Aguilar, y el director del Conservatorio Superior de M\u00fasica de Canarias,&#8230;<\/p>\n","protected":false},"author":23,"featured_media":54256,"comment_status":"closed","ping_status":"closed","sticky":false,"template":"","format":"standard","meta":{"inline_featured_image":false,"footnotes":""},"categories":[344,345,2765],"tags":[7034,2047],"acf":[],"yoast_head":"<!-- This site is optimized with the Yoast SEO plugin v21.3 - https:\/\/yoast.com\/wordpress\/plugins\/seo\/ -->\n<title>La ULL y el Conservatorio Superior de M\u00fasica de Canarias contar\u00e1n con una programaci\u00f3n de conciertos en el Paraninfo - ULL - Noticias<\/title>\n<meta name=\"robots\" content=\"index, follow, max-snippet:-1, max-image-preview:large, max-video-preview:-1\" \/>\n<link rel=\"canonical\" href=\"https:\/\/www.ull.es\/portal\/noticias\/2021\/la-ull-y-el-conservatorio-superior-de-musica-de-canarias-contaran-con-una-programacion-de-conciertos-en-el-paraninfo\/\" \/>\n<meta property=\"og:locale\" content=\"es_ES\" \/>\n<meta property=\"og:type\" content=\"article\" \/>\n<meta property=\"og:title\" content=\"La ULL y el Conservatorio Superior de M\u00fasica de Canarias contar\u00e1n con una programaci\u00f3n de conciertos en el Paraninfo - ULL - Noticias\" \/>\n<meta property=\"og:description\" content=\"La rectora de la Universidad de La Laguna, Rosa Aguilar, y el director del Conservatorio Superior de M\u00fasica de Canarias,...\" \/>\n<meta property=\"og:url\" content=\"https:\/\/www.ull.es\/portal\/noticias\/2021\/la-ull-y-el-conservatorio-superior-de-musica-de-canarias-contaran-con-una-programacion-de-conciertos-en-el-paraninfo\/\" \/>\n<meta property=\"og:site_name\" content=\"ULL - Noticias\" \/>\n<meta property=\"article:publisher\" content=\"https:\/\/www.facebook.com\/universidaddelalaguna\/\" \/>\n<meta property=\"article:published_time\" content=\"2021-01-25T13:49:37+00:00\" \/>\n<meta property=\"og:image\" content=\"https:\/\/www.ull.es\/portal\/noticias\/wp-content\/uploads\/sites\/13\/2021\/01\/conservatorio-musica-canarias-grupo.jpg\" \/>\n\t<meta property=\"og:image:width\" content=\"1600\" \/>\n\t<meta property=\"og:image:height\" content=\"1067\" \/>\n\t<meta property=\"og:image:type\" content=\"image\/jpeg\" \/>\n<meta name=\"author\" content=\"gaprsa\" \/>\n<meta name=\"twitter:card\" content=\"summary_large_image\" \/>\n<meta name=\"twitter:creator\" content=\"@CanalULL\" \/>\n<meta name=\"twitter:site\" content=\"@CanalULL\" \/>\n<meta name=\"twitter:label1\" content=\"Escrito por\" \/>\n\t<meta name=\"twitter:data1\" content=\"gaprsa\" \/>\n\t<meta name=\"twitter:label2\" content=\"Tiempo de lectura\" \/>\n\t<meta name=\"twitter:data2\" content=\"2 minutos\" \/>\n<script type=\"application\/ld+json\" class=\"yoast-schema-graph\">{\"@context\":\"https:\/\/schema.org\",\"@graph\":[{\"@type\":\"WebPage\",\"@id\":\"https:\/\/www.ull.es\/portal\/noticias\/2021\/la-ull-y-el-conservatorio-superior-de-musica-de-canarias-contaran-con-una-programacion-de-conciertos-en-el-paraninfo\/\",\"url\":\"https:\/\/www.ull.es\/portal\/noticias\/2021\/la-ull-y-el-conservatorio-superior-de-musica-de-canarias-contaran-con-una-programacion-de-conciertos-en-el-paraninfo\/\",\"name\":\"La ULL y el Conservatorio Superior de M\u00fasica de Canarias contar\u00e1n con una programaci\u00f3n de conciertos en el Paraninfo - ULL - Noticias\",\"isPartOf\":{\"@id\":\"https:\/\/www.ull.es\/portal\/noticias\/#website\"},\"datePublished\":\"2021-01-25T13:49:37+00:00\",\"dateModified\":\"2021-01-25T13:49:37+00:00\",\"author\":{\"@id\":\"https:\/\/www.ull.es\/portal\/noticias\/#\/schema\/person\/b2b1a89d43ffa609e591f7df8ef3e817\"},\"breadcrumb\":{\"@id\":\"https:\/\/www.ull.es\/portal\/noticias\/2021\/la-ull-y-el-conservatorio-superior-de-musica-de-canarias-contaran-con-una-programacion-de-conciertos-en-el-paraninfo\/#breadcrumb\"},\"inLanguage\":\"es\",\"potentialAction\":[{\"@type\":\"ReadAction\",\"target\":[\"https:\/\/www.ull.es\/portal\/noticias\/2021\/la-ull-y-el-conservatorio-superior-de-musica-de-canarias-contaran-con-una-programacion-de-conciertos-en-el-paraninfo\/\"]}]},{\"@type\":\"BreadcrumbList\",\"@id\":\"https:\/\/www.ull.es\/portal\/noticias\/2021\/la-ull-y-el-conservatorio-superior-de-musica-de-canarias-contaran-con-una-programacion-de-conciertos-en-el-paraninfo\/#breadcrumb\",\"itemListElement\":[{\"@type\":\"ListItem\",\"position\":1,\"name\":\"Portada\",\"item\":\"https:\/\/www.ull.es\/portal\/noticias\/\"},{\"@type\":\"ListItem\",\"position\":2,\"name\":\"La ULL y el Conservatorio Superior de M\u00fasica de Canarias contar\u00e1n con una programaci\u00f3n de conciertos en el Paraninfo\"}]},{\"@type\":\"WebSite\",\"@id\":\"https:\/\/www.ull.es\/portal\/noticias\/#website\",\"url\":\"https:\/\/www.ull.es\/portal\/noticias\/\",\"name\":\"ULL - Noticias\",\"description\":\"\",\"potentialAction\":[{\"@type\":\"SearchAction\",\"target\":{\"@type\":\"EntryPoint\",\"urlTemplate\":\"https:\/\/www.ull.es\/portal\/noticias\/?s={search_term_string}\"},\"query-input\":\"required name=search_term_string\"}],\"inLanguage\":\"es\"},{\"@type\":\"Person\",\"@id\":\"https:\/\/www.ull.es\/portal\/noticias\/#\/schema\/person\/b2b1a89d43ffa609e591f7df8ef3e817\",\"name\":\"gaprsa\",\"image\":{\"@type\":\"ImageObject\",\"inLanguage\":\"es\",\"@id\":\"https:\/\/www.ull.es\/portal\/noticias\/#\/schema\/person\/image\/\",\"url\":\"https:\/\/secure.gravatar.com\/avatar\/443820550921091458b4823867723b3d?s=96&d=mm&r=g\",\"contentUrl\":\"https:\/\/secure.gravatar.com\/avatar\/443820550921091458b4823867723b3d?s=96&d=mm&r=g\",\"caption\":\"gaprsa\"},\"url\":\"https:\/\/www.ull.es\/portal\/noticias\/author\/gaprsa\/\"}]}<\/script>\n<!-- \/ Yoast SEO plugin. -->","yoast_head_json":{"title":"La ULL y el Conservatorio Superior de M\u00fasica de Canarias contar\u00e1n con una programaci\u00f3n de conciertos en el Paraninfo - ULL - Noticias","robots":{"index":"index","follow":"follow","max-snippet":"max-snippet:-1","max-image-preview":"max-image-preview:large","max-video-preview":"max-video-preview:-1"},"canonical":"https:\/\/www.ull.es\/portal\/noticias\/2021\/la-ull-y-el-conservatorio-superior-de-musica-de-canarias-contaran-con-una-programacion-de-conciertos-en-el-paraninfo\/","og_locale":"es_ES","og_type":"article","og_title":"La ULL y el Conservatorio Superior de M\u00fasica de Canarias contar\u00e1n con una programaci\u00f3n de conciertos en el Paraninfo - ULL - Noticias","og_description":"La rectora de la Universidad de La Laguna, Rosa Aguilar, y el director del Conservatorio Superior de M\u00fasica de Canarias,...","og_url":"https:\/\/www.ull.es\/portal\/noticias\/2021\/la-ull-y-el-conservatorio-superior-de-musica-de-canarias-contaran-con-una-programacion-de-conciertos-en-el-paraninfo\/","og_site_name":"ULL - Noticias","article_publisher":"https:\/\/www.facebook.com\/universidaddelalaguna\/","article_published_time":"2021-01-25T13:49:37+00:00","og_image":[{"width":1600,"height":1067,"url":"https:\/\/www.ull.es\/portal\/noticias\/wp-content\/uploads\/sites\/13\/2021\/01\/conservatorio-musica-canarias-grupo.jpg","type":"image\/jpeg"}],"author":"gaprsa","twitter_card":"summary_large_image","twitter_creator":"@CanalULL","twitter_site":"@CanalULL","twitter_misc":{"Escrito por":"gaprsa","Tiempo de lectura":"2 minutos"},"schema":{"@context":"https:\/\/schema.org","@graph":[{"@type":"WebPage","@id":"https:\/\/www.ull.es\/portal\/noticias\/2021\/la-ull-y-el-conservatorio-superior-de-musica-de-canarias-contaran-con-una-programacion-de-conciertos-en-el-paraninfo\/","url":"https:\/\/www.ull.es\/portal\/noticias\/2021\/la-ull-y-el-conservatorio-superior-de-musica-de-canarias-contaran-con-una-programacion-de-conciertos-en-el-paraninfo\/","name":"La ULL y el Conservatorio Superior de M\u00fasica de Canarias contar\u00e1n con una programaci\u00f3n de conciertos en el Paraninfo - ULL - Noticias","isPartOf":{"@id":"https:\/\/www.ull.es\/portal\/noticias\/#website"},"datePublished":"2021-01-25T13:49:37+00:00","dateModified":"2021-01-25T13:49:37+00:00","author":{"@id":"https:\/\/www.ull.es\/portal\/noticias\/#\/schema\/person\/b2b1a89d43ffa609e591f7df8ef3e817"},"breadcrumb":{"@id":"https:\/\/www.ull.es\/portal\/noticias\/2021\/la-ull-y-el-conservatorio-superior-de-musica-de-canarias-contaran-con-una-programacion-de-conciertos-en-el-paraninfo\/#breadcrumb"},"inLanguage":"es","potentialAction":[{"@type":"ReadAction","target":["https:\/\/www.ull.es\/portal\/noticias\/2021\/la-ull-y-el-conservatorio-superior-de-musica-de-canarias-contaran-con-una-programacion-de-conciertos-en-el-paraninfo\/"]}]},{"@type":"BreadcrumbList","@id":"https:\/\/www.ull.es\/portal\/noticias\/2021\/la-ull-y-el-conservatorio-superior-de-musica-de-canarias-contaran-con-una-programacion-de-conciertos-en-el-paraninfo\/#breadcrumb","itemListElement":[{"@type":"ListItem","position":1,"name":"Portada","item":"https:\/\/www.ull.es\/portal\/noticias\/"},{"@type":"ListItem","position":2,"name":"La ULL y el Conservatorio Superior de M\u00fasica de Canarias contar\u00e1n con una programaci\u00f3n de conciertos en el Paraninfo"}]},{"@type":"WebSite","@id":"https:\/\/www.ull.es\/portal\/noticias\/#website","url":"https:\/\/www.ull.es\/portal\/noticias\/","name":"ULL - Noticias","description":"","potentialAction":[{"@type":"SearchAction","target":{"@type":"EntryPoint","urlTemplate":"https:\/\/www.ull.es\/portal\/noticias\/?s={search_term_string}"},"query-input":"required name=search_term_string"}],"inLanguage":"es"},{"@type":"Person","@id":"https:\/\/www.ull.es\/portal\/noticias\/#\/schema\/person\/b2b1a89d43ffa609e591f7df8ef3e817","name":"gaprsa","image":{"@type":"ImageObject","inLanguage":"es","@id":"https:\/\/www.ull.es\/portal\/noticias\/#\/schema\/person\/image\/","url":"https:\/\/secure.gravatar.com\/avatar\/443820550921091458b4823867723b3d?s=96&d=mm&r=g","contentUrl":"https:\/\/secure.gravatar.com\/avatar\/443820550921091458b4823867723b3d?s=96&d=mm&r=g","caption":"gaprsa"},"url":"https:\/\/www.ull.es\/portal\/noticias\/author\/gaprsa\/"}]}},"primary_category":{"id":344,"name":"Cultura","slug":"cultura","link":"https:\/\/www.ull.es\/portal\/noticias\/category\/cultura\/"},"featured_image_thumbnail_url":"https:\/\/www.ull.es\/portal\/noticias\/wp-content\/uploads\/sites\/13\/2021\/01\/conservatorio-musica-canarias-grupo-300x200.jpg","_links":{"self":[{"href":"https:\/\/www.ull.es\/portal\/noticias\/wp-json\/wp\/v2\/posts\/54253"}],"collection":[{"href":"https:\/\/www.ull.es\/portal\/noticias\/wp-json\/wp\/v2\/posts"}],"about":[{"href":"https:\/\/www.ull.es\/portal\/noticias\/wp-json\/wp\/v2\/types\/post"}],"author":[{"embeddable":true,"href":"https:\/\/www.ull.es\/portal\/noticias\/wp-json\/wp\/v2\/users\/23"}],"replies":[{"embeddable":true,"href":"https:\/\/www.ull.es\/portal\/noticias\/wp-json\/wp\/v2\/comments?post=54253"}],"version-history":[{"count":2,"href":"https:\/\/www.ull.es\/portal\/noticias\/wp-json\/wp\/v2\/posts\/54253\/revisions"}],"predecessor-version":[{"id":54257,"href":"https:\/\/www.ull.es\/portal\/noticias\/wp-json\/wp\/v2\/posts\/54253\/revisions\/54257"}],"wp:featuredmedia":[{"embeddable":true,"href":"https:\/\/www.ull.es\/portal\/noticias\/wp-json\/wp\/v2\/media\/54256"}],"wp:attachment":[{"href":"https:\/\/www.ull.es\/portal\/noticias\/wp-json\/wp\/v2\/media?parent=54253"}],"wp:term":[{"taxonomy":"category","embeddable":true,"href":"https:\/\/www.ull.es\/portal\/noticias\/wp-json\/wp\/v2\/categories?post=54253"},{"taxonomy":"post_tag","embeddable":true,"href":"https:\/\/www.ull.es\/portal\/noticias\/wp-json\/wp\/v2\/tags?post=54253"}],"curies":[{"name":"wp","href":"https:\/\/api.w.org\/{rel}","templated":true}]}}