{"id":54344,"date":"2021-01-29T14:13:41","date_gmt":"2021-01-29T14:13:41","guid":{"rendered":"https:\/\/www.ull.es\/portal\/noticias\/?p=54344"},"modified":"2021-02-01T09:49:26","modified_gmt":"2021-02-01T09:49:26","slug":"alumni-ull-concede-ayudas-de-mecenazgo-para-14-proyectos-investigadores-y-culturales","status":"publish","type":"post","link":"https:\/\/www.ull.es\/portal\/noticias\/2021\/alumni-ull-concede-ayudas-de-mecenazgo-para-14-proyectos-investigadores-y-culturales\/","title":{"rendered":"Alumni ULL concede ayudas de mecenazgo para 14 proyectos investigadores y culturales"},"content":{"rendered":"<p>El Paraninfo de la Universidad de La Laguna ha sido el lugar escogido hoy 29 de enero para hacer entrega de las ayudas al mecenazgo que Alumni ULL concede anualmente para sufragar costes de proyectos de investigaci\u00f3n y de iniciativas culturales.\u00a0 Este a\u00f1o, y gracias al apoyo de la Caixa, la asociaci\u00f3n de antiguos alumnos y amigos del centro acad\u00e9mico ha concedido apoyos a catorce iniciativas, por un valor de 5.500 euros.<\/p>\n<p>Esta es la octava ocasi\u00f3n en la que Alumni lleva a cabo acciones de este tenor, en la idea de devolver a la propia universidad lo que ella tanto le dio a los que fueron sus miembros de su comunidad universitaria o todav\u00eda siguen si\u00e9ndolo, destac\u00f3 su presidenta, Carmen Pitti. Este colectivo, pese a haber perdido algunos ingresos por bajas de socios a consecuencia de la pandemia, ha mantenido e incluso incrementado el nivel de ayudas, apoy\u00e1ndose para ello en la entidad bancaria rese\u00f1ada.<\/p>\n<div id=\"attachment_54343\" style=\"width: 310px\" class=\"wp-caption alignleft\"><img aria-describedby=\"caption-attachment-54343\" decoding=\"async\" loading=\"lazy\" class=\"size-medium wp-image-54343\" src=\"https:\/\/www.ull.es\/portal\/noticias\/wp-content\/uploads\/sites\/13\/2021\/01\/Mecenazgo-Alumni-presidenta-y-rectora-300x200.jpg\" alt=\"\" width=\"300\" height=\"200\" srcset=\"https:\/\/www.ull.es\/portal\/noticias\/wp-content\/uploads\/sites\/13\/2021\/01\/Mecenazgo-Alumni-presidenta-y-rectora-300x200.jpg 300w, https:\/\/www.ull.es\/portal\/noticias\/wp-content\/uploads\/sites\/13\/2021\/01\/Mecenazgo-Alumni-presidenta-y-rectora-768x512.jpg 768w, https:\/\/www.ull.es\/portal\/noticias\/wp-content\/uploads\/sites\/13\/2021\/01\/Mecenazgo-Alumni-presidenta-y-rectora-375x250.jpg 375w, https:\/\/www.ull.es\/portal\/noticias\/wp-content\/uploads\/sites\/13\/2021\/01\/Mecenazgo-Alumni-presidenta-y-rectora-750x500.jpg 750w, https:\/\/www.ull.es\/portal\/noticias\/wp-content\/uploads\/sites\/13\/2021\/01\/Mecenazgo-Alumni-presidenta-y-rectora.jpg 1024w\" sizes=\"(max-width: 300px) 100vw, 300px\" \/><p id=\"caption-attachment-54343\" class=\"wp-caption-text\">La presidenta de Alumni y la rectora de la ULL.<\/p><\/div>\n<p>La rectora de la instituci\u00f3n, Rosa Aguilar, sostuvo en el acto que esta convocatoria de ayudas tiene un enorme valor, dijo. \u201cSon momentos muy dif\u00edciles, estamos sumidos en una profunda crisis econ\u00f3mica como no record\u00e1bamos y escasean los apoyos internos y externos\u201d.\u00a0La m\u00e1xima mandataria de la universidad se\u00f1al\u00f3 a Alumni como \u201csocio fiel, estable, totalmente volcado en la universidad, atento a nuestras demandas\u201d, que colabora con el centro docente en ocasiones como el D\u00eda Institucional, el D\u00eda del Libro y en otras iniciativas vinculadas con la Biblioteca Universitaria.<\/p>\n<p>\u201cLas acciones de mecenazgo son muy importantes para las instituciones, no solo porque suponen una inyecci\u00f3n econ\u00f3mica verdaderamente estimable, sino porque adem\u00e1s son un claro ejemplo de compromiso, de solidaridad con los valores en lo que uno cree y, en nuestro caso, de defensa y protecci\u00f3n de lo p\u00fablico\u201d, apunt\u00f3 la rectora. \u201cConstituyen pues un patrimonio intangible, un apoyo expl\u00edcito a la instituci\u00f3n en unos momentos de m\u00e1xima incertidumbre, en medio de un desplome de la econom\u00eda nacional como no se ve\u00eda desde la Guerra Civil\u201d, recalc\u00f3.<\/p>\n<p>&nbsp;<\/p>\n<p><strong>Los beneficiarios<\/strong><\/p>\n<p>Instituto de Enfermedades Tropicales: Mecenazgo de introducci\u00f3n a la investigaci\u00f3n en enfermedades tropicales de un alumno\/a que haya cursado Parasitolog\u00eda y se encuentre en los dos \u00faltimos a\u00f1os de grado.<\/p>\n<p>Grupo de Investigaci\u00f3n \u201cEvoluci\u00f3n, gen\u00e9tica de poblaciones y paleogen\u00f3mica\u201d: XIV Jornadas de Gen\u00e9tica de la Universidad de La Laguna.<\/p>\n<p>Grupo de investigaci\u00f3n \u201cDerecho, persona y familia\u201d: Colaboraci\u00f3n en la publicaci\u00f3n de una monograf\u00eda a nivel nacional sobre \u201cLa protecci\u00f3n jur\u00eddica de la persona menor de edad ante la violencia\u201d.<\/p>\n<p>Aula Cultural Matem\u00e1tica Divulgativa de la Universidad de La Laguna: Cofinanciaci\u00f3n del proyecto de la FECYT FCT-19-14886 para impresi\u00f3n y dise\u00f1o de tarjetas matem\u00e1ticas.<\/p>\n<p>Grupo de Investigaci\u00f3n \u201cGen\u00e9tica Molecular y Biodiversidad\u201d: Llevar a cabo una parte de la investigaci\u00f3n que guarda relaci\u00f3n con los efectos del cambio clim\u00e1tico en la biodiversidad de nuestros ecosistemas marinos.<\/p>\n<p>C\u00e1tedra Cultural Pedro Garc\u00eda Cabrera y Agrupaci\u00f3n de Teatro de Filolog\u00eda de la Universidad de La Laguna: Montaje de espect\u00e1culo cultural teatro-musical sobre la vida y obra de Pedro Garc\u00eda Cabrera.<\/p>\n<p>Centro de Estudios Africanos de la Universidad de La Laguna: Realizaci\u00f3n del II Seminario Making Canarias-\u00c1frica. Cuerpos, Colores y Poder.<\/p>\n<p>Grupo de Investigaci\u00f3n \u201cFlora y Vegetaci\u00f3n Canaria\u201d: Adecuaci\u00f3n de la espermatoteca del Herbario TFC.<\/p>\n<p>Facultad de Bellas Artes, gastos de montaje en la sala de exposiciones.<\/p>\n<p>Grupo de Investigaci\u00f3n Liqueolog\u00eda: Investigaci\u00f3n (extracci\u00f3n y secuenciaci\u00f3n de material biol\u00f3gico).<\/p>\n<p>Asociaci\u00f3n Coral Universitaria de La Laguna: Afinar y reparar el piano de ensayo y realizaci\u00f3n de talleres de t\u00e9cnica vocal.<\/p>\n<p>Grupo de investigaci\u00f3n proyecto \u201cSistemas bent\u00f3nicos dominados por zoant\u00eddeos (BIOECOMAC)\u201d: Reacciones de secuenciaci\u00f3n y an\u00e1lisis gen\u00e9ticos de la an\u00e9mona Telmatactis sp.<\/p>\n<p>Grupo de Investigaci\u00f3n e Innovaci\u00f3n en la \u201cDocencia de la Actividad F\u00edsica y el Deporte\u201d: An\u00e1lisis de la oferta p\u00fablica de actividades f\u00edsicas y deportivas para la inclusi\u00f3n de las personas con discapacidad.<\/p>\n<p>Secci\u00f3n de Medicina: Adquisici\u00f3n de material fotogr\u00e1fico y de v\u00eddeo.<\/p>\n","protected":false},"excerpt":{"rendered":"<p>El Paraninfo de la Universidad de La Laguna ha sido el lugar escogido hoy 29 de enero para hacer entrega&#8230;<\/p>\n","protected":false},"author":23,"featured_media":54342,"comment_status":"closed","ping_status":"closed","sticky":false,"template":"","format":"standard","meta":{"inline_featured_image":false,"footnotes":""},"categories":[345,348,4568,2765],"tags":[465,1870],"acf":[],"yoast_head":"<!-- This site is optimized with the Yoast SEO plugin v21.3 - https:\/\/yoast.com\/wordpress\/plugins\/seo\/ -->\n<title>Alumni ULL concede ayudas de mecenazgo para 14 proyectos investigadores y culturales - ULL - Noticias<\/title>\n<meta name=\"robots\" content=\"index, follow, max-snippet:-1, max-image-preview:large, max-video-preview:-1\" \/>\n<link rel=\"canonical\" href=\"https:\/\/www.ull.es\/portal\/noticias\/2021\/alumni-ull-concede-ayudas-de-mecenazgo-para-14-proyectos-investigadores-y-culturales\/\" \/>\n<meta property=\"og:locale\" content=\"es_ES\" \/>\n<meta property=\"og:type\" content=\"article\" \/>\n<meta property=\"og:title\" content=\"Alumni ULL concede ayudas de mecenazgo para 14 proyectos investigadores y culturales - ULL - Noticias\" \/>\n<meta property=\"og:description\" content=\"El Paraninfo de la Universidad de La Laguna ha sido el lugar escogido hoy 29 de enero para hacer entrega...\" \/>\n<meta property=\"og:url\" content=\"https:\/\/www.ull.es\/portal\/noticias\/2021\/alumni-ull-concede-ayudas-de-mecenazgo-para-14-proyectos-investigadores-y-culturales\/\" \/>\n<meta property=\"og:site_name\" content=\"ULL - Noticias\" \/>\n<meta property=\"article:publisher\" content=\"https:\/\/www.facebook.com\/universidaddelalaguna\/\" \/>\n<meta property=\"article:published_time\" content=\"2021-01-29T14:13:41+00:00\" \/>\n<meta property=\"article:modified_time\" content=\"2021-02-01T09:49:26+00:00\" \/>\n<meta property=\"og:image\" content=\"https:\/\/www.ull.es\/portal\/noticias\/wp-content\/uploads\/sites\/13\/2021\/01\/Mecenazgo-Alumni-grupo.jpg\" \/>\n\t<meta property=\"og:image:width\" content=\"1024\" \/>\n\t<meta property=\"og:image:height\" content=\"683\" \/>\n\t<meta property=\"og:image:type\" content=\"image\/jpeg\" \/>\n<meta name=\"author\" content=\"gaprsa\" \/>\n<meta name=\"twitter:card\" content=\"summary_large_image\" \/>\n<meta name=\"twitter:creator\" content=\"@CanalULL\" \/>\n<meta name=\"twitter:site\" content=\"@CanalULL\" \/>\n<meta name=\"twitter:label1\" content=\"Escrito por\" \/>\n\t<meta name=\"twitter:data1\" content=\"gaprsa\" \/>\n\t<meta name=\"twitter:label2\" content=\"Tiempo de lectura\" \/>\n\t<meta name=\"twitter:data2\" content=\"4 minutos\" \/>\n<script type=\"application\/ld+json\" class=\"yoast-schema-graph\">{\"@context\":\"https:\/\/schema.org\",\"@graph\":[{\"@type\":\"WebPage\",\"@id\":\"https:\/\/www.ull.es\/portal\/noticias\/2021\/alumni-ull-concede-ayudas-de-mecenazgo-para-14-proyectos-investigadores-y-culturales\/\",\"url\":\"https:\/\/www.ull.es\/portal\/noticias\/2021\/alumni-ull-concede-ayudas-de-mecenazgo-para-14-proyectos-investigadores-y-culturales\/\",\"name\":\"Alumni ULL concede ayudas de mecenazgo para 14 proyectos investigadores y culturales - ULL - Noticias\",\"isPartOf\":{\"@id\":\"https:\/\/www.ull.es\/portal\/noticias\/#website\"},\"datePublished\":\"2021-01-29T14:13:41+00:00\",\"dateModified\":\"2021-02-01T09:49:26+00:00\",\"author\":{\"@id\":\"https:\/\/www.ull.es\/portal\/noticias\/#\/schema\/person\/b2b1a89d43ffa609e591f7df8ef3e817\"},\"breadcrumb\":{\"@id\":\"https:\/\/www.ull.es\/portal\/noticias\/2021\/alumni-ull-concede-ayudas-de-mecenazgo-para-14-proyectos-investigadores-y-culturales\/#breadcrumb\"},\"inLanguage\":\"es\",\"potentialAction\":[{\"@type\":\"ReadAction\",\"target\":[\"https:\/\/www.ull.es\/portal\/noticias\/2021\/alumni-ull-concede-ayudas-de-mecenazgo-para-14-proyectos-investigadores-y-culturales\/\"]}]},{\"@type\":\"BreadcrumbList\",\"@id\":\"https:\/\/www.ull.es\/portal\/noticias\/2021\/alumni-ull-concede-ayudas-de-mecenazgo-para-14-proyectos-investigadores-y-culturales\/#breadcrumb\",\"itemListElement\":[{\"@type\":\"ListItem\",\"position\":1,\"name\":\"Portada\",\"item\":\"https:\/\/www.ull.es\/portal\/noticias\/\"},{\"@type\":\"ListItem\",\"position\":2,\"name\":\"Alumni ULL concede ayudas de mecenazgo para 14 proyectos investigadores y culturales\"}]},{\"@type\":\"WebSite\",\"@id\":\"https:\/\/www.ull.es\/portal\/noticias\/#website\",\"url\":\"https:\/\/www.ull.es\/portal\/noticias\/\",\"name\":\"ULL - Noticias\",\"description\":\"\",\"potentialAction\":[{\"@type\":\"SearchAction\",\"target\":{\"@type\":\"EntryPoint\",\"urlTemplate\":\"https:\/\/www.ull.es\/portal\/noticias\/?s={search_term_string}\"},\"query-input\":\"required name=search_term_string\"}],\"inLanguage\":\"es\"},{\"@type\":\"Person\",\"@id\":\"https:\/\/www.ull.es\/portal\/noticias\/#\/schema\/person\/b2b1a89d43ffa609e591f7df8ef3e817\",\"name\":\"gaprsa\",\"image\":{\"@type\":\"ImageObject\",\"inLanguage\":\"es\",\"@id\":\"https:\/\/www.ull.es\/portal\/noticias\/#\/schema\/person\/image\/\",\"url\":\"https:\/\/secure.gravatar.com\/avatar\/443820550921091458b4823867723b3d?s=96&d=mm&r=g\",\"contentUrl\":\"https:\/\/secure.gravatar.com\/avatar\/443820550921091458b4823867723b3d?s=96&d=mm&r=g\",\"caption\":\"gaprsa\"},\"url\":\"https:\/\/www.ull.es\/portal\/noticias\/author\/gaprsa\/\"}]}<\/script>\n<!-- \/ Yoast SEO plugin. -->","yoast_head_json":{"title":"Alumni ULL concede ayudas de mecenazgo para 14 proyectos investigadores y culturales - ULL - Noticias","robots":{"index":"index","follow":"follow","max-snippet":"max-snippet:-1","max-image-preview":"max-image-preview:large","max-video-preview":"max-video-preview:-1"},"canonical":"https:\/\/www.ull.es\/portal\/noticias\/2021\/alumni-ull-concede-ayudas-de-mecenazgo-para-14-proyectos-investigadores-y-culturales\/","og_locale":"es_ES","og_type":"article","og_title":"Alumni ULL concede ayudas de mecenazgo para 14 proyectos investigadores y culturales - ULL - Noticias","og_description":"El Paraninfo de la Universidad de La Laguna ha sido el lugar escogido hoy 29 de enero para hacer entrega...","og_url":"https:\/\/www.ull.es\/portal\/noticias\/2021\/alumni-ull-concede-ayudas-de-mecenazgo-para-14-proyectos-investigadores-y-culturales\/","og_site_name":"ULL - Noticias","article_publisher":"https:\/\/www.facebook.com\/universidaddelalaguna\/","article_published_time":"2021-01-29T14:13:41+00:00","article_modified_time":"2021-02-01T09:49:26+00:00","og_image":[{"width":1024,"height":683,"url":"https:\/\/www.ull.es\/portal\/noticias\/wp-content\/uploads\/sites\/13\/2021\/01\/Mecenazgo-Alumni-grupo.jpg","type":"image\/jpeg"}],"author":"gaprsa","twitter_card":"summary_large_image","twitter_creator":"@CanalULL","twitter_site":"@CanalULL","twitter_misc":{"Escrito por":"gaprsa","Tiempo de lectura":"4 minutos"},"schema":{"@context":"https:\/\/schema.org","@graph":[{"@type":"WebPage","@id":"https:\/\/www.ull.es\/portal\/noticias\/2021\/alumni-ull-concede-ayudas-de-mecenazgo-para-14-proyectos-investigadores-y-culturales\/","url":"https:\/\/www.ull.es\/portal\/noticias\/2021\/alumni-ull-concede-ayudas-de-mecenazgo-para-14-proyectos-investigadores-y-culturales\/","name":"Alumni ULL concede ayudas de mecenazgo para 14 proyectos investigadores y culturales - ULL - Noticias","isPartOf":{"@id":"https:\/\/www.ull.es\/portal\/noticias\/#website"},"datePublished":"2021-01-29T14:13:41+00:00","dateModified":"2021-02-01T09:49:26+00:00","author":{"@id":"https:\/\/www.ull.es\/portal\/noticias\/#\/schema\/person\/b2b1a89d43ffa609e591f7df8ef3e817"},"breadcrumb":{"@id":"https:\/\/www.ull.es\/portal\/noticias\/2021\/alumni-ull-concede-ayudas-de-mecenazgo-para-14-proyectos-investigadores-y-culturales\/#breadcrumb"},"inLanguage":"es","potentialAction":[{"@type":"ReadAction","target":["https:\/\/www.ull.es\/portal\/noticias\/2021\/alumni-ull-concede-ayudas-de-mecenazgo-para-14-proyectos-investigadores-y-culturales\/"]}]},{"@type":"BreadcrumbList","@id":"https:\/\/www.ull.es\/portal\/noticias\/2021\/alumni-ull-concede-ayudas-de-mecenazgo-para-14-proyectos-investigadores-y-culturales\/#breadcrumb","itemListElement":[{"@type":"ListItem","position":1,"name":"Portada","item":"https:\/\/www.ull.es\/portal\/noticias\/"},{"@type":"ListItem","position":2,"name":"Alumni ULL concede ayudas de mecenazgo para 14 proyectos investigadores y culturales"}]},{"@type":"WebSite","@id":"https:\/\/www.ull.es\/portal\/noticias\/#website","url":"https:\/\/www.ull.es\/portal\/noticias\/","name":"ULL - Noticias","description":"","potentialAction":[{"@type":"SearchAction","target":{"@type":"EntryPoint","urlTemplate":"https:\/\/www.ull.es\/portal\/noticias\/?s={search_term_string}"},"query-input":"required name=search_term_string"}],"inLanguage":"es"},{"@type":"Person","@id":"https:\/\/www.ull.es\/portal\/noticias\/#\/schema\/person\/b2b1a89d43ffa609e591f7df8ef3e817","name":"gaprsa","image":{"@type":"ImageObject","inLanguage":"es","@id":"https:\/\/www.ull.es\/portal\/noticias\/#\/schema\/person\/image\/","url":"https:\/\/secure.gravatar.com\/avatar\/443820550921091458b4823867723b3d?s=96&d=mm&r=g","contentUrl":"https:\/\/secure.gravatar.com\/avatar\/443820550921091458b4823867723b3d?s=96&d=mm&r=g","caption":"gaprsa"},"url":"https:\/\/www.ull.es\/portal\/noticias\/author\/gaprsa\/"}]}},"primary_category":{"id":345,"name":"Destacado","slug":"destacado","link":"https:\/\/www.ull.es\/portal\/noticias\/category\/destacado\/"},"featured_image_thumbnail_url":"https:\/\/www.ull.es\/portal\/noticias\/wp-content\/uploads\/sites\/13\/2021\/01\/Mecenazgo-Alumni-grupo-300x200.jpg","_links":{"self":[{"href":"https:\/\/www.ull.es\/portal\/noticias\/wp-json\/wp\/v2\/posts\/54344"}],"collection":[{"href":"https:\/\/www.ull.es\/portal\/noticias\/wp-json\/wp\/v2\/posts"}],"about":[{"href":"https:\/\/www.ull.es\/portal\/noticias\/wp-json\/wp\/v2\/types\/post"}],"author":[{"embeddable":true,"href":"https:\/\/www.ull.es\/portal\/noticias\/wp-json\/wp\/v2\/users\/23"}],"replies":[{"embeddable":true,"href":"https:\/\/www.ull.es\/portal\/noticias\/wp-json\/wp\/v2\/comments?post=54344"}],"version-history":[{"count":1,"href":"https:\/\/www.ull.es\/portal\/noticias\/wp-json\/wp\/v2\/posts\/54344\/revisions"}],"predecessor-version":[{"id":54345,"href":"https:\/\/www.ull.es\/portal\/noticias\/wp-json\/wp\/v2\/posts\/54344\/revisions\/54345"}],"wp:featuredmedia":[{"embeddable":true,"href":"https:\/\/www.ull.es\/portal\/noticias\/wp-json\/wp\/v2\/media\/54342"}],"wp:attachment":[{"href":"https:\/\/www.ull.es\/portal\/noticias\/wp-json\/wp\/v2\/media?parent=54344"}],"wp:term":[{"taxonomy":"category","embeddable":true,"href":"https:\/\/www.ull.es\/portal\/noticias\/wp-json\/wp\/v2\/categories?post=54344"},{"taxonomy":"post_tag","embeddable":true,"href":"https:\/\/www.ull.es\/portal\/noticias\/wp-json\/wp\/v2\/tags?post=54344"}],"curies":[{"name":"wp","href":"https:\/\/api.w.org\/{rel}","templated":true}]}}