{"id":54400,"date":"2021-02-03T12:59:35","date_gmt":"2021-02-03T12:59:35","guid":{"rendered":"https:\/\/www.ull.es\/portal\/noticias\/?p=54400"},"modified":"2021-02-03T13:01:25","modified_gmt":"2021-02-03T13:01:25","slug":"la-asociacion-de-mayores-de-la-ull-lanza-un-proyecto-para-unir-a-escritores-de-distintas-generaciones","status":"publish","type":"post","link":"https:\/\/www.ull.es\/portal\/noticias\/2021\/la-asociacion-de-mayores-de-la-ull-lanza-un-proyecto-para-unir-a-escritores-de-distintas-generaciones\/","title":{"rendered":"La Asociaci\u00f3n de Mayores de la ULL lanza un proyecto para unir a escritores de distintas generaciones"},"content":{"rendered":"<p>La Asociaci\u00f3n de Mayores de la Universidad de La Laguna ha puesto en marcha una iniciativa para redoblar su compromiso con las personas de m\u00e1s edad, ofreci\u00e9ndoles actividades para que recuperen cierto acompa\u00f1amiento y construyan espacios relacionales que les ayuden a afrontar las posibles situaciones de aislamiento social ocasionadas por la pandemia.\u00a0De ah\u00ed nace el proyecto Semilla Literaria, que persigue que j\u00f3venes escritores que han alcanzado cierto nivel de reconocimiento dentro de las letras canarias se re\u00fanan con escritores con una trayectoria s\u00f3lida, propiciando que ambos colectivos se retroalimenten de sus expectativas y conocimiento mutuo.<\/p>\n<p>Los escritores hablan as\u00ed de su experiencia en la literatura y de su relaci\u00f3n con personas mayores que les han marcado en su trayectoria vital y literaria. La presidenta de esta asociaci\u00f3n adscrita al Programa para Mayores del centro acad\u00e9mico, Carmen Gloria Mesa, considera que \u201cla lectura y la escritura se han manifestado como uno de los recursos m\u00e1s efectivos para el envejecimiento activo y evitar los momentos de soledad. Ahora m\u00e1s que nunca, hay que fomentar m\u00e9todos de socializaci\u00f3n compatibles con la situaci\u00f3n sanitaria, en unas islas donde hay 70.000 personas de m\u00e1s de 65 a\u00f1os que viven solas\u201d.<\/p>\n<p>Mesa enfatiza la importancia de los intercambios intergeneracionales. \u201cLa interacci\u00f3n entre personas de diferentes edades beneficia a la sociedad en su conjunto. El buen contacto intergeneracional, y este proyecto lo es, mejora las actitudes de los j\u00f3venes hacia las personas mayores, se logra crear capital social, confianza y apoyo mutuo, lo que permite contar con comunidades y sociedades m\u00e1s cohesionadas, menos fragmentadas\u201d.<\/p>\n<p>Para alcanzar estos objetivos se obtuvieron piezas audiovisuales que han sido ampliamente difundidas por las redes de esta asociaci\u00f3n. Los intervinientes han sido: Yurena Gonz\u00e1lez (Santa Cruz de Tenerife, 1980), historiadora, investigadora, gestora cultural y escritora. Nos cuenta la inspiraci\u00f3n que siente por su abuela Lola, y como pudo ir descubri\u00e9ndola poco a poco hasta inspirar el microrrelato \u201cCosturera de Dolores\u201d.\u00a0Aida Gonz\u00e1lez Rossi (Santa Cruz de Tenerife, 1995), periodista y escritora, quien nos habla del significado de la palabra \u201cAbuela\u201d \u2026 un microrrelato inspirado en la cotidianidad del hogar de su abuela. Alberto Omar Walls (Santa Cruz de Tenerife, 1943), escritor, gestor cultural, dramaturgo, profesor de teatro que pertenece a la generaci\u00f3n de novelistas canarios que se dio en llamar Generaci\u00f3n del 70 o Boom de la narrativa canaria. Otros tambi\u00e9n denominaron al grupo generacional narraguanches. En su video se acerca a la naturaleza del microrrelato y del marco te\u00f3rico para afrontar su escritura.<\/p>\n<p>Yeray Barroso (Tenerife, 1992), cr\u00edtico literario y poeta. De su poemario Ceremonia (2018), con el cual obtuvo el premio Nuevas Escrituras Canarias 2019, nos narra la poes\u00eda que le ha inspirado las personas mayores de su entorno. Y, por \u00faltimo, Isabel Medina (Hermigua, La Gomera, 1943), novelista, poeta, libretos de \u00f3pera, etc., una escritora prol\u00edfica, diserta acerca del descubrimiento de la literatura y de c\u00f3mo un mayor del sur de la isla le influy\u00f3 en su vida para llegar a ser la escritora que es hoy en d\u00eda.<\/p>\n<p><a href=\"https:\/\/www.youtube.com\/channel\/UC9fCK7N-XYZKb1lyue6Dywg\/featured\" target=\"_blank\" rel=\"noopener noreferrer\" target=\"_blank\" rel=\"noopener\">V\u00eddeos sobre el proyecto \u00abSemilla literaria\u00bb<\/a>.<\/p>\n","protected":false},"excerpt":{"rendered":"<p>La Asociaci\u00f3n de Mayores de la Universidad de La Laguna ha puesto en marcha una iniciativa para redoblar su compromiso&#8230;<\/p>\n","protected":false},"author":23,"featured_media":54402,"comment_status":"closed","ping_status":"closed","sticky":false,"template":"","format":"standard","meta":{"inline_featured_image":false,"footnotes":""},"categories":[344,345,2765],"tags":[3944],"acf":[],"yoast_head":"<!-- This site is optimized with the Yoast SEO plugin v21.3 - https:\/\/yoast.com\/wordpress\/plugins\/seo\/ -->\n<title>La Asociaci\u00f3n de Mayores de la ULL lanza un proyecto para unir a escritores de distintas generaciones - ULL - Noticias<\/title>\n<meta name=\"robots\" content=\"index, follow, max-snippet:-1, max-image-preview:large, max-video-preview:-1\" \/>\n<link rel=\"canonical\" href=\"https:\/\/www.ull.es\/portal\/noticias\/2021\/la-asociacion-de-mayores-de-la-ull-lanza-un-proyecto-para-unir-a-escritores-de-distintas-generaciones\/\" \/>\n<meta property=\"og:locale\" content=\"es_ES\" \/>\n<meta property=\"og:type\" content=\"article\" \/>\n<meta property=\"og:title\" content=\"La Asociaci\u00f3n de Mayores de la ULL lanza un proyecto para unir a escritores de distintas generaciones - ULL - Noticias\" \/>\n<meta property=\"og:description\" content=\"La Asociaci\u00f3n de Mayores de la Universidad de La Laguna ha puesto en marcha una iniciativa para redoblar su compromiso...\" \/>\n<meta property=\"og:url\" content=\"https:\/\/www.ull.es\/portal\/noticias\/2021\/la-asociacion-de-mayores-de-la-ull-lanza-un-proyecto-para-unir-a-escritores-de-distintas-generaciones\/\" \/>\n<meta property=\"og:site_name\" content=\"ULL - Noticias\" \/>\n<meta property=\"article:publisher\" content=\"https:\/\/www.facebook.com\/universidaddelalaguna\/\" \/>\n<meta property=\"article:published_time\" content=\"2021-02-03T12:59:35+00:00\" \/>\n<meta property=\"article:modified_time\" content=\"2021-02-03T13:01:25+00:00\" \/>\n<meta property=\"og:image\" content=\"https:\/\/www.ull.es\/portal\/noticias\/wp-content\/uploads\/sites\/13\/2021\/02\/semilla.jpg\" \/>\n\t<meta property=\"og:image:width\" content=\"1200\" \/>\n\t<meta property=\"og:image:height\" content=\"800\" \/>\n\t<meta property=\"og:image:type\" content=\"image\/jpeg\" \/>\n<meta name=\"author\" content=\"gaprsa\" \/>\n<meta name=\"twitter:card\" content=\"summary_large_image\" \/>\n<meta name=\"twitter:creator\" content=\"@CanalULL\" \/>\n<meta name=\"twitter:site\" content=\"@CanalULL\" \/>\n<meta name=\"twitter:label1\" content=\"Escrito por\" \/>\n\t<meta name=\"twitter:data1\" content=\"gaprsa\" \/>\n\t<meta name=\"twitter:label2\" content=\"Tiempo de lectura\" \/>\n\t<meta name=\"twitter:data2\" content=\"3 minutos\" \/>\n<script type=\"application\/ld+json\" class=\"yoast-schema-graph\">{\"@context\":\"https:\/\/schema.org\",\"@graph\":[{\"@type\":\"WebPage\",\"@id\":\"https:\/\/www.ull.es\/portal\/noticias\/2021\/la-asociacion-de-mayores-de-la-ull-lanza-un-proyecto-para-unir-a-escritores-de-distintas-generaciones\/\",\"url\":\"https:\/\/www.ull.es\/portal\/noticias\/2021\/la-asociacion-de-mayores-de-la-ull-lanza-un-proyecto-para-unir-a-escritores-de-distintas-generaciones\/\",\"name\":\"La Asociaci\u00f3n de Mayores de la ULL lanza un proyecto para unir a escritores de distintas generaciones - ULL - Noticias\",\"isPartOf\":{\"@id\":\"https:\/\/www.ull.es\/portal\/noticias\/#website\"},\"datePublished\":\"2021-02-03T12:59:35+00:00\",\"dateModified\":\"2021-02-03T13:01:25+00:00\",\"author\":{\"@id\":\"https:\/\/www.ull.es\/portal\/noticias\/#\/schema\/person\/b2b1a89d43ffa609e591f7df8ef3e817\"},\"breadcrumb\":{\"@id\":\"https:\/\/www.ull.es\/portal\/noticias\/2021\/la-asociacion-de-mayores-de-la-ull-lanza-un-proyecto-para-unir-a-escritores-de-distintas-generaciones\/#breadcrumb\"},\"inLanguage\":\"es\",\"potentialAction\":[{\"@type\":\"ReadAction\",\"target\":[\"https:\/\/www.ull.es\/portal\/noticias\/2021\/la-asociacion-de-mayores-de-la-ull-lanza-un-proyecto-para-unir-a-escritores-de-distintas-generaciones\/\"]}]},{\"@type\":\"BreadcrumbList\",\"@id\":\"https:\/\/www.ull.es\/portal\/noticias\/2021\/la-asociacion-de-mayores-de-la-ull-lanza-un-proyecto-para-unir-a-escritores-de-distintas-generaciones\/#breadcrumb\",\"itemListElement\":[{\"@type\":\"ListItem\",\"position\":1,\"name\":\"Portada\",\"item\":\"https:\/\/www.ull.es\/portal\/noticias\/\"},{\"@type\":\"ListItem\",\"position\":2,\"name\":\"La Asociaci\u00f3n de Mayores de la ULL lanza un proyecto para unir a escritores de distintas generaciones\"}]},{\"@type\":\"WebSite\",\"@id\":\"https:\/\/www.ull.es\/portal\/noticias\/#website\",\"url\":\"https:\/\/www.ull.es\/portal\/noticias\/\",\"name\":\"ULL - Noticias\",\"description\":\"\",\"potentialAction\":[{\"@type\":\"SearchAction\",\"target\":{\"@type\":\"EntryPoint\",\"urlTemplate\":\"https:\/\/www.ull.es\/portal\/noticias\/?s={search_term_string}\"},\"query-input\":\"required name=search_term_string\"}],\"inLanguage\":\"es\"},{\"@type\":\"Person\",\"@id\":\"https:\/\/www.ull.es\/portal\/noticias\/#\/schema\/person\/b2b1a89d43ffa609e591f7df8ef3e817\",\"name\":\"gaprsa\",\"image\":{\"@type\":\"ImageObject\",\"inLanguage\":\"es\",\"@id\":\"https:\/\/www.ull.es\/portal\/noticias\/#\/schema\/person\/image\/\",\"url\":\"https:\/\/secure.gravatar.com\/avatar\/443820550921091458b4823867723b3d?s=96&d=mm&r=g\",\"contentUrl\":\"https:\/\/secure.gravatar.com\/avatar\/443820550921091458b4823867723b3d?s=96&d=mm&r=g\",\"caption\":\"gaprsa\"},\"url\":\"https:\/\/www.ull.es\/portal\/noticias\/author\/gaprsa\/\"}]}<\/script>\n<!-- \/ Yoast SEO plugin. -->","yoast_head_json":{"title":"La Asociaci\u00f3n de Mayores de la ULL lanza un proyecto para unir a escritores de distintas generaciones - ULL - Noticias","robots":{"index":"index","follow":"follow","max-snippet":"max-snippet:-1","max-image-preview":"max-image-preview:large","max-video-preview":"max-video-preview:-1"},"canonical":"https:\/\/www.ull.es\/portal\/noticias\/2021\/la-asociacion-de-mayores-de-la-ull-lanza-un-proyecto-para-unir-a-escritores-de-distintas-generaciones\/","og_locale":"es_ES","og_type":"article","og_title":"La Asociaci\u00f3n de Mayores de la ULL lanza un proyecto para unir a escritores de distintas generaciones - ULL - Noticias","og_description":"La Asociaci\u00f3n de Mayores de la Universidad de La Laguna ha puesto en marcha una iniciativa para redoblar su compromiso...","og_url":"https:\/\/www.ull.es\/portal\/noticias\/2021\/la-asociacion-de-mayores-de-la-ull-lanza-un-proyecto-para-unir-a-escritores-de-distintas-generaciones\/","og_site_name":"ULL - Noticias","article_publisher":"https:\/\/www.facebook.com\/universidaddelalaguna\/","article_published_time":"2021-02-03T12:59:35+00:00","article_modified_time":"2021-02-03T13:01:25+00:00","og_image":[{"width":1200,"height":800,"url":"https:\/\/www.ull.es\/portal\/noticias\/wp-content\/uploads\/sites\/13\/2021\/02\/semilla.jpg","type":"image\/jpeg"}],"author":"gaprsa","twitter_card":"summary_large_image","twitter_creator":"@CanalULL","twitter_site":"@CanalULL","twitter_misc":{"Escrito por":"gaprsa","Tiempo de lectura":"3 minutos"},"schema":{"@context":"https:\/\/schema.org","@graph":[{"@type":"WebPage","@id":"https:\/\/www.ull.es\/portal\/noticias\/2021\/la-asociacion-de-mayores-de-la-ull-lanza-un-proyecto-para-unir-a-escritores-de-distintas-generaciones\/","url":"https:\/\/www.ull.es\/portal\/noticias\/2021\/la-asociacion-de-mayores-de-la-ull-lanza-un-proyecto-para-unir-a-escritores-de-distintas-generaciones\/","name":"La Asociaci\u00f3n de Mayores de la ULL lanza un proyecto para unir a escritores de distintas generaciones - ULL - Noticias","isPartOf":{"@id":"https:\/\/www.ull.es\/portal\/noticias\/#website"},"datePublished":"2021-02-03T12:59:35+00:00","dateModified":"2021-02-03T13:01:25+00:00","author":{"@id":"https:\/\/www.ull.es\/portal\/noticias\/#\/schema\/person\/b2b1a89d43ffa609e591f7df8ef3e817"},"breadcrumb":{"@id":"https:\/\/www.ull.es\/portal\/noticias\/2021\/la-asociacion-de-mayores-de-la-ull-lanza-un-proyecto-para-unir-a-escritores-de-distintas-generaciones\/#breadcrumb"},"inLanguage":"es","potentialAction":[{"@type":"ReadAction","target":["https:\/\/www.ull.es\/portal\/noticias\/2021\/la-asociacion-de-mayores-de-la-ull-lanza-un-proyecto-para-unir-a-escritores-de-distintas-generaciones\/"]}]},{"@type":"BreadcrumbList","@id":"https:\/\/www.ull.es\/portal\/noticias\/2021\/la-asociacion-de-mayores-de-la-ull-lanza-un-proyecto-para-unir-a-escritores-de-distintas-generaciones\/#breadcrumb","itemListElement":[{"@type":"ListItem","position":1,"name":"Portada","item":"https:\/\/www.ull.es\/portal\/noticias\/"},{"@type":"ListItem","position":2,"name":"La Asociaci\u00f3n de Mayores de la ULL lanza un proyecto para unir a escritores de distintas generaciones"}]},{"@type":"WebSite","@id":"https:\/\/www.ull.es\/portal\/noticias\/#website","url":"https:\/\/www.ull.es\/portal\/noticias\/","name":"ULL - Noticias","description":"","potentialAction":[{"@type":"SearchAction","target":{"@type":"EntryPoint","urlTemplate":"https:\/\/www.ull.es\/portal\/noticias\/?s={search_term_string}"},"query-input":"required name=search_term_string"}],"inLanguage":"es"},{"@type":"Person","@id":"https:\/\/www.ull.es\/portal\/noticias\/#\/schema\/person\/b2b1a89d43ffa609e591f7df8ef3e817","name":"gaprsa","image":{"@type":"ImageObject","inLanguage":"es","@id":"https:\/\/www.ull.es\/portal\/noticias\/#\/schema\/person\/image\/","url":"https:\/\/secure.gravatar.com\/avatar\/443820550921091458b4823867723b3d?s=96&d=mm&r=g","contentUrl":"https:\/\/secure.gravatar.com\/avatar\/443820550921091458b4823867723b3d?s=96&d=mm&r=g","caption":"gaprsa"},"url":"https:\/\/www.ull.es\/portal\/noticias\/author\/gaprsa\/"}]}},"primary_category":{"id":345,"name":"Destacado","slug":"destacado","link":"https:\/\/www.ull.es\/portal\/noticias\/category\/destacado\/"},"featured_image_thumbnail_url":"https:\/\/www.ull.es\/portal\/noticias\/wp-content\/uploads\/sites\/13\/2021\/02\/semilla-300x200.jpg","_links":{"self":[{"href":"https:\/\/www.ull.es\/portal\/noticias\/wp-json\/wp\/v2\/posts\/54400"}],"collection":[{"href":"https:\/\/www.ull.es\/portal\/noticias\/wp-json\/wp\/v2\/posts"}],"about":[{"href":"https:\/\/www.ull.es\/portal\/noticias\/wp-json\/wp\/v2\/types\/post"}],"author":[{"embeddable":true,"href":"https:\/\/www.ull.es\/portal\/noticias\/wp-json\/wp\/v2\/users\/23"}],"replies":[{"embeddable":true,"href":"https:\/\/www.ull.es\/portal\/noticias\/wp-json\/wp\/v2\/comments?post=54400"}],"version-history":[{"count":4,"href":"https:\/\/www.ull.es\/portal\/noticias\/wp-json\/wp\/v2\/posts\/54400\/revisions"}],"predecessor-version":[{"id":54405,"href":"https:\/\/www.ull.es\/portal\/noticias\/wp-json\/wp\/v2\/posts\/54400\/revisions\/54405"}],"wp:featuredmedia":[{"embeddable":true,"href":"https:\/\/www.ull.es\/portal\/noticias\/wp-json\/wp\/v2\/media\/54402"}],"wp:attachment":[{"href":"https:\/\/www.ull.es\/portal\/noticias\/wp-json\/wp\/v2\/media?parent=54400"}],"wp:term":[{"taxonomy":"category","embeddable":true,"href":"https:\/\/www.ull.es\/portal\/noticias\/wp-json\/wp\/v2\/categories?post=54400"},{"taxonomy":"post_tag","embeddable":true,"href":"https:\/\/www.ull.es\/portal\/noticias\/wp-json\/wp\/v2\/tags?post=54400"}],"curies":[{"name":"wp","href":"https:\/\/api.w.org\/{rel}","templated":true}]}}