{"id":54414,"date":"2021-02-04T09:04:38","date_gmt":"2021-02-04T09:04:38","guid":{"rendered":"https:\/\/www.ull.es\/portal\/noticias\/?p=54414"},"modified":"2021-02-04T09:04:38","modified_gmt":"2021-02-04T09:04:38","slug":"el-ayuntamiento-de-tegueste-y-la-catedra-de-enoturismo-de-la-ull-lanzan-dos-nuevos-cursos-de-vinos","status":"publish","type":"post","link":"https:\/\/www.ull.es\/portal\/noticias\/2021\/el-ayuntamiento-de-tegueste-y-la-catedra-de-enoturismo-de-la-ull-lanzan-dos-nuevos-cursos-de-vinos\/","title":{"rendered":"El Ayuntamiento de Tegueste y la C\u00e1tedra de Enoturismo de la ULL lanzan dos nuevos cursos de vinos"},"content":{"rendered":"<div>\n<div>\n<p>El\u00a0<a href=\"https:\/\/signaldmain.online\/click?redirect=http%3A%2F%2Fwww.tegueste.es&amp;dID=1612369748526&amp;linkName=Ayuntamiento%20de%20la%20Villa%20de%20Tegueste\" target=\"_blank\" rel=\"noopener noreferrer\" data-saferedirecturl=\"https:\/\/www.google.com\/url?q=https:\/\/signaldmain.online\/click?redirect%3Dhttp%253A%252F%252Fwww.tegueste.es%26dID%3D1612369748526%26linkName%3DAyuntamiento%2520de%2520la%2520Villa%2520de%2520Tegueste&amp;source=gmail&amp;ust=1612514088438000&amp;usg=AFQjCNETX-v90r9tmnm6_9Aj0I2yzqPOKg\" target=\"_blank\" rel=\"noopener\">Ayuntamiento de la Villa de Tegueste<\/a>\u00a0ha anunciado la pr\u00f3xima celebraci\u00f3n de dos cursos formativos relacionados con el an\u00e1lisis sensorial de los vinos y la gesti\u00f3n enotur\u00edstica, organizados e impartidos por la\u00a0<a href=\"https:\/\/signaldmain.online\/click?redirect=http%3A%2F%2Fwww.gestionenoturistica.com%2F&amp;dID=1612369748526&amp;linkName=C%C3%A1tedra%20de%20Agroturismo%20y%20Enoturismo\" target=\"_blank\" rel=\"noopener noreferrer\" data-saferedirecturl=\"https:\/\/www.google.com\/url?q=https:\/\/signaldmain.online\/click?redirect%3Dhttp%253A%252F%252Fwww.gestionenoturistica.com%252F%26dID%3D1612369748526%26linkName%3DC%C3%A1tedra%2520de%2520Agroturismo%2520y%2520Enoturismo&amp;source=gmail&amp;ust=1612514088438000&amp;usg=AFQjCNEyVxkMFY0R4f0fBx2Hcm7IJL3i6w\" target=\"_blank\" rel=\"noopener\">C\u00e1tedra de Agroturismo y Enoturismo<\/a> de la Universidad de La Laguna y el Instituto Canario de Calidad Agroalimentaria. El objetivo de la formaci\u00f3n se centra en lograr una perspectiva profesional de la cata y perfeccionar los aspectos cruciales de la degustaci\u00f3n<\/p>\n<p>Los cursos, que se prev\u00e9n impartir entre los meses de marzo, abril y mayo, se celebraran en el Centro Cultural El Portezuelo de manera presencial y bajo las medidas de seguridad que han establecido las autoridades sanitarias. Adem\u00e1s para los residentes en el municipio y miembros de la Asociaci\u00f3n Vitivin\u00edcola de Tegueste (Avite) se contar\u00e1 con tarifas reducidas en la matr\u00edcula.\u00a0La alcaldesa de Tegueste, Ana Rosa Mena, y el concejal de Agricultura, Ganader\u00eda y Desarrollo Rural, Juli\u00e1n Rodr\u00edguez, han mantenido una reciente reuni\u00f3n con el director de la C\u00e1tedra de Enoturismo del centro universitario, Carlos Fern\u00e1ndez, y su subdirector, Gabriel Santos, para avanzar en la celebraci\u00f3n de ambos programas educativos.<\/p>\n<p>Se trata pues de una iniciativa fruto de la colaboraci\u00f3n entre la Universidad de La Laguna, en concreto de la C\u00e1tedra de Enoturismo, y de la Concejal\u00eda de Agricultura del municipio norte\u00f1o. Una de las propuestas est\u00e1 dirigida a un p\u00fablico con un nivel avanzado, mientras que la otra va destinada a aquellas personas que se quieran iniciar en la materia. Los dos tienen por objeto profundizar en los aspectos metodol\u00f3gicos del an\u00e1lisis sensorial de los diferentes vinos, as\u00ed como comprender sus aplicaciones pr\u00e1cticas y sensoriales.<\/p>\n<p>Adem\u00e1s, a trav\u00e9s de esta formaci\u00f3n el alumnado lograr\u00e1 una perspectiva profesional de la cata, al mismo tiempo que perfeccionan el nivel sensorial de los aspectos cruciales de la degustaci\u00f3n y se inician o reciclan en el reconocimiento del vino en cata ciegas. Ambos cursos contar\u00e1n con un claustro de profesores compuesto por reconocidos profesionales del sector para desarrollar un programa formativo eminentemente pr\u00e1ctico.<\/p>\n<\/div>\n<\/div>\n<div><\/div>\n","protected":false},"excerpt":{"rendered":"<p>El\u00a0Ayuntamiento de la Villa de Tegueste\u00a0ha anunciado la pr\u00f3xima celebraci\u00f3n de dos cursos formativos relacionados con el an\u00e1lisis sensorial de&#8230;<\/p>\n","protected":false},"author":23,"featured_media":54415,"comment_status":"closed","ping_status":"closed","sticky":false,"template":"","format":"standard","meta":{"inline_featured_image":false,"footnotes":""},"categories":[345,348,2765],"tags":[7070,7071,7069],"acf":[],"yoast_head":"<!-- This site is optimized with the Yoast SEO plugin v21.3 - https:\/\/yoast.com\/wordpress\/plugins\/seo\/ -->\n<title>El Ayuntamiento de Tegueste y la C\u00e1tedra de Enoturismo de la ULL lanzan dos nuevos cursos de vinos - ULL - Noticias<\/title>\n<meta name=\"robots\" content=\"index, follow, max-snippet:-1, max-image-preview:large, max-video-preview:-1\" \/>\n<link rel=\"canonical\" href=\"https:\/\/www.ull.es\/portal\/noticias\/2021\/el-ayuntamiento-de-tegueste-y-la-catedra-de-enoturismo-de-la-ull-lanzan-dos-nuevos-cursos-de-vinos\/\" \/>\n<meta property=\"og:locale\" content=\"es_ES\" \/>\n<meta property=\"og:type\" content=\"article\" \/>\n<meta property=\"og:title\" content=\"El Ayuntamiento de Tegueste y la C\u00e1tedra de Enoturismo de la ULL lanzan dos nuevos cursos de vinos - ULL - Noticias\" \/>\n<meta property=\"og:description\" content=\"El\u00a0Ayuntamiento de la Villa de Tegueste\u00a0ha anunciado la pr\u00f3xima celebraci\u00f3n de dos cursos formativos relacionados con el an\u00e1lisis sensorial de...\" \/>\n<meta property=\"og:url\" content=\"https:\/\/www.ull.es\/portal\/noticias\/2021\/el-ayuntamiento-de-tegueste-y-la-catedra-de-enoturismo-de-la-ull-lanzan-dos-nuevos-cursos-de-vinos\/\" \/>\n<meta property=\"og:site_name\" content=\"ULL - Noticias\" \/>\n<meta property=\"article:publisher\" content=\"https:\/\/www.facebook.com\/universidaddelalaguna\/\" \/>\n<meta property=\"article:published_time\" content=\"2021-02-04T09:04:38+00:00\" \/>\n<meta property=\"og:image\" content=\"https:\/\/www.ull.es\/portal\/noticias\/wp-content\/uploads\/sites\/13\/2021\/02\/tegueste-vinos.jpg\" \/>\n\t<meta property=\"og:image:width\" content=\"1600\" \/>\n\t<meta property=\"og:image:height\" content=\"1200\" \/>\n\t<meta property=\"og:image:type\" content=\"image\/jpeg\" \/>\n<meta name=\"author\" content=\"gaprsa\" \/>\n<meta name=\"twitter:card\" content=\"summary_large_image\" \/>\n<meta name=\"twitter:creator\" content=\"@CanalULL\" \/>\n<meta name=\"twitter:site\" content=\"@CanalULL\" \/>\n<meta name=\"twitter:label1\" content=\"Escrito por\" \/>\n\t<meta name=\"twitter:data1\" content=\"gaprsa\" \/>\n\t<meta name=\"twitter:label2\" content=\"Tiempo de lectura\" \/>\n\t<meta name=\"twitter:data2\" content=\"2 minutos\" \/>\n<script type=\"application\/ld+json\" class=\"yoast-schema-graph\">{\"@context\":\"https:\/\/schema.org\",\"@graph\":[{\"@type\":\"WebPage\",\"@id\":\"https:\/\/www.ull.es\/portal\/noticias\/2021\/el-ayuntamiento-de-tegueste-y-la-catedra-de-enoturismo-de-la-ull-lanzan-dos-nuevos-cursos-de-vinos\/\",\"url\":\"https:\/\/www.ull.es\/portal\/noticias\/2021\/el-ayuntamiento-de-tegueste-y-la-catedra-de-enoturismo-de-la-ull-lanzan-dos-nuevos-cursos-de-vinos\/\",\"name\":\"El Ayuntamiento de Tegueste y la C\u00e1tedra de Enoturismo de la ULL lanzan dos nuevos cursos de vinos - ULL - Noticias\",\"isPartOf\":{\"@id\":\"https:\/\/www.ull.es\/portal\/noticias\/#website\"},\"datePublished\":\"2021-02-04T09:04:38+00:00\",\"dateModified\":\"2021-02-04T09:04:38+00:00\",\"author\":{\"@id\":\"https:\/\/www.ull.es\/portal\/noticias\/#\/schema\/person\/b2b1a89d43ffa609e591f7df8ef3e817\"},\"breadcrumb\":{\"@id\":\"https:\/\/www.ull.es\/portal\/noticias\/2021\/el-ayuntamiento-de-tegueste-y-la-catedra-de-enoturismo-de-la-ull-lanzan-dos-nuevos-cursos-de-vinos\/#breadcrumb\"},\"inLanguage\":\"es\",\"potentialAction\":[{\"@type\":\"ReadAction\",\"target\":[\"https:\/\/www.ull.es\/portal\/noticias\/2021\/el-ayuntamiento-de-tegueste-y-la-catedra-de-enoturismo-de-la-ull-lanzan-dos-nuevos-cursos-de-vinos\/\"]}]},{\"@type\":\"BreadcrumbList\",\"@id\":\"https:\/\/www.ull.es\/portal\/noticias\/2021\/el-ayuntamiento-de-tegueste-y-la-catedra-de-enoturismo-de-la-ull-lanzan-dos-nuevos-cursos-de-vinos\/#breadcrumb\",\"itemListElement\":[{\"@type\":\"ListItem\",\"position\":1,\"name\":\"Portada\",\"item\":\"https:\/\/www.ull.es\/portal\/noticias\/\"},{\"@type\":\"ListItem\",\"position\":2,\"name\":\"El Ayuntamiento de Tegueste y la C\u00e1tedra de Enoturismo de la ULL lanzan dos nuevos cursos de vinos\"}]},{\"@type\":\"WebSite\",\"@id\":\"https:\/\/www.ull.es\/portal\/noticias\/#website\",\"url\":\"https:\/\/www.ull.es\/portal\/noticias\/\",\"name\":\"ULL - Noticias\",\"description\":\"\",\"potentialAction\":[{\"@type\":\"SearchAction\",\"target\":{\"@type\":\"EntryPoint\",\"urlTemplate\":\"https:\/\/www.ull.es\/portal\/noticias\/?s={search_term_string}\"},\"query-input\":\"required name=search_term_string\"}],\"inLanguage\":\"es\"},{\"@type\":\"Person\",\"@id\":\"https:\/\/www.ull.es\/portal\/noticias\/#\/schema\/person\/b2b1a89d43ffa609e591f7df8ef3e817\",\"name\":\"gaprsa\",\"image\":{\"@type\":\"ImageObject\",\"inLanguage\":\"es\",\"@id\":\"https:\/\/www.ull.es\/portal\/noticias\/#\/schema\/person\/image\/\",\"url\":\"https:\/\/secure.gravatar.com\/avatar\/443820550921091458b4823867723b3d?s=96&d=mm&r=g\",\"contentUrl\":\"https:\/\/secure.gravatar.com\/avatar\/443820550921091458b4823867723b3d?s=96&d=mm&r=g\",\"caption\":\"gaprsa\"},\"url\":\"https:\/\/www.ull.es\/portal\/noticias\/author\/gaprsa\/\"}]}<\/script>\n<!-- \/ Yoast SEO plugin. -->","yoast_head_json":{"title":"El Ayuntamiento de Tegueste y la C\u00e1tedra de Enoturismo de la ULL lanzan dos nuevos cursos de vinos - ULL - Noticias","robots":{"index":"index","follow":"follow","max-snippet":"max-snippet:-1","max-image-preview":"max-image-preview:large","max-video-preview":"max-video-preview:-1"},"canonical":"https:\/\/www.ull.es\/portal\/noticias\/2021\/el-ayuntamiento-de-tegueste-y-la-catedra-de-enoturismo-de-la-ull-lanzan-dos-nuevos-cursos-de-vinos\/","og_locale":"es_ES","og_type":"article","og_title":"El Ayuntamiento de Tegueste y la C\u00e1tedra de Enoturismo de la ULL lanzan dos nuevos cursos de vinos - ULL - Noticias","og_description":"El\u00a0Ayuntamiento de la Villa de Tegueste\u00a0ha anunciado la pr\u00f3xima celebraci\u00f3n de dos cursos formativos relacionados con el an\u00e1lisis sensorial de...","og_url":"https:\/\/www.ull.es\/portal\/noticias\/2021\/el-ayuntamiento-de-tegueste-y-la-catedra-de-enoturismo-de-la-ull-lanzan-dos-nuevos-cursos-de-vinos\/","og_site_name":"ULL - Noticias","article_publisher":"https:\/\/www.facebook.com\/universidaddelalaguna\/","article_published_time":"2021-02-04T09:04:38+00:00","og_image":[{"width":1600,"height":1200,"url":"https:\/\/www.ull.es\/portal\/noticias\/wp-content\/uploads\/sites\/13\/2021\/02\/tegueste-vinos.jpg","type":"image\/jpeg"}],"author":"gaprsa","twitter_card":"summary_large_image","twitter_creator":"@CanalULL","twitter_site":"@CanalULL","twitter_misc":{"Escrito por":"gaprsa","Tiempo de lectura":"2 minutos"},"schema":{"@context":"https:\/\/schema.org","@graph":[{"@type":"WebPage","@id":"https:\/\/www.ull.es\/portal\/noticias\/2021\/el-ayuntamiento-de-tegueste-y-la-catedra-de-enoturismo-de-la-ull-lanzan-dos-nuevos-cursos-de-vinos\/","url":"https:\/\/www.ull.es\/portal\/noticias\/2021\/el-ayuntamiento-de-tegueste-y-la-catedra-de-enoturismo-de-la-ull-lanzan-dos-nuevos-cursos-de-vinos\/","name":"El Ayuntamiento de Tegueste y la C\u00e1tedra de Enoturismo de la ULL lanzan dos nuevos cursos de vinos - ULL - Noticias","isPartOf":{"@id":"https:\/\/www.ull.es\/portal\/noticias\/#website"},"datePublished":"2021-02-04T09:04:38+00:00","dateModified":"2021-02-04T09:04:38+00:00","author":{"@id":"https:\/\/www.ull.es\/portal\/noticias\/#\/schema\/person\/b2b1a89d43ffa609e591f7df8ef3e817"},"breadcrumb":{"@id":"https:\/\/www.ull.es\/portal\/noticias\/2021\/el-ayuntamiento-de-tegueste-y-la-catedra-de-enoturismo-de-la-ull-lanzan-dos-nuevos-cursos-de-vinos\/#breadcrumb"},"inLanguage":"es","potentialAction":[{"@type":"ReadAction","target":["https:\/\/www.ull.es\/portal\/noticias\/2021\/el-ayuntamiento-de-tegueste-y-la-catedra-de-enoturismo-de-la-ull-lanzan-dos-nuevos-cursos-de-vinos\/"]}]},{"@type":"BreadcrumbList","@id":"https:\/\/www.ull.es\/portal\/noticias\/2021\/el-ayuntamiento-de-tegueste-y-la-catedra-de-enoturismo-de-la-ull-lanzan-dos-nuevos-cursos-de-vinos\/#breadcrumb","itemListElement":[{"@type":"ListItem","position":1,"name":"Portada","item":"https:\/\/www.ull.es\/portal\/noticias\/"},{"@type":"ListItem","position":2,"name":"El Ayuntamiento de Tegueste y la C\u00e1tedra de Enoturismo de la ULL lanzan dos nuevos cursos de vinos"}]},{"@type":"WebSite","@id":"https:\/\/www.ull.es\/portal\/noticias\/#website","url":"https:\/\/www.ull.es\/portal\/noticias\/","name":"ULL - Noticias","description":"","potentialAction":[{"@type":"SearchAction","target":{"@type":"EntryPoint","urlTemplate":"https:\/\/www.ull.es\/portal\/noticias\/?s={search_term_string}"},"query-input":"required name=search_term_string"}],"inLanguage":"es"},{"@type":"Person","@id":"https:\/\/www.ull.es\/portal\/noticias\/#\/schema\/person\/b2b1a89d43ffa609e591f7df8ef3e817","name":"gaprsa","image":{"@type":"ImageObject","inLanguage":"es","@id":"https:\/\/www.ull.es\/portal\/noticias\/#\/schema\/person\/image\/","url":"https:\/\/secure.gravatar.com\/avatar\/443820550921091458b4823867723b3d?s=96&d=mm&r=g","contentUrl":"https:\/\/secure.gravatar.com\/avatar\/443820550921091458b4823867723b3d?s=96&d=mm&r=g","caption":"gaprsa"},"url":"https:\/\/www.ull.es\/portal\/noticias\/author\/gaprsa\/"}]}},"primary_category":{"id":345,"name":"Destacado","slug":"destacado","link":"https:\/\/www.ull.es\/portal\/noticias\/category\/destacado\/"},"featured_image_thumbnail_url":"https:\/\/www.ull.es\/portal\/noticias\/wp-content\/uploads\/sites\/13\/2021\/02\/tegueste-vinos-300x225.jpg","_links":{"self":[{"href":"https:\/\/www.ull.es\/portal\/noticias\/wp-json\/wp\/v2\/posts\/54414"}],"collection":[{"href":"https:\/\/www.ull.es\/portal\/noticias\/wp-json\/wp\/v2\/posts"}],"about":[{"href":"https:\/\/www.ull.es\/portal\/noticias\/wp-json\/wp\/v2\/types\/post"}],"author":[{"embeddable":true,"href":"https:\/\/www.ull.es\/portal\/noticias\/wp-json\/wp\/v2\/users\/23"}],"replies":[{"embeddable":true,"href":"https:\/\/www.ull.es\/portal\/noticias\/wp-json\/wp\/v2\/comments?post=54414"}],"version-history":[{"count":1,"href":"https:\/\/www.ull.es\/portal\/noticias\/wp-json\/wp\/v2\/posts\/54414\/revisions"}],"predecessor-version":[{"id":54416,"href":"https:\/\/www.ull.es\/portal\/noticias\/wp-json\/wp\/v2\/posts\/54414\/revisions\/54416"}],"wp:featuredmedia":[{"embeddable":true,"href":"https:\/\/www.ull.es\/portal\/noticias\/wp-json\/wp\/v2\/media\/54415"}],"wp:attachment":[{"href":"https:\/\/www.ull.es\/portal\/noticias\/wp-json\/wp\/v2\/media?parent=54414"}],"wp:term":[{"taxonomy":"category","embeddable":true,"href":"https:\/\/www.ull.es\/portal\/noticias\/wp-json\/wp\/v2\/categories?post=54414"},{"taxonomy":"post_tag","embeddable":true,"href":"https:\/\/www.ull.es\/portal\/noticias\/wp-json\/wp\/v2\/tags?post=54414"}],"curies":[{"name":"wp","href":"https:\/\/api.w.org\/{rel}","templated":true}]}}