{"id":54452,"date":"2021-02-05T14:18:59","date_gmt":"2021-02-05T14:18:59","guid":{"rendered":"https:\/\/www.ull.es\/portal\/noticias\/?p=54452"},"modified":"2021-02-11T12:49:27","modified_gmt":"2021-02-11T12:49:27","slug":"la-ull-publica-su-convocatoria-de-ayudas-a-estudiantes-para-sufragar-segundas-y-sucesivas-matriculas","status":"publish","type":"post","link":"https:\/\/www.ull.es\/portal\/noticias\/2021\/la-ull-publica-su-convocatoria-de-ayudas-a-estudiantes-para-sufragar-segundas-y-sucesivas-matriculas\/","title":{"rendered":"La ULL publica su convocatoria de ayudas a estudiantes para sufragar segundas y sucesivas matr\u00edculas"},"content":{"rendered":"<p>La Universidad de La Laguna acaba de publicar su <a href=\"https:\/\/www.ull.es\/portal\/convocatorias\/convocatoria\/ayudas-2a-3a-y-4a-matricula\/\" target=\"_blank\" rel=\"noopener noreferrer\" target=\"_blank\" rel=\"noopener\">convocatoria de ayudas<\/a> para sufragar los gastos de las segundas, terceras y cuartas matr\u00edculas del curso 2020\/21. Se trata de una nueva l\u00ednea de ayuda que pretende paliar el incumplimiento del Gobierno de Canarias, quien en el pasado mes de marzo anunci\u00f3 una convocatoria similar y que finalmente no vio la luz.<\/p>\n<p>Este paquete de apoyos est\u00e1 destinado al estudiantado que, afectado directa o indirectamente por la pandemia, ha visto mermado su rendimiento acad\u00e9mico. De hecho, como reconoce la propia convocatoria, \u201cla pandemia que todav\u00eda nos afecta ha provocado una hecatombe sanitaria, econ\u00f3mica y social que, dentro de la universidad, impact\u00f3 de lleno en el segundo cuatrimestre del curso acad\u00e9mico 2019\/20. Los efectos devastadores de esta crisis en las econom\u00edas familiares resultan inseparables de una merma en el rendimiento acad\u00e9mico del alumnado m\u00e1s vulnerable\u201d.<\/p>\n<p>Adem\u00e1s, tambi\u00e9n se apunta que en la matr\u00edcula de este curso el alumnado ha debido hacer frente al recargo estipulado en el decreto de tasas del Gobierno de Canarias aplica sobre las asignaturas matriculadas y no superadas en el curso anterior, computando el paso de primera a segunda matr\u00edcula y as\u00ed sucesivamente hasta la cuarta. El centro acad\u00e9mico considera que, en relaci\u00f3n a estudiantes con infortunio econ\u00f3mico derivado de la pandemia, es imprescindible una convocatoria de ayudas que compense los citados recargos.<\/p>\n<p>La convocatoria que se ha abierto ahora cuenta con un cr\u00e9dito m\u00e1ximo de 100.000 euros, y se destina a compensar la diferencia entre el precio finalmente abonado por el estudiante y el que ser\u00eda resultante de no aplicar el recargo que deriva de computar la matr\u00edcula del curso anterior, siempre que el beneficiario no est\u00e9 ni pueda estar subvencionado con otras ayudas oficiales por el mismo concepto.\u00a0Igualmente se indica que el importe unitario de las ayudas ser\u00e1 el que resulte de sumar los recargos aplicados a la matr\u00edcula de cada estudiante en el curso 2020\/21, respecto de asignaturas no superadas en el curso anterior, pas\u00e1ndolas de primera a segunda, segunda a tercera o tercera a cuarta matr\u00edcula.<\/p>\n<p>Las solicitudes se cumplimentar\u00e1n a trav\u00e9s del procedimiento establecido en \u201cPortal de Servicios\u201d, en el apartado de \u201cAlumnado\u201d, y dentro de \u00abMis ayudas asistenciales\u00bb, \u201cAutosolicitudes\u201d, \u201cAsignaturas en 2a, 3a y 4a matr\u00edcula\u201d. Se se\u00f1ala que la documentaci\u00f3n que deber\u00e1 presentarse a trav\u00e9s del procedimiento establecido en la Sede Electr\u00f3nica como \u201cAportaci\u00f3n de documentaci\u00f3n para la ayuda a estudiantes de la Universidad de La Laguna con recargo de matr\u00edcula en el curso 2020-2021 por asignaturas no superadas en el curso 2019-2020\u201d, se haga una vez realizada la solicitud, cuyo plazo de presentaci\u00f3n ser\u00e1 de diez d\u00edas naturales a contar desde el siguiente al de publicaci\u00f3n de la convocatoria en el Bolet\u00edn Oficial de Canarias.<\/p>\n","protected":false},"excerpt":{"rendered":"<p>La Universidad de La Laguna acaba de publicar su convocatoria de ayudas para sufragar los gastos de las segundas, terceras&#8230;<\/p>\n","protected":false},"author":23,"featured_media":23598,"comment_status":"closed","ping_status":"closed","sticky":false,"template":"","format":"standard","meta":{"inline_featured_image":false,"footnotes":""},"categories":[343,345,348,2765],"tags":[603,6569],"acf":[],"yoast_head":"<!-- This site is optimized with the Yoast SEO plugin v21.3 - https:\/\/yoast.com\/wordpress\/plugins\/seo\/ -->\n<title>La ULL publica su convocatoria de ayudas a estudiantes para sufragar segundas y sucesivas matr\u00edculas - ULL - Noticias<\/title>\n<meta name=\"robots\" content=\"index, follow, max-snippet:-1, max-image-preview:large, max-video-preview:-1\" \/>\n<link rel=\"canonical\" href=\"https:\/\/www.ull.es\/portal\/noticias\/2021\/la-ull-publica-su-convocatoria-de-ayudas-a-estudiantes-para-sufragar-segundas-y-sucesivas-matriculas\/\" \/>\n<meta property=\"og:locale\" content=\"es_ES\" \/>\n<meta property=\"og:type\" content=\"article\" \/>\n<meta property=\"og:title\" content=\"La ULL publica su convocatoria de ayudas a estudiantes para sufragar segundas y sucesivas matr\u00edculas - ULL - Noticias\" \/>\n<meta property=\"og:description\" content=\"La Universidad de La Laguna acaba de publicar su convocatoria de ayudas para sufragar los gastos de las segundas, terceras...\" \/>\n<meta property=\"og:url\" content=\"https:\/\/www.ull.es\/portal\/noticias\/2021\/la-ull-publica-su-convocatoria-de-ayudas-a-estudiantes-para-sufragar-segundas-y-sucesivas-matriculas\/\" \/>\n<meta property=\"og:site_name\" content=\"ULL - Noticias\" \/>\n<meta property=\"article:publisher\" content=\"https:\/\/www.facebook.com\/universidaddelalaguna\/\" \/>\n<meta property=\"article:published_time\" content=\"2021-02-05T14:18:59+00:00\" \/>\n<meta property=\"article:modified_time\" content=\"2021-02-11T12:49:27+00:00\" \/>\n<meta property=\"og:image\" content=\"https:\/\/www.ull.es\/portal\/noticias\/wp-content\/uploads\/sites\/13\/2015\/07\/mural-educaci\u00f3n_3_estudiantes.jpg\" \/>\n\t<meta property=\"og:image:width\" content=\"1500\" \/>\n\t<meta property=\"og:image:height\" content=\"1006\" \/>\n\t<meta property=\"og:image:type\" content=\"image\/jpeg\" \/>\n<meta name=\"author\" content=\"gaprsa\" \/>\n<meta name=\"twitter:card\" content=\"summary_large_image\" \/>\n<meta name=\"twitter:creator\" content=\"@CanalULL\" \/>\n<meta name=\"twitter:site\" content=\"@CanalULL\" \/>\n<meta name=\"twitter:label1\" content=\"Escrito por\" \/>\n\t<meta name=\"twitter:data1\" content=\"gaprsa\" \/>\n\t<meta name=\"twitter:label2\" content=\"Tiempo de lectura\" \/>\n\t<meta name=\"twitter:data2\" content=\"2 minutos\" \/>\n<script type=\"application\/ld+json\" class=\"yoast-schema-graph\">{\"@context\":\"https:\/\/schema.org\",\"@graph\":[{\"@type\":\"WebPage\",\"@id\":\"https:\/\/www.ull.es\/portal\/noticias\/2021\/la-ull-publica-su-convocatoria-de-ayudas-a-estudiantes-para-sufragar-segundas-y-sucesivas-matriculas\/\",\"url\":\"https:\/\/www.ull.es\/portal\/noticias\/2021\/la-ull-publica-su-convocatoria-de-ayudas-a-estudiantes-para-sufragar-segundas-y-sucesivas-matriculas\/\",\"name\":\"La ULL publica su convocatoria de ayudas a estudiantes para sufragar segundas y sucesivas matr\u00edculas - ULL - Noticias\",\"isPartOf\":{\"@id\":\"https:\/\/www.ull.es\/portal\/noticias\/#website\"},\"datePublished\":\"2021-02-05T14:18:59+00:00\",\"dateModified\":\"2021-02-11T12:49:27+00:00\",\"author\":{\"@id\":\"https:\/\/www.ull.es\/portal\/noticias\/#\/schema\/person\/b2b1a89d43ffa609e591f7df8ef3e817\"},\"breadcrumb\":{\"@id\":\"https:\/\/www.ull.es\/portal\/noticias\/2021\/la-ull-publica-su-convocatoria-de-ayudas-a-estudiantes-para-sufragar-segundas-y-sucesivas-matriculas\/#breadcrumb\"},\"inLanguage\":\"es\",\"potentialAction\":[{\"@type\":\"ReadAction\",\"target\":[\"https:\/\/www.ull.es\/portal\/noticias\/2021\/la-ull-publica-su-convocatoria-de-ayudas-a-estudiantes-para-sufragar-segundas-y-sucesivas-matriculas\/\"]}]},{\"@type\":\"BreadcrumbList\",\"@id\":\"https:\/\/www.ull.es\/portal\/noticias\/2021\/la-ull-publica-su-convocatoria-de-ayudas-a-estudiantes-para-sufragar-segundas-y-sucesivas-matriculas\/#breadcrumb\",\"itemListElement\":[{\"@type\":\"ListItem\",\"position\":1,\"name\":\"Portada\",\"item\":\"https:\/\/www.ull.es\/portal\/noticias\/\"},{\"@type\":\"ListItem\",\"position\":2,\"name\":\"La ULL publica su convocatoria de ayudas a estudiantes para sufragar segundas y sucesivas matr\u00edculas\"}]},{\"@type\":\"WebSite\",\"@id\":\"https:\/\/www.ull.es\/portal\/noticias\/#website\",\"url\":\"https:\/\/www.ull.es\/portal\/noticias\/\",\"name\":\"ULL - Noticias\",\"description\":\"\",\"potentialAction\":[{\"@type\":\"SearchAction\",\"target\":{\"@type\":\"EntryPoint\",\"urlTemplate\":\"https:\/\/www.ull.es\/portal\/noticias\/?s={search_term_string}\"},\"query-input\":\"required name=search_term_string\"}],\"inLanguage\":\"es\"},{\"@type\":\"Person\",\"@id\":\"https:\/\/www.ull.es\/portal\/noticias\/#\/schema\/person\/b2b1a89d43ffa609e591f7df8ef3e817\",\"name\":\"gaprsa\",\"image\":{\"@type\":\"ImageObject\",\"inLanguage\":\"es\",\"@id\":\"https:\/\/www.ull.es\/portal\/noticias\/#\/schema\/person\/image\/\",\"url\":\"https:\/\/secure.gravatar.com\/avatar\/443820550921091458b4823867723b3d?s=96&d=mm&r=g\",\"contentUrl\":\"https:\/\/secure.gravatar.com\/avatar\/443820550921091458b4823867723b3d?s=96&d=mm&r=g\",\"caption\":\"gaprsa\"},\"url\":\"https:\/\/www.ull.es\/portal\/noticias\/author\/gaprsa\/\"}]}<\/script>\n<!-- \/ Yoast SEO plugin. -->","yoast_head_json":{"title":"La ULL publica su convocatoria de ayudas a estudiantes para sufragar segundas y sucesivas matr\u00edculas - ULL - Noticias","robots":{"index":"index","follow":"follow","max-snippet":"max-snippet:-1","max-image-preview":"max-image-preview:large","max-video-preview":"max-video-preview:-1"},"canonical":"https:\/\/www.ull.es\/portal\/noticias\/2021\/la-ull-publica-su-convocatoria-de-ayudas-a-estudiantes-para-sufragar-segundas-y-sucesivas-matriculas\/","og_locale":"es_ES","og_type":"article","og_title":"La ULL publica su convocatoria de ayudas a estudiantes para sufragar segundas y sucesivas matr\u00edculas - ULL - Noticias","og_description":"La Universidad de La Laguna acaba de publicar su convocatoria de ayudas para sufragar los gastos de las segundas, terceras...","og_url":"https:\/\/www.ull.es\/portal\/noticias\/2021\/la-ull-publica-su-convocatoria-de-ayudas-a-estudiantes-para-sufragar-segundas-y-sucesivas-matriculas\/","og_site_name":"ULL - Noticias","article_publisher":"https:\/\/www.facebook.com\/universidaddelalaguna\/","article_published_time":"2021-02-05T14:18:59+00:00","article_modified_time":"2021-02-11T12:49:27+00:00","og_image":[{"width":1500,"height":1006,"url":"https:\/\/www.ull.es\/portal\/noticias\/wp-content\/uploads\/sites\/13\/2015\/07\/mural-educaci\u00f3n_3_estudiantes.jpg","type":"image\/jpeg"}],"author":"gaprsa","twitter_card":"summary_large_image","twitter_creator":"@CanalULL","twitter_site":"@CanalULL","twitter_misc":{"Escrito por":"gaprsa","Tiempo de lectura":"2 minutos"},"schema":{"@context":"https:\/\/schema.org","@graph":[{"@type":"WebPage","@id":"https:\/\/www.ull.es\/portal\/noticias\/2021\/la-ull-publica-su-convocatoria-de-ayudas-a-estudiantes-para-sufragar-segundas-y-sucesivas-matriculas\/","url":"https:\/\/www.ull.es\/portal\/noticias\/2021\/la-ull-publica-su-convocatoria-de-ayudas-a-estudiantes-para-sufragar-segundas-y-sucesivas-matriculas\/","name":"La ULL publica su convocatoria de ayudas a estudiantes para sufragar segundas y sucesivas matr\u00edculas - ULL - Noticias","isPartOf":{"@id":"https:\/\/www.ull.es\/portal\/noticias\/#website"},"datePublished":"2021-02-05T14:18:59+00:00","dateModified":"2021-02-11T12:49:27+00:00","author":{"@id":"https:\/\/www.ull.es\/portal\/noticias\/#\/schema\/person\/b2b1a89d43ffa609e591f7df8ef3e817"},"breadcrumb":{"@id":"https:\/\/www.ull.es\/portal\/noticias\/2021\/la-ull-publica-su-convocatoria-de-ayudas-a-estudiantes-para-sufragar-segundas-y-sucesivas-matriculas\/#breadcrumb"},"inLanguage":"es","potentialAction":[{"@type":"ReadAction","target":["https:\/\/www.ull.es\/portal\/noticias\/2021\/la-ull-publica-su-convocatoria-de-ayudas-a-estudiantes-para-sufragar-segundas-y-sucesivas-matriculas\/"]}]},{"@type":"BreadcrumbList","@id":"https:\/\/www.ull.es\/portal\/noticias\/2021\/la-ull-publica-su-convocatoria-de-ayudas-a-estudiantes-para-sufragar-segundas-y-sucesivas-matriculas\/#breadcrumb","itemListElement":[{"@type":"ListItem","position":1,"name":"Portada","item":"https:\/\/www.ull.es\/portal\/noticias\/"},{"@type":"ListItem","position":2,"name":"La ULL publica su convocatoria de ayudas a estudiantes para sufragar segundas y sucesivas matr\u00edculas"}]},{"@type":"WebSite","@id":"https:\/\/www.ull.es\/portal\/noticias\/#website","url":"https:\/\/www.ull.es\/portal\/noticias\/","name":"ULL - Noticias","description":"","potentialAction":[{"@type":"SearchAction","target":{"@type":"EntryPoint","urlTemplate":"https:\/\/www.ull.es\/portal\/noticias\/?s={search_term_string}"},"query-input":"required name=search_term_string"}],"inLanguage":"es"},{"@type":"Person","@id":"https:\/\/www.ull.es\/portal\/noticias\/#\/schema\/person\/b2b1a89d43ffa609e591f7df8ef3e817","name":"gaprsa","image":{"@type":"ImageObject","inLanguage":"es","@id":"https:\/\/www.ull.es\/portal\/noticias\/#\/schema\/person\/image\/","url":"https:\/\/secure.gravatar.com\/avatar\/443820550921091458b4823867723b3d?s=96&d=mm&r=g","contentUrl":"https:\/\/secure.gravatar.com\/avatar\/443820550921091458b4823867723b3d?s=96&d=mm&r=g","caption":"gaprsa"},"url":"https:\/\/www.ull.es\/portal\/noticias\/author\/gaprsa\/"}]}},"primary_category":{"id":343,"name":"Alumnado","slug":"alumnado","link":"https:\/\/www.ull.es\/portal\/noticias\/category\/alumnado\/"},"featured_image_thumbnail_url":"https:\/\/www.ull.es\/portal\/noticias\/wp-content\/uploads\/sites\/13\/2015\/07\/mural-educaci\u00f3n_3_estudiantes-300x201.jpg","_links":{"self":[{"href":"https:\/\/www.ull.es\/portal\/noticias\/wp-json\/wp\/v2\/posts\/54452"}],"collection":[{"href":"https:\/\/www.ull.es\/portal\/noticias\/wp-json\/wp\/v2\/posts"}],"about":[{"href":"https:\/\/www.ull.es\/portal\/noticias\/wp-json\/wp\/v2\/types\/post"}],"author":[{"embeddable":true,"href":"https:\/\/www.ull.es\/portal\/noticias\/wp-json\/wp\/v2\/users\/23"}],"replies":[{"embeddable":true,"href":"https:\/\/www.ull.es\/portal\/noticias\/wp-json\/wp\/v2\/comments?post=54452"}],"version-history":[{"count":3,"href":"https:\/\/www.ull.es\/portal\/noticias\/wp-json\/wp\/v2\/posts\/54452\/revisions"}],"predecessor-version":[{"id":54553,"href":"https:\/\/www.ull.es\/portal\/noticias\/wp-json\/wp\/v2\/posts\/54452\/revisions\/54553"}],"wp:featuredmedia":[{"embeddable":true,"href":"https:\/\/www.ull.es\/portal\/noticias\/wp-json\/wp\/v2\/media\/23598"}],"wp:attachment":[{"href":"https:\/\/www.ull.es\/portal\/noticias\/wp-json\/wp\/v2\/media?parent=54452"}],"wp:term":[{"taxonomy":"category","embeddable":true,"href":"https:\/\/www.ull.es\/portal\/noticias\/wp-json\/wp\/v2\/categories?post=54452"},{"taxonomy":"post_tag","embeddable":true,"href":"https:\/\/www.ull.es\/portal\/noticias\/wp-json\/wp\/v2\/tags?post=54452"}],"curies":[{"name":"wp","href":"https:\/\/api.w.org\/{rel}","templated":true}]}}