{"id":54496,"date":"2021-02-09T12:25:32","date_gmt":"2021-02-09T12:25:32","guid":{"rendered":"https:\/\/www.ull.es\/portal\/noticias\/?p=54496"},"modified":"2021-02-09T13:07:38","modified_gmt":"2021-02-09T13:07:38","slug":"una-quincena-de-investigadoras-de-la-ull-participa-en-el-ciclo-mujer-y-nina-en-la-ciencia","status":"publish","type":"post","link":"https:\/\/www.ull.es\/portal\/noticias\/2021\/una-quincena-de-investigadoras-de-la-ull-participa-en-el-ciclo-mujer-y-nina-en-la-ciencia\/","title":{"rendered":"Una quincena de investigadoras de la ULL participa en el Ciclo Mujer y Ni\u00f1a en la Ciencia"},"content":{"rendered":"<p>La Universidad de La Laguna participa con casi una quincena de investigadoras en el Ciclo \u201cMujer y Ni\u00f1a en la Ciencia\u201d que organiza el Gobierno de Canarias, a trav\u00e9s de su <a href=\"https:\/\/www.gobiernodecanarias.org\/aciisi\/\" target=\"_blank\" rel=\"noopener noreferrer\" target=\"_blank\" rel=\"noopener\">Agencia de Investigaci\u00f3n, Innovaci\u00f3n y Sociedad de la Informaci\u00f3n (ACIISI)<\/a>, con motivo de la celebraci\u00f3n del D\u00eda Internacional de la Mujer y la Ni\u00f1a Cient\u00edfica que tendr\u00e1 lugar el jueves, 11 de febrero.<\/p>\n<p>El objeto de esta actividad es reducir la brecha de g\u00e9nero en los sectores de la ciencia, la tecnolog\u00eda, la ingenier\u00eda y las matem\u00e1ticas (STEM) que persiste desde hace a\u00f1os en la sociedad. Las charlas est\u00e1n dirigidas a los cursos de Primaria (5\u00ba y 6\u00ba) y ESO de Canarias y se llevar\u00e1n a cabo de forma virtual a trav\u00e9s de las plataformas de Google Meet o Zoom, con una duraci\u00f3n m\u00e1xima de 45 minutos.<\/p>\n<p>Las investigadoras de la ULL conjuntamente con otras cient\u00edficas de la Universidad de Las Palmas de Gran Canaria y otros centros de investigaci\u00f3n, responder\u00e1n a todo el alumnado sobre su profesi\u00f3n, proyectos en los que trabajan, investigaciones, etc. Por parte de la Universidad de Laguna participan en este ciclo las siguientes personas, seleccionadas por Cienci@ULL:<\/p>\n<p><strong>Cristina Gonz\u00e1lez Mat\u00edn &#8211; Bi\u00f3loga<\/strong><\/p>\n<p>Es doctora en Biolog\u00eda por la Universidad de La Laguna, donde estudi\u00f3 la Licenciatura y M\u00e1ster en Seguridad y Calidad de los Alimentos. Adscrita al Instituto Universitario de Enfermedades Tropicales y Salud P\u00fablica de Canarias de esta Universidad desde el a\u00f1o 2009, est\u00e1 al frente del Laboratorio de Investigaci\u00f3n Medioambiental, donde realiza servicios de control de calidad del agua.<\/p>\n<p><strong>Natacha Aguilar Soto &#8211; Bi\u00f3loga marina<\/strong><\/p>\n<p>Es doctora en Biolog\u00eda por la Universidad de La Laguna y miembro del Grupo de Investigaci\u00f3n en Biodiversidad, Ecolog\u00eda Marina y Conservaci\u00f3n (BIOECOMAC) de la ULL, as\u00ed como investigadora Marie Curie en el Centro de Investigaci\u00f3n en Modelado Ecol\u00f3gico de la Universidad de St. Andrews (Escocia). Ha desarrollado estudios en varios campos: comportamiento de buceo y alimentaci\u00f3n, ecolog\u00eda y comunicaci\u00f3n ac\u00fastica de especies de cet\u00e1ceos de buceo profundo; distribuci\u00f3n y estimas de abundancia de cet\u00e1ceos y aves marinas con muestreos ac\u00fasticos y visuales en aguas oce\u00e1nicas; e impactos humanos en el medio marino, entre otros.<\/p>\n<p><strong>Raquel Mar\u00edn Cruzado \u2013 Neurocient\u00edfica<\/strong><\/p>\n<p>Es neurocient\u00edfica y la primera catedr\u00e1tica de Fisiolog\u00eda de la Universidad de La Laguna, licenciada en Bioqu\u00edmica y Biolog\u00eda Molecular. M\u00e1ster en Sciences en Inmunolog\u00ed y doctorada en Biomedicina, con estudios post-doctorales en el Memorial Sloan Kettering Cancer Center (Nueva York, EEUU), y en el Center for Biomedical Research (Rockefeller University, Nueva York, EEUU). Catedr\u00e1tica de Fisiolog\u00eda, ha dedicado su vida a la investigaci\u00f3n de las enfermedades del cerebro en el envejecimiento y a los nutrientes para la salud cerebral.<\/p>\n<p><strong>Victoria Marzol \u2013 Ge\u00f3grafa<\/strong><\/p>\n<p>Es catedr\u00e1tica y profesora de Geograf\u00eda F\u00edsica de la Universidad de La Laguna, e imparte docencia en los grados de Geograf\u00eda, Ciencias Ambientales y Maestro de Primaria y en los m\u00e1steres en Energ\u00edas Renovables, Biodiversidad Terrestre y Conservaci\u00f3n de Islas y en el m\u00e1ster de Formaci\u00f3n del Profesorado. Ha sido miembro del comit\u00e9 cient\u00edfico del 3\u00ba, 4\u00ba, 5\u00ba y 6\u00ba International Conference on Fog, Fog Collection and Dew, del Comit\u00e9 Cient\u00edfico de la Asociaci\u00f3n Espa\u00f1ola de Climatolog\u00eda y del Consejo Cient\u00edfico de la Reserva de la Biosfera de La Gomera. Marzol ha obtenido varios premios: de Investigaci\u00f3n Agust\u00edn de Bethencourt por la captaci\u00f3n del agua de la niebla en la isla de Tenerife, el premio a la labor de difusi\u00f3n del conocimiento y prestigio de la profesi\u00f3n del ge\u00f3grafo por el Colegio de Ge\u00f3grafos de Canarias y un premio de las Naciones Unidas, en las Actividades Impulso para el Cambio 2016.<\/p>\n<p><strong>Carina Gonz\u00e1lez Gonz\u00e1lez &#8211; Ingeniera inform\u00e1tica<\/strong><\/p>\n<p>Es catedr\u00e1tica de Arquitectura y Tecnolog\u00eda de Computadores en la ULL. Ingenier\u00eda inform\u00e1tica, doctora en Inform\u00e1tica por esta universidad y doctora en Ciencias Sociales y Educaci\u00f3n por la de Huelva, adem\u00e1s de acreditada por la Universidad de Tufts (Massachusetts, EEUU) en Educaci\u00f3n y Tecnolog\u00eda. Gonz\u00e1lez ha desarrollado su actividad investigadora en la aplicaci\u00f3n de t\u00e9cnicas de Inteligencia Artificial e interfaces accesibles e inteligentes. Es miembro del grupo de investigaci\u00f3n consolidado de Interacci\u00f3n, TIC y Educaci\u00f3n.<\/p>\n<p><strong>Jezabel Miriam Molina Gil \u2013 Ingeniera Inform\u00e1tica<\/strong><\/p>\n<p>Es doctora en Inform\u00e1tica por la ULL, ingeniera inform\u00e1tica e ingeniera t\u00e9cnica en inform\u00e1tica de gesti\u00f3n por la ULPGC. Actualmente es profesora e investigadora del Departamento de Ingenier\u00eda Inform\u00e1tica y su investigaci\u00f3n se centra en la seguridad en redes vehiculares. Pertenece al grupo de investigaci\u00f3n sobre criptolog\u00eda y participa en varios m\u00e1s. Molina ha trabajado como ingeniera en varias empresas como Edosoft o Ericsson Espa\u00f1a. Ha desarrollado sistemas en la plataforma m\u00f3vil Windows Mobile, y actualmente est\u00e1 centrando su esfuerzo en la plataforma IOS.<\/p>\n<p><strong>Teresa Gir\u00e1ldez \u2013 Bioqu\u00edmica<\/strong><\/p>\n<p>Es licenciada y doctora en Bioqu\u00edmica, con estancias posdoctorales en la Universidad de Yale, y en otras universidades e instituciones de investigaci\u00f3n en EEUU entre los a\u00f1os 2002 y 2006. En 2014, se incorpor\u00f3 con un contrato Ram\u00f3n y Cajal a la Universidad de La Laguna, donde desde 2019 es profesora titular. A lo largo de su carrera cient\u00edfica Gir\u00e1ldez se ha formado en Biof\u00edsica, Fisiolog\u00eda y Neurociencia, con una experiencia de m\u00e1s de 20 a\u00f1os en el estudio de canales i\u00f3nicos, englobando desde el estudio de su relaci\u00f3n estructura-funci\u00f3n hasta los mecanismos de regulaci\u00f3n fisiol\u00f3gica en sistemas celulares y, recientemente, en modelos animales.<\/p>\n<p><strong>Nuria Mac\u00edas Hern\u00e1ndez \u2013 Bi\u00f3loga<\/strong><\/p>\n<p>Es doctora en Biolog\u00eda, profesora e investigadora en la ULL. Doctorada en 2010 por la Universidad de La Laguna en colaboraci\u00f3n con la Universitat de Barcelona, investiga sobre diferentes aspectos de la evoluci\u00f3n, sistem\u00e1tica y morfolog\u00eda del g\u00e9nero de ara\u00f1as Dysdera en Canarias. Mac\u00edas ha realizado estancias postdoctorales en Aarhus University (Dinamarca) y University of Kentucky (EEUU) para estudiar los factores que promueven la diversificaci\u00f3n morfol\u00f3gica debido a la especializaci\u00f3n tr\u00f3fica en Dysdera. En 2016 se incorpor\u00f3 como investigadora Marie Sk\u0142odowska-Curie en la Universidad de Helsinki e IPNA-CSIC en un proyecto que trata de desvelar los patrones que generan la biodiversidad en diferentes ecosistemas y \u00e1reas biogeogr\u00e1ficas (islas vs. continentes), utilizando las ara\u00f1as como modelo de estudio.<\/p>\n<p><strong>Noelia Cruz P\u00e9rez \u2013 Ingeniera de Edificaci\u00f3n e Ingeniera Civil<\/strong><\/p>\n<p>Graduada en Ingenier\u00eda de Edificaci\u00f3n e Ingenier\u00eda Civil por la ULL, es m\u00e1ster en Tecnolog\u00eda y Gesti\u00f3n del Agua por la Universidad Polit\u00e9cnica de Catalu\u00f1a y m\u00e1ster en Desarrollo Regional por esta universidad. Investigadora en el grupo Ingenia, Cruz participa en diversos proyectos europeos relacionados con el medio ambiente y la gesti\u00f3n eficaz de los recursos en las islas. Tiene experiencia en el c\u00e1lculo de la huella de carbono y la huella h\u00eddrica en diferentes instalaciones, con publicaciones internacionales y aportaciones a congresos.<\/p>\n<p><strong>Silvana Elena Radescu Cioranescu \u2013 F\u00edsica<\/strong><\/p>\n<p>Es licenciada en F\u00edsica por la Universidad M. G. Lomonosov de Mosc\u00fa y doctora en Ciencias F\u00edsicas por la Universidad de La Laguna. Su actividad investigadora m\u00e1s reciente se centra en el campo de la F\u00edsica de las altas presiones y en la aplicaci\u00f3n de m\u00e9todos num\u00e9ricos desde primeros principios mec\u00e1no-cu\u00e1nticos al estudio de diversos materiales de inter\u00e9s tecnol\u00f3gico bajo condiciones extremas. Es miembro del grupo de investigaci\u00f3n de Estructura Electr\u00f3nica y Simulaci\u00f3n de S\u00f3lidos y Materiales de la ULL y del Instituto Universitario de Materiales y Nanotecnolog\u00eda. Es coautora de diversos art\u00edculos en revistas internacionales y participa en congresos internacionales en el campo de la f\u00edsica de altas presiones, as\u00ed como en diversos proyectos de investigaci\u00f3n.<\/p>\n<p><strong>Laura Mart\u00edn Garc\u00eda \u2013 Bi\u00f3loga marina<\/strong><\/p>\n<p>Investigadora en el Centro Oceanogr\u00e1fico de Canarias y colaboradora del Grupo de Investigaci\u00f3n de Bot\u00e1nica Marina de la Universidad de La Laguna. Doctora en Biolog\u00eda con premio extraordinario, est\u00e1 especializada en cartograf\u00eda bent\u00f3nica, descripci\u00f3n de h\u00e1bitats bent\u00f3nicos, an\u00e1lisis estad\u00edstico-espacial y en modelos de distribuci\u00f3n de especies y comunidades marinas. Mart\u00edn cuenta con varias publicaciones y participaciones en congresos, pero tambi\u00e9n con una amplia experiencia en trabajos de gesti\u00f3n en la Administraci\u00f3n P\u00fablica, especialmente dedicando gran parte de su labor profesional a la caracterizaci\u00f3n y delimitaci\u00f3n de \u00e1reas de distribuci\u00f3n de especies y comunidades marinas del archipi\u00e9lago canario y su aplicaci\u00f3n en la gesti\u00f3n.<\/p>\n<p><strong>Inma Perdomo \u2013 Fil\u00f3sofa<\/strong><\/p>\n<p>Es profesora titular de L\u00f3gica y Filosof\u00eda de la Ciencia. Licenciada en Filosof\u00eda y Ciencias de la Educaci\u00f3n por la ULL, especialidad Filosof\u00eda. Complet\u00f3 su formaci\u00f3n en 1991 con una estancia predoctoral (Honorary Research Fellow) en el University College of London bajo la tutor\u00eda de Nicholas Maxwell. Miembro de la Sociedad de L\u00f3gica, Metodolog\u00eda y Filosof\u00eda de la Ciencia en Espa\u00f1a, fue vocal de la Junta Directiva y ha sido editora del Bolet\u00edn de la SLMFCE (n\u00ba 52-58). Es miembro del Instituto Universitario de Estudios de las Mujeres de la ULL.<\/p>\n<p><strong>Ver\u00f3nica Pino \u2013 Qu\u00edmica<\/strong><\/p>\n<p>Es catedr\u00e1tica de la Universidad de La Laguna y doctora en Qu\u00edmica con Premio Extraordinario. Ha sido beneficiaria de programas de prestigio del Ministerio para la reincorporaci\u00f3n de investigadores en el extranjero, como Juan de la Cierva (2005-2008) y Ram\u00f3n y Cajal (2010-2014).<\/p>\n<p>Toda la informaci\u00f3n sobre este evento est\u00e1 disponible en este <a href=\"https:\/\/www.cienciacanaria.es\/actividades\/acercate-a-la-ciencia\/1228-mujer-y-nina-en-la-ciencia-conoce-y-pregunta-a-nuestras-cientificas-y-tecnologas\" target=\"_blank\" rel=\"noopener\">enlace<\/a>.<\/p>\n","protected":false},"excerpt":{"rendered":"<p>La Universidad de La Laguna participa con casi una quincena de investigadoras en el Ciclo \u201cMujer y Ni\u00f1a en la&#8230;<\/p>\n","protected":false},"author":75,"featured_media":54499,"comment_status":"closed","ping_status":"closed","sticky":false,"template":"","format":"standard","meta":{"inline_featured_image":false,"footnotes":""},"categories":[3785,345,350,2754,2765],"tags":[815,820,1543,2715,7079,2527],"acf":[],"yoast_head":"<!-- This site is optimized with the Yoast SEO plugin v21.3 - https:\/\/yoast.com\/wordpress\/plugins\/seo\/ -->\n<title>Una quincena de investigadoras de la ULL participa en el Ciclo Mujer y Ni\u00f1a en la Ciencia - ULL - Noticias<\/title>\n<meta name=\"robots\" content=\"index, follow, max-snippet:-1, max-image-preview:large, max-video-preview:-1\" \/>\n<link rel=\"canonical\" href=\"https:\/\/www.ull.es\/portal\/noticias\/2021\/una-quincena-de-investigadoras-de-la-ull-participa-en-el-ciclo-mujer-y-nina-en-la-ciencia\/\" \/>\n<meta property=\"og:locale\" content=\"es_ES\" \/>\n<meta property=\"og:type\" content=\"article\" \/>\n<meta property=\"og:title\" content=\"Una quincena de investigadoras de la ULL participa en el Ciclo Mujer y Ni\u00f1a en la Ciencia - ULL - Noticias\" \/>\n<meta property=\"og:description\" content=\"La Universidad de La Laguna participa con casi una quincena de investigadoras en el Ciclo \u201cMujer y Ni\u00f1a en la...\" \/>\n<meta property=\"og:url\" content=\"https:\/\/www.ull.es\/portal\/noticias\/2021\/una-quincena-de-investigadoras-de-la-ull-participa-en-el-ciclo-mujer-y-nina-en-la-ciencia\/\" \/>\n<meta property=\"og:site_name\" content=\"ULL - Noticias\" \/>\n<meta property=\"article:publisher\" content=\"https:\/\/www.facebook.com\/universidaddelalaguna\/\" \/>\n<meta property=\"article:published_time\" content=\"2021-02-09T12:25:32+00:00\" \/>\n<meta property=\"article:modified_time\" content=\"2021-02-09T13:07:38+00:00\" \/>\n<meta property=\"og:image\" content=\"https:\/\/www.ull.es\/portal\/noticias\/wp-content\/uploads\/sites\/13\/2021\/02\/ciclo_mujer_ciencia.jpg\" \/>\n\t<meta property=\"og:image:width\" content=\"1024\" \/>\n\t<meta property=\"og:image:height\" content=\"512\" \/>\n\t<meta property=\"og:image:type\" content=\"image\/jpeg\" \/>\n<meta name=\"author\" content=\"cominves\" \/>\n<meta name=\"twitter:card\" content=\"summary_large_image\" \/>\n<meta name=\"twitter:creator\" content=\"@CanalULL\" \/>\n<meta name=\"twitter:site\" content=\"@CanalULL\" \/>\n<meta name=\"twitter:label1\" content=\"Escrito por\" \/>\n\t<meta name=\"twitter:data1\" content=\"cominves\" \/>\n\t<meta name=\"twitter:label2\" content=\"Tiempo de lectura\" \/>\n\t<meta name=\"twitter:data2\" content=\"8 minutos\" \/>\n<script type=\"application\/ld+json\" class=\"yoast-schema-graph\">{\"@context\":\"https:\/\/schema.org\",\"@graph\":[{\"@type\":\"WebPage\",\"@id\":\"https:\/\/www.ull.es\/portal\/noticias\/2021\/una-quincena-de-investigadoras-de-la-ull-participa-en-el-ciclo-mujer-y-nina-en-la-ciencia\/\",\"url\":\"https:\/\/www.ull.es\/portal\/noticias\/2021\/una-quincena-de-investigadoras-de-la-ull-participa-en-el-ciclo-mujer-y-nina-en-la-ciencia\/\",\"name\":\"Una quincena de investigadoras de la ULL participa en el Ciclo Mujer y Ni\u00f1a en la Ciencia - ULL - Noticias\",\"isPartOf\":{\"@id\":\"https:\/\/www.ull.es\/portal\/noticias\/#website\"},\"datePublished\":\"2021-02-09T12:25:32+00:00\",\"dateModified\":\"2021-02-09T13:07:38+00:00\",\"author\":{\"@id\":\"https:\/\/www.ull.es\/portal\/noticias\/#\/schema\/person\/cef1849e136dd70b2d5286f94ed343ba\"},\"breadcrumb\":{\"@id\":\"https:\/\/www.ull.es\/portal\/noticias\/2021\/una-quincena-de-investigadoras-de-la-ull-participa-en-el-ciclo-mujer-y-nina-en-la-ciencia\/#breadcrumb\"},\"inLanguage\":\"es\",\"potentialAction\":[{\"@type\":\"ReadAction\",\"target\":[\"https:\/\/www.ull.es\/portal\/noticias\/2021\/una-quincena-de-investigadoras-de-la-ull-participa-en-el-ciclo-mujer-y-nina-en-la-ciencia\/\"]}]},{\"@type\":\"BreadcrumbList\",\"@id\":\"https:\/\/www.ull.es\/portal\/noticias\/2021\/una-quincena-de-investigadoras-de-la-ull-participa-en-el-ciclo-mujer-y-nina-en-la-ciencia\/#breadcrumb\",\"itemListElement\":[{\"@type\":\"ListItem\",\"position\":1,\"name\":\"Portada\",\"item\":\"https:\/\/www.ull.es\/portal\/noticias\/\"},{\"@type\":\"ListItem\",\"position\":2,\"name\":\"Una quincena de investigadoras de la ULL participa en el Ciclo Mujer y Ni\u00f1a en la Ciencia\"}]},{\"@type\":\"WebSite\",\"@id\":\"https:\/\/www.ull.es\/portal\/noticias\/#website\",\"url\":\"https:\/\/www.ull.es\/portal\/noticias\/\",\"name\":\"ULL - Noticias\",\"description\":\"\",\"potentialAction\":[{\"@type\":\"SearchAction\",\"target\":{\"@type\":\"EntryPoint\",\"urlTemplate\":\"https:\/\/www.ull.es\/portal\/noticias\/?s={search_term_string}\"},\"query-input\":\"required name=search_term_string\"}],\"inLanguage\":\"es\"},{\"@type\":\"Person\",\"@id\":\"https:\/\/www.ull.es\/portal\/noticias\/#\/schema\/person\/cef1849e136dd70b2d5286f94ed343ba\",\"name\":\"cominves\",\"image\":{\"@type\":\"ImageObject\",\"inLanguage\":\"es\",\"@id\":\"https:\/\/www.ull.es\/portal\/noticias\/#\/schema\/person\/image\/\",\"url\":\"https:\/\/secure.gravatar.com\/avatar\/5871526634f572686287ed9b828d8349?s=96&d=mm&r=g\",\"contentUrl\":\"https:\/\/secure.gravatar.com\/avatar\/5871526634f572686287ed9b828d8349?s=96&d=mm&r=g\",\"caption\":\"cominves\"},\"url\":\"https:\/\/www.ull.es\/portal\/noticias\/author\/cominves\/\"}]}<\/script>\n<!-- \/ Yoast SEO plugin. -->","yoast_head_json":{"title":"Una quincena de investigadoras de la ULL participa en el Ciclo Mujer y Ni\u00f1a en la Ciencia - ULL - Noticias","robots":{"index":"index","follow":"follow","max-snippet":"max-snippet:-1","max-image-preview":"max-image-preview:large","max-video-preview":"max-video-preview:-1"},"canonical":"https:\/\/www.ull.es\/portal\/noticias\/2021\/una-quincena-de-investigadoras-de-la-ull-participa-en-el-ciclo-mujer-y-nina-en-la-ciencia\/","og_locale":"es_ES","og_type":"article","og_title":"Una quincena de investigadoras de la ULL participa en el Ciclo Mujer y Ni\u00f1a en la Ciencia - ULL - Noticias","og_description":"La Universidad de La Laguna participa con casi una quincena de investigadoras en el Ciclo \u201cMujer y Ni\u00f1a en la...","og_url":"https:\/\/www.ull.es\/portal\/noticias\/2021\/una-quincena-de-investigadoras-de-la-ull-participa-en-el-ciclo-mujer-y-nina-en-la-ciencia\/","og_site_name":"ULL - Noticias","article_publisher":"https:\/\/www.facebook.com\/universidaddelalaguna\/","article_published_time":"2021-02-09T12:25:32+00:00","article_modified_time":"2021-02-09T13:07:38+00:00","og_image":[{"width":1024,"height":512,"url":"https:\/\/www.ull.es\/portal\/noticias\/wp-content\/uploads\/sites\/13\/2021\/02\/ciclo_mujer_ciencia.jpg","type":"image\/jpeg"}],"author":"cominves","twitter_card":"summary_large_image","twitter_creator":"@CanalULL","twitter_site":"@CanalULL","twitter_misc":{"Escrito por":"cominves","Tiempo de lectura":"8 minutos"},"schema":{"@context":"https:\/\/schema.org","@graph":[{"@type":"WebPage","@id":"https:\/\/www.ull.es\/portal\/noticias\/2021\/una-quincena-de-investigadoras-de-la-ull-participa-en-el-ciclo-mujer-y-nina-en-la-ciencia\/","url":"https:\/\/www.ull.es\/portal\/noticias\/2021\/una-quincena-de-investigadoras-de-la-ull-participa-en-el-ciclo-mujer-y-nina-en-la-ciencia\/","name":"Una quincena de investigadoras de la ULL participa en el Ciclo Mujer y Ni\u00f1a en la Ciencia - ULL - Noticias","isPartOf":{"@id":"https:\/\/www.ull.es\/portal\/noticias\/#website"},"datePublished":"2021-02-09T12:25:32+00:00","dateModified":"2021-02-09T13:07:38+00:00","author":{"@id":"https:\/\/www.ull.es\/portal\/noticias\/#\/schema\/person\/cef1849e136dd70b2d5286f94ed343ba"},"breadcrumb":{"@id":"https:\/\/www.ull.es\/portal\/noticias\/2021\/una-quincena-de-investigadoras-de-la-ull-participa-en-el-ciclo-mujer-y-nina-en-la-ciencia\/#breadcrumb"},"inLanguage":"es","potentialAction":[{"@type":"ReadAction","target":["https:\/\/www.ull.es\/portal\/noticias\/2021\/una-quincena-de-investigadoras-de-la-ull-participa-en-el-ciclo-mujer-y-nina-en-la-ciencia\/"]}]},{"@type":"BreadcrumbList","@id":"https:\/\/www.ull.es\/portal\/noticias\/2021\/una-quincena-de-investigadoras-de-la-ull-participa-en-el-ciclo-mujer-y-nina-en-la-ciencia\/#breadcrumb","itemListElement":[{"@type":"ListItem","position":1,"name":"Portada","item":"https:\/\/www.ull.es\/portal\/noticias\/"},{"@type":"ListItem","position":2,"name":"Una quincena de investigadoras de la ULL participa en el Ciclo Mujer y Ni\u00f1a en la Ciencia"}]},{"@type":"WebSite","@id":"https:\/\/www.ull.es\/portal\/noticias\/#website","url":"https:\/\/www.ull.es\/portal\/noticias\/","name":"ULL - Noticias","description":"","potentialAction":[{"@type":"SearchAction","target":{"@type":"EntryPoint","urlTemplate":"https:\/\/www.ull.es\/portal\/noticias\/?s={search_term_string}"},"query-input":"required name=search_term_string"}],"inLanguage":"es"},{"@type":"Person","@id":"https:\/\/www.ull.es\/portal\/noticias\/#\/schema\/person\/cef1849e136dd70b2d5286f94ed343ba","name":"cominves","image":{"@type":"ImageObject","inLanguage":"es","@id":"https:\/\/www.ull.es\/portal\/noticias\/#\/schema\/person\/image\/","url":"https:\/\/secure.gravatar.com\/avatar\/5871526634f572686287ed9b828d8349?s=96&d=mm&r=g","contentUrl":"https:\/\/secure.gravatar.com\/avatar\/5871526634f572686287ed9b828d8349?s=96&d=mm&r=g","caption":"cominves"},"url":"https:\/\/www.ull.es\/portal\/noticias\/author\/cominves\/"}]}},"primary_category":{"id":350,"name":"Investigaci\u00f3n","slug":"investigacion","link":"https:\/\/www.ull.es\/portal\/noticias\/category\/investigacion\/"},"featured_image_thumbnail_url":"https:\/\/www.ull.es\/portal\/noticias\/wp-content\/uploads\/sites\/13\/2021\/02\/ciclo_mujer_ciencia-300x150.jpg","_links":{"self":[{"href":"https:\/\/www.ull.es\/portal\/noticias\/wp-json\/wp\/v2\/posts\/54496"}],"collection":[{"href":"https:\/\/www.ull.es\/portal\/noticias\/wp-json\/wp\/v2\/posts"}],"about":[{"href":"https:\/\/www.ull.es\/portal\/noticias\/wp-json\/wp\/v2\/types\/post"}],"author":[{"embeddable":true,"href":"https:\/\/www.ull.es\/portal\/noticias\/wp-json\/wp\/v2\/users\/75"}],"replies":[{"embeddable":true,"href":"https:\/\/www.ull.es\/portal\/noticias\/wp-json\/wp\/v2\/comments?post=54496"}],"version-history":[{"count":3,"href":"https:\/\/www.ull.es\/portal\/noticias\/wp-json\/wp\/v2\/posts\/54496\/revisions"}],"predecessor-version":[{"id":54515,"href":"https:\/\/www.ull.es\/portal\/noticias\/wp-json\/wp\/v2\/posts\/54496\/revisions\/54515"}],"wp:featuredmedia":[{"embeddable":true,"href":"https:\/\/www.ull.es\/portal\/noticias\/wp-json\/wp\/v2\/media\/54499"}],"wp:attachment":[{"href":"https:\/\/www.ull.es\/portal\/noticias\/wp-json\/wp\/v2\/media?parent=54496"}],"wp:term":[{"taxonomy":"category","embeddable":true,"href":"https:\/\/www.ull.es\/portal\/noticias\/wp-json\/wp\/v2\/categories?post=54496"},{"taxonomy":"post_tag","embeddable":true,"href":"https:\/\/www.ull.es\/portal\/noticias\/wp-json\/wp\/v2\/tags?post=54496"}],"curies":[{"name":"wp","href":"https:\/\/api.w.org\/{rel}","templated":true}]}}