{"id":54571,"date":"2021-02-12T14:06:15","date_gmt":"2021-02-12T14:06:15","guid":{"rendered":"https:\/\/www.ull.es\/portal\/noticias\/?p=54571"},"modified":"2021-02-12T14:32:23","modified_gmt":"2021-02-12T14:32:23","slug":"alumnado-ull-disena-senaletica-sobre-covid-19-transporte-publico","status":"publish","type":"post","link":"https:\/\/www.ull.es\/portal\/noticias\/2021\/alumnado-ull-disena-senaletica-sobre-covid-19-transporte-publico\/","title":{"rendered":"Alumnado de la ULL dise\u00f1a la se\u00f1al\u00e9tica sobre la Covid-19 en el transporte p\u00fablico"},"content":{"rendered":"<p>La nueva realidad ha trastocado muchos aspectos de la vida de millones de personas y ha convertido a la informaci\u00f3n en uno de los bienes m\u00e1s preciados. Un grupo de alumnos del grado en Dise\u00f1o de la Universidad de La Laguna ha puesto el foco en esta situaci\u00f3n y ha desarrollado un proyecto de se\u00f1alizaci\u00f3n que busca aglutinar toda la informaci\u00f3n necesaria sobre la Covid-19 de forma sencilla en el transporte p\u00fablico.<\/p>\n<p>Tomando como supuesto el Tranv\u00eda de Tenerife, Yerimay Bethencourt, Sara Cumplido, Javier D\u00edaz, Paula Jubera y Ana P\u00e9rez, responsables del proyecto, han creado una gama de se\u00f1ales simples que ordenan las obligaciones, prohibiciones, as\u00ed como toda la informaci\u00f3n de inter\u00e9s para el usuario de transporte p\u00fablico que desea tomarlo de forma responsable y segura.<\/p>\n<p><a href=\"https:\/\/www.ull.es\/portal\/noticias\/wp-content\/uploads\/sites\/13\/2021\/02\/Captura43534.jpg\" target=\"_blank\" rel=\"noopener\"><img decoding=\"async\" loading=\"lazy\" class=\"alignleft size-half wp-image-54574\" src=\"https:\/\/www.ull.es\/portal\/noticias\/wp-content\/uploads\/sites\/13\/2021\/02\/Captura43534-375x249.jpg\" alt=\"\" width=\"375\" height=\"249\" srcset=\"https:\/\/www.ull.es\/portal\/noticias\/wp-content\/uploads\/sites\/13\/2021\/02\/Captura43534-375x249.jpg 375w, https:\/\/www.ull.es\/portal\/noticias\/wp-content\/uploads\/sites\/13\/2021\/02\/Captura43534-300x199.jpg 300w, https:\/\/www.ull.es\/portal\/noticias\/wp-content\/uploads\/sites\/13\/2021\/02\/Captura43534-768x511.jpg 768w, https:\/\/www.ull.es\/portal\/noticias\/wp-content\/uploads\/sites\/13\/2021\/02\/Captura43534-750x499.jpg 750w, https:\/\/www.ull.es\/portal\/noticias\/wp-content\/uploads\/sites\/13\/2021\/02\/Captura43534.jpg 916w\" sizes=\"(max-width: 375px) 100vw, 375px\" \/><\/a>Bajo la supervisi\u00f3n de la profesora del departamento de Bellas Artes, Soheila Pirasteh, estos cinco estudiantes han desarrollado esta idea, que han plasmado en este <a href=\"https:\/\/www.youtube.com\/watch?v=znaKiG8zIyg&amp;feature=youtu.be\" target=\"_blank\" rel=\"noopener noreferrer\" target=\"_blank\" rel=\"noopener\">v\u00eddeo<\/a>, y por la que ya se han interesado distintas empresas. Adem\u00e1s, aunque el proyecto est\u00e9 enfocado al transporte p\u00fablico, los responsables tambi\u00e9n trabajaron para que el mismo sistema de se\u00f1alizaci\u00f3n pueda ser adaptado a otros lugares como centros educativos o sanitarios.<\/p>\n<p>La vol\u00e1til situaci\u00f3n de la pandemia ha supeditado la creaci\u00f3n de este proyecto que busca unificar la manera en la que se comunica sobre las medidas de seguridad. La rapidez y la eficacia se erigen como los puntos fuertes de esta se\u00f1al\u00e9tica que se divide en tres colores, rojo, verde y azul, en funci\u00f3n de lo que se quiera transmitir. Adem\u00e1s, ha sido desarrollada con el uso de hex\u00e1gonos, una forma que los propios desarrolladores califican como \u201cpoco com\u00fan, al igual que la situaci\u00f3n sanitaria que se vive actualmente\u201d.<\/p>\n<p>A pesar de que a\u00fan es solo un proyecto, la intenci\u00f3n de estos alumnos es poder ponerlo en pr\u00e1ctica. Es m\u00e1s, ha sido dise\u00f1ado para ser colocado en mupis, marquesinas, banderolas y lugares que puedan ser vistos por los usuarios del transporte p\u00fablico r\u00e1pidamente. De esta forma, tal y como se\u00f1alan los creadores, \u201cse podr\u00eda conseguir el objetivo fundamental de difundir informaci\u00f3n certera acerca de la situaci\u00f3n sanitaria actual y promover la responsabilidad ante un gran n\u00famero de personas\u201d.<\/p>\n","protected":false},"excerpt":{"rendered":"<p>La nueva realidad ha trastocado muchos aspectos de la vida de millones de personas y ha convertido a la informaci\u00f3n&#8230;<\/p>\n","protected":false},"author":67,"featured_media":54572,"comment_status":"closed","ping_status":"closed","sticky":false,"template":"","format":"standard","meta":{"inline_featured_image":false,"footnotes":""},"categories":[343,345,2765],"tags":[],"acf":[],"yoast_head":"<!-- This site is optimized with the Yoast SEO plugin v21.3 - https:\/\/yoast.com\/wordpress\/plugins\/seo\/ -->\n<title>Alumnado de la ULL dise\u00f1a la se\u00f1al\u00e9tica sobre la Covid-19 en el transporte p\u00fablico - ULL - Noticias<\/title>\n<meta name=\"description\" content=\"La nueva realidad ha trastocado muchos aspectos de la vida de millones de personas y ha convertido a la informaci\u00f3n en uno de los bienes m\u00e1s preciados. Un grupo de alumnos del grado en Dise\u00f1o de la Universidad de La Laguna ha puesto el foco en esta situaci\u00f3n y ha desarrollado un proyecto de se\u00f1alizaci\u00f3n que busca aglutinar toda la informaci\u00f3n necesaria sobre la Covid-19 de forma sencilla en el transporte p\u00fablico.\" \/>\n<meta name=\"robots\" content=\"index, follow, max-snippet:-1, max-image-preview:large, max-video-preview:-1\" \/>\n<link rel=\"canonical\" href=\"https:\/\/www.ull.es\/portal\/noticias\/2021\/alumnado-ull-disena-senaletica-sobre-covid-19-transporte-publico\/\" \/>\n<meta property=\"og:locale\" content=\"es_ES\" \/>\n<meta property=\"og:type\" content=\"article\" \/>\n<meta property=\"og:title\" content=\"Alumnado de la ULL dise\u00f1a la se\u00f1al\u00e9tica sobre la Covid-19 en el transporte p\u00fablico - ULL - Noticias\" \/>\n<meta property=\"og:description\" content=\"La nueva realidad ha trastocado muchos aspectos de la vida de millones de personas y ha convertido a la informaci\u00f3n en uno de los bienes m\u00e1s preciados. Un grupo de alumnos del grado en Dise\u00f1o de la Universidad de La Laguna ha puesto el foco en esta situaci\u00f3n y ha desarrollado un proyecto de se\u00f1alizaci\u00f3n que busca aglutinar toda la informaci\u00f3n necesaria sobre la Covid-19 de forma sencilla en el transporte p\u00fablico.\" \/>\n<meta property=\"og:url\" content=\"https:\/\/www.ull.es\/portal\/noticias\/2021\/alumnado-ull-disena-senaletica-sobre-covid-19-transporte-publico\/\" \/>\n<meta property=\"og:site_name\" content=\"ULL - Noticias\" \/>\n<meta property=\"article:publisher\" content=\"https:\/\/www.facebook.com\/universidaddelalaguna\/\" \/>\n<meta property=\"article:published_time\" content=\"2021-02-12T14:06:15+00:00\" \/>\n<meta property=\"article:modified_time\" content=\"2021-02-12T14:32:23+00:00\" \/>\n<meta property=\"og:image\" content=\"https:\/\/www.ull.es\/portal\/noticias\/wp-content\/uploads\/sites\/13\/2021\/02\/Alumnos-disen\u0303o-03.jpg\" \/>\n\t<meta property=\"og:image:width\" content=\"1024\" \/>\n\t<meta property=\"og:image:height\" content=\"683\" \/>\n\t<meta property=\"og:image:type\" content=\"image\/jpeg\" \/>\n<meta name=\"author\" content=\"gcom5\" \/>\n<meta name=\"twitter:card\" content=\"summary_large_image\" \/>\n<meta name=\"twitter:creator\" content=\"@CanalULL\" \/>\n<meta name=\"twitter:site\" content=\"@CanalULL\" \/>\n<meta name=\"twitter:label1\" content=\"Escrito por\" \/>\n\t<meta name=\"twitter:data1\" content=\"gcom5\" \/>\n\t<meta name=\"twitter:label2\" content=\"Tiempo de lectura\" \/>\n\t<meta name=\"twitter:data2\" content=\"2 minutos\" \/>\n<script type=\"application\/ld+json\" class=\"yoast-schema-graph\">{\"@context\":\"https:\/\/schema.org\",\"@graph\":[{\"@type\":\"WebPage\",\"@id\":\"https:\/\/www.ull.es\/portal\/noticias\/2021\/alumnado-ull-disena-senaletica-sobre-covid-19-transporte-publico\/\",\"url\":\"https:\/\/www.ull.es\/portal\/noticias\/2021\/alumnado-ull-disena-senaletica-sobre-covid-19-transporte-publico\/\",\"name\":\"Alumnado de la ULL dise\u00f1a la se\u00f1al\u00e9tica sobre la Covid-19 en el transporte p\u00fablico - ULL - Noticias\",\"isPartOf\":{\"@id\":\"https:\/\/www.ull.es\/portal\/noticias\/#website\"},\"datePublished\":\"2021-02-12T14:06:15+00:00\",\"dateModified\":\"2021-02-12T14:32:23+00:00\",\"author\":{\"@id\":\"https:\/\/www.ull.es\/portal\/noticias\/#\/schema\/person\/8027c6c4687adc2c90dc1532715d34df\"},\"description\":\"La nueva realidad ha trastocado muchos aspectos de la vida de millones de personas y ha convertido a la informaci\u00f3n en uno de los bienes m\u00e1s preciados. Un grupo de alumnos del grado en Dise\u00f1o de la Universidad de La Laguna ha puesto el foco en esta situaci\u00f3n y ha desarrollado un proyecto de se\u00f1alizaci\u00f3n que busca aglutinar toda la informaci\u00f3n necesaria sobre la Covid-19 de forma sencilla en el transporte p\u00fablico.\",\"breadcrumb\":{\"@id\":\"https:\/\/www.ull.es\/portal\/noticias\/2021\/alumnado-ull-disena-senaletica-sobre-covid-19-transporte-publico\/#breadcrumb\"},\"inLanguage\":\"es\",\"potentialAction\":[{\"@type\":\"ReadAction\",\"target\":[\"https:\/\/www.ull.es\/portal\/noticias\/2021\/alumnado-ull-disena-senaletica-sobre-covid-19-transporte-publico\/\"]}]},{\"@type\":\"BreadcrumbList\",\"@id\":\"https:\/\/www.ull.es\/portal\/noticias\/2021\/alumnado-ull-disena-senaletica-sobre-covid-19-transporte-publico\/#breadcrumb\",\"itemListElement\":[{\"@type\":\"ListItem\",\"position\":1,\"name\":\"Portada\",\"item\":\"https:\/\/www.ull.es\/portal\/noticias\/\"},{\"@type\":\"ListItem\",\"position\":2,\"name\":\"Alumnado de la ULL dise\u00f1a la se\u00f1al\u00e9tica sobre la Covid-19 en el transporte p\u00fablico\"}]},{\"@type\":\"WebSite\",\"@id\":\"https:\/\/www.ull.es\/portal\/noticias\/#website\",\"url\":\"https:\/\/www.ull.es\/portal\/noticias\/\",\"name\":\"ULL - Noticias\",\"description\":\"\",\"potentialAction\":[{\"@type\":\"SearchAction\",\"target\":{\"@type\":\"EntryPoint\",\"urlTemplate\":\"https:\/\/www.ull.es\/portal\/noticias\/?s={search_term_string}\"},\"query-input\":\"required name=search_term_string\"}],\"inLanguage\":\"es\"},{\"@type\":\"Person\",\"@id\":\"https:\/\/www.ull.es\/portal\/noticias\/#\/schema\/person\/8027c6c4687adc2c90dc1532715d34df\",\"name\":\"gcom5\",\"image\":{\"@type\":\"ImageObject\",\"inLanguage\":\"es\",\"@id\":\"https:\/\/www.ull.es\/portal\/noticias\/#\/schema\/person\/image\/\",\"url\":\"https:\/\/secure.gravatar.com\/avatar\/8b3777f8048001fa57b88338ce5605b9?s=96&d=mm&r=g\",\"contentUrl\":\"https:\/\/secure.gravatar.com\/avatar\/8b3777f8048001fa57b88338ce5605b9?s=96&d=mm&r=g\",\"caption\":\"gcom5\"},\"url\":\"https:\/\/www.ull.es\/portal\/noticias\/author\/gcom5\/\"}]}<\/script>\n<!-- \/ Yoast SEO plugin. -->","yoast_head_json":{"title":"Alumnado de la ULL dise\u00f1a la se\u00f1al\u00e9tica sobre la Covid-19 en el transporte p\u00fablico - ULL - Noticias","description":"La nueva realidad ha trastocado muchos aspectos de la vida de millones de personas y ha convertido a la informaci\u00f3n en uno de los bienes m\u00e1s preciados. Un grupo de alumnos del grado en Dise\u00f1o de la Universidad de La Laguna ha puesto el foco en esta situaci\u00f3n y ha desarrollado un proyecto de se\u00f1alizaci\u00f3n que busca aglutinar toda la informaci\u00f3n necesaria sobre la Covid-19 de forma sencilla en el transporte p\u00fablico.","robots":{"index":"index","follow":"follow","max-snippet":"max-snippet:-1","max-image-preview":"max-image-preview:large","max-video-preview":"max-video-preview:-1"},"canonical":"https:\/\/www.ull.es\/portal\/noticias\/2021\/alumnado-ull-disena-senaletica-sobre-covid-19-transporte-publico\/","og_locale":"es_ES","og_type":"article","og_title":"Alumnado de la ULL dise\u00f1a la se\u00f1al\u00e9tica sobre la Covid-19 en el transporte p\u00fablico - ULL - Noticias","og_description":"La nueva realidad ha trastocado muchos aspectos de la vida de millones de personas y ha convertido a la informaci\u00f3n en uno de los bienes m\u00e1s preciados. Un grupo de alumnos del grado en Dise\u00f1o de la Universidad de La Laguna ha puesto el foco en esta situaci\u00f3n y ha desarrollado un proyecto de se\u00f1alizaci\u00f3n que busca aglutinar toda la informaci\u00f3n necesaria sobre la Covid-19 de forma sencilla en el transporte p\u00fablico.","og_url":"https:\/\/www.ull.es\/portal\/noticias\/2021\/alumnado-ull-disena-senaletica-sobre-covid-19-transporte-publico\/","og_site_name":"ULL - Noticias","article_publisher":"https:\/\/www.facebook.com\/universidaddelalaguna\/","article_published_time":"2021-02-12T14:06:15+00:00","article_modified_time":"2021-02-12T14:32:23+00:00","og_image":[{"width":1024,"height":683,"url":"https:\/\/www.ull.es\/portal\/noticias\/wp-content\/uploads\/sites\/13\/2021\/02\/Alumnos-disen\u0303o-03.jpg","type":"image\/jpeg"}],"author":"gcom5","twitter_card":"summary_large_image","twitter_creator":"@CanalULL","twitter_site":"@CanalULL","twitter_misc":{"Escrito por":"gcom5","Tiempo de lectura":"2 minutos"},"schema":{"@context":"https:\/\/schema.org","@graph":[{"@type":"WebPage","@id":"https:\/\/www.ull.es\/portal\/noticias\/2021\/alumnado-ull-disena-senaletica-sobre-covid-19-transporte-publico\/","url":"https:\/\/www.ull.es\/portal\/noticias\/2021\/alumnado-ull-disena-senaletica-sobre-covid-19-transporte-publico\/","name":"Alumnado de la ULL dise\u00f1a la se\u00f1al\u00e9tica sobre la Covid-19 en el transporte p\u00fablico - ULL - Noticias","isPartOf":{"@id":"https:\/\/www.ull.es\/portal\/noticias\/#website"},"datePublished":"2021-02-12T14:06:15+00:00","dateModified":"2021-02-12T14:32:23+00:00","author":{"@id":"https:\/\/www.ull.es\/portal\/noticias\/#\/schema\/person\/8027c6c4687adc2c90dc1532715d34df"},"description":"La nueva realidad ha trastocado muchos aspectos de la vida de millones de personas y ha convertido a la informaci\u00f3n en uno de los bienes m\u00e1s preciados. Un grupo de alumnos del grado en Dise\u00f1o de la Universidad de La Laguna ha puesto el foco en esta situaci\u00f3n y ha desarrollado un proyecto de se\u00f1alizaci\u00f3n que busca aglutinar toda la informaci\u00f3n necesaria sobre la Covid-19 de forma sencilla en el transporte p\u00fablico.","breadcrumb":{"@id":"https:\/\/www.ull.es\/portal\/noticias\/2021\/alumnado-ull-disena-senaletica-sobre-covid-19-transporte-publico\/#breadcrumb"},"inLanguage":"es","potentialAction":[{"@type":"ReadAction","target":["https:\/\/www.ull.es\/portal\/noticias\/2021\/alumnado-ull-disena-senaletica-sobre-covid-19-transporte-publico\/"]}]},{"@type":"BreadcrumbList","@id":"https:\/\/www.ull.es\/portal\/noticias\/2021\/alumnado-ull-disena-senaletica-sobre-covid-19-transporte-publico\/#breadcrumb","itemListElement":[{"@type":"ListItem","position":1,"name":"Portada","item":"https:\/\/www.ull.es\/portal\/noticias\/"},{"@type":"ListItem","position":2,"name":"Alumnado de la ULL dise\u00f1a la se\u00f1al\u00e9tica sobre la Covid-19 en el transporte p\u00fablico"}]},{"@type":"WebSite","@id":"https:\/\/www.ull.es\/portal\/noticias\/#website","url":"https:\/\/www.ull.es\/portal\/noticias\/","name":"ULL - Noticias","description":"","potentialAction":[{"@type":"SearchAction","target":{"@type":"EntryPoint","urlTemplate":"https:\/\/www.ull.es\/portal\/noticias\/?s={search_term_string}"},"query-input":"required name=search_term_string"}],"inLanguage":"es"},{"@type":"Person","@id":"https:\/\/www.ull.es\/portal\/noticias\/#\/schema\/person\/8027c6c4687adc2c90dc1532715d34df","name":"gcom5","image":{"@type":"ImageObject","inLanguage":"es","@id":"https:\/\/www.ull.es\/portal\/noticias\/#\/schema\/person\/image\/","url":"https:\/\/secure.gravatar.com\/avatar\/8b3777f8048001fa57b88338ce5605b9?s=96&d=mm&r=g","contentUrl":"https:\/\/secure.gravatar.com\/avatar\/8b3777f8048001fa57b88338ce5605b9?s=96&d=mm&r=g","caption":"gcom5"},"url":"https:\/\/www.ull.es\/portal\/noticias\/author\/gcom5\/"}]}},"primary_category":{"id":345,"name":"Destacado","slug":"destacado","link":"https:\/\/www.ull.es\/portal\/noticias\/category\/destacado\/"},"featured_image_thumbnail_url":"https:\/\/www.ull.es\/portal\/noticias\/wp-content\/uploads\/sites\/13\/2021\/02\/Alumnos-disen\u0303o-03-300x200.jpg","_links":{"self":[{"href":"https:\/\/www.ull.es\/portal\/noticias\/wp-json\/wp\/v2\/posts\/54571"}],"collection":[{"href":"https:\/\/www.ull.es\/portal\/noticias\/wp-json\/wp\/v2\/posts"}],"about":[{"href":"https:\/\/www.ull.es\/portal\/noticias\/wp-json\/wp\/v2\/types\/post"}],"author":[{"embeddable":true,"href":"https:\/\/www.ull.es\/portal\/noticias\/wp-json\/wp\/v2\/users\/67"}],"replies":[{"embeddable":true,"href":"https:\/\/www.ull.es\/portal\/noticias\/wp-json\/wp\/v2\/comments?post=54571"}],"version-history":[{"count":4,"href":"https:\/\/www.ull.es\/portal\/noticias\/wp-json\/wp\/v2\/posts\/54571\/revisions"}],"predecessor-version":[{"id":54583,"href":"https:\/\/www.ull.es\/portal\/noticias\/wp-json\/wp\/v2\/posts\/54571\/revisions\/54583"}],"wp:featuredmedia":[{"embeddable":true,"href":"https:\/\/www.ull.es\/portal\/noticias\/wp-json\/wp\/v2\/media\/54572"}],"wp:attachment":[{"href":"https:\/\/www.ull.es\/portal\/noticias\/wp-json\/wp\/v2\/media?parent=54571"}],"wp:term":[{"taxonomy":"category","embeddable":true,"href":"https:\/\/www.ull.es\/portal\/noticias\/wp-json\/wp\/v2\/categories?post=54571"},{"taxonomy":"post_tag","embeddable":true,"href":"https:\/\/www.ull.es\/portal\/noticias\/wp-json\/wp\/v2\/tags?post=54571"}],"curies":[{"name":"wp","href":"https:\/\/api.w.org\/{rel}","templated":true}]}}