{"id":54573,"date":"2021-02-12T14:04:50","date_gmt":"2021-02-12T14:04:50","guid":{"rendered":"https:\/\/www.ull.es\/portal\/noticias\/?p=54573"},"modified":"2021-02-12T14:05:47","modified_gmt":"2021-02-12T14:05:47","slug":"la-ull-abre-procedimiento-de-ampliacion-de-matricula-para-alumnado-de-continuacion-de-estudios","status":"publish","type":"post","link":"https:\/\/www.ull.es\/portal\/noticias\/2021\/la-ull-abre-procedimiento-de-ampliacion-de-matricula-para-alumnado-de-continuacion-de-estudios\/","title":{"rendered":"La ULL abre procedimiento de ampliaci\u00f3n de matr\u00edcula para alumnado de continuaci\u00f3n de estudios"},"content":{"rendered":"<p>La Universidad de La Laguna abrir\u00e1 la pr\u00f3xima semana, desde el mi\u00e9rcoles 17 al viernes 19 de febrero, un procedimiento electr\u00f3nico para solicitar ampliaci\u00f3n de matr\u00edcula en el segundo cuatrimestre, destinado al alumnado de continuaci\u00f3n.\u00a0Solo podr\u00e1n acogerse a esta iniciativa los estudiantes que ya se encuentren matriculados en este curso acad\u00e9mico y desee ampliar el n\u00famero de asignaturas en un n\u00famero igual al superado en la convocatoria de enero, respetando en todo caso el m\u00e1ximo de cr\u00e9ditos recogido en <a href=\"https:\/\/riull.ull.es\/xmlui\/bitstream\/handle\/915\/15138\/Acuerdo%201.%20NPPult.pdf?sequence=3&amp;isAllowed=y\" target=\"_blank\" rel=\"noopener\">Normas de Progreso y Permanencia<\/a> del centro acad\u00e9mico.<\/p>\n<p>En la <a href=\"https:\/\/www.ull.es\/portaldematricula\/#otros-tramites\" target=\"_blank\" rel=\"noopener\">p\u00e1gina web<\/a> que informa de este proceso se detalla que se podr\u00e1 acceder a la aplicaci\u00f3n telem\u00e1tica desde las 10.00 horas del d\u00eda 17 hasta las 23.59 horas del 19 de febrero. Igualmente se accede desde el mismo sitio al aplicativo de matr\u00edcula, imprimir la carta de pago a trav\u00e9s del portal de servicios y conocer los m\u00e9todos de pago previstos por la Universidad de La Laguna a trav\u00e9s de distintas entidades bancarias.<\/p>\n<p>Se informa en el mismo sitio de otros tr\u00e1mites como el cambio de modalidad a tiempo parcial, anulaci\u00f3n total o parcial de la matr\u00edcula y procedimientos para cambio de turno y de grupo. Igualmente se indica que, para la ampliaci\u00f3n de matr\u00edcula, y ante cualquier duda, el estudiante ha de ponerse en contacto con el Servicio de Informaci\u00f3n y Orientaci\u00f3n o con el Negociado de Atenci\u00f3n T\u00e9cnica.<\/p>\n<p>En el curso pasado, un total de 699 estudiantes se acogieron a esta modalidad y ampliaron el n\u00famero de cr\u00e9ditos en el segundo cuatrimestre, seg\u00fan datos aportados por el Gabinete de Analisis y Planificaci\u00f3n de la instituci\u00f3n acad\u00e9mica, especialmente en las facultades de Derecho (119 alumnos), Econom\u00eda, Empresa y Turismo (104), Educaci\u00f3n (90) y Humanidades (69), entre otras.<\/p>\n","protected":false},"excerpt":{"rendered":"<p>La Universidad de La Laguna abrir\u00e1 la pr\u00f3xima semana, desde el mi\u00e9rcoles 17 al viernes 19 de febrero, un procedimiento&#8230;<\/p>\n","protected":false},"author":23,"featured_media":37897,"comment_status":"closed","ping_status":"closed","sticky":false,"template":"","format":"standard","meta":{"inline_featured_image":false,"footnotes":""},"categories":[343,345,2765],"tags":[7093],"acf":[],"yoast_head":"<!-- This site is optimized with the Yoast SEO plugin v21.3 - https:\/\/yoast.com\/wordpress\/plugins\/seo\/ -->\n<title>La ULL abre procedimiento de ampliaci\u00f3n de matr\u00edcula para alumnado de continuaci\u00f3n de estudios - ULL - Noticias<\/title>\n<meta name=\"robots\" content=\"index, follow, max-snippet:-1, max-image-preview:large, max-video-preview:-1\" \/>\n<link rel=\"canonical\" href=\"https:\/\/www.ull.es\/portal\/noticias\/2021\/la-ull-abre-procedimiento-de-ampliacion-de-matricula-para-alumnado-de-continuacion-de-estudios\/\" \/>\n<meta property=\"og:locale\" content=\"es_ES\" \/>\n<meta property=\"og:type\" content=\"article\" \/>\n<meta property=\"og:title\" content=\"La ULL abre procedimiento de ampliaci\u00f3n de matr\u00edcula para alumnado de continuaci\u00f3n de estudios - ULL - Noticias\" \/>\n<meta property=\"og:description\" content=\"La Universidad de La Laguna abrir\u00e1 la pr\u00f3xima semana, desde el mi\u00e9rcoles 17 al viernes 19 de febrero, un procedimiento...\" \/>\n<meta property=\"og:url\" content=\"https:\/\/www.ull.es\/portal\/noticias\/2021\/la-ull-abre-procedimiento-de-ampliacion-de-matricula-para-alumnado-de-continuacion-de-estudios\/\" \/>\n<meta property=\"og:site_name\" content=\"ULL - Noticias\" \/>\n<meta property=\"article:publisher\" content=\"https:\/\/www.facebook.com\/universidaddelalaguna\/\" \/>\n<meta property=\"article:published_time\" content=\"2021-02-12T14:04:50+00:00\" \/>\n<meta property=\"article:modified_time\" content=\"2021-02-12T14:05:47+00:00\" \/>\n<meta property=\"og:image\" content=\"https:\/\/www.ull.es\/portal\/noticias\/wp-content\/uploads\/sites\/13\/2018\/06\/TFG-ciencias-grupo.jpg\" \/>\n\t<meta property=\"og:image:width\" content=\"1024\" \/>\n\t<meta property=\"og:image:height\" content=\"683\" \/>\n\t<meta property=\"og:image:type\" content=\"image\/jpeg\" \/>\n<meta name=\"author\" content=\"gaprsa\" \/>\n<meta name=\"twitter:card\" content=\"summary_large_image\" \/>\n<meta name=\"twitter:creator\" content=\"@CanalULL\" \/>\n<meta name=\"twitter:site\" content=\"@CanalULL\" \/>\n<meta name=\"twitter:label1\" content=\"Escrito por\" \/>\n\t<meta name=\"twitter:data1\" content=\"gaprsa\" \/>\n\t<meta name=\"twitter:label2\" content=\"Tiempo de lectura\" \/>\n\t<meta name=\"twitter:data2\" content=\"2 minutos\" \/>\n<script type=\"application\/ld+json\" class=\"yoast-schema-graph\">{\"@context\":\"https:\/\/schema.org\",\"@graph\":[{\"@type\":\"WebPage\",\"@id\":\"https:\/\/www.ull.es\/portal\/noticias\/2021\/la-ull-abre-procedimiento-de-ampliacion-de-matricula-para-alumnado-de-continuacion-de-estudios\/\",\"url\":\"https:\/\/www.ull.es\/portal\/noticias\/2021\/la-ull-abre-procedimiento-de-ampliacion-de-matricula-para-alumnado-de-continuacion-de-estudios\/\",\"name\":\"La ULL abre procedimiento de ampliaci\u00f3n de matr\u00edcula para alumnado de continuaci\u00f3n de estudios - ULL - Noticias\",\"isPartOf\":{\"@id\":\"https:\/\/www.ull.es\/portal\/noticias\/#website\"},\"datePublished\":\"2021-02-12T14:04:50+00:00\",\"dateModified\":\"2021-02-12T14:05:47+00:00\",\"author\":{\"@id\":\"https:\/\/www.ull.es\/portal\/noticias\/#\/schema\/person\/b2b1a89d43ffa609e591f7df8ef3e817\"},\"breadcrumb\":{\"@id\":\"https:\/\/www.ull.es\/portal\/noticias\/2021\/la-ull-abre-procedimiento-de-ampliacion-de-matricula-para-alumnado-de-continuacion-de-estudios\/#breadcrumb\"},\"inLanguage\":\"es\",\"potentialAction\":[{\"@type\":\"ReadAction\",\"target\":[\"https:\/\/www.ull.es\/portal\/noticias\/2021\/la-ull-abre-procedimiento-de-ampliacion-de-matricula-para-alumnado-de-continuacion-de-estudios\/\"]}]},{\"@type\":\"BreadcrumbList\",\"@id\":\"https:\/\/www.ull.es\/portal\/noticias\/2021\/la-ull-abre-procedimiento-de-ampliacion-de-matricula-para-alumnado-de-continuacion-de-estudios\/#breadcrumb\",\"itemListElement\":[{\"@type\":\"ListItem\",\"position\":1,\"name\":\"Portada\",\"item\":\"https:\/\/www.ull.es\/portal\/noticias\/\"},{\"@type\":\"ListItem\",\"position\":2,\"name\":\"La ULL abre procedimiento de ampliaci\u00f3n de matr\u00edcula para alumnado de continuaci\u00f3n de estudios\"}]},{\"@type\":\"WebSite\",\"@id\":\"https:\/\/www.ull.es\/portal\/noticias\/#website\",\"url\":\"https:\/\/www.ull.es\/portal\/noticias\/\",\"name\":\"ULL - Noticias\",\"description\":\"\",\"potentialAction\":[{\"@type\":\"SearchAction\",\"target\":{\"@type\":\"EntryPoint\",\"urlTemplate\":\"https:\/\/www.ull.es\/portal\/noticias\/?s={search_term_string}\"},\"query-input\":\"required name=search_term_string\"}],\"inLanguage\":\"es\"},{\"@type\":\"Person\",\"@id\":\"https:\/\/www.ull.es\/portal\/noticias\/#\/schema\/person\/b2b1a89d43ffa609e591f7df8ef3e817\",\"name\":\"gaprsa\",\"image\":{\"@type\":\"ImageObject\",\"inLanguage\":\"es\",\"@id\":\"https:\/\/www.ull.es\/portal\/noticias\/#\/schema\/person\/image\/\",\"url\":\"https:\/\/secure.gravatar.com\/avatar\/443820550921091458b4823867723b3d?s=96&d=mm&r=g\",\"contentUrl\":\"https:\/\/secure.gravatar.com\/avatar\/443820550921091458b4823867723b3d?s=96&d=mm&r=g\",\"caption\":\"gaprsa\"},\"url\":\"https:\/\/www.ull.es\/portal\/noticias\/author\/gaprsa\/\"}]}<\/script>\n<!-- \/ Yoast SEO plugin. -->","yoast_head_json":{"title":"La ULL abre procedimiento de ampliaci\u00f3n de matr\u00edcula para alumnado de continuaci\u00f3n de estudios - ULL - Noticias","robots":{"index":"index","follow":"follow","max-snippet":"max-snippet:-1","max-image-preview":"max-image-preview:large","max-video-preview":"max-video-preview:-1"},"canonical":"https:\/\/www.ull.es\/portal\/noticias\/2021\/la-ull-abre-procedimiento-de-ampliacion-de-matricula-para-alumnado-de-continuacion-de-estudios\/","og_locale":"es_ES","og_type":"article","og_title":"La ULL abre procedimiento de ampliaci\u00f3n de matr\u00edcula para alumnado de continuaci\u00f3n de estudios - ULL - Noticias","og_description":"La Universidad de La Laguna abrir\u00e1 la pr\u00f3xima semana, desde el mi\u00e9rcoles 17 al viernes 19 de febrero, un procedimiento...","og_url":"https:\/\/www.ull.es\/portal\/noticias\/2021\/la-ull-abre-procedimiento-de-ampliacion-de-matricula-para-alumnado-de-continuacion-de-estudios\/","og_site_name":"ULL - Noticias","article_publisher":"https:\/\/www.facebook.com\/universidaddelalaguna\/","article_published_time":"2021-02-12T14:04:50+00:00","article_modified_time":"2021-02-12T14:05:47+00:00","og_image":[{"width":1024,"height":683,"url":"https:\/\/www.ull.es\/portal\/noticias\/wp-content\/uploads\/sites\/13\/2018\/06\/TFG-ciencias-grupo.jpg","type":"image\/jpeg"}],"author":"gaprsa","twitter_card":"summary_large_image","twitter_creator":"@CanalULL","twitter_site":"@CanalULL","twitter_misc":{"Escrito por":"gaprsa","Tiempo de lectura":"2 minutos"},"schema":{"@context":"https:\/\/schema.org","@graph":[{"@type":"WebPage","@id":"https:\/\/www.ull.es\/portal\/noticias\/2021\/la-ull-abre-procedimiento-de-ampliacion-de-matricula-para-alumnado-de-continuacion-de-estudios\/","url":"https:\/\/www.ull.es\/portal\/noticias\/2021\/la-ull-abre-procedimiento-de-ampliacion-de-matricula-para-alumnado-de-continuacion-de-estudios\/","name":"La ULL abre procedimiento de ampliaci\u00f3n de matr\u00edcula para alumnado de continuaci\u00f3n de estudios - ULL - Noticias","isPartOf":{"@id":"https:\/\/www.ull.es\/portal\/noticias\/#website"},"datePublished":"2021-02-12T14:04:50+00:00","dateModified":"2021-02-12T14:05:47+00:00","author":{"@id":"https:\/\/www.ull.es\/portal\/noticias\/#\/schema\/person\/b2b1a89d43ffa609e591f7df8ef3e817"},"breadcrumb":{"@id":"https:\/\/www.ull.es\/portal\/noticias\/2021\/la-ull-abre-procedimiento-de-ampliacion-de-matricula-para-alumnado-de-continuacion-de-estudios\/#breadcrumb"},"inLanguage":"es","potentialAction":[{"@type":"ReadAction","target":["https:\/\/www.ull.es\/portal\/noticias\/2021\/la-ull-abre-procedimiento-de-ampliacion-de-matricula-para-alumnado-de-continuacion-de-estudios\/"]}]},{"@type":"BreadcrumbList","@id":"https:\/\/www.ull.es\/portal\/noticias\/2021\/la-ull-abre-procedimiento-de-ampliacion-de-matricula-para-alumnado-de-continuacion-de-estudios\/#breadcrumb","itemListElement":[{"@type":"ListItem","position":1,"name":"Portada","item":"https:\/\/www.ull.es\/portal\/noticias\/"},{"@type":"ListItem","position":2,"name":"La ULL abre procedimiento de ampliaci\u00f3n de matr\u00edcula para alumnado de continuaci\u00f3n de estudios"}]},{"@type":"WebSite","@id":"https:\/\/www.ull.es\/portal\/noticias\/#website","url":"https:\/\/www.ull.es\/portal\/noticias\/","name":"ULL - Noticias","description":"","potentialAction":[{"@type":"SearchAction","target":{"@type":"EntryPoint","urlTemplate":"https:\/\/www.ull.es\/portal\/noticias\/?s={search_term_string}"},"query-input":"required name=search_term_string"}],"inLanguage":"es"},{"@type":"Person","@id":"https:\/\/www.ull.es\/portal\/noticias\/#\/schema\/person\/b2b1a89d43ffa609e591f7df8ef3e817","name":"gaprsa","image":{"@type":"ImageObject","inLanguage":"es","@id":"https:\/\/www.ull.es\/portal\/noticias\/#\/schema\/person\/image\/","url":"https:\/\/secure.gravatar.com\/avatar\/443820550921091458b4823867723b3d?s=96&d=mm&r=g","contentUrl":"https:\/\/secure.gravatar.com\/avatar\/443820550921091458b4823867723b3d?s=96&d=mm&r=g","caption":"gaprsa"},"url":"https:\/\/www.ull.es\/portal\/noticias\/author\/gaprsa\/"}]}},"primary_category":{"id":345,"name":"Destacado","slug":"destacado","link":"https:\/\/www.ull.es\/portal\/noticias\/category\/destacado\/"},"featured_image_thumbnail_url":"https:\/\/www.ull.es\/portal\/noticias\/wp-content\/uploads\/sites\/13\/2018\/06\/TFG-ciencias-grupo-300x200.jpg","_links":{"self":[{"href":"https:\/\/www.ull.es\/portal\/noticias\/wp-json\/wp\/v2\/posts\/54573"}],"collection":[{"href":"https:\/\/www.ull.es\/portal\/noticias\/wp-json\/wp\/v2\/posts"}],"about":[{"href":"https:\/\/www.ull.es\/portal\/noticias\/wp-json\/wp\/v2\/types\/post"}],"author":[{"embeddable":true,"href":"https:\/\/www.ull.es\/portal\/noticias\/wp-json\/wp\/v2\/users\/23"}],"replies":[{"embeddable":true,"href":"https:\/\/www.ull.es\/portal\/noticias\/wp-json\/wp\/v2\/comments?post=54573"}],"version-history":[{"count":2,"href":"https:\/\/www.ull.es\/portal\/noticias\/wp-json\/wp\/v2\/posts\/54573\/revisions"}],"predecessor-version":[{"id":54578,"href":"https:\/\/www.ull.es\/portal\/noticias\/wp-json\/wp\/v2\/posts\/54573\/revisions\/54578"}],"wp:featuredmedia":[{"embeddable":true,"href":"https:\/\/www.ull.es\/portal\/noticias\/wp-json\/wp\/v2\/media\/37897"}],"wp:attachment":[{"href":"https:\/\/www.ull.es\/portal\/noticias\/wp-json\/wp\/v2\/media?parent=54573"}],"wp:term":[{"taxonomy":"category","embeddable":true,"href":"https:\/\/www.ull.es\/portal\/noticias\/wp-json\/wp\/v2\/categories?post=54573"},{"taxonomy":"post_tag","embeddable":true,"href":"https:\/\/www.ull.es\/portal\/noticias\/wp-json\/wp\/v2\/tags?post=54573"}],"curies":[{"name":"wp","href":"https:\/\/api.w.org\/{rel}","templated":true}]}}