{"id":54584,"date":"2021-02-12T14:54:44","date_gmt":"2021-02-12T14:54:44","guid":{"rendered":"https:\/\/www.ull.es\/portal\/noticias\/?p=54584"},"modified":"2021-02-13T15:28:46","modified_gmt":"2021-02-13T15:28:46","slug":"la-universidad-de-la-laguna-convoca-elecciones-a-su-consejo-de-gobierno","status":"publish","type":"post","link":"https:\/\/www.ull.es\/portal\/noticias\/2021\/la-universidad-de-la-laguna-convoca-elecciones-a-su-consejo-de-gobierno\/","title":{"rendered":"La Universidad de La Laguna convoca elecciones a su Consejo de Gobierno"},"content":{"rendered":"<p>La rectora de la Universidad de La Laguna, Rosa Aguilar, ha dictado resoluci\u00f3n para la convocatoria de elecciones a uno de sus \u00f3rganos colegiados, el <a href=\"https:\/\/www.ull.es\/la-universidad\/consejo-de-gobierno\/\" target=\"_blank\" rel=\"noopener\">Consejo de Gobierno<\/a>, que tendr\u00e1 lugar el pr\u00f3ximo 5 de marzo. Una vez, publicada la fecha, la Comisi\u00f3n Electoral General ha publicado el calendario que regir\u00e1 estos comicios y que puede consultarse en este <a href=\"https:\/\/drive.google.com\/file\/d\/1G0JCN0hhGqyVpfhCJjI78R8ZpWIwvn0X\/view\" target=\"_blank\" rel=\"noopener\">enlace<\/a>. Esta convocatoria tiene lugar al haberse celebrado primero los comicios al Claustro del centro acad\u00e9mico, el pasado 2 de diciembre, por lo que procede ahora, siguiendo las directrices estatutarias del centro docente, la renovaci\u00f3n, en este caso completa, del \u00f3rgano de gobierno.<\/p>\n<p>El Consejo de Gobierno est\u00e1 constituido por la rectora, que ostenta la presidencia, la secretaria general y el gerente, adem\u00e1s de cincuenta miembros de la propia comunidad universitaria, que se dividen de la siguiente manera: quince miembros designados por la rectora entre los que, al menos, dos ser\u00e1n estudiantes y otros dos miembros representantes del sector del personal de administraci\u00f3n y servicios. Tambi\u00e9n forman parte de \u00e9l otros quince miembros elegidos entre los representantes de los centros universitarios, de los cuales siete se designar\u00e1n entre decanos de facultades y directores de escuela, siete entre directores de departamento y uno entre los directores de los institutos universitarios de investigaci\u00f3n.<\/p>\n<p>Igualmente participan en el \u00f3rgano colegiado veinte miembros elegidos por el Claustro universitario, de los que cuatro ser\u00e1n votados por y entre el profesorado funcionario doctor, cuatro del profesorado funcionario no doctor y contratado, ocho de los estudiantes y cuatro entre el personal de administraci\u00f3n y servicios. Adem\u00e1s, ser\u00e1n miembros del Consejo de Gobierno tres personas del Consejo Social no pertenecientes a la comunidad universitaria.<\/p>\n<p>Una vez superado el plazo de presentaci\u00f3n de reclamaciones al censo electoral, se ha establecido que del 15 al 19 de febrero se presente las diferentes candidaturas, que se ver\u00e1n publicadas definitivamente el d\u00eda 25. La campa\u00f1a electoral se desarrollar\u00e1 desde el 26 de febrero al 3 de marzo. Tras el d\u00eda de votaci\u00f3n, y los preceptivos plazos de presentaci\u00f3n de reclamaciones, la publicaci\u00f3n definitiva de las candidaturas electas tendr\u00e1 lugar el 11 de marzo.\u00a0El Consejo de Gobierno establece las l\u00edneas estrat\u00e9gicas de la universidad en los \u00e1mbitos de organizaci\u00f3n de las ense\u00f1anzas, investigaci\u00f3n, gesti\u00f3n, recursos humanos y econ\u00f3micos y elaboraci\u00f3n de sus presupuestos.<\/p>\n","protected":false},"excerpt":{"rendered":"<p>La rectora de la Universidad de La Laguna, Rosa Aguilar, ha dictado resoluci\u00f3n para la convocatoria de elecciones a uno&#8230;<\/p>\n","protected":false},"author":23,"featured_media":50461,"comment_status":"closed","ping_status":"closed","sticky":false,"template":"","format":"standard","meta":{"inline_featured_image":false,"footnotes":""},"categories":[345,348,2765],"tags":[903,1111,7094,7095],"acf":[],"yoast_head":"<!-- This site is optimized with the Yoast SEO plugin v21.3 - https:\/\/yoast.com\/wordpress\/plugins\/seo\/ -->\n<title>La Universidad de La Laguna convoca elecciones a su Consejo de Gobierno - ULL - Noticias<\/title>\n<meta name=\"robots\" content=\"index, follow, max-snippet:-1, max-image-preview:large, max-video-preview:-1\" \/>\n<link rel=\"canonical\" href=\"https:\/\/www.ull.es\/portal\/noticias\/2021\/la-universidad-de-la-laguna-convoca-elecciones-a-su-consejo-de-gobierno\/\" \/>\n<meta property=\"og:locale\" content=\"es_ES\" \/>\n<meta property=\"og:type\" content=\"article\" \/>\n<meta property=\"og:title\" content=\"La Universidad de La Laguna convoca elecciones a su Consejo de Gobierno - ULL - Noticias\" \/>\n<meta property=\"og:description\" content=\"La rectora de la Universidad de La Laguna, Rosa Aguilar, ha dictado resoluci\u00f3n para la convocatoria de elecciones a uno...\" \/>\n<meta property=\"og:url\" content=\"https:\/\/www.ull.es\/portal\/noticias\/2021\/la-universidad-de-la-laguna-convoca-elecciones-a-su-consejo-de-gobierno\/\" \/>\n<meta property=\"og:site_name\" content=\"ULL - Noticias\" \/>\n<meta property=\"article:publisher\" content=\"https:\/\/www.facebook.com\/universidaddelalaguna\/\" \/>\n<meta property=\"article:published_time\" content=\"2021-02-12T14:54:44+00:00\" \/>\n<meta property=\"article:modified_time\" content=\"2021-02-13T15:28:46+00:00\" \/>\n<meta property=\"og:image\" content=\"https:\/\/www.ull.es\/portal\/noticias\/wp-content\/uploads\/sites\/13\/2020\/05\/Consejo-de-Gobierno-ULL-03.jpg\" \/>\n\t<meta property=\"og:image:width\" content=\"1600\" \/>\n\t<meta property=\"og:image:height\" content=\"1067\" \/>\n\t<meta property=\"og:image:type\" content=\"image\/jpeg\" \/>\n<meta name=\"author\" content=\"gaprsa\" \/>\n<meta name=\"twitter:card\" content=\"summary_large_image\" \/>\n<meta name=\"twitter:creator\" content=\"@CanalULL\" \/>\n<meta name=\"twitter:site\" content=\"@CanalULL\" \/>\n<meta name=\"twitter:label1\" content=\"Escrito por\" \/>\n\t<meta name=\"twitter:data1\" content=\"gaprsa\" \/>\n\t<meta name=\"twitter:label2\" content=\"Tiempo de lectura\" \/>\n\t<meta name=\"twitter:data2\" content=\"2 minutos\" \/>\n<script type=\"application\/ld+json\" class=\"yoast-schema-graph\">{\"@context\":\"https:\/\/schema.org\",\"@graph\":[{\"@type\":\"WebPage\",\"@id\":\"https:\/\/www.ull.es\/portal\/noticias\/2021\/la-universidad-de-la-laguna-convoca-elecciones-a-su-consejo-de-gobierno\/\",\"url\":\"https:\/\/www.ull.es\/portal\/noticias\/2021\/la-universidad-de-la-laguna-convoca-elecciones-a-su-consejo-de-gobierno\/\",\"name\":\"La Universidad de La Laguna convoca elecciones a su Consejo de Gobierno - ULL - Noticias\",\"isPartOf\":{\"@id\":\"https:\/\/www.ull.es\/portal\/noticias\/#website\"},\"datePublished\":\"2021-02-12T14:54:44+00:00\",\"dateModified\":\"2021-02-13T15:28:46+00:00\",\"author\":{\"@id\":\"https:\/\/www.ull.es\/portal\/noticias\/#\/schema\/person\/b2b1a89d43ffa609e591f7df8ef3e817\"},\"breadcrumb\":{\"@id\":\"https:\/\/www.ull.es\/portal\/noticias\/2021\/la-universidad-de-la-laguna-convoca-elecciones-a-su-consejo-de-gobierno\/#breadcrumb\"},\"inLanguage\":\"es\",\"potentialAction\":[{\"@type\":\"ReadAction\",\"target\":[\"https:\/\/www.ull.es\/portal\/noticias\/2021\/la-universidad-de-la-laguna-convoca-elecciones-a-su-consejo-de-gobierno\/\"]}]},{\"@type\":\"BreadcrumbList\",\"@id\":\"https:\/\/www.ull.es\/portal\/noticias\/2021\/la-universidad-de-la-laguna-convoca-elecciones-a-su-consejo-de-gobierno\/#breadcrumb\",\"itemListElement\":[{\"@type\":\"ListItem\",\"position\":1,\"name\":\"Portada\",\"item\":\"https:\/\/www.ull.es\/portal\/noticias\/\"},{\"@type\":\"ListItem\",\"position\":2,\"name\":\"La Universidad de La Laguna convoca elecciones a su Consejo de Gobierno\"}]},{\"@type\":\"WebSite\",\"@id\":\"https:\/\/www.ull.es\/portal\/noticias\/#website\",\"url\":\"https:\/\/www.ull.es\/portal\/noticias\/\",\"name\":\"ULL - Noticias\",\"description\":\"\",\"potentialAction\":[{\"@type\":\"SearchAction\",\"target\":{\"@type\":\"EntryPoint\",\"urlTemplate\":\"https:\/\/www.ull.es\/portal\/noticias\/?s={search_term_string}\"},\"query-input\":\"required name=search_term_string\"}],\"inLanguage\":\"es\"},{\"@type\":\"Person\",\"@id\":\"https:\/\/www.ull.es\/portal\/noticias\/#\/schema\/person\/b2b1a89d43ffa609e591f7df8ef3e817\",\"name\":\"gaprsa\",\"image\":{\"@type\":\"ImageObject\",\"inLanguage\":\"es\",\"@id\":\"https:\/\/www.ull.es\/portal\/noticias\/#\/schema\/person\/image\/\",\"url\":\"https:\/\/secure.gravatar.com\/avatar\/443820550921091458b4823867723b3d?s=96&d=mm&r=g\",\"contentUrl\":\"https:\/\/secure.gravatar.com\/avatar\/443820550921091458b4823867723b3d?s=96&d=mm&r=g\",\"caption\":\"gaprsa\"},\"url\":\"https:\/\/www.ull.es\/portal\/noticias\/author\/gaprsa\/\"}]}<\/script>\n<!-- \/ Yoast SEO plugin. -->","yoast_head_json":{"title":"La Universidad de La Laguna convoca elecciones a su Consejo de Gobierno - ULL - Noticias","robots":{"index":"index","follow":"follow","max-snippet":"max-snippet:-1","max-image-preview":"max-image-preview:large","max-video-preview":"max-video-preview:-1"},"canonical":"https:\/\/www.ull.es\/portal\/noticias\/2021\/la-universidad-de-la-laguna-convoca-elecciones-a-su-consejo-de-gobierno\/","og_locale":"es_ES","og_type":"article","og_title":"La Universidad de La Laguna convoca elecciones a su Consejo de Gobierno - ULL - Noticias","og_description":"La rectora de la Universidad de La Laguna, Rosa Aguilar, ha dictado resoluci\u00f3n para la convocatoria de elecciones a uno...","og_url":"https:\/\/www.ull.es\/portal\/noticias\/2021\/la-universidad-de-la-laguna-convoca-elecciones-a-su-consejo-de-gobierno\/","og_site_name":"ULL - Noticias","article_publisher":"https:\/\/www.facebook.com\/universidaddelalaguna\/","article_published_time":"2021-02-12T14:54:44+00:00","article_modified_time":"2021-02-13T15:28:46+00:00","og_image":[{"width":1600,"height":1067,"url":"https:\/\/www.ull.es\/portal\/noticias\/wp-content\/uploads\/sites\/13\/2020\/05\/Consejo-de-Gobierno-ULL-03.jpg","type":"image\/jpeg"}],"author":"gaprsa","twitter_card":"summary_large_image","twitter_creator":"@CanalULL","twitter_site":"@CanalULL","twitter_misc":{"Escrito por":"gaprsa","Tiempo de lectura":"2 minutos"},"schema":{"@context":"https:\/\/schema.org","@graph":[{"@type":"WebPage","@id":"https:\/\/www.ull.es\/portal\/noticias\/2021\/la-universidad-de-la-laguna-convoca-elecciones-a-su-consejo-de-gobierno\/","url":"https:\/\/www.ull.es\/portal\/noticias\/2021\/la-universidad-de-la-laguna-convoca-elecciones-a-su-consejo-de-gobierno\/","name":"La Universidad de La Laguna convoca elecciones a su Consejo de Gobierno - ULL - Noticias","isPartOf":{"@id":"https:\/\/www.ull.es\/portal\/noticias\/#website"},"datePublished":"2021-02-12T14:54:44+00:00","dateModified":"2021-02-13T15:28:46+00:00","author":{"@id":"https:\/\/www.ull.es\/portal\/noticias\/#\/schema\/person\/b2b1a89d43ffa609e591f7df8ef3e817"},"breadcrumb":{"@id":"https:\/\/www.ull.es\/portal\/noticias\/2021\/la-universidad-de-la-laguna-convoca-elecciones-a-su-consejo-de-gobierno\/#breadcrumb"},"inLanguage":"es","potentialAction":[{"@type":"ReadAction","target":["https:\/\/www.ull.es\/portal\/noticias\/2021\/la-universidad-de-la-laguna-convoca-elecciones-a-su-consejo-de-gobierno\/"]}]},{"@type":"BreadcrumbList","@id":"https:\/\/www.ull.es\/portal\/noticias\/2021\/la-universidad-de-la-laguna-convoca-elecciones-a-su-consejo-de-gobierno\/#breadcrumb","itemListElement":[{"@type":"ListItem","position":1,"name":"Portada","item":"https:\/\/www.ull.es\/portal\/noticias\/"},{"@type":"ListItem","position":2,"name":"La Universidad de La Laguna convoca elecciones a su Consejo de Gobierno"}]},{"@type":"WebSite","@id":"https:\/\/www.ull.es\/portal\/noticias\/#website","url":"https:\/\/www.ull.es\/portal\/noticias\/","name":"ULL - Noticias","description":"","potentialAction":[{"@type":"SearchAction","target":{"@type":"EntryPoint","urlTemplate":"https:\/\/www.ull.es\/portal\/noticias\/?s={search_term_string}"},"query-input":"required name=search_term_string"}],"inLanguage":"es"},{"@type":"Person","@id":"https:\/\/www.ull.es\/portal\/noticias\/#\/schema\/person\/b2b1a89d43ffa609e591f7df8ef3e817","name":"gaprsa","image":{"@type":"ImageObject","inLanguage":"es","@id":"https:\/\/www.ull.es\/portal\/noticias\/#\/schema\/person\/image\/","url":"https:\/\/secure.gravatar.com\/avatar\/443820550921091458b4823867723b3d?s=96&d=mm&r=g","contentUrl":"https:\/\/secure.gravatar.com\/avatar\/443820550921091458b4823867723b3d?s=96&d=mm&r=g","caption":"gaprsa"},"url":"https:\/\/www.ull.es\/portal\/noticias\/author\/gaprsa\/"}]}},"primary_category":{"id":348,"name":"Instituci\u00f3n","slug":"institucion","link":"https:\/\/www.ull.es\/portal\/noticias\/category\/institucion\/"},"featured_image_thumbnail_url":"https:\/\/www.ull.es\/portal\/noticias\/wp-content\/uploads\/sites\/13\/2020\/05\/Consejo-de-Gobierno-ULL-03-300x200.jpg","_links":{"self":[{"href":"https:\/\/www.ull.es\/portal\/noticias\/wp-json\/wp\/v2\/posts\/54584"}],"collection":[{"href":"https:\/\/www.ull.es\/portal\/noticias\/wp-json\/wp\/v2\/posts"}],"about":[{"href":"https:\/\/www.ull.es\/portal\/noticias\/wp-json\/wp\/v2\/types\/post"}],"author":[{"embeddable":true,"href":"https:\/\/www.ull.es\/portal\/noticias\/wp-json\/wp\/v2\/users\/23"}],"replies":[{"embeddable":true,"href":"https:\/\/www.ull.es\/portal\/noticias\/wp-json\/wp\/v2\/comments?post=54584"}],"version-history":[{"count":4,"href":"https:\/\/www.ull.es\/portal\/noticias\/wp-json\/wp\/v2\/posts\/54584\/revisions"}],"predecessor-version":[{"id":54588,"href":"https:\/\/www.ull.es\/portal\/noticias\/wp-json\/wp\/v2\/posts\/54584\/revisions\/54588"}],"wp:featuredmedia":[{"embeddable":true,"href":"https:\/\/www.ull.es\/portal\/noticias\/wp-json\/wp\/v2\/media\/50461"}],"wp:attachment":[{"href":"https:\/\/www.ull.es\/portal\/noticias\/wp-json\/wp\/v2\/media?parent=54584"}],"wp:term":[{"taxonomy":"category","embeddable":true,"href":"https:\/\/www.ull.es\/portal\/noticias\/wp-json\/wp\/v2\/categories?post=54584"},{"taxonomy":"post_tag","embeddable":true,"href":"https:\/\/www.ull.es\/portal\/noticias\/wp-json\/wp\/v2\/tags?post=54584"}],"curies":[{"name":"wp","href":"https:\/\/api.w.org\/{rel}","templated":true}]}}