{"id":54630,"date":"2021-02-19T13:37:28","date_gmt":"2021-02-19T13:37:28","guid":{"rendered":"https:\/\/www.ull.es\/portal\/noticias\/?p=54630"},"modified":"2021-02-19T13:37:28","modified_gmt":"2021-02-19T13:37:28","slug":"la-ull-publica-las-convocatorias-de-sus-premios-institucionales-de-2021","status":"publish","type":"post","link":"https:\/\/www.ull.es\/portal\/noticias\/2021\/la-ull-publica-las-convocatorias-de-sus-premios-institucionales-de-2021\/","title":{"rendered":"La ULL publica las convocatorias de sus Premios Institucionales de 2021"},"content":{"rendered":"<p>La Universidad de La Laguna ha creado en su p\u00e1gina web un espacio que recoge las <a href=\"https:\/\/www.ull.es\/institucionales\/\" target=\"_blank\" rel=\"noopener\">convocatorias de sus Premios Institucionales de 2021<\/a>, al que se puede acceder desde un banner ubicado en la secci\u00f3n \u201cDestacamos\u201d de la portada. Como ya es habitual, estos galardones que pretenden difundir las buenas pr\u00e1cticas desarrollas por la comunidad universitaria en diferentes campos ser\u00e1n entregados en la tradicional ceremonia del D\u00eda Institucional, el pr\u00f3ximo 11 de marzo en el Paraninfo.<\/p>\n<p>En concreto, en esta edici\u00f3n se han convocado el <a href=\"https:\/\/www.ull.es\/portal\/convocatorias\/convocatoria\/sexta-edicion-de-los-premios-a-la-internacionalizacion-de-la-universidad-de-la-laguna-convocatoria-2021\/\" target=\"_blank\" rel=\"noopener\">VI Premio a la Internacionalizaci\u00f3n<\/a>, el <a href=\"https:\/\/www.ull.es\/portal\/convocatorias\/convocatoria\/convocatoria-de-premios-de-innovacion-educativa-2021\/\" target=\"_blank\" rel=\"noopener\">X Premio a la Innovaci\u00f3n y Transferencia\u00a0Educativa<\/a>, el <a href=\"https:\/\/www.ull.es\/portal\/convocatorias\/convocatoria\/convocatoria-de-la-x-edicion-de-los-premios-a-las-mejores-practicas-en-administracion-y-servicios-2021\/\" target=\"_blank\" rel=\"noopener\">X Premio a las Mejores Pr\u00e1cticas en Administraci\u00f3n y Servicios<\/a> y el <a href=\"https:\/\/www.ull.es\/portal\/convocatorias\/convocatoria\/convocatoria-de-la-x-edicion-de-los-premios-a-la-investigacion-2021\/\" target=\"_blank\" rel=\"noopener\">X Premio a la Investigaci\u00f3n<\/a>. Adicionalmente, tambi\u00e9n se har\u00e1 entrega del Premio al Mecenazgo, que no tiene car\u00e1cter competitivo y es designado directamente por el Rectorado a una entidad o persona cuya contribuci\u00f3n a la universidad haya sido relevante.<\/p>\n<p>Dos de los galardones a\u00fan tienen abierto el plazo de presentaci\u00f3n de solicitudes. El primero de ellos es el VI Premio a la Internacionalizaci\u00f3n, cuyo objetivo es reconocer a personas o entidades en activo cuya labor contribuye e influye de forma significativa a la internacionalizaci\u00f3n de la Universidad de La Laguna y es de car\u00e1cter honor\u00edfico, por lo que no comporta ninguna prestaci\u00f3n monetaria. En la solicitud hay que presentar, aparte de los requisitos burocr\u00e1ticos, un dossier que avale la trayectoria de la candidatura y que describa c\u00f3mo ha contribuido al objetivo. El plazo de presentaci\u00f3n estar\u00e1 abierto hasta 3 de marzo.<\/p>\n<p>El segundo certamen con plazo a\u00fan abierto, hasta el 5 de marzo, es el X Premio a las Mejores Pr\u00e1cticas en Administraci\u00f3n y Servicios de la Universidad de La Laguna, que tambi\u00e9n es de car\u00e1cter honor\u00edfico y tiene como motivo el fomento de la motivaci\u00f3n y la creatividad del colectivo a cargo de este \u00e1mbito. Pueden concurrir todos los miembros del PAS, a excepci\u00f3n del personal eventual y de asesoramiento o confianza, y las solicitudes ser\u00e1n evaluadas a trav\u00e9s de una memoria que detallar\u00e1 la pr\u00e1ctica que opta a este reconocimiento.<\/p>\n<p>Los dos premios restantes ya han cerrado su plazo de presentaci\u00f3n de solicitudes. En el caso del X Premio a la Investigaci\u00f3n, reconoce la trayectoria de un investigador o investigadora de la instituci\u00f3n cuya actividad cient\u00edfica haya destacado especialmente, tomando como intervalo valorable su curr\u00edculo de los \u00faltimos diez a\u00f1os. Adem\u00e1s de la memoria detallando sus principales hitos y proyectos futuros, cada candidatura podr\u00e1 incorporar cartas de adhesi\u00f3n como apoyo. Cada a\u00f1o se premia a especialistas de una rama de conocimiento determinada, que en 2021 ser\u00e1 la de Arte y Humanidades, Ciencias Jur\u00eddicas y Sociales.<\/p>\n<p>Finalmente, el X Premio a la Innovaci\u00f3n y Transferencia Educativa, reconocer\u00e1 con un primer premio y hasta dos acc\u00e9sits buenas pr\u00e1cticas por parte del profesorado que comporten elementos novedosos que redunden en la calidad docente. Pueden concurrir tanto iniciativas presentadas a la convocatoria de Proyectos de Innovaci\u00f3n Docente 2019-20 promovida por el vicerrectorado responsable de la materia, como iniciativas fuera de ella.<\/p>\n","protected":false},"excerpt":{"rendered":"<p>La Universidad de La Laguna ha creado en su p\u00e1gina web un espacio que recoge las convocatorias de sus Premios&#8230;<\/p>\n","protected":false},"author":23,"featured_media":49551,"comment_status":"closed","ping_status":"closed","sticky":false,"template":"","format":"standard","meta":{"inline_featured_image":false,"footnotes":""},"categories":[345,348,2765],"tags":[2153],"acf":[],"yoast_head":"<!-- This site is optimized with the Yoast SEO plugin v21.3 - https:\/\/yoast.com\/wordpress\/plugins\/seo\/ -->\n<title>La ULL publica las convocatorias de sus Premios Institucionales de 2021 - ULL - Noticias<\/title>\n<meta name=\"robots\" content=\"index, follow, max-snippet:-1, max-image-preview:large, max-video-preview:-1\" \/>\n<link rel=\"canonical\" href=\"https:\/\/www.ull.es\/portal\/noticias\/2021\/la-ull-publica-las-convocatorias-de-sus-premios-institucionales-de-2021\/\" \/>\n<meta property=\"og:locale\" content=\"es_ES\" \/>\n<meta property=\"og:type\" content=\"article\" \/>\n<meta property=\"og:title\" content=\"La ULL publica las convocatorias de sus Premios Institucionales de 2021 - ULL - Noticias\" \/>\n<meta property=\"og:description\" content=\"La Universidad de La Laguna ha creado en su p\u00e1gina web un espacio que recoge las convocatorias de sus Premios...\" \/>\n<meta property=\"og:url\" content=\"https:\/\/www.ull.es\/portal\/noticias\/2021\/la-ull-publica-las-convocatorias-de-sus-premios-institucionales-de-2021\/\" \/>\n<meta property=\"og:site_name\" content=\"ULL - Noticias\" \/>\n<meta property=\"article:publisher\" content=\"https:\/\/www.facebook.com\/universidaddelalaguna\/\" \/>\n<meta property=\"article:published_time\" content=\"2021-02-19T13:37:28+00:00\" \/>\n<meta property=\"og:image\" content=\"https:\/\/www.ull.es\/portal\/noticias\/wp-content\/uploads\/sites\/13\/2020\/03\/228-aniv-ULL-10.jpg\" \/>\n\t<meta property=\"og:image:width\" content=\"1600\" \/>\n\t<meta property=\"og:image:height\" content=\"1067\" \/>\n\t<meta property=\"og:image:type\" content=\"image\/jpeg\" \/>\n<meta name=\"author\" content=\"gaprsa\" \/>\n<meta name=\"twitter:card\" content=\"summary_large_image\" \/>\n<meta name=\"twitter:creator\" content=\"@CanalULL\" \/>\n<meta name=\"twitter:site\" content=\"@CanalULL\" \/>\n<meta name=\"twitter:label1\" content=\"Escrito por\" \/>\n\t<meta name=\"twitter:data1\" content=\"gaprsa\" \/>\n\t<meta name=\"twitter:label2\" content=\"Tiempo de lectura\" \/>\n\t<meta name=\"twitter:data2\" content=\"3 minutos\" \/>\n<script type=\"application\/ld+json\" class=\"yoast-schema-graph\">{\"@context\":\"https:\/\/schema.org\",\"@graph\":[{\"@type\":\"WebPage\",\"@id\":\"https:\/\/www.ull.es\/portal\/noticias\/2021\/la-ull-publica-las-convocatorias-de-sus-premios-institucionales-de-2021\/\",\"url\":\"https:\/\/www.ull.es\/portal\/noticias\/2021\/la-ull-publica-las-convocatorias-de-sus-premios-institucionales-de-2021\/\",\"name\":\"La ULL publica las convocatorias de sus Premios Institucionales de 2021 - ULL - Noticias\",\"isPartOf\":{\"@id\":\"https:\/\/www.ull.es\/portal\/noticias\/#website\"},\"datePublished\":\"2021-02-19T13:37:28+00:00\",\"dateModified\":\"2021-02-19T13:37:28+00:00\",\"author\":{\"@id\":\"https:\/\/www.ull.es\/portal\/noticias\/#\/schema\/person\/b2b1a89d43ffa609e591f7df8ef3e817\"},\"breadcrumb\":{\"@id\":\"https:\/\/www.ull.es\/portal\/noticias\/2021\/la-ull-publica-las-convocatorias-de-sus-premios-institucionales-de-2021\/#breadcrumb\"},\"inLanguage\":\"es\",\"potentialAction\":[{\"@type\":\"ReadAction\",\"target\":[\"https:\/\/www.ull.es\/portal\/noticias\/2021\/la-ull-publica-las-convocatorias-de-sus-premios-institucionales-de-2021\/\"]}]},{\"@type\":\"BreadcrumbList\",\"@id\":\"https:\/\/www.ull.es\/portal\/noticias\/2021\/la-ull-publica-las-convocatorias-de-sus-premios-institucionales-de-2021\/#breadcrumb\",\"itemListElement\":[{\"@type\":\"ListItem\",\"position\":1,\"name\":\"Portada\",\"item\":\"https:\/\/www.ull.es\/portal\/noticias\/\"},{\"@type\":\"ListItem\",\"position\":2,\"name\":\"La ULL publica las convocatorias de sus Premios Institucionales de 2021\"}]},{\"@type\":\"WebSite\",\"@id\":\"https:\/\/www.ull.es\/portal\/noticias\/#website\",\"url\":\"https:\/\/www.ull.es\/portal\/noticias\/\",\"name\":\"ULL - Noticias\",\"description\":\"\",\"potentialAction\":[{\"@type\":\"SearchAction\",\"target\":{\"@type\":\"EntryPoint\",\"urlTemplate\":\"https:\/\/www.ull.es\/portal\/noticias\/?s={search_term_string}\"},\"query-input\":\"required name=search_term_string\"}],\"inLanguage\":\"es\"},{\"@type\":\"Person\",\"@id\":\"https:\/\/www.ull.es\/portal\/noticias\/#\/schema\/person\/b2b1a89d43ffa609e591f7df8ef3e817\",\"name\":\"gaprsa\",\"image\":{\"@type\":\"ImageObject\",\"inLanguage\":\"es\",\"@id\":\"https:\/\/www.ull.es\/portal\/noticias\/#\/schema\/person\/image\/\",\"url\":\"https:\/\/secure.gravatar.com\/avatar\/443820550921091458b4823867723b3d?s=96&d=mm&r=g\",\"contentUrl\":\"https:\/\/secure.gravatar.com\/avatar\/443820550921091458b4823867723b3d?s=96&d=mm&r=g\",\"caption\":\"gaprsa\"},\"url\":\"https:\/\/www.ull.es\/portal\/noticias\/author\/gaprsa\/\"}]}<\/script>\n<!-- \/ Yoast SEO plugin. -->","yoast_head_json":{"title":"La ULL publica las convocatorias de sus Premios Institucionales de 2021 - ULL - Noticias","robots":{"index":"index","follow":"follow","max-snippet":"max-snippet:-1","max-image-preview":"max-image-preview:large","max-video-preview":"max-video-preview:-1"},"canonical":"https:\/\/www.ull.es\/portal\/noticias\/2021\/la-ull-publica-las-convocatorias-de-sus-premios-institucionales-de-2021\/","og_locale":"es_ES","og_type":"article","og_title":"La ULL publica las convocatorias de sus Premios Institucionales de 2021 - ULL - Noticias","og_description":"La Universidad de La Laguna ha creado en su p\u00e1gina web un espacio que recoge las convocatorias de sus Premios...","og_url":"https:\/\/www.ull.es\/portal\/noticias\/2021\/la-ull-publica-las-convocatorias-de-sus-premios-institucionales-de-2021\/","og_site_name":"ULL - Noticias","article_publisher":"https:\/\/www.facebook.com\/universidaddelalaguna\/","article_published_time":"2021-02-19T13:37:28+00:00","og_image":[{"width":1600,"height":1067,"url":"https:\/\/www.ull.es\/portal\/noticias\/wp-content\/uploads\/sites\/13\/2020\/03\/228-aniv-ULL-10.jpg","type":"image\/jpeg"}],"author":"gaprsa","twitter_card":"summary_large_image","twitter_creator":"@CanalULL","twitter_site":"@CanalULL","twitter_misc":{"Escrito por":"gaprsa","Tiempo de lectura":"3 minutos"},"schema":{"@context":"https:\/\/schema.org","@graph":[{"@type":"WebPage","@id":"https:\/\/www.ull.es\/portal\/noticias\/2021\/la-ull-publica-las-convocatorias-de-sus-premios-institucionales-de-2021\/","url":"https:\/\/www.ull.es\/portal\/noticias\/2021\/la-ull-publica-las-convocatorias-de-sus-premios-institucionales-de-2021\/","name":"La ULL publica las convocatorias de sus Premios Institucionales de 2021 - ULL - Noticias","isPartOf":{"@id":"https:\/\/www.ull.es\/portal\/noticias\/#website"},"datePublished":"2021-02-19T13:37:28+00:00","dateModified":"2021-02-19T13:37:28+00:00","author":{"@id":"https:\/\/www.ull.es\/portal\/noticias\/#\/schema\/person\/b2b1a89d43ffa609e591f7df8ef3e817"},"breadcrumb":{"@id":"https:\/\/www.ull.es\/portal\/noticias\/2021\/la-ull-publica-las-convocatorias-de-sus-premios-institucionales-de-2021\/#breadcrumb"},"inLanguage":"es","potentialAction":[{"@type":"ReadAction","target":["https:\/\/www.ull.es\/portal\/noticias\/2021\/la-ull-publica-las-convocatorias-de-sus-premios-institucionales-de-2021\/"]}]},{"@type":"BreadcrumbList","@id":"https:\/\/www.ull.es\/portal\/noticias\/2021\/la-ull-publica-las-convocatorias-de-sus-premios-institucionales-de-2021\/#breadcrumb","itemListElement":[{"@type":"ListItem","position":1,"name":"Portada","item":"https:\/\/www.ull.es\/portal\/noticias\/"},{"@type":"ListItem","position":2,"name":"La ULL publica las convocatorias de sus Premios Institucionales de 2021"}]},{"@type":"WebSite","@id":"https:\/\/www.ull.es\/portal\/noticias\/#website","url":"https:\/\/www.ull.es\/portal\/noticias\/","name":"ULL - Noticias","description":"","potentialAction":[{"@type":"SearchAction","target":{"@type":"EntryPoint","urlTemplate":"https:\/\/www.ull.es\/portal\/noticias\/?s={search_term_string}"},"query-input":"required name=search_term_string"}],"inLanguage":"es"},{"@type":"Person","@id":"https:\/\/www.ull.es\/portal\/noticias\/#\/schema\/person\/b2b1a89d43ffa609e591f7df8ef3e817","name":"gaprsa","image":{"@type":"ImageObject","inLanguage":"es","@id":"https:\/\/www.ull.es\/portal\/noticias\/#\/schema\/person\/image\/","url":"https:\/\/secure.gravatar.com\/avatar\/443820550921091458b4823867723b3d?s=96&d=mm&r=g","contentUrl":"https:\/\/secure.gravatar.com\/avatar\/443820550921091458b4823867723b3d?s=96&d=mm&r=g","caption":"gaprsa"},"url":"https:\/\/www.ull.es\/portal\/noticias\/author\/gaprsa\/"}]}},"primary_category":{"id":345,"name":"Destacado","slug":"destacado","link":"https:\/\/www.ull.es\/portal\/noticias\/category\/destacado\/"},"featured_image_thumbnail_url":"https:\/\/www.ull.es\/portal\/noticias\/wp-content\/uploads\/sites\/13\/2020\/03\/228-aniv-ULL-10-300x200.jpg","_links":{"self":[{"href":"https:\/\/www.ull.es\/portal\/noticias\/wp-json\/wp\/v2\/posts\/54630"}],"collection":[{"href":"https:\/\/www.ull.es\/portal\/noticias\/wp-json\/wp\/v2\/posts"}],"about":[{"href":"https:\/\/www.ull.es\/portal\/noticias\/wp-json\/wp\/v2\/types\/post"}],"author":[{"embeddable":true,"href":"https:\/\/www.ull.es\/portal\/noticias\/wp-json\/wp\/v2\/users\/23"}],"replies":[{"embeddable":true,"href":"https:\/\/www.ull.es\/portal\/noticias\/wp-json\/wp\/v2\/comments?post=54630"}],"version-history":[{"count":1,"href":"https:\/\/www.ull.es\/portal\/noticias\/wp-json\/wp\/v2\/posts\/54630\/revisions"}],"predecessor-version":[{"id":54631,"href":"https:\/\/www.ull.es\/portal\/noticias\/wp-json\/wp\/v2\/posts\/54630\/revisions\/54631"}],"wp:featuredmedia":[{"embeddable":true,"href":"https:\/\/www.ull.es\/portal\/noticias\/wp-json\/wp\/v2\/media\/49551"}],"wp:attachment":[{"href":"https:\/\/www.ull.es\/portal\/noticias\/wp-json\/wp\/v2\/media?parent=54630"}],"wp:term":[{"taxonomy":"category","embeddable":true,"href":"https:\/\/www.ull.es\/portal\/noticias\/wp-json\/wp\/v2\/categories?post=54630"},{"taxonomy":"post_tag","embeddable":true,"href":"https:\/\/www.ull.es\/portal\/noticias\/wp-json\/wp\/v2\/tags?post=54630"}],"curies":[{"name":"wp","href":"https:\/\/api.w.org\/{rel}","templated":true}]}}