{"id":54672,"date":"2021-02-23T14:32:50","date_gmt":"2021-02-23T14:32:50","guid":{"rendered":"https:\/\/www.ull.es\/portal\/noticias\/?p=54672"},"modified":"2022-11-30T11:10:39","modified_gmt":"2022-11-30T11:10:39","slug":"encuentro-con-futuro-cambio-climatico","status":"publish","type":"post","link":"https:\/\/www.ull.es\/portal\/noticias\/2021\/encuentro-con-futuro-cambio-climatico\/","title":{"rendered":"El Consejo Social de la ULL propone un nuevo \u201cEncuentro con el Futuro\u201d para analizar el cambio clim\u00e1tico y medio ambiente"},"content":{"rendered":"<p class=\"p3\">El Consejo Social de la Universidad de La Laguna promueve este curso acad\u00e9mico un ciclo de conferencias y coloquios que, bajo el t\u00edtulo gen\u00e9rico de \u201cEncuentros con el futuro\u201d, re\u00fane en cada sesi\u00f3n a un grupo de expertos en una materia de relevancia para la ciudadan\u00eda con el fin de ofrecer la informaci\u00f3n m\u00e1s rigurosa y actualizada sobre ella. La pr\u00f3xima sesi\u00f3n se celebrar\u00e1 este jueves, 25 de febrero, y versar\u00e1 sobre la lucha contra el cambio clim\u00e1tico y la precaria situaci\u00f3n del medio ambiente. El encuentro se desarrollar\u00e1 de manera presencial en la Sala de C\u00e1mara del Auditorio de Tenerife Ad\u00e1n Mart\u00edn, de 10:00 a 14:00 y de 18:00 a 20:00, pero el aforo ser\u00e1 limitado, por lo que tambi\u00e9n <a href=\"https:\/\/verevento.online\/encuentrosconelfuturo\/\" target=\"_blank\" rel=\"noopener\"><span class=\"s2\">se podr\u00e1 seguir online<\/span><\/a>.<\/p>\n<p class=\"p3\">La COVID-19 ha obligado a posponer las medidas contenidas en el Acuerdo de Par\u00eds contra el cambio clim\u00e1tico para afrontar la pandemia. Sin embargo, en este periodo los gobiernos nacionales, la Uni\u00f3n Europea, las organizaciones supranacionales como la ONU, las asociaciones ecologistas y cient\u00edficos de diversos \u00e1mbitos han seguido llamando a la colectividad para denunciar la insostenible acci\u00f3n humana sobre los recursos y el clima del planeta. Por ello, este encuentro reunir\u00e1 a un variado grupo de investigadores y gestores de diversos \u00e1mbitos para ofrecer su visi\u00f3n acerca de este problema y el estado actual de sus investigaciones e iniciativas, centr\u00e1ndose especialmente en la situaci\u00f3n canaria.<span class=\"Apple-converted-space\">\u00a0<\/span><\/p>\n<p class=\"p3\"><b>Programa<\/b><\/p>\n<ul class=\"ul1\">\n<li class=\"li3\">10:00 Inauguraci\u00f3n: Mar\u00eda Dolores Pelayo. Presidenta del Consejo Social de la Universidad de La Laguna.<\/li>\n<li class=\"li3\">10:10 V\u00eddeo de Ant\u00f3nio Guterres, Secretario General de Naciones Unidas.<\/li>\n<li class=\"li3\">10:15 Victoria Ballesteros Gonz\u00e1lez, miembro de Girls in Sciencia 4 SDGs.<\/li>\n<li class=\"li3\">10:30 Mesa redonda sobre los Parques Nacionales de Canarias: (Pascual Gil Mu\u00f1oz, director del PN de Timafaya; \u00c1ngel Palomares Mart\u00edn, director del PN de la Caldera de Taburiente; \u00c1ngel Fern\u00e1ndez L\u00f3pez, director del PN de Garajonay; y Manuel Durb\u00e1n Villalonga, director del PN de El Teide.<\/li>\n<li class=\"li3\">11:30 Pedro Luis P\u00e9rez de Paz, catedr\u00e1tico de Bot\u00e1nica de la ULL.<\/li>\n<li class=\"li3\">11:40 Juan Rubio del Val, director del Observatorio Ciudad 3R, integrado en el foco de investigaci\u00f3n y acci\u00f3n sobre Ciudades y Comunidades Sostenibles de la Fundaci\u00f3n Ecolog\u00eda y Desarrollo (ECODES).<\/li>\n<li class=\"li3\">11:55 Eustaquio Villalba Moreno, de Asociaci\u00f3n Ecologista ATAN.<\/li>\n<li class=\"li3\">12:05 Intervenci\u00f3n de Jaime Coello Bravo, director de la Fundaci\u00f3n Telesforo Bravo y Juan Coello.<\/li>\n<li class=\"li3\">12:15 Pablo J. Gonz\u00e1lez, investigador distinguido del CSIC, Ciencias de la Vida y de la Tierra, realizar\u00e1 una exposici\u00f3n sobre las aguas en Canarias.<\/li>\n<li class=\"li3\">Antonio Hern\u00e1ndez Daranas, cient\u00edfico titular del CSIC, Ciencias moleculares. Reconocimiento molecular y qu\u00edmica supramolecular, realizar\u00e1 una exposici\u00f3n sobre las microalgas en Canarias.<\/li>\n<li class=\"li3\">12:45 Juan Pedro D\u00edaz Gonz\u00e1lez, catedr\u00e1tico de F\u00edsica Aplicada de la ULL, investigador del Grupo de Observaci\u00f3n de la Tierra y de la Atm\u00f3sfera \u2013 GOTA, realzar\u00e1 una exposici\u00f3n sobre los diferentes escenarios clim\u00e1ticos que se podr\u00edan dar en Canarias.<\/li>\n<li class=\"li3\">13:00 Intervenci\u00f3n de Pedro Dorta Antequera, director de la C\u00e1tedra de reducci\u00f3n de riesgos de desastres y ciudades resilientes, relativa a <span class=\"s3\">\u201c<\/span>Las islas: entre la mitigaci\u00f3n y la adaptaci\u00f3n\u201d.<\/li>\n<li class=\"li3\">13:15 Intervenci\u00f3n de Natacha Aguilar de Soto, directora del grupo de investigaci\u00f3n de Biodiversidad, Ecolog\u00eda Marina y Conservaci\u00f3n BIOECOMAC, <span class=\"s3\">\u201c<\/span>Ballenas contra el cambio clim\u00e1tico Tenerife \u2013 La Gomera. Sitio Patrimonio Mundial de Ballenas\u201d.<\/li>\n<li class=\"li3\">13:30 Intervenci\u00f3n de Priscila Gonz\u00e1leza, directora de proyectos de la Fundaci\u00f3n Diario de Avisos, sobre el proyecto <span class=\"s3\">\u201c<\/span>Impacto de los micropl\u00e1sticos en los fondos marinos de Canarias\u201d.<\/li>\n<li class=\"li3\">13:45 Javier Almunia, director de la Fundaci\u00f3n Loro Parque, sobre los proyectos CANBIO y BIOMAR, relativos a los efectos del cambio clim\u00e1tico en nuestras aguas y nuestras costas.<\/li>\n<\/ul>\n<p class=\"p3\">SESI\u00d3N DE TARDE<\/p>\n<ul class=\"ul1\">\n<li class=\"li3\">18:00 Apertura.<\/li>\n<li class=\"li3\">18:05 Hugo Mor\u00e1n Fern\u00e1ndez, secretario de Estado de Medio Ambiente.<\/li>\n<li class=\"li3\">18:10 Rosa Aguilar Chinea, rectora de la Universidad de La Laguna.<\/li>\n<li class=\"li3\">18:15 Mar\u00eda Luisa Tejedor Salguero, catedr\u00e1tica en Edafolog\u00eda y Qu\u00edmica Agr\u00edcola de la ULL, presidenta del Consejo Cient\u00edfico del Comit\u00e9 MaB de Espa\u00f1a (Programa de UNESCO) responsable de las Reservas de la Biosfera, que abordar\u00e1 el problema de la <span class=\"s3\">\u201c<\/span>Desertificaci\u00f3n en Canarias\u201d.<\/li>\n<li class=\"li3\">18:30 Marta Dom\u00ednguez Herrera, directora de la C\u00e1tedra Institucional de Medio Ambiente y Desarrollo Sostenible Cabildo de Tenerife-Universidad de La Laguna.<\/li>\n<li class=\"li3\">18:45 Mar\u00eda Mercedes Garc\u00eda Rodr\u00edguez, secretaria t\u00e9cnica del Colegio Oficial de Ingenieros de Montes de Canarias, que expondr\u00e1 el significado e importancia de los montes canarios.<\/li>\n<li class=\"li3\">19:00 Yeray Mart\u00ednez, miembro de la Asociaci\u00f3n de Profesionales Forestales de Espa\u00f1a (PROFOR), grupo de trabajo de Canarias, que realizar\u00e1 una exposici\u00f3n sobre el estado de los montes en Canarias y las necesidades de mejora frente al Cambio Clim\u00e1tico.<\/li>\n<li class=\"li3\">19:10 C\u00e9sar Garc\u00eda Aranda, doctor en Ciencias Ambientales y profesor de la UPM. Embajador del Pacto por el Clima de la Comisi\u00f3n Europea, que realizar\u00e1 una exposici\u00f3n sobre la estrategia de la universidad frente al Cambio Clim\u00e1tico.<\/li>\n<li class=\"li3\">19:25 Vicente Soler Javaloyes, investigador y cient\u00edfico del CSIC, Ciencias de la Vida y la Tierra, Vulcanolog\u00eda.<\/li>\n<li class=\"li3\">19:35 Jos\u00e9 Antonio Valbuena Alonso, consejero de Transici\u00f3n Ecol\u00f3gica, Lucha contra el Cambio Clim\u00e1tico y Planificaci\u00f3n Territorial del Gobierno de Canarias.<\/li>\n<li class=\"li3\">20:00 Clausura del Encuentro a cargo de Pedro Manuel Mart\u00edn Dom\u00ednguez. Presidente del Cabildo Insular de Tenerife.<\/li>\n<\/ul>\n","protected":false},"excerpt":{"rendered":"<p>El Consejo Social de la Universidad de La Laguna promueve este curso acad\u00e9mico un ciclo de conferencias y coloquios que,&#8230;<\/p>\n","protected":false},"author":21,"featured_media":54673,"comment_status":"closed","ping_status":"closed","sticky":false,"template":"","format":"standard","meta":{"inline_featured_image":false,"footnotes":""},"categories":[9420,345,348,2765],"tags":[680,905,7032,1876],"acf":[],"yoast_head":"<!-- This site is optimized with the Yoast SEO plugin v21.3 - https:\/\/yoast.com\/wordpress\/plugins\/seo\/ -->\n<title>El nuevo \u201cEncuentro con el Futuro\u201d aborda el cambio clim\u00e1tico<\/title>\n<meta name=\"description\" content=\"Esta iniciativa promovida por el Consejo Social de la ULL re\u00fane a diversos expertos tanto del \u00e1mbito de la investigaci\u00f3n como de la gesti\u00f3n.\" \/>\n<meta name=\"robots\" content=\"index, follow, max-snippet:-1, max-image-preview:large, max-video-preview:-1\" \/>\n<link rel=\"canonical\" href=\"https:\/\/www.ull.es\/portal\/noticias\/2021\/encuentro-con-futuro-cambio-climatico\/\" \/>\n<meta property=\"og:locale\" content=\"es_ES\" \/>\n<meta property=\"og:type\" content=\"article\" \/>\n<meta property=\"og:title\" content=\"El nuevo \u201cEncuentro con el Futuro\u201d aborda el cambio clim\u00e1tico\" \/>\n<meta property=\"og:description\" content=\"Esta iniciativa promovida por el Consejo Social de la ULL re\u00fane a diversos expertos tanto del \u00e1mbito de la investigaci\u00f3n como de la gesti\u00f3n.\" \/>\n<meta property=\"og:url\" content=\"https:\/\/www.ull.es\/portal\/noticias\/2021\/encuentro-con-futuro-cambio-climatico\/\" \/>\n<meta property=\"og:site_name\" content=\"ULL - Noticias\" \/>\n<meta property=\"article:publisher\" content=\"https:\/\/www.facebook.com\/universidaddelalaguna\/\" \/>\n<meta property=\"article:published_time\" content=\"2021-02-23T14:32:50+00:00\" \/>\n<meta property=\"article:modified_time\" content=\"2022-11-30T11:10:39+00:00\" \/>\n<meta property=\"og:image\" content=\"https:\/\/www.ull.es\/portal\/noticias\/wp-content\/uploads\/sites\/13\/2021\/02\/encuentros-con-el-futuro.jpg\" \/>\n\t<meta property=\"og:image:width\" content=\"700\" \/>\n\t<meta property=\"og:image:height\" content=\"350\" \/>\n\t<meta property=\"og:image:type\" content=\"image\/jpeg\" \/>\n<meta name=\"author\" content=\"prensa2\" \/>\n<meta name=\"twitter:card\" content=\"summary_large_image\" \/>\n<meta name=\"twitter:creator\" content=\"@CanalULL\" \/>\n<meta name=\"twitter:site\" content=\"@CanalULL\" \/>\n<meta name=\"twitter:label1\" content=\"Escrito por\" \/>\n\t<meta name=\"twitter:data1\" content=\"prensa2\" \/>\n\t<meta name=\"twitter:label2\" content=\"Tiempo de lectura\" \/>\n\t<meta name=\"twitter:data2\" content=\"4 minutos\" \/>\n<script type=\"application\/ld+json\" class=\"yoast-schema-graph\">{\"@context\":\"https:\/\/schema.org\",\"@graph\":[{\"@type\":\"WebPage\",\"@id\":\"https:\/\/www.ull.es\/portal\/noticias\/2021\/encuentro-con-futuro-cambio-climatico\/\",\"url\":\"https:\/\/www.ull.es\/portal\/noticias\/2021\/encuentro-con-futuro-cambio-climatico\/\",\"name\":\"El nuevo \u201cEncuentro con el Futuro\u201d aborda el cambio clim\u00e1tico\",\"isPartOf\":{\"@id\":\"https:\/\/www.ull.es\/portal\/noticias\/#website\"},\"datePublished\":\"2021-02-23T14:32:50+00:00\",\"dateModified\":\"2022-11-30T11:10:39+00:00\",\"author\":{\"@id\":\"https:\/\/www.ull.es\/portal\/noticias\/#\/schema\/person\/c3b2aa857797592927a03740d6664376\"},\"description\":\"Esta iniciativa promovida por el Consejo Social de la ULL re\u00fane a diversos expertos tanto del \u00e1mbito de la investigaci\u00f3n como de la gesti\u00f3n.\",\"breadcrumb\":{\"@id\":\"https:\/\/www.ull.es\/portal\/noticias\/2021\/encuentro-con-futuro-cambio-climatico\/#breadcrumb\"},\"inLanguage\":\"es\",\"potentialAction\":[{\"@type\":\"ReadAction\",\"target\":[\"https:\/\/www.ull.es\/portal\/noticias\/2021\/encuentro-con-futuro-cambio-climatico\/\"]}]},{\"@type\":\"BreadcrumbList\",\"@id\":\"https:\/\/www.ull.es\/portal\/noticias\/2021\/encuentro-con-futuro-cambio-climatico\/#breadcrumb\",\"itemListElement\":[{\"@type\":\"ListItem\",\"position\":1,\"name\":\"Portada\",\"item\":\"https:\/\/www.ull.es\/portal\/noticias\/\"},{\"@type\":\"ListItem\",\"position\":2,\"name\":\"El Consejo Social de la ULL propone un nuevo \u201cEncuentro con el Futuro\u201d para analizar el cambio clim\u00e1tico y medio ambiente\"}]},{\"@type\":\"WebSite\",\"@id\":\"https:\/\/www.ull.es\/portal\/noticias\/#website\",\"url\":\"https:\/\/www.ull.es\/portal\/noticias\/\",\"name\":\"ULL - Noticias\",\"description\":\"\",\"potentialAction\":[{\"@type\":\"SearchAction\",\"target\":{\"@type\":\"EntryPoint\",\"urlTemplate\":\"https:\/\/www.ull.es\/portal\/noticias\/?s={search_term_string}\"},\"query-input\":\"required name=search_term_string\"}],\"inLanguage\":\"es\"},{\"@type\":\"Person\",\"@id\":\"https:\/\/www.ull.es\/portal\/noticias\/#\/schema\/person\/c3b2aa857797592927a03740d6664376\",\"name\":\"prensa2\",\"image\":{\"@type\":\"ImageObject\",\"inLanguage\":\"es\",\"@id\":\"https:\/\/www.ull.es\/portal\/noticias\/#\/schema\/person\/image\/\",\"url\":\"https:\/\/secure.gravatar.com\/avatar\/b58f310a5de5feb33d1e026d2493f23c?s=96&d=mm&r=g\",\"contentUrl\":\"https:\/\/secure.gravatar.com\/avatar\/b58f310a5de5feb33d1e026d2493f23c?s=96&d=mm&r=g\",\"caption\":\"prensa2\"},\"url\":\"https:\/\/www.ull.es\/portal\/noticias\/author\/prensa2\/\"}]}<\/script>\n<!-- \/ Yoast SEO plugin. -->","yoast_head_json":{"title":"El nuevo \u201cEncuentro con el Futuro\u201d aborda el cambio clim\u00e1tico","description":"Esta iniciativa promovida por el Consejo Social de la ULL re\u00fane a diversos expertos tanto del \u00e1mbito de la investigaci\u00f3n como de la gesti\u00f3n.","robots":{"index":"index","follow":"follow","max-snippet":"max-snippet:-1","max-image-preview":"max-image-preview:large","max-video-preview":"max-video-preview:-1"},"canonical":"https:\/\/www.ull.es\/portal\/noticias\/2021\/encuentro-con-futuro-cambio-climatico\/","og_locale":"es_ES","og_type":"article","og_title":"El nuevo \u201cEncuentro con el Futuro\u201d aborda el cambio clim\u00e1tico","og_description":"Esta iniciativa promovida por el Consejo Social de la ULL re\u00fane a diversos expertos tanto del \u00e1mbito de la investigaci\u00f3n como de la gesti\u00f3n.","og_url":"https:\/\/www.ull.es\/portal\/noticias\/2021\/encuentro-con-futuro-cambio-climatico\/","og_site_name":"ULL - Noticias","article_publisher":"https:\/\/www.facebook.com\/universidaddelalaguna\/","article_published_time":"2021-02-23T14:32:50+00:00","article_modified_time":"2022-11-30T11:10:39+00:00","og_image":[{"width":700,"height":350,"url":"https:\/\/www.ull.es\/portal\/noticias\/wp-content\/uploads\/sites\/13\/2021\/02\/encuentros-con-el-futuro.jpg","type":"image\/jpeg"}],"author":"prensa2","twitter_card":"summary_large_image","twitter_creator":"@CanalULL","twitter_site":"@CanalULL","twitter_misc":{"Escrito por":"prensa2","Tiempo de lectura":"4 minutos"},"schema":{"@context":"https:\/\/schema.org","@graph":[{"@type":"WebPage","@id":"https:\/\/www.ull.es\/portal\/noticias\/2021\/encuentro-con-futuro-cambio-climatico\/","url":"https:\/\/www.ull.es\/portal\/noticias\/2021\/encuentro-con-futuro-cambio-climatico\/","name":"El nuevo \u201cEncuentro con el Futuro\u201d aborda el cambio clim\u00e1tico","isPartOf":{"@id":"https:\/\/www.ull.es\/portal\/noticias\/#website"},"datePublished":"2021-02-23T14:32:50+00:00","dateModified":"2022-11-30T11:10:39+00:00","author":{"@id":"https:\/\/www.ull.es\/portal\/noticias\/#\/schema\/person\/c3b2aa857797592927a03740d6664376"},"description":"Esta iniciativa promovida por el Consejo Social de la ULL re\u00fane a diversos expertos tanto del \u00e1mbito de la investigaci\u00f3n como de la gesti\u00f3n.","breadcrumb":{"@id":"https:\/\/www.ull.es\/portal\/noticias\/2021\/encuentro-con-futuro-cambio-climatico\/#breadcrumb"},"inLanguage":"es","potentialAction":[{"@type":"ReadAction","target":["https:\/\/www.ull.es\/portal\/noticias\/2021\/encuentro-con-futuro-cambio-climatico\/"]}]},{"@type":"BreadcrumbList","@id":"https:\/\/www.ull.es\/portal\/noticias\/2021\/encuentro-con-futuro-cambio-climatico\/#breadcrumb","itemListElement":[{"@type":"ListItem","position":1,"name":"Portada","item":"https:\/\/www.ull.es\/portal\/noticias\/"},{"@type":"ListItem","position":2,"name":"El Consejo Social de la ULL propone un nuevo \u201cEncuentro con el Futuro\u201d para analizar el cambio clim\u00e1tico y medio ambiente"}]},{"@type":"WebSite","@id":"https:\/\/www.ull.es\/portal\/noticias\/#website","url":"https:\/\/www.ull.es\/portal\/noticias\/","name":"ULL - Noticias","description":"","potentialAction":[{"@type":"SearchAction","target":{"@type":"EntryPoint","urlTemplate":"https:\/\/www.ull.es\/portal\/noticias\/?s={search_term_string}"},"query-input":"required name=search_term_string"}],"inLanguage":"es"},{"@type":"Person","@id":"https:\/\/www.ull.es\/portal\/noticias\/#\/schema\/person\/c3b2aa857797592927a03740d6664376","name":"prensa2","image":{"@type":"ImageObject","inLanguage":"es","@id":"https:\/\/www.ull.es\/portal\/noticias\/#\/schema\/person\/image\/","url":"https:\/\/secure.gravatar.com\/avatar\/b58f310a5de5feb33d1e026d2493f23c?s=96&d=mm&r=g","contentUrl":"https:\/\/secure.gravatar.com\/avatar\/b58f310a5de5feb33d1e026d2493f23c?s=96&d=mm&r=g","caption":"prensa2"},"url":"https:\/\/www.ull.es\/portal\/noticias\/author\/prensa2\/"}]}},"primary_category":{"id":345,"name":"Destacado","slug":"destacado","link":"https:\/\/www.ull.es\/portal\/noticias\/category\/destacado\/"},"featured_image_thumbnail_url":"https:\/\/www.ull.es\/portal\/noticias\/wp-content\/uploads\/sites\/13\/2021\/02\/encuentros-con-el-futuro-300x150.jpg","_links":{"self":[{"href":"https:\/\/www.ull.es\/portal\/noticias\/wp-json\/wp\/v2\/posts\/54672"}],"collection":[{"href":"https:\/\/www.ull.es\/portal\/noticias\/wp-json\/wp\/v2\/posts"}],"about":[{"href":"https:\/\/www.ull.es\/portal\/noticias\/wp-json\/wp\/v2\/types\/post"}],"author":[{"embeddable":true,"href":"https:\/\/www.ull.es\/portal\/noticias\/wp-json\/wp\/v2\/users\/21"}],"replies":[{"embeddable":true,"href":"https:\/\/www.ull.es\/portal\/noticias\/wp-json\/wp\/v2\/comments?post=54672"}],"version-history":[{"count":1,"href":"https:\/\/www.ull.es\/portal\/noticias\/wp-json\/wp\/v2\/posts\/54672\/revisions"}],"predecessor-version":[{"id":54674,"href":"https:\/\/www.ull.es\/portal\/noticias\/wp-json\/wp\/v2\/posts\/54672\/revisions\/54674"}],"wp:featuredmedia":[{"embeddable":true,"href":"https:\/\/www.ull.es\/portal\/noticias\/wp-json\/wp\/v2\/media\/54673"}],"wp:attachment":[{"href":"https:\/\/www.ull.es\/portal\/noticias\/wp-json\/wp\/v2\/media?parent=54672"}],"wp:term":[{"taxonomy":"category","embeddable":true,"href":"https:\/\/www.ull.es\/portal\/noticias\/wp-json\/wp\/v2\/categories?post=54672"},{"taxonomy":"post_tag","embeddable":true,"href":"https:\/\/www.ull.es\/portal\/noticias\/wp-json\/wp\/v2\/tags?post=54672"}],"curies":[{"name":"wp","href":"https:\/\/api.w.org\/{rel}","templated":true}]}}