{"id":54783,"date":"2021-03-02T13:41:37","date_gmt":"2021-03-02T13:41:37","guid":{"rendered":"https:\/\/www.ull.es\/portal\/noticias\/?p=54783"},"modified":"2021-03-02T14:18:32","modified_gmt":"2021-03-02T14:18:32","slug":"publicadas-las-ayudas-de-la-ull-para-movilidades-vinculadas-a-paises-extracomunitarios","status":"publish","type":"post","link":"https:\/\/www.ull.es\/portal\/noticias\/2021\/publicadas-las-ayudas-de-la-ull-para-movilidades-vinculadas-a-paises-extracomunitarios\/","title":{"rendered":"Publicadas las ayudas de la ULL para movilidades vinculadas a pa\u00edses extracomunitarios"},"content":{"rendered":"<p>El Bolet\u00edn Oficial de Canarias ha publicado dos convocatorias de ayudas de la Universidad de La Laguna destinadas a sufragar movilidades para estudiantes e investigadores vinculadas al \u00e1rea extra comunitaria. Se trata, concretamente, de una <a href=\"http:\/\/sede.gobcan.es\/boc\/boc-a-2021-041-1029.pdf\" target=\"_blank\" rel=\"noopener\">para bolsas de viaje para movilidades<\/a> de profesorado de la instituci\u00f3n tinerfe\u00f1a vinculadas a convenios de cooperaci\u00f3n suscritos con universidades e instituciones educativas de dicho \u00e1mbito geogr\u00e1fico, y otra para facilitar las <a href=\"http:\/\/sede.gobcan.es\/boc\/boc-a-2021-041-1028.pdf\" target=\"_blank\" rel=\"noopener\">estancias como invitados<\/a> en la instituci\u00f3n canaria de estudiantes de posgrado, investigadores y docentes procedentes de dichos pa\u00edses.<\/p>\n<p>La primera convocatoria est\u00e1 destinada a profesorado funcionario o laboral y alumnado de doctorado de la Universidad de La Laguna matriculado en el curso 2020\/21, que vayan a realizar estancias en el \u00e1mbito extracomunitario con algunas excepciones contempladas en la convocatoria. Estos desplazamientos deber\u00e1n realizarse entre el 1 de abril y el 30 de noviembre de 2021, exceptuando los periodos de cierre vacacionales, y deben tener una duraci\u00f3n m\u00ednima de 15 d\u00edas y m\u00e1xima de 3 meses.<\/p>\n<p>Las ayudas, gestionadas a trav\u00e9s del Vicerrectorado de Proyecci\u00f3n, Internacionalizaci\u00f3n y Cooperaci\u00f3n de la Universidad de La Laguna, financiar\u00e1n parte de los gastos de desplazamiento, alojamiento y manutenci\u00f3n durante el periodo de la estancia. Se dotar\u00e1n un total de diez bolsas de viaje en dos modalidades: cinco para el profesorado, de 1.500 euros cada una, y otras tantas para alumnado de doctorado, de similar cuant\u00eda.<\/p>\n<p><strong>Profesorado invitado<\/strong><\/p>\n<p>La segunda de las convocatorias est\u00e1 dirigida a sufragar parte de los gastos de desplazamiento, alojamiento y manutenci\u00f3n de estudiantes de posgrado, investigadores y docentes de instituciones extracomunitarias que realicen una estancia en la Universidad de La Laguna durante en 2021. Ser\u00e1n solicitadas por el profesorado del centro tinerfe\u00f1o que haya invitado a los for\u00e1neos para colaborar en sus tareas de investigaci\u00f3n y docencia.<\/p>\n<p>Las diez ayudas que se conceder\u00e1n tendr\u00e1n un importe de 1.500 euros cada una, de las cuales seis ser\u00e1n para estudiantes de m\u00e1ster y doctorado y cuatro para profesorado e investigadores. Las estancias habr\u00e1n de desarrollarse, nuevamente, entre el 1 de abril y el 30 de noviembre, con una duraci\u00f3n m\u00ednima de quince d\u00edas y m\u00e1xima de dos meses.<\/p>\n<p>Ambas convocatorias ya est\u00e1n abiertas y podr\u00e1n solicitarse dentro de los quince d\u00edas h\u00e1biles siguientes a su publicaci\u00f3n ayer en el bolet\u00edn auton\u00f3mico.<\/p>\n","protected":false},"excerpt":{"rendered":"<p>El Bolet\u00edn Oficial de Canarias ha publicado dos convocatorias de ayudas de la Universidad de La Laguna destinadas a sufragar&#8230;<\/p>\n","protected":false},"author":23,"featured_media":54791,"comment_status":"closed","ping_status":"closed","sticky":false,"template":"","format":"standard","meta":{"inline_featured_image":false,"footnotes":""},"categories":[345,349,2765],"tags":[7141,7142,6781,2169],"acf":[],"yoast_head":"<!-- This site is optimized with the Yoast SEO plugin v21.3 - https:\/\/yoast.com\/wordpress\/plugins\/seo\/ -->\n<title>Publicadas las ayudas de la ULL para movilidades vinculadas a pa\u00edses extracomunitarios - ULL - Noticias<\/title>\n<meta name=\"robots\" content=\"index, follow, max-snippet:-1, max-image-preview:large, max-video-preview:-1\" \/>\n<link rel=\"canonical\" href=\"https:\/\/www.ull.es\/portal\/noticias\/2021\/publicadas-las-ayudas-de-la-ull-para-movilidades-vinculadas-a-paises-extracomunitarios\/\" \/>\n<meta property=\"og:locale\" content=\"es_ES\" \/>\n<meta property=\"og:type\" content=\"article\" \/>\n<meta property=\"og:title\" content=\"Publicadas las ayudas de la ULL para movilidades vinculadas a pa\u00edses extracomunitarios - ULL - Noticias\" \/>\n<meta property=\"og:description\" content=\"El Bolet\u00edn Oficial de Canarias ha publicado dos convocatorias de ayudas de la Universidad de La Laguna destinadas a sufragar...\" \/>\n<meta property=\"og:url\" content=\"https:\/\/www.ull.es\/portal\/noticias\/2021\/publicadas-las-ayudas-de-la-ull-para-movilidades-vinculadas-a-paises-extracomunitarios\/\" \/>\n<meta property=\"og:site_name\" content=\"ULL - Noticias\" \/>\n<meta property=\"article:publisher\" content=\"https:\/\/www.facebook.com\/universidaddelalaguna\/\" \/>\n<meta property=\"article:published_time\" content=\"2021-03-02T13:41:37+00:00\" \/>\n<meta property=\"article:modified_time\" content=\"2021-03-02T14:18:32+00:00\" \/>\n<meta property=\"og:image\" content=\"https:\/\/www.ull.es\/portal\/noticias\/wp-content\/uploads\/sites\/13\/2021\/03\/foto-profesorado-extracomunitario-1.jpg\" \/>\n\t<meta property=\"og:image:width\" content=\"1200\" \/>\n\t<meta property=\"og:image:height\" content=\"800\" \/>\n\t<meta property=\"og:image:type\" content=\"image\/jpeg\" \/>\n<meta name=\"author\" content=\"gaprsa\" \/>\n<meta name=\"twitter:card\" content=\"summary_large_image\" \/>\n<meta name=\"twitter:creator\" content=\"@CanalULL\" \/>\n<meta name=\"twitter:site\" content=\"@CanalULL\" \/>\n<meta name=\"twitter:label1\" content=\"Escrito por\" \/>\n\t<meta name=\"twitter:data1\" content=\"gaprsa\" \/>\n\t<meta name=\"twitter:label2\" content=\"Tiempo de lectura\" \/>\n\t<meta name=\"twitter:data2\" content=\"2 minutos\" \/>\n<script type=\"application\/ld+json\" class=\"yoast-schema-graph\">{\"@context\":\"https:\/\/schema.org\",\"@graph\":[{\"@type\":\"WebPage\",\"@id\":\"https:\/\/www.ull.es\/portal\/noticias\/2021\/publicadas-las-ayudas-de-la-ull-para-movilidades-vinculadas-a-paises-extracomunitarios\/\",\"url\":\"https:\/\/www.ull.es\/portal\/noticias\/2021\/publicadas-las-ayudas-de-la-ull-para-movilidades-vinculadas-a-paises-extracomunitarios\/\",\"name\":\"Publicadas las ayudas de la ULL para movilidades vinculadas a pa\u00edses extracomunitarios - ULL - Noticias\",\"isPartOf\":{\"@id\":\"https:\/\/www.ull.es\/portal\/noticias\/#website\"},\"datePublished\":\"2021-03-02T13:41:37+00:00\",\"dateModified\":\"2021-03-02T14:18:32+00:00\",\"author\":{\"@id\":\"https:\/\/www.ull.es\/portal\/noticias\/#\/schema\/person\/b2b1a89d43ffa609e591f7df8ef3e817\"},\"breadcrumb\":{\"@id\":\"https:\/\/www.ull.es\/portal\/noticias\/2021\/publicadas-las-ayudas-de-la-ull-para-movilidades-vinculadas-a-paises-extracomunitarios\/#breadcrumb\"},\"inLanguage\":\"es\",\"potentialAction\":[{\"@type\":\"ReadAction\",\"target\":[\"https:\/\/www.ull.es\/portal\/noticias\/2021\/publicadas-las-ayudas-de-la-ull-para-movilidades-vinculadas-a-paises-extracomunitarios\/\"]}]},{\"@type\":\"BreadcrumbList\",\"@id\":\"https:\/\/www.ull.es\/portal\/noticias\/2021\/publicadas-las-ayudas-de-la-ull-para-movilidades-vinculadas-a-paises-extracomunitarios\/#breadcrumb\",\"itemListElement\":[{\"@type\":\"ListItem\",\"position\":1,\"name\":\"Portada\",\"item\":\"https:\/\/www.ull.es\/portal\/noticias\/\"},{\"@type\":\"ListItem\",\"position\":2,\"name\":\"Publicadas las ayudas de la ULL para movilidades vinculadas a pa\u00edses extracomunitarios\"}]},{\"@type\":\"WebSite\",\"@id\":\"https:\/\/www.ull.es\/portal\/noticias\/#website\",\"url\":\"https:\/\/www.ull.es\/portal\/noticias\/\",\"name\":\"ULL - Noticias\",\"description\":\"\",\"potentialAction\":[{\"@type\":\"SearchAction\",\"target\":{\"@type\":\"EntryPoint\",\"urlTemplate\":\"https:\/\/www.ull.es\/portal\/noticias\/?s={search_term_string}\"},\"query-input\":\"required name=search_term_string\"}],\"inLanguage\":\"es\"},{\"@type\":\"Person\",\"@id\":\"https:\/\/www.ull.es\/portal\/noticias\/#\/schema\/person\/b2b1a89d43ffa609e591f7df8ef3e817\",\"name\":\"gaprsa\",\"image\":{\"@type\":\"ImageObject\",\"inLanguage\":\"es\",\"@id\":\"https:\/\/www.ull.es\/portal\/noticias\/#\/schema\/person\/image\/\",\"url\":\"https:\/\/secure.gravatar.com\/avatar\/443820550921091458b4823867723b3d?s=96&d=mm&r=g\",\"contentUrl\":\"https:\/\/secure.gravatar.com\/avatar\/443820550921091458b4823867723b3d?s=96&d=mm&r=g\",\"caption\":\"gaprsa\"},\"url\":\"https:\/\/www.ull.es\/portal\/noticias\/author\/gaprsa\/\"}]}<\/script>\n<!-- \/ Yoast SEO plugin. -->","yoast_head_json":{"title":"Publicadas las ayudas de la ULL para movilidades vinculadas a pa\u00edses extracomunitarios - ULL - Noticias","robots":{"index":"index","follow":"follow","max-snippet":"max-snippet:-1","max-image-preview":"max-image-preview:large","max-video-preview":"max-video-preview:-1"},"canonical":"https:\/\/www.ull.es\/portal\/noticias\/2021\/publicadas-las-ayudas-de-la-ull-para-movilidades-vinculadas-a-paises-extracomunitarios\/","og_locale":"es_ES","og_type":"article","og_title":"Publicadas las ayudas de la ULL para movilidades vinculadas a pa\u00edses extracomunitarios - ULL - Noticias","og_description":"El Bolet\u00edn Oficial de Canarias ha publicado dos convocatorias de ayudas de la Universidad de La Laguna destinadas a sufragar...","og_url":"https:\/\/www.ull.es\/portal\/noticias\/2021\/publicadas-las-ayudas-de-la-ull-para-movilidades-vinculadas-a-paises-extracomunitarios\/","og_site_name":"ULL - Noticias","article_publisher":"https:\/\/www.facebook.com\/universidaddelalaguna\/","article_published_time":"2021-03-02T13:41:37+00:00","article_modified_time":"2021-03-02T14:18:32+00:00","og_image":[{"width":1200,"height":800,"url":"https:\/\/www.ull.es\/portal\/noticias\/wp-content\/uploads\/sites\/13\/2021\/03\/foto-profesorado-extracomunitario-1.jpg","type":"image\/jpeg"}],"author":"gaprsa","twitter_card":"summary_large_image","twitter_creator":"@CanalULL","twitter_site":"@CanalULL","twitter_misc":{"Escrito por":"gaprsa","Tiempo de lectura":"2 minutos"},"schema":{"@context":"https:\/\/schema.org","@graph":[{"@type":"WebPage","@id":"https:\/\/www.ull.es\/portal\/noticias\/2021\/publicadas-las-ayudas-de-la-ull-para-movilidades-vinculadas-a-paises-extracomunitarios\/","url":"https:\/\/www.ull.es\/portal\/noticias\/2021\/publicadas-las-ayudas-de-la-ull-para-movilidades-vinculadas-a-paises-extracomunitarios\/","name":"Publicadas las ayudas de la ULL para movilidades vinculadas a pa\u00edses extracomunitarios - ULL - Noticias","isPartOf":{"@id":"https:\/\/www.ull.es\/portal\/noticias\/#website"},"datePublished":"2021-03-02T13:41:37+00:00","dateModified":"2021-03-02T14:18:32+00:00","author":{"@id":"https:\/\/www.ull.es\/portal\/noticias\/#\/schema\/person\/b2b1a89d43ffa609e591f7df8ef3e817"},"breadcrumb":{"@id":"https:\/\/www.ull.es\/portal\/noticias\/2021\/publicadas-las-ayudas-de-la-ull-para-movilidades-vinculadas-a-paises-extracomunitarios\/#breadcrumb"},"inLanguage":"es","potentialAction":[{"@type":"ReadAction","target":["https:\/\/www.ull.es\/portal\/noticias\/2021\/publicadas-las-ayudas-de-la-ull-para-movilidades-vinculadas-a-paises-extracomunitarios\/"]}]},{"@type":"BreadcrumbList","@id":"https:\/\/www.ull.es\/portal\/noticias\/2021\/publicadas-las-ayudas-de-la-ull-para-movilidades-vinculadas-a-paises-extracomunitarios\/#breadcrumb","itemListElement":[{"@type":"ListItem","position":1,"name":"Portada","item":"https:\/\/www.ull.es\/portal\/noticias\/"},{"@type":"ListItem","position":2,"name":"Publicadas las ayudas de la ULL para movilidades vinculadas a pa\u00edses extracomunitarios"}]},{"@type":"WebSite","@id":"https:\/\/www.ull.es\/portal\/noticias\/#website","url":"https:\/\/www.ull.es\/portal\/noticias\/","name":"ULL - Noticias","description":"","potentialAction":[{"@type":"SearchAction","target":{"@type":"EntryPoint","urlTemplate":"https:\/\/www.ull.es\/portal\/noticias\/?s={search_term_string}"},"query-input":"required name=search_term_string"}],"inLanguage":"es"},{"@type":"Person","@id":"https:\/\/www.ull.es\/portal\/noticias\/#\/schema\/person\/b2b1a89d43ffa609e591f7df8ef3e817","name":"gaprsa","image":{"@type":"ImageObject","inLanguage":"es","@id":"https:\/\/www.ull.es\/portal\/noticias\/#\/schema\/person\/image\/","url":"https:\/\/secure.gravatar.com\/avatar\/443820550921091458b4823867723b3d?s=96&d=mm&r=g","contentUrl":"https:\/\/secure.gravatar.com\/avatar\/443820550921091458b4823867723b3d?s=96&d=mm&r=g","caption":"gaprsa"},"url":"https:\/\/www.ull.es\/portal\/noticias\/author\/gaprsa\/"}]}},"primary_category":{"id":345,"name":"Destacado","slug":"destacado","link":"https:\/\/www.ull.es\/portal\/noticias\/category\/destacado\/"},"featured_image_thumbnail_url":"https:\/\/www.ull.es\/portal\/noticias\/wp-content\/uploads\/sites\/13\/2021\/03\/foto-profesorado-extracomunitario-1-300x200.jpg","_links":{"self":[{"href":"https:\/\/www.ull.es\/portal\/noticias\/wp-json\/wp\/v2\/posts\/54783"}],"collection":[{"href":"https:\/\/www.ull.es\/portal\/noticias\/wp-json\/wp\/v2\/posts"}],"about":[{"href":"https:\/\/www.ull.es\/portal\/noticias\/wp-json\/wp\/v2\/types\/post"}],"author":[{"embeddable":true,"href":"https:\/\/www.ull.es\/portal\/noticias\/wp-json\/wp\/v2\/users\/23"}],"replies":[{"embeddable":true,"href":"https:\/\/www.ull.es\/portal\/noticias\/wp-json\/wp\/v2\/comments?post=54783"}],"version-history":[{"count":1,"href":"https:\/\/www.ull.es\/portal\/noticias\/wp-json\/wp\/v2\/posts\/54783\/revisions"}],"predecessor-version":[{"id":54786,"href":"https:\/\/www.ull.es\/portal\/noticias\/wp-json\/wp\/v2\/posts\/54783\/revisions\/54786"}],"wp:featuredmedia":[{"embeddable":true,"href":"https:\/\/www.ull.es\/portal\/noticias\/wp-json\/wp\/v2\/media\/54791"}],"wp:attachment":[{"href":"https:\/\/www.ull.es\/portal\/noticias\/wp-json\/wp\/v2\/media?parent=54783"}],"wp:term":[{"taxonomy":"category","embeddable":true,"href":"https:\/\/www.ull.es\/portal\/noticias\/wp-json\/wp\/v2\/categories?post=54783"},{"taxonomy":"post_tag","embeddable":true,"href":"https:\/\/www.ull.es\/portal\/noticias\/wp-json\/wp\/v2\/tags?post=54783"}],"curies":[{"name":"wp","href":"https:\/\/api.w.org\/{rel}","templated":true}]}}