{"id":54822,"date":"2021-03-03T15:21:38","date_gmt":"2021-03-03T15:21:38","guid":{"rendered":"https:\/\/www.ull.es\/portal\/noticias\/?p=54822"},"modified":"2021-03-04T09:01:03","modified_gmt":"2021-03-04T09:01:03","slug":"adjunta-igualdad-diputado-comun","status":"publish","type":"post","link":"https:\/\/www.ull.es\/portal\/noticias\/2021\/adjunta-igualdad-diputado-comun\/","title":{"rendered":"La adjunta de Igualdad de la Diputaci\u00f3n del Com\u00fan y la rectora establecen un primer contacto de colaboraci\u00f3n"},"content":{"rendered":"<p style=\"line-height: normal\"><span lang=\"es\" style=\"font-family: 'Arial',sans-serif\">La Adjunta Especial de Igualdad entre Mujeres y Hombres y Violencia de G\u00e9nero de la Diputaci\u00f3n del Com\u00fan, <\/span><span lang=\"es\"><a href=\"http:\/\/www.diputadodelcomun.org\/diputados\/ilma-sra-dona-beatriz-barrera-vera\/\" target=\"_blank\" rel=\"noopener noreferrer\" target=\"_blank\" rel=\"noopener\"><span style=\"font-family: 'Arial',sans-serif\">Beatriz Barrera Vera<\/span><\/a><\/span><span lang=\"es\" style=\"font-family: 'Arial',sans-serif\">, ha visitado hoy, mi\u00e9rcoles 3 de marzo, la Universidad de La Laguna para reunirse con su rectora, Rosa Aguilar Chinea, y establecer un primer contacto institucional del que puedan surgir proyectos de colaboraci\u00f3n. En este sentido, la rectora propuso utilizar la Unidad de Igualdad de G\u00e9nero de la instituci\u00f3n acad\u00e9mica como cauce de comunicaci\u00f3n que favorezca el conocimiento mutuo de ambas entidades, as\u00ed como de las actividades que desarrollan cada una. La propuesta fue acogida favorablemente por Barrera Vera, quien busca visibilizar m\u00e1s en la sociedad las acciones que desarrolla su oficina, por lo que el apoyo de un centro como la universidad puede ayudar a ese objetivo.<\/span><\/p>\n","protected":false},"excerpt":{"rendered":"<p>La Adjunta Especial de Igualdad entre Mujeres y Hombres y Violencia de G\u00e9nero de la Diputaci\u00f3n del Com\u00fan, Beatriz Barrera&#8230;<\/p>\n","protected":false},"author":21,"featured_media":54823,"comment_status":"closed","ping_status":"closed","sticky":false,"template":"","format":"standard","meta":{"inline_featured_image":false,"footnotes":""},"categories":[345,348,2765],"tags":[7156,7157,1471],"acf":[],"yoast_head":"<!-- This site is optimized with the Yoast SEO plugin v21.3 - https:\/\/yoast.com\/wordpress\/plugins\/seo\/ -->\n<title>La adjunta de Igualdad del Diputado del Com\u00fan vista la ULL<\/title>\n<meta name=\"description\" content=\"La Adjunta de Igualdad entre Mujeres y Hombres y Violencia de G\u00e9nero del Diputado del Com\u00fan, Beatriz Barrera Vera, se reuni\u00f3 con la rectora.\" \/>\n<meta name=\"robots\" content=\"index, follow, max-snippet:-1, max-image-preview:large, max-video-preview:-1\" \/>\n<link rel=\"canonical\" href=\"https:\/\/www.ull.es\/portal\/noticias\/2021\/adjunta-igualdad-diputado-comun\/\" \/>\n<meta property=\"og:locale\" content=\"es_ES\" \/>\n<meta property=\"og:type\" content=\"article\" \/>\n<meta property=\"og:title\" content=\"La adjunta de Igualdad del Diputado del Com\u00fan vista la ULL\" \/>\n<meta property=\"og:description\" content=\"La Adjunta de Igualdad entre Mujeres y Hombres y Violencia de G\u00e9nero del Diputado del Com\u00fan, Beatriz Barrera Vera, se reuni\u00f3 con la rectora.\" \/>\n<meta property=\"og:url\" content=\"https:\/\/www.ull.es\/portal\/noticias\/2021\/adjunta-igualdad-diputado-comun\/\" \/>\n<meta property=\"og:site_name\" content=\"ULL - Noticias\" \/>\n<meta property=\"article:publisher\" content=\"https:\/\/www.facebook.com\/universidaddelalaguna\/\" \/>\n<meta property=\"article:published_time\" content=\"2021-03-03T15:21:38+00:00\" \/>\n<meta property=\"article:modified_time\" content=\"2021-03-04T09:01:03+00:00\" \/>\n<meta property=\"og:image\" content=\"https:\/\/www.ull.es\/portal\/noticias\/wp-content\/uploads\/sites\/13\/2021\/03\/Visita-diputada-comun-01.jpg\" \/>\n\t<meta property=\"og:image:width\" content=\"1024\" \/>\n\t<meta property=\"og:image:height\" content=\"683\" \/>\n\t<meta property=\"og:image:type\" content=\"image\/jpeg\" \/>\n<meta name=\"author\" content=\"prensa2\" \/>\n<meta name=\"twitter:card\" content=\"summary_large_image\" \/>\n<meta name=\"twitter:creator\" content=\"@CanalULL\" \/>\n<meta name=\"twitter:site\" content=\"@CanalULL\" \/>\n<meta name=\"twitter:label1\" content=\"Escrito por\" \/>\n\t<meta name=\"twitter:data1\" content=\"prensa2\" \/>\n\t<meta name=\"twitter:label2\" content=\"Tiempo de lectura\" \/>\n\t<meta name=\"twitter:data2\" content=\"1 minuto\" \/>\n<script type=\"application\/ld+json\" class=\"yoast-schema-graph\">{\"@context\":\"https:\/\/schema.org\",\"@graph\":[{\"@type\":\"WebPage\",\"@id\":\"https:\/\/www.ull.es\/portal\/noticias\/2021\/adjunta-igualdad-diputado-comun\/\",\"url\":\"https:\/\/www.ull.es\/portal\/noticias\/2021\/adjunta-igualdad-diputado-comun\/\",\"name\":\"La adjunta de Igualdad del Diputado del Com\u00fan vista la ULL\",\"isPartOf\":{\"@id\":\"https:\/\/www.ull.es\/portal\/noticias\/#website\"},\"datePublished\":\"2021-03-03T15:21:38+00:00\",\"dateModified\":\"2021-03-04T09:01:03+00:00\",\"author\":{\"@id\":\"https:\/\/www.ull.es\/portal\/noticias\/#\/schema\/person\/c3b2aa857797592927a03740d6664376\"},\"description\":\"La Adjunta de Igualdad entre Mujeres y Hombres y Violencia de G\u00e9nero del Diputado del Com\u00fan, Beatriz Barrera Vera, se reuni\u00f3 con la rectora.\",\"breadcrumb\":{\"@id\":\"https:\/\/www.ull.es\/portal\/noticias\/2021\/adjunta-igualdad-diputado-comun\/#breadcrumb\"},\"inLanguage\":\"es\",\"potentialAction\":[{\"@type\":\"ReadAction\",\"target\":[\"https:\/\/www.ull.es\/portal\/noticias\/2021\/adjunta-igualdad-diputado-comun\/\"]}]},{\"@type\":\"BreadcrumbList\",\"@id\":\"https:\/\/www.ull.es\/portal\/noticias\/2021\/adjunta-igualdad-diputado-comun\/#breadcrumb\",\"itemListElement\":[{\"@type\":\"ListItem\",\"position\":1,\"name\":\"Portada\",\"item\":\"https:\/\/www.ull.es\/portal\/noticias\/\"},{\"@type\":\"ListItem\",\"position\":2,\"name\":\"La adjunta de Igualdad de la Diputaci\u00f3n del Com\u00fan y la rectora establecen un primer contacto de colaboraci\u00f3n\"}]},{\"@type\":\"WebSite\",\"@id\":\"https:\/\/www.ull.es\/portal\/noticias\/#website\",\"url\":\"https:\/\/www.ull.es\/portal\/noticias\/\",\"name\":\"ULL - Noticias\",\"description\":\"\",\"potentialAction\":[{\"@type\":\"SearchAction\",\"target\":{\"@type\":\"EntryPoint\",\"urlTemplate\":\"https:\/\/www.ull.es\/portal\/noticias\/?s={search_term_string}\"},\"query-input\":\"required name=search_term_string\"}],\"inLanguage\":\"es\"},{\"@type\":\"Person\",\"@id\":\"https:\/\/www.ull.es\/portal\/noticias\/#\/schema\/person\/c3b2aa857797592927a03740d6664376\",\"name\":\"prensa2\",\"image\":{\"@type\":\"ImageObject\",\"inLanguage\":\"es\",\"@id\":\"https:\/\/www.ull.es\/portal\/noticias\/#\/schema\/person\/image\/\",\"url\":\"https:\/\/secure.gravatar.com\/avatar\/b58f310a5de5feb33d1e026d2493f23c?s=96&d=mm&r=g\",\"contentUrl\":\"https:\/\/secure.gravatar.com\/avatar\/b58f310a5de5feb33d1e026d2493f23c?s=96&d=mm&r=g\",\"caption\":\"prensa2\"},\"url\":\"https:\/\/www.ull.es\/portal\/noticias\/author\/prensa2\/\"}]}<\/script>\n<!-- \/ Yoast SEO plugin. -->","yoast_head_json":{"title":"La adjunta de Igualdad del Diputado del Com\u00fan vista la ULL","description":"La Adjunta de Igualdad entre Mujeres y Hombres y Violencia de G\u00e9nero del Diputado del Com\u00fan, Beatriz Barrera Vera, se reuni\u00f3 con la rectora.","robots":{"index":"index","follow":"follow","max-snippet":"max-snippet:-1","max-image-preview":"max-image-preview:large","max-video-preview":"max-video-preview:-1"},"canonical":"https:\/\/www.ull.es\/portal\/noticias\/2021\/adjunta-igualdad-diputado-comun\/","og_locale":"es_ES","og_type":"article","og_title":"La adjunta de Igualdad del Diputado del Com\u00fan vista la ULL","og_description":"La Adjunta de Igualdad entre Mujeres y Hombres y Violencia de G\u00e9nero del Diputado del Com\u00fan, Beatriz Barrera Vera, se reuni\u00f3 con la rectora.","og_url":"https:\/\/www.ull.es\/portal\/noticias\/2021\/adjunta-igualdad-diputado-comun\/","og_site_name":"ULL - Noticias","article_publisher":"https:\/\/www.facebook.com\/universidaddelalaguna\/","article_published_time":"2021-03-03T15:21:38+00:00","article_modified_time":"2021-03-04T09:01:03+00:00","og_image":[{"width":1024,"height":683,"url":"https:\/\/www.ull.es\/portal\/noticias\/wp-content\/uploads\/sites\/13\/2021\/03\/Visita-diputada-comun-01.jpg","type":"image\/jpeg"}],"author":"prensa2","twitter_card":"summary_large_image","twitter_creator":"@CanalULL","twitter_site":"@CanalULL","twitter_misc":{"Escrito por":"prensa2","Tiempo de lectura":"1 minuto"},"schema":{"@context":"https:\/\/schema.org","@graph":[{"@type":"WebPage","@id":"https:\/\/www.ull.es\/portal\/noticias\/2021\/adjunta-igualdad-diputado-comun\/","url":"https:\/\/www.ull.es\/portal\/noticias\/2021\/adjunta-igualdad-diputado-comun\/","name":"La adjunta de Igualdad del Diputado del Com\u00fan vista la ULL","isPartOf":{"@id":"https:\/\/www.ull.es\/portal\/noticias\/#website"},"datePublished":"2021-03-03T15:21:38+00:00","dateModified":"2021-03-04T09:01:03+00:00","author":{"@id":"https:\/\/www.ull.es\/portal\/noticias\/#\/schema\/person\/c3b2aa857797592927a03740d6664376"},"description":"La Adjunta de Igualdad entre Mujeres y Hombres y Violencia de G\u00e9nero del Diputado del Com\u00fan, Beatriz Barrera Vera, se reuni\u00f3 con la rectora.","breadcrumb":{"@id":"https:\/\/www.ull.es\/portal\/noticias\/2021\/adjunta-igualdad-diputado-comun\/#breadcrumb"},"inLanguage":"es","potentialAction":[{"@type":"ReadAction","target":["https:\/\/www.ull.es\/portal\/noticias\/2021\/adjunta-igualdad-diputado-comun\/"]}]},{"@type":"BreadcrumbList","@id":"https:\/\/www.ull.es\/portal\/noticias\/2021\/adjunta-igualdad-diputado-comun\/#breadcrumb","itemListElement":[{"@type":"ListItem","position":1,"name":"Portada","item":"https:\/\/www.ull.es\/portal\/noticias\/"},{"@type":"ListItem","position":2,"name":"La adjunta de Igualdad de la Diputaci\u00f3n del Com\u00fan y la rectora establecen un primer contacto de colaboraci\u00f3n"}]},{"@type":"WebSite","@id":"https:\/\/www.ull.es\/portal\/noticias\/#website","url":"https:\/\/www.ull.es\/portal\/noticias\/","name":"ULL - Noticias","description":"","potentialAction":[{"@type":"SearchAction","target":{"@type":"EntryPoint","urlTemplate":"https:\/\/www.ull.es\/portal\/noticias\/?s={search_term_string}"},"query-input":"required name=search_term_string"}],"inLanguage":"es"},{"@type":"Person","@id":"https:\/\/www.ull.es\/portal\/noticias\/#\/schema\/person\/c3b2aa857797592927a03740d6664376","name":"prensa2","image":{"@type":"ImageObject","inLanguage":"es","@id":"https:\/\/www.ull.es\/portal\/noticias\/#\/schema\/person\/image\/","url":"https:\/\/secure.gravatar.com\/avatar\/b58f310a5de5feb33d1e026d2493f23c?s=96&d=mm&r=g","contentUrl":"https:\/\/secure.gravatar.com\/avatar\/b58f310a5de5feb33d1e026d2493f23c?s=96&d=mm&r=g","caption":"prensa2"},"url":"https:\/\/www.ull.es\/portal\/noticias\/author\/prensa2\/"}]}},"primary_category":{"id":345,"name":"Destacado","slug":"destacado","link":"https:\/\/www.ull.es\/portal\/noticias\/category\/destacado\/"},"featured_image_thumbnail_url":"https:\/\/www.ull.es\/portal\/noticias\/wp-content\/uploads\/sites\/13\/2021\/03\/Visita-diputada-comun-01-300x200.jpg","_links":{"self":[{"href":"https:\/\/www.ull.es\/portal\/noticias\/wp-json\/wp\/v2\/posts\/54822"}],"collection":[{"href":"https:\/\/www.ull.es\/portal\/noticias\/wp-json\/wp\/v2\/posts"}],"about":[{"href":"https:\/\/www.ull.es\/portal\/noticias\/wp-json\/wp\/v2\/types\/post"}],"author":[{"embeddable":true,"href":"https:\/\/www.ull.es\/portal\/noticias\/wp-json\/wp\/v2\/users\/21"}],"replies":[{"embeddable":true,"href":"https:\/\/www.ull.es\/portal\/noticias\/wp-json\/wp\/v2\/comments?post=54822"}],"version-history":[{"count":2,"href":"https:\/\/www.ull.es\/portal\/noticias\/wp-json\/wp\/v2\/posts\/54822\/revisions"}],"predecessor-version":[{"id":54826,"href":"https:\/\/www.ull.es\/portal\/noticias\/wp-json\/wp\/v2\/posts\/54822\/revisions\/54826"}],"wp:featuredmedia":[{"embeddable":true,"href":"https:\/\/www.ull.es\/portal\/noticias\/wp-json\/wp\/v2\/media\/54823"}],"wp:attachment":[{"href":"https:\/\/www.ull.es\/portal\/noticias\/wp-json\/wp\/v2\/media?parent=54822"}],"wp:term":[{"taxonomy":"category","embeddable":true,"href":"https:\/\/www.ull.es\/portal\/noticias\/wp-json\/wp\/v2\/categories?post=54822"},{"taxonomy":"post_tag","embeddable":true,"href":"https:\/\/www.ull.es\/portal\/noticias\/wp-json\/wp\/v2\/tags?post=54822"}],"curies":[{"name":"wp","href":"https:\/\/api.w.org\/{rel}","templated":true}]}}