{"id":54889,"date":"2021-03-08T11:59:59","date_gmt":"2021-03-08T11:59:59","guid":{"rendered":"https:\/\/www.ull.es\/portal\/noticias\/?p=54889"},"modified":"2021-03-10T10:44:39","modified_gmt":"2021-03-10T10:44:39","slug":"el-consejo-de-gobierno-de-la-universidad-de-la-laguna-renovo-la-composicion-de-todos-sus-sectores","status":"publish","type":"post","link":"https:\/\/www.ull.es\/portal\/noticias\/2021\/el-consejo-de-gobierno-de-la-universidad-de-la-laguna-renovo-la-composicion-de-todos-sus-sectores\/","title":{"rendered":"El Consejo de Gobierno de la Universidad de La Laguna renov\u00f3 la composici\u00f3n de todos sus sectores"},"content":{"rendered":"<p>La Universidad de La Laguna celebr\u00f3 el pasado viernes, 5 de marzo, las elecciones para renovar totalmente la representaci\u00f3n de todos los sectores de su Consejo de Gobierno, cuyos resultados provisionales ya han sido proclamados hoy 8. Se da la circunstancia especial de que, en esta ocasi\u00f3n, las representaciones del Claustro en los sectores de profesorado y de alumnado presentaron candidaturas unitarias, es decir, compuesta por personas de los diferentes grupos claustrales.<\/p>\n<p>De este modo, en el sector de profesorado, tanto doctor con vinculaci\u00f3n permanente como no doctor o sin dicha vinculaci\u00f3n, la lista unific\u00f3 candidatos de los grupos Programa Alternativo de Profesorado, Renovaci\u00f3n Convergente y Red de Participaci\u00f3n Universitaria. Siguiendo el orden de las respectivas listas, los cuatro consejeros en el sector de doctores ser\u00e1n Dulce M\u00aa Gonz\u00e1lez Doreste, Gin\u00e9s Guirao P\u00e9rez, Carmen Dolores Sosa Castilla y Chaxiraxi Escuela Cruz; mientras que los cuatro no doctores ser\u00e1n M\u00aa Ar\u00e1nzazu Garc\u00eda Pizarro, Jos\u00e9 Mar\u00eda Castillo-Olivares Barber\u00e1n, Jes\u00fas Alonso Hern\u00e1ndez y Cintia Hern\u00e1ndez S\u00e1nchez.<\/p>\n<p>En el caso del alumnado, los ochos consejeros seleccionados entre grupos claustrales han salido de la lista unitaria denominada Movimiento Claustral Unido, con integrantes de Asociaci\u00f3n Canaria de Estudiantes, Libertad Estudiantil y Grupo de Estudiantes de la Universidad de La Laguna, cuyos nombres son: Eduardo Febles D\u00edaz, Brian Trujillo P\u00e9rez, Daniel Silvestre Mena, Elisa Marrero Guti\u00e9rrez, Desir\u00e9 Fern\u00e1ndez P\u00e1ez, Mar\u00eda Moreno Fraga, Mar\u00eda Bego\u00f1a Leiva Ormaz\u00e1bal y Sergio Tejera Gonz\u00e1lez.<\/p>\n<p>Finalmente, en el sector de representantes del Claustro correspondiente al Personal de Administraci\u00f3n y Servicios, la lista de Grupo del PAS obtuvo dos representantes, Bienvenida Vega Barrero e Inmaculada Rey Merino; la de Espacio para la Unidad del PAS, uno (Jes\u00fas V\u00edctor Rodr\u00edguez Junco); y PAS en Acci\u00f3n, otro consejero (Manuel Gonz\u00e1lez Mauricio).<\/p>\n<p>En cuanto al sector de decanatos de facultad y direcciones de escuela, en el \u00e1rea de Artes y Humanidades fueron elegidos el decano de la Facultad de Humanidades (Javier Medina L\u00f3pez), y de Bellas Artes (Alfonso Ruiz Rallo); en Ciencias, la de Ciencias (M\u00aa del Mar Afonso Rodr\u00edguez); en Ciencias de la Salud, la de Psicolog\u00eda y Logopedia (M\u00aa \u00c1ngeles Alonso Rodr\u00edguez) y la de Farmacia (Susana Abdal\u00e1 Kuri); en Ciencias Sociales y Jur\u00eddicas fue seleccionado el decano de Educaci\u00f3n (Pl\u00e1cido Bazo Mart\u00ednez) y, finalmente, por el \u00c1rea de Arquitectura e Ingenier\u00eda, el elegido fue el director de la Escuela Polit\u00e9cnica Superior de Ingenier\u00eda (Felipe Monz\u00f3n Pe\u00f1ate).<\/p>\n<p>Los siete representantes elegidos entre las direcciones de departamentos fueron, por el \u00e1rea de Artes y Humanidades, el director del Departamento de Filolog\u00eda Espa\u00f1ola (Antonio Cano Gin\u00e9s); por Ciencias, la directora de Bioqu\u00edmica, Microbiolog\u00eda, Biolog\u00eda Celular y Gen\u00e9tica (Ana Lancha Bernal); por Ciencias de la Salud, los de Cirug\u00eda (Pedro Hern\u00e1ndez Guti\u00e9rrez) y Psicolog\u00eda Cl\u00ednica, Psicobiolog\u00eda y Metodolog\u00eda (Juan Bethencourt P\u00e9rez); por Ciencias Sociales y Jur\u00eddicas, la de Derecho P\u00fablico y Privado Especial y Derecho de la Empresa (Adriana Fabiola Mart\u00edn C\u00e1ceres); y por Arquitectura e Ingenier\u00eda, los de T\u00e9cnicas y Proyectos en Ingenier\u00eda y Arquitectura (Jos\u00e9 Manuel Alonso L\u00f3pez) y el de Ingenier\u00eda Agraria, N\u00e1utica, Civil y Mar\u00edtima (Felipe San Luis Guti\u00e9rrez. Finalmente, el representante elegido en el sector de los institutos universitarios ha sido el de Neurociencias, Hip\u00f3lito Marrero Hern\u00e1ndez.<\/p>\n","protected":false},"excerpt":{"rendered":"<p>La Universidad de La Laguna celebr\u00f3 el pasado viernes, 5 de marzo, las elecciones para renovar totalmente la representaci\u00f3n de&#8230;<\/p>\n","protected":false},"author":23,"featured_media":54890,"comment_status":"closed","ping_status":"closed","sticky":false,"template":"","format":"standard","meta":{"inline_featured_image":false,"footnotes":""},"categories":[345,348,2765],"tags":[903,1111],"acf":[],"yoast_head":"<!-- This site is optimized with the Yoast SEO plugin v21.3 - https:\/\/yoast.com\/wordpress\/plugins\/seo\/ -->\n<title>El Consejo de Gobierno de la Universidad de La Laguna renov\u00f3 la composici\u00f3n de todos sus sectores - ULL - Noticias<\/title>\n<meta name=\"robots\" content=\"index, follow, max-snippet:-1, max-image-preview:large, max-video-preview:-1\" \/>\n<link rel=\"canonical\" href=\"https:\/\/www.ull.es\/portal\/noticias\/2021\/el-consejo-de-gobierno-de-la-universidad-de-la-laguna-renovo-la-composicion-de-todos-sus-sectores\/\" \/>\n<meta property=\"og:locale\" content=\"es_ES\" \/>\n<meta property=\"og:type\" content=\"article\" \/>\n<meta property=\"og:title\" content=\"El Consejo de Gobierno de la Universidad de La Laguna renov\u00f3 la composici\u00f3n de todos sus sectores - ULL - Noticias\" \/>\n<meta property=\"og:description\" content=\"La Universidad de La Laguna celebr\u00f3 el pasado viernes, 5 de marzo, las elecciones para renovar totalmente la representaci\u00f3n de...\" \/>\n<meta property=\"og:url\" content=\"https:\/\/www.ull.es\/portal\/noticias\/2021\/el-consejo-de-gobierno-de-la-universidad-de-la-laguna-renovo-la-composicion-de-todos-sus-sectores\/\" \/>\n<meta property=\"og:site_name\" content=\"ULL - Noticias\" \/>\n<meta property=\"article:publisher\" content=\"https:\/\/www.facebook.com\/universidaddelalaguna\/\" \/>\n<meta property=\"article:published_time\" content=\"2021-03-08T11:59:59+00:00\" \/>\n<meta property=\"article:modified_time\" content=\"2021-03-10T10:44:39+00:00\" \/>\n<meta property=\"og:image\" content=\"https:\/\/www.ull.es\/portal\/noticias\/wp-content\/uploads\/sites\/13\/2021\/03\/Elecciones-Cons-Gobierno-foto-de-archivo.jpg\" \/>\n\t<meta property=\"og:image:width\" content=\"1034\" \/>\n\t<meta property=\"og:image:height\" content=\"708\" \/>\n\t<meta property=\"og:image:type\" content=\"image\/jpeg\" \/>\n<meta name=\"author\" content=\"gaprsa\" \/>\n<meta name=\"twitter:card\" content=\"summary_large_image\" \/>\n<meta name=\"twitter:creator\" content=\"@CanalULL\" \/>\n<meta name=\"twitter:site\" content=\"@CanalULL\" \/>\n<meta name=\"twitter:label1\" content=\"Escrito por\" \/>\n\t<meta name=\"twitter:data1\" content=\"gaprsa\" \/>\n\t<meta name=\"twitter:label2\" content=\"Tiempo de lectura\" \/>\n\t<meta name=\"twitter:data2\" content=\"3 minutos\" \/>\n<script type=\"application\/ld+json\" class=\"yoast-schema-graph\">{\"@context\":\"https:\/\/schema.org\",\"@graph\":[{\"@type\":\"WebPage\",\"@id\":\"https:\/\/www.ull.es\/portal\/noticias\/2021\/el-consejo-de-gobierno-de-la-universidad-de-la-laguna-renovo-la-composicion-de-todos-sus-sectores\/\",\"url\":\"https:\/\/www.ull.es\/portal\/noticias\/2021\/el-consejo-de-gobierno-de-la-universidad-de-la-laguna-renovo-la-composicion-de-todos-sus-sectores\/\",\"name\":\"El Consejo de Gobierno de la Universidad de La Laguna renov\u00f3 la composici\u00f3n de todos sus sectores - ULL - Noticias\",\"isPartOf\":{\"@id\":\"https:\/\/www.ull.es\/portal\/noticias\/#website\"},\"datePublished\":\"2021-03-08T11:59:59+00:00\",\"dateModified\":\"2021-03-10T10:44:39+00:00\",\"author\":{\"@id\":\"https:\/\/www.ull.es\/portal\/noticias\/#\/schema\/person\/b2b1a89d43ffa609e591f7df8ef3e817\"},\"breadcrumb\":{\"@id\":\"https:\/\/www.ull.es\/portal\/noticias\/2021\/el-consejo-de-gobierno-de-la-universidad-de-la-laguna-renovo-la-composicion-de-todos-sus-sectores\/#breadcrumb\"},\"inLanguage\":\"es\",\"potentialAction\":[{\"@type\":\"ReadAction\",\"target\":[\"https:\/\/www.ull.es\/portal\/noticias\/2021\/el-consejo-de-gobierno-de-la-universidad-de-la-laguna-renovo-la-composicion-de-todos-sus-sectores\/\"]}]},{\"@type\":\"BreadcrumbList\",\"@id\":\"https:\/\/www.ull.es\/portal\/noticias\/2021\/el-consejo-de-gobierno-de-la-universidad-de-la-laguna-renovo-la-composicion-de-todos-sus-sectores\/#breadcrumb\",\"itemListElement\":[{\"@type\":\"ListItem\",\"position\":1,\"name\":\"Portada\",\"item\":\"https:\/\/www.ull.es\/portal\/noticias\/\"},{\"@type\":\"ListItem\",\"position\":2,\"name\":\"El Consejo de Gobierno de la Universidad de La Laguna renov\u00f3 la composici\u00f3n de todos sus sectores\"}]},{\"@type\":\"WebSite\",\"@id\":\"https:\/\/www.ull.es\/portal\/noticias\/#website\",\"url\":\"https:\/\/www.ull.es\/portal\/noticias\/\",\"name\":\"ULL - Noticias\",\"description\":\"\",\"potentialAction\":[{\"@type\":\"SearchAction\",\"target\":{\"@type\":\"EntryPoint\",\"urlTemplate\":\"https:\/\/www.ull.es\/portal\/noticias\/?s={search_term_string}\"},\"query-input\":\"required name=search_term_string\"}],\"inLanguage\":\"es\"},{\"@type\":\"Person\",\"@id\":\"https:\/\/www.ull.es\/portal\/noticias\/#\/schema\/person\/b2b1a89d43ffa609e591f7df8ef3e817\",\"name\":\"gaprsa\",\"image\":{\"@type\":\"ImageObject\",\"inLanguage\":\"es\",\"@id\":\"https:\/\/www.ull.es\/portal\/noticias\/#\/schema\/person\/image\/\",\"url\":\"https:\/\/secure.gravatar.com\/avatar\/443820550921091458b4823867723b3d?s=96&d=mm&r=g\",\"contentUrl\":\"https:\/\/secure.gravatar.com\/avatar\/443820550921091458b4823867723b3d?s=96&d=mm&r=g\",\"caption\":\"gaprsa\"},\"url\":\"https:\/\/www.ull.es\/portal\/noticias\/author\/gaprsa\/\"}]}<\/script>\n<!-- \/ Yoast SEO plugin. -->","yoast_head_json":{"title":"El Consejo de Gobierno de la Universidad de La Laguna renov\u00f3 la composici\u00f3n de todos sus sectores - ULL - Noticias","robots":{"index":"index","follow":"follow","max-snippet":"max-snippet:-1","max-image-preview":"max-image-preview:large","max-video-preview":"max-video-preview:-1"},"canonical":"https:\/\/www.ull.es\/portal\/noticias\/2021\/el-consejo-de-gobierno-de-la-universidad-de-la-laguna-renovo-la-composicion-de-todos-sus-sectores\/","og_locale":"es_ES","og_type":"article","og_title":"El Consejo de Gobierno de la Universidad de La Laguna renov\u00f3 la composici\u00f3n de todos sus sectores - ULL - Noticias","og_description":"La Universidad de La Laguna celebr\u00f3 el pasado viernes, 5 de marzo, las elecciones para renovar totalmente la representaci\u00f3n de...","og_url":"https:\/\/www.ull.es\/portal\/noticias\/2021\/el-consejo-de-gobierno-de-la-universidad-de-la-laguna-renovo-la-composicion-de-todos-sus-sectores\/","og_site_name":"ULL - Noticias","article_publisher":"https:\/\/www.facebook.com\/universidaddelalaguna\/","article_published_time":"2021-03-08T11:59:59+00:00","article_modified_time":"2021-03-10T10:44:39+00:00","og_image":[{"width":1034,"height":708,"url":"https:\/\/www.ull.es\/portal\/noticias\/wp-content\/uploads\/sites\/13\/2021\/03\/Elecciones-Cons-Gobierno-foto-de-archivo.jpg","type":"image\/jpeg"}],"author":"gaprsa","twitter_card":"summary_large_image","twitter_creator":"@CanalULL","twitter_site":"@CanalULL","twitter_misc":{"Escrito por":"gaprsa","Tiempo de lectura":"3 minutos"},"schema":{"@context":"https:\/\/schema.org","@graph":[{"@type":"WebPage","@id":"https:\/\/www.ull.es\/portal\/noticias\/2021\/el-consejo-de-gobierno-de-la-universidad-de-la-laguna-renovo-la-composicion-de-todos-sus-sectores\/","url":"https:\/\/www.ull.es\/portal\/noticias\/2021\/el-consejo-de-gobierno-de-la-universidad-de-la-laguna-renovo-la-composicion-de-todos-sus-sectores\/","name":"El Consejo de Gobierno de la Universidad de La Laguna renov\u00f3 la composici\u00f3n de todos sus sectores - ULL - Noticias","isPartOf":{"@id":"https:\/\/www.ull.es\/portal\/noticias\/#website"},"datePublished":"2021-03-08T11:59:59+00:00","dateModified":"2021-03-10T10:44:39+00:00","author":{"@id":"https:\/\/www.ull.es\/portal\/noticias\/#\/schema\/person\/b2b1a89d43ffa609e591f7df8ef3e817"},"breadcrumb":{"@id":"https:\/\/www.ull.es\/portal\/noticias\/2021\/el-consejo-de-gobierno-de-la-universidad-de-la-laguna-renovo-la-composicion-de-todos-sus-sectores\/#breadcrumb"},"inLanguage":"es","potentialAction":[{"@type":"ReadAction","target":["https:\/\/www.ull.es\/portal\/noticias\/2021\/el-consejo-de-gobierno-de-la-universidad-de-la-laguna-renovo-la-composicion-de-todos-sus-sectores\/"]}]},{"@type":"BreadcrumbList","@id":"https:\/\/www.ull.es\/portal\/noticias\/2021\/el-consejo-de-gobierno-de-la-universidad-de-la-laguna-renovo-la-composicion-de-todos-sus-sectores\/#breadcrumb","itemListElement":[{"@type":"ListItem","position":1,"name":"Portada","item":"https:\/\/www.ull.es\/portal\/noticias\/"},{"@type":"ListItem","position":2,"name":"El Consejo de Gobierno de la Universidad de La Laguna renov\u00f3 la composici\u00f3n de todos sus sectores"}]},{"@type":"WebSite","@id":"https:\/\/www.ull.es\/portal\/noticias\/#website","url":"https:\/\/www.ull.es\/portal\/noticias\/","name":"ULL - Noticias","description":"","potentialAction":[{"@type":"SearchAction","target":{"@type":"EntryPoint","urlTemplate":"https:\/\/www.ull.es\/portal\/noticias\/?s={search_term_string}"},"query-input":"required name=search_term_string"}],"inLanguage":"es"},{"@type":"Person","@id":"https:\/\/www.ull.es\/portal\/noticias\/#\/schema\/person\/b2b1a89d43ffa609e591f7df8ef3e817","name":"gaprsa","image":{"@type":"ImageObject","inLanguage":"es","@id":"https:\/\/www.ull.es\/portal\/noticias\/#\/schema\/person\/image\/","url":"https:\/\/secure.gravatar.com\/avatar\/443820550921091458b4823867723b3d?s=96&d=mm&r=g","contentUrl":"https:\/\/secure.gravatar.com\/avatar\/443820550921091458b4823867723b3d?s=96&d=mm&r=g","caption":"gaprsa"},"url":"https:\/\/www.ull.es\/portal\/noticias\/author\/gaprsa\/"}]}},"primary_category":{"id":345,"name":"Destacado","slug":"destacado","link":"https:\/\/www.ull.es\/portal\/noticias\/category\/destacado\/"},"featured_image_thumbnail_url":"https:\/\/www.ull.es\/portal\/noticias\/wp-content\/uploads\/sites\/13\/2021\/03\/Elecciones-Cons-Gobierno-foto-de-archivo-300x205.jpg","_links":{"self":[{"href":"https:\/\/www.ull.es\/portal\/noticias\/wp-json\/wp\/v2\/posts\/54889"}],"collection":[{"href":"https:\/\/www.ull.es\/portal\/noticias\/wp-json\/wp\/v2\/posts"}],"about":[{"href":"https:\/\/www.ull.es\/portal\/noticias\/wp-json\/wp\/v2\/types\/post"}],"author":[{"embeddable":true,"href":"https:\/\/www.ull.es\/portal\/noticias\/wp-json\/wp\/v2\/users\/23"}],"replies":[{"embeddable":true,"href":"https:\/\/www.ull.es\/portal\/noticias\/wp-json\/wp\/v2\/comments?post=54889"}],"version-history":[{"count":3,"href":"https:\/\/www.ull.es\/portal\/noticias\/wp-json\/wp\/v2\/posts\/54889\/revisions"}],"predecessor-version":[{"id":54948,"href":"https:\/\/www.ull.es\/portal\/noticias\/wp-json\/wp\/v2\/posts\/54889\/revisions\/54948"}],"wp:featuredmedia":[{"embeddable":true,"href":"https:\/\/www.ull.es\/portal\/noticias\/wp-json\/wp\/v2\/media\/54890"}],"wp:attachment":[{"href":"https:\/\/www.ull.es\/portal\/noticias\/wp-json\/wp\/v2\/media?parent=54889"}],"wp:term":[{"taxonomy":"category","embeddable":true,"href":"https:\/\/www.ull.es\/portal\/noticias\/wp-json\/wp\/v2\/categories?post=54889"},{"taxonomy":"post_tag","embeddable":true,"href":"https:\/\/www.ull.es\/portal\/noticias\/wp-json\/wp\/v2\/tags?post=54889"}],"curies":[{"name":"wp","href":"https:\/\/api.w.org\/{rel}","templated":true}]}}