{"id":54913,"date":"2021-03-09T11:03:56","date_gmt":"2021-03-09T11:03:56","guid":{"rendered":"https:\/\/www.ull.es\/portal\/noticias\/?p=54913"},"modified":"2021-03-10T09:58:50","modified_gmt":"2021-03-10T09:58:50","slug":"investigadores-de-la-universidad-de-la-laguna-desarrollan-un-sistema-capaz-de-inactivar-el-sars-cov-2","status":"publish","type":"post","link":"https:\/\/www.ull.es\/portal\/noticias\/2021\/investigadores-de-la-universidad-de-la-laguna-desarrollan-un-sistema-capaz-de-inactivar-el-sars-cov-2\/","title":{"rendered":"Investigadores de la Universidad de La Laguna desarrollan un sistema capaz de inactivar el SARS-Cov-2"},"content":{"rendered":"<p>La Universidad de La Laguna ha solicitado la patente de un dispositivo cuya funci\u00f3n principal es la de captar e inactivar agentes biol\u00f3gicos pat\u00f3genos, tales como bacterias o virus, en un fluido mediante su paso a trav\u00e9s de una o varias zonas de tratamiento modulables y configurables. Tal como comentan sus creadores, Manuel Jes\u00fas Rodr\u00edguez y Efraim Javier Gonz\u00e1lez, del Departamento de Ingenier\u00eda Industrial del centro acad\u00e9mico, esta caracter\u00edstica permite a su invenci\u00f3n autodefinirse para un uso o agente pat\u00f3geno concreto. La idea inicial de este dispositivo surgi\u00f3 durante el inicio de la pandemia y estuvo motivada por la incertidumbre sobre c\u00f3mo acabar con el SARS-Cov-2 en el aire de pacientes con COVID19.<\/p>\n<p>Esta iniciativa responde tambi\u00e9n a la necesidad de averiguar en el menor tiempo posible la forma de combatir cualquier agente pat\u00f3geno futuro con los medios disponibles, mediante la consecuci\u00f3n de otro de los objetivos del proyecto: la elaboraci\u00f3n de un dispositivo capaz de readaptarse y utilizarse como banco de pruebas para la obtenci\u00f3n, en el acto, de posibles configuraciones o agentes biocidas capaces de inactivar cepas del SARS-Cov-2 o a un posible virus futuro. Los investigadores se\u00f1alan que el sistema propuesto puede ser utilizado como elemento captador e inactivador de agentes biol\u00f3gicos pat\u00f3genos con los equipos empleados en las pr\u00e1cticas o actividades en centros de salud y hospitalarios, como medida de protecci\u00f3n colectiva e individual. Tambi\u00e9n apuntan que puede ser utilizado como medida de protecci\u00f3n en sitios cerrados donde exista riesgo de contagio, tal como ocurre en el transporte p\u00fablico o privado, en lugares de trabajo y de ocio o en el propio hogar.<\/p>\n<p><a href=\"https:\/\/www.ull.es\/portal\/noticias\/wp-content\/uploads\/sites\/13\/2021\/03\/patente.jpg\" target=\"_blank\" rel=\"noopener\"><img decoding=\"async\" loading=\"lazy\" class=\"alignright wp-image-54938 size-medium\" src=\"https:\/\/www.ull.es\/portal\/noticias\/wp-content\/uploads\/sites\/13\/2021\/03\/patente-168x300.jpg\" alt=\"\" width=\"168\" height=\"300\" srcset=\"https:\/\/www.ull.es\/portal\/noticias\/wp-content\/uploads\/sites\/13\/2021\/03\/patente-168x300.jpg 168w, https:\/\/www.ull.es\/portal\/noticias\/wp-content\/uploads\/sites\/13\/2021\/03\/patente-573x1024.jpg 573w, https:\/\/www.ull.es\/portal\/noticias\/wp-content\/uploads\/sites\/13\/2021\/03\/patente-375x670.jpg 375w, https:\/\/www.ull.es\/portal\/noticias\/wp-content\/uploads\/sites\/13\/2021\/03\/patente.jpg 672w\" sizes=\"(max-width: 168px) 100vw, 168px\" \/><\/a>Su uso como dispositivo de ensayo, le permite estudiar la capacidad de los distintos tratamientos f\u00edsicos y qu\u00edmicos, as\u00ed como analizar los tiempos y superficies de contacto requeridas, para captar e inactivar agentes biol\u00f3gicos pat\u00f3genos en un flujo continuo de gases o l\u00edquidos; sirviendo de herramienta para su propia definici\u00f3n y consolidaci\u00f3n final en funci\u00f3n de cada caso. El proyecto comenz\u00f3 a desarrollarse en marzo de 2020, dos meses despu\u00e9s los citados investigadores ya contaban con el primer prototipo utilizable.\u00a0A la espera de muestras de SARS-COV-2, los ingenieros mejoraron el dise\u00f1o del dispositivo y elaboraron un segundo prototipo. A principios de julio el Informe Tecnol\u00f3gico de Patentes (ITP) les indic\u00f3 que el dispositivo era novedoso con actividad inventiva, por lo que podr\u00eda ser patentable.\u00a0 Adem\u00e1s, el ITP inform\u00f3 a los investigadores de que los distintos usos descritos del dispositivo para la captaci\u00f3n y eliminaci\u00f3n de pat\u00f3genos de fluidos y el testado de materiales biocidas, as\u00ed como aquellos m\u00e9todos o procedimientos particulares para llevar a cabo los usos anteriores, tambi\u00e9n podr\u00edan resultar patentables.<\/p>\n<p>La solicitud de la patente se present\u00f3 en octubre del pasado a\u00f1o, siete meses despu\u00e9s del inicio de los trabajos. En este punto, los investigadores destacan la labor que ha desempe\u00f1ado el equipo de la Oficina de Transferencia de Resultados de la Investigaci\u00f3n (OTRI), y hacen alusi\u00f3n a la participaci\u00f3n de la t\u00e9cnica en protecci\u00f3n Vanesa Luis, cuyo trabajo conjunto con los investigadores de la Universidad de La Laguna, aseguran, result\u00f3 clave para concretar el conocimiento y conseguir el objetivo final de la solicitud de la patente.<\/p>\n","protected":false},"excerpt":{"rendered":"<p>La Universidad de La Laguna ha solicitado la patente de un dispositivo cuya funci\u00f3n principal es la de captar e&#8230;<\/p>\n","protected":false},"author":23,"featured_media":54941,"comment_status":"closed","ping_status":"closed","sticky":false,"template":"","format":"standard","meta":{"inline_featured_image":false,"footnotes":""},"categories":[3785,345,350,4403,2765],"tags":[7176,7175,2029,7105],"acf":[],"yoast_head":"<!-- This site is optimized with the Yoast SEO plugin v21.3 - https:\/\/yoast.com\/wordpress\/plugins\/seo\/ -->\n<title>Investigadores de la Universidad de La Laguna desarrollan un sistema capaz de inactivar el SARS-Cov-2 - ULL - Noticias<\/title>\n<meta name=\"robots\" content=\"index, follow, max-snippet:-1, max-image-preview:large, max-video-preview:-1\" \/>\n<link rel=\"canonical\" href=\"https:\/\/www.ull.es\/portal\/noticias\/2021\/investigadores-de-la-universidad-de-la-laguna-desarrollan-un-sistema-capaz-de-inactivar-el-sars-cov-2\/\" \/>\n<meta property=\"og:locale\" content=\"es_ES\" \/>\n<meta property=\"og:type\" content=\"article\" \/>\n<meta property=\"og:title\" content=\"Investigadores de la Universidad de La Laguna desarrollan un sistema capaz de inactivar el SARS-Cov-2 - ULL - Noticias\" \/>\n<meta property=\"og:description\" content=\"La Universidad de La Laguna ha solicitado la patente de un dispositivo cuya funci\u00f3n principal es la de captar e...\" \/>\n<meta property=\"og:url\" content=\"https:\/\/www.ull.es\/portal\/noticias\/2021\/investigadores-de-la-universidad-de-la-laguna-desarrollan-un-sistema-capaz-de-inactivar-el-sars-cov-2\/\" \/>\n<meta property=\"og:site_name\" content=\"ULL - Noticias\" \/>\n<meta property=\"article:publisher\" content=\"https:\/\/www.facebook.com\/universidaddelalaguna\/\" \/>\n<meta property=\"article:published_time\" content=\"2021-03-09T11:03:56+00:00\" \/>\n<meta property=\"article:modified_time\" content=\"2021-03-10T09:58:50+00:00\" \/>\n<meta property=\"og:image\" content=\"https:\/\/www.ull.es\/portal\/noticias\/wp-content\/uploads\/sites\/13\/2021\/03\/patente-horizontal.jpg\" \/>\n\t<meta property=\"og:image:width\" content=\"1200\" \/>\n\t<meta property=\"og:image:height\" content=\"800\" \/>\n\t<meta property=\"og:image:type\" content=\"image\/jpeg\" \/>\n<meta name=\"author\" content=\"gaprsa\" \/>\n<meta name=\"twitter:card\" content=\"summary_large_image\" \/>\n<meta name=\"twitter:creator\" content=\"@CanalULL\" \/>\n<meta name=\"twitter:site\" content=\"@CanalULL\" \/>\n<meta name=\"twitter:label1\" content=\"Escrito por\" \/>\n\t<meta name=\"twitter:data1\" content=\"gaprsa\" \/>\n\t<meta name=\"twitter:label2\" content=\"Tiempo de lectura\" \/>\n\t<meta name=\"twitter:data2\" content=\"3 minutos\" \/>\n<script type=\"application\/ld+json\" class=\"yoast-schema-graph\">{\"@context\":\"https:\/\/schema.org\",\"@graph\":[{\"@type\":\"WebPage\",\"@id\":\"https:\/\/www.ull.es\/portal\/noticias\/2021\/investigadores-de-la-universidad-de-la-laguna-desarrollan-un-sistema-capaz-de-inactivar-el-sars-cov-2\/\",\"url\":\"https:\/\/www.ull.es\/portal\/noticias\/2021\/investigadores-de-la-universidad-de-la-laguna-desarrollan-un-sistema-capaz-de-inactivar-el-sars-cov-2\/\",\"name\":\"Investigadores de la Universidad de La Laguna desarrollan un sistema capaz de inactivar el SARS-Cov-2 - ULL - Noticias\",\"isPartOf\":{\"@id\":\"https:\/\/www.ull.es\/portal\/noticias\/#website\"},\"datePublished\":\"2021-03-09T11:03:56+00:00\",\"dateModified\":\"2021-03-10T09:58:50+00:00\",\"author\":{\"@id\":\"https:\/\/www.ull.es\/portal\/noticias\/#\/schema\/person\/b2b1a89d43ffa609e591f7df8ef3e817\"},\"breadcrumb\":{\"@id\":\"https:\/\/www.ull.es\/portal\/noticias\/2021\/investigadores-de-la-universidad-de-la-laguna-desarrollan-un-sistema-capaz-de-inactivar-el-sars-cov-2\/#breadcrumb\"},\"inLanguage\":\"es\",\"potentialAction\":[{\"@type\":\"ReadAction\",\"target\":[\"https:\/\/www.ull.es\/portal\/noticias\/2021\/investigadores-de-la-universidad-de-la-laguna-desarrollan-un-sistema-capaz-de-inactivar-el-sars-cov-2\/\"]}]},{\"@type\":\"BreadcrumbList\",\"@id\":\"https:\/\/www.ull.es\/portal\/noticias\/2021\/investigadores-de-la-universidad-de-la-laguna-desarrollan-un-sistema-capaz-de-inactivar-el-sars-cov-2\/#breadcrumb\",\"itemListElement\":[{\"@type\":\"ListItem\",\"position\":1,\"name\":\"Portada\",\"item\":\"https:\/\/www.ull.es\/portal\/noticias\/\"},{\"@type\":\"ListItem\",\"position\":2,\"name\":\"Investigadores de la Universidad de La Laguna desarrollan un sistema capaz de inactivar el SARS-Cov-2\"}]},{\"@type\":\"WebSite\",\"@id\":\"https:\/\/www.ull.es\/portal\/noticias\/#website\",\"url\":\"https:\/\/www.ull.es\/portal\/noticias\/\",\"name\":\"ULL - Noticias\",\"description\":\"\",\"potentialAction\":[{\"@type\":\"SearchAction\",\"target\":{\"@type\":\"EntryPoint\",\"urlTemplate\":\"https:\/\/www.ull.es\/portal\/noticias\/?s={search_term_string}\"},\"query-input\":\"required name=search_term_string\"}],\"inLanguage\":\"es\"},{\"@type\":\"Person\",\"@id\":\"https:\/\/www.ull.es\/portal\/noticias\/#\/schema\/person\/b2b1a89d43ffa609e591f7df8ef3e817\",\"name\":\"gaprsa\",\"image\":{\"@type\":\"ImageObject\",\"inLanguage\":\"es\",\"@id\":\"https:\/\/www.ull.es\/portal\/noticias\/#\/schema\/person\/image\/\",\"url\":\"https:\/\/secure.gravatar.com\/avatar\/443820550921091458b4823867723b3d?s=96&d=mm&r=g\",\"contentUrl\":\"https:\/\/secure.gravatar.com\/avatar\/443820550921091458b4823867723b3d?s=96&d=mm&r=g\",\"caption\":\"gaprsa\"},\"url\":\"https:\/\/www.ull.es\/portal\/noticias\/author\/gaprsa\/\"}]}<\/script>\n<!-- \/ Yoast SEO plugin. -->","yoast_head_json":{"title":"Investigadores de la Universidad de La Laguna desarrollan un sistema capaz de inactivar el SARS-Cov-2 - ULL - Noticias","robots":{"index":"index","follow":"follow","max-snippet":"max-snippet:-1","max-image-preview":"max-image-preview:large","max-video-preview":"max-video-preview:-1"},"canonical":"https:\/\/www.ull.es\/portal\/noticias\/2021\/investigadores-de-la-universidad-de-la-laguna-desarrollan-un-sistema-capaz-de-inactivar-el-sars-cov-2\/","og_locale":"es_ES","og_type":"article","og_title":"Investigadores de la Universidad de La Laguna desarrollan un sistema capaz de inactivar el SARS-Cov-2 - ULL - Noticias","og_description":"La Universidad de La Laguna ha solicitado la patente de un dispositivo cuya funci\u00f3n principal es la de captar e...","og_url":"https:\/\/www.ull.es\/portal\/noticias\/2021\/investigadores-de-la-universidad-de-la-laguna-desarrollan-un-sistema-capaz-de-inactivar-el-sars-cov-2\/","og_site_name":"ULL - Noticias","article_publisher":"https:\/\/www.facebook.com\/universidaddelalaguna\/","article_published_time":"2021-03-09T11:03:56+00:00","article_modified_time":"2021-03-10T09:58:50+00:00","og_image":[{"width":1200,"height":800,"url":"https:\/\/www.ull.es\/portal\/noticias\/wp-content\/uploads\/sites\/13\/2021\/03\/patente-horizontal.jpg","type":"image\/jpeg"}],"author":"gaprsa","twitter_card":"summary_large_image","twitter_creator":"@CanalULL","twitter_site":"@CanalULL","twitter_misc":{"Escrito por":"gaprsa","Tiempo de lectura":"3 minutos"},"schema":{"@context":"https:\/\/schema.org","@graph":[{"@type":"WebPage","@id":"https:\/\/www.ull.es\/portal\/noticias\/2021\/investigadores-de-la-universidad-de-la-laguna-desarrollan-un-sistema-capaz-de-inactivar-el-sars-cov-2\/","url":"https:\/\/www.ull.es\/portal\/noticias\/2021\/investigadores-de-la-universidad-de-la-laguna-desarrollan-un-sistema-capaz-de-inactivar-el-sars-cov-2\/","name":"Investigadores de la Universidad de La Laguna desarrollan un sistema capaz de inactivar el SARS-Cov-2 - ULL - Noticias","isPartOf":{"@id":"https:\/\/www.ull.es\/portal\/noticias\/#website"},"datePublished":"2021-03-09T11:03:56+00:00","dateModified":"2021-03-10T09:58:50+00:00","author":{"@id":"https:\/\/www.ull.es\/portal\/noticias\/#\/schema\/person\/b2b1a89d43ffa609e591f7df8ef3e817"},"breadcrumb":{"@id":"https:\/\/www.ull.es\/portal\/noticias\/2021\/investigadores-de-la-universidad-de-la-laguna-desarrollan-un-sistema-capaz-de-inactivar-el-sars-cov-2\/#breadcrumb"},"inLanguage":"es","potentialAction":[{"@type":"ReadAction","target":["https:\/\/www.ull.es\/portal\/noticias\/2021\/investigadores-de-la-universidad-de-la-laguna-desarrollan-un-sistema-capaz-de-inactivar-el-sars-cov-2\/"]}]},{"@type":"BreadcrumbList","@id":"https:\/\/www.ull.es\/portal\/noticias\/2021\/investigadores-de-la-universidad-de-la-laguna-desarrollan-un-sistema-capaz-de-inactivar-el-sars-cov-2\/#breadcrumb","itemListElement":[{"@type":"ListItem","position":1,"name":"Portada","item":"https:\/\/www.ull.es\/portal\/noticias\/"},{"@type":"ListItem","position":2,"name":"Investigadores de la Universidad de La Laguna desarrollan un sistema capaz de inactivar el SARS-Cov-2"}]},{"@type":"WebSite","@id":"https:\/\/www.ull.es\/portal\/noticias\/#website","url":"https:\/\/www.ull.es\/portal\/noticias\/","name":"ULL - Noticias","description":"","potentialAction":[{"@type":"SearchAction","target":{"@type":"EntryPoint","urlTemplate":"https:\/\/www.ull.es\/portal\/noticias\/?s={search_term_string}"},"query-input":"required name=search_term_string"}],"inLanguage":"es"},{"@type":"Person","@id":"https:\/\/www.ull.es\/portal\/noticias\/#\/schema\/person\/b2b1a89d43ffa609e591f7df8ef3e817","name":"gaprsa","image":{"@type":"ImageObject","inLanguage":"es","@id":"https:\/\/www.ull.es\/portal\/noticias\/#\/schema\/person\/image\/","url":"https:\/\/secure.gravatar.com\/avatar\/443820550921091458b4823867723b3d?s=96&d=mm&r=g","contentUrl":"https:\/\/secure.gravatar.com\/avatar\/443820550921091458b4823867723b3d?s=96&d=mm&r=g","caption":"gaprsa"},"url":"https:\/\/www.ull.es\/portal\/noticias\/author\/gaprsa\/"}]}},"primary_category":{"id":345,"name":"Destacado","slug":"destacado","link":"https:\/\/www.ull.es\/portal\/noticias\/category\/destacado\/"},"featured_image_thumbnail_url":"https:\/\/www.ull.es\/portal\/noticias\/wp-content\/uploads\/sites\/13\/2021\/03\/patente-horizontal-300x200.jpg","_links":{"self":[{"href":"https:\/\/www.ull.es\/portal\/noticias\/wp-json\/wp\/v2\/posts\/54913"}],"collection":[{"href":"https:\/\/www.ull.es\/portal\/noticias\/wp-json\/wp\/v2\/posts"}],"about":[{"href":"https:\/\/www.ull.es\/portal\/noticias\/wp-json\/wp\/v2\/types\/post"}],"author":[{"embeddable":true,"href":"https:\/\/www.ull.es\/portal\/noticias\/wp-json\/wp\/v2\/users\/23"}],"replies":[{"embeddable":true,"href":"https:\/\/www.ull.es\/portal\/noticias\/wp-json\/wp\/v2\/comments?post=54913"}],"version-history":[{"count":7,"href":"https:\/\/www.ull.es\/portal\/noticias\/wp-json\/wp\/v2\/posts\/54913\/revisions"}],"predecessor-version":[{"id":54943,"href":"https:\/\/www.ull.es\/portal\/noticias\/wp-json\/wp\/v2\/posts\/54913\/revisions\/54943"}],"wp:featuredmedia":[{"embeddable":true,"href":"https:\/\/www.ull.es\/portal\/noticias\/wp-json\/wp\/v2\/media\/54941"}],"wp:attachment":[{"href":"https:\/\/www.ull.es\/portal\/noticias\/wp-json\/wp\/v2\/media?parent=54913"}],"wp:term":[{"taxonomy":"category","embeddable":true,"href":"https:\/\/www.ull.es\/portal\/noticias\/wp-json\/wp\/v2\/categories?post=54913"},{"taxonomy":"post_tag","embeddable":true,"href":"https:\/\/www.ull.es\/portal\/noticias\/wp-json\/wp\/v2\/tags?post=54913"}],"curies":[{"name":"wp","href":"https:\/\/api.w.org\/{rel}","templated":true}]}}