{"id":54954,"date":"2021-03-10T11:28:08","date_gmt":"2021-03-10T11:28:08","guid":{"rendered":"https:\/\/www.ull.es\/portal\/noticias\/?p=54954"},"modified":"2021-03-10T11:28:08","modified_gmt":"2021-03-10T11:28:08","slug":"abubukaka-lleva-al-paraninfo-de-la-ull-la-crisis-migratoria-con-su-espectaculo-la-cama","status":"publish","type":"post","link":"https:\/\/www.ull.es\/portal\/noticias\/2021\/abubukaka-lleva-al-paraninfo-de-la-ull-la-crisis-migratoria-con-su-espectaculo-la-cama\/","title":{"rendered":"Abubukaka lleva al Paraninfo de la ULL la crisis migratoria con su espect\u00e1culo \u2018La cama\u2019"},"content":{"rendered":"<p>El grupo c\u00f3mico canario Abubukaka actuar\u00e1 este s\u00e1bado 13 de marzo en el Paraninfo de la Universidad de La Laguna. Los artistas ofrecer\u00e1n dos sesiones de su espect\u00e1culo \u2018La cama\u2019, una a las 18:00 y otra a las 20:30 horas, cuyas entradas a 15 euros se pueden adquirir online en este <a href=\"https:\/\/www.tomaticket.es\/recintos\/paraninfo-ull\" target=\"_blank\" rel=\"noopener\">enlace<\/a>. Carlos Pedr\u00f3s, Amanhuy Cala, V\u00edctor Hubara y Diego Lupi\u00e1\u00f1ez aseguran que este espect\u00e1culo supone un recorrido por \u201cla m\u00e1s absurda intimidad del ser humano\u201d. En palabras de Cala, se trata de una s\u00e1tira absurda, casi musical, sobre la migraci\u00f3n.<\/p>\n<p>La pieza, no recomendada para menores de 14 a\u00f1os y presentada por primera vez en 2019, es una propuesta teatral que sigue la estela del conjunto de sketches que formaban la obra previa del grupo, \u2018Charanga y pandereta\u2019, predecesora de este espect\u00e1culo. En esta ocasi\u00f3n, Abubukaka trata los problemas migratorios con s\u00e1tira y humor, un fen\u00f3meno que est\u00e1 m\u00e1s de actualidad que nunca en la sociedad en general y en Canarias en particular. Los artistas reflexionan sobre los flujos de personas que recorren el planeta o que escapan de una tierra hostil y terminan sacando el lado absurdo de la situaci\u00f3n, como ya hicieron en otros espect\u00e1culos como \u2018Dr\u00e1cula\u2019, en el que trataron el feminismo y la igualdad de g\u00e9nero desde la misma perspectiva sat\u00edrica.<\/p>\n<p>El nombre de la funci\u00f3n pretende aludir a la intimidad de cada persona. Tal y como explican los c\u00f3micos, la cama es un espacio de intimidad, \u201cun lugar al que se pertenece\u201d y la migraci\u00f3n, el tema central de la obra, es para ellos en cierto sentido, la b\u00fasqueda de la pertenencia y de un nuevo hogar.<\/p>\n<p>Habr\u00e1 una cama sobre el escenario y tambi\u00e9n espacio para hablar de la migraci\u00f3n en el Mediterr\u00e1neo, las guerras, lo que pasa en la frontera entre Estados Unidos y M\u00e9xico y esa \u201cmigraci\u00f3n\u201d que seg\u00fan Cala es, al menos en cierto sentido, la b\u00fasqueda diaria de un piso que cueste menos de mil euros donde tener un hogar. Por esa cama, espacio esc\u00e9nico y hogar definitivo al que encaramarse cada noche, pasar\u00e1n m\u00e1s de 40 personajes que contar\u00e1n historias dispares con un nexo de uni\u00f3n que no es otro que la conciencia social sobre el problema de la migraci\u00f3n.<\/p>\n<p>Abubukaka ha participado en festivales como Mueca en Puerto de la Cruz, el Festival de Teatro Cl\u00e1sico de C\u00e1ceres, el Festival de Teatro Cl\u00e1sico de Almagro y la Feria Internacional de las Artes de Castilla y Le\u00f3n y representado a Canarias en La Fira T\u00e0rrega de Teatre al Carrer en Catalu\u00f1a, uno de los festivales de teatro en la calle m\u00e1s prestigiosos a nivel internacional. Desde 2009, son los encargados de presentar el Festival Internacional Clownbaret.<\/p>\n<p>Para asegurar las medidas de seguridad impuestas por las autoridades sanitarias y que la asistencia al evento sea segura, el Paraninfo de la Universidad de La Laguna tiene un Plan de Prevenci\u00f3n del Covid-19: Uso obligatorio de mascarilla en todo momento, distancia de seguridad interpersonal y entre butacas, entrada y salida escalonada, desinfecci\u00f3n y limpieza antes del comienzo, entre las\u00a0 funciones y al concluir el acto, tanto de la sala como de ba\u00f1os, ventilaci\u00f3n natural y forzada mec\u00e1nicamente, no se permite comer ni beber dentro de la sala y una vez comenzado el espect\u00e1culo no se podr\u00e1 entrar aunque se haya adquirido\u00a0la entrada.<\/p>\n<p>&nbsp;<\/p>\n","protected":false},"excerpt":{"rendered":"<p>El grupo c\u00f3mico canario Abubukaka actuar\u00e1 este s\u00e1bado 13 de marzo en el Paraninfo de la Universidad de La Laguna&#8230;.<\/p>\n","protected":false},"author":23,"featured_media":54956,"comment_status":"closed","ping_status":"closed","sticky":false,"template":"","format":"standard","meta":{"inline_featured_image":false,"footnotes":""},"categories":[344,345,2765],"tags":[7180,6862,2047],"acf":[],"yoast_head":"<!-- This site is optimized with the Yoast SEO plugin v21.3 - https:\/\/yoast.com\/wordpress\/plugins\/seo\/ -->\n<title>Abubukaka lleva al Paraninfo de la ULL la crisis migratoria con su espect\u00e1culo \u2018La cama\u2019 - ULL - Noticias<\/title>\n<meta name=\"robots\" content=\"index, follow, max-snippet:-1, max-image-preview:large, max-video-preview:-1\" \/>\n<link rel=\"canonical\" href=\"https:\/\/www.ull.es\/portal\/noticias\/2021\/abubukaka-lleva-al-paraninfo-de-la-ull-la-crisis-migratoria-con-su-espectaculo-la-cama\/\" \/>\n<meta property=\"og:locale\" content=\"es_ES\" \/>\n<meta property=\"og:type\" content=\"article\" \/>\n<meta property=\"og:title\" content=\"Abubukaka lleva al Paraninfo de la ULL la crisis migratoria con su espect\u00e1culo \u2018La cama\u2019 - ULL - Noticias\" \/>\n<meta property=\"og:description\" content=\"El grupo c\u00f3mico canario Abubukaka actuar\u00e1 este s\u00e1bado 13 de marzo en el Paraninfo de la Universidad de La Laguna....\" \/>\n<meta property=\"og:url\" content=\"https:\/\/www.ull.es\/portal\/noticias\/2021\/abubukaka-lleva-al-paraninfo-de-la-ull-la-crisis-migratoria-con-su-espectaculo-la-cama\/\" \/>\n<meta property=\"og:site_name\" content=\"ULL - Noticias\" \/>\n<meta property=\"article:publisher\" content=\"https:\/\/www.facebook.com\/universidaddelalaguna\/\" \/>\n<meta property=\"article:published_time\" content=\"2021-03-10T11:28:08+00:00\" \/>\n<meta property=\"og:image\" content=\"https:\/\/www.ull.es\/portal\/noticias\/wp-content\/uploads\/sites\/13\/2021\/03\/ABUBUKAKA.jpg\" \/>\n\t<meta property=\"og:image:width\" content=\"700\" \/>\n\t<meta property=\"og:image:height\" content=\"350\" \/>\n\t<meta property=\"og:image:type\" content=\"image\/jpeg\" \/>\n<meta name=\"author\" content=\"gaprsa\" \/>\n<meta name=\"twitter:card\" content=\"summary_large_image\" \/>\n<meta name=\"twitter:creator\" content=\"@CanalULL\" \/>\n<meta name=\"twitter:site\" content=\"@CanalULL\" \/>\n<meta name=\"twitter:label1\" content=\"Escrito por\" \/>\n\t<meta name=\"twitter:data1\" content=\"gaprsa\" \/>\n\t<meta name=\"twitter:label2\" content=\"Tiempo de lectura\" \/>\n\t<meta name=\"twitter:data2\" content=\"3 minutos\" \/>\n<script type=\"application\/ld+json\" class=\"yoast-schema-graph\">{\"@context\":\"https:\/\/schema.org\",\"@graph\":[{\"@type\":\"WebPage\",\"@id\":\"https:\/\/www.ull.es\/portal\/noticias\/2021\/abubukaka-lleva-al-paraninfo-de-la-ull-la-crisis-migratoria-con-su-espectaculo-la-cama\/\",\"url\":\"https:\/\/www.ull.es\/portal\/noticias\/2021\/abubukaka-lleva-al-paraninfo-de-la-ull-la-crisis-migratoria-con-su-espectaculo-la-cama\/\",\"name\":\"Abubukaka lleva al Paraninfo de la ULL la crisis migratoria con su espect\u00e1culo \u2018La cama\u2019 - ULL - Noticias\",\"isPartOf\":{\"@id\":\"https:\/\/www.ull.es\/portal\/noticias\/#website\"},\"datePublished\":\"2021-03-10T11:28:08+00:00\",\"dateModified\":\"2021-03-10T11:28:08+00:00\",\"author\":{\"@id\":\"https:\/\/www.ull.es\/portal\/noticias\/#\/schema\/person\/b2b1a89d43ffa609e591f7df8ef3e817\"},\"breadcrumb\":{\"@id\":\"https:\/\/www.ull.es\/portal\/noticias\/2021\/abubukaka-lleva-al-paraninfo-de-la-ull-la-crisis-migratoria-con-su-espectaculo-la-cama\/#breadcrumb\"},\"inLanguage\":\"es\",\"potentialAction\":[{\"@type\":\"ReadAction\",\"target\":[\"https:\/\/www.ull.es\/portal\/noticias\/2021\/abubukaka-lleva-al-paraninfo-de-la-ull-la-crisis-migratoria-con-su-espectaculo-la-cama\/\"]}]},{\"@type\":\"BreadcrumbList\",\"@id\":\"https:\/\/www.ull.es\/portal\/noticias\/2021\/abubukaka-lleva-al-paraninfo-de-la-ull-la-crisis-migratoria-con-su-espectaculo-la-cama\/#breadcrumb\",\"itemListElement\":[{\"@type\":\"ListItem\",\"position\":1,\"name\":\"Portada\",\"item\":\"https:\/\/www.ull.es\/portal\/noticias\/\"},{\"@type\":\"ListItem\",\"position\":2,\"name\":\"Abubukaka lleva al Paraninfo de la ULL la crisis migratoria con su espect\u00e1culo \u2018La cama\u2019\"}]},{\"@type\":\"WebSite\",\"@id\":\"https:\/\/www.ull.es\/portal\/noticias\/#website\",\"url\":\"https:\/\/www.ull.es\/portal\/noticias\/\",\"name\":\"ULL - Noticias\",\"description\":\"\",\"potentialAction\":[{\"@type\":\"SearchAction\",\"target\":{\"@type\":\"EntryPoint\",\"urlTemplate\":\"https:\/\/www.ull.es\/portal\/noticias\/?s={search_term_string}\"},\"query-input\":\"required name=search_term_string\"}],\"inLanguage\":\"es\"},{\"@type\":\"Person\",\"@id\":\"https:\/\/www.ull.es\/portal\/noticias\/#\/schema\/person\/b2b1a89d43ffa609e591f7df8ef3e817\",\"name\":\"gaprsa\",\"image\":{\"@type\":\"ImageObject\",\"inLanguage\":\"es\",\"@id\":\"https:\/\/www.ull.es\/portal\/noticias\/#\/schema\/person\/image\/\",\"url\":\"https:\/\/secure.gravatar.com\/avatar\/443820550921091458b4823867723b3d?s=96&d=mm&r=g\",\"contentUrl\":\"https:\/\/secure.gravatar.com\/avatar\/443820550921091458b4823867723b3d?s=96&d=mm&r=g\",\"caption\":\"gaprsa\"},\"url\":\"https:\/\/www.ull.es\/portal\/noticias\/author\/gaprsa\/\"}]}<\/script>\n<!-- \/ Yoast SEO plugin. -->","yoast_head_json":{"title":"Abubukaka lleva al Paraninfo de la ULL la crisis migratoria con su espect\u00e1culo \u2018La cama\u2019 - ULL - Noticias","robots":{"index":"index","follow":"follow","max-snippet":"max-snippet:-1","max-image-preview":"max-image-preview:large","max-video-preview":"max-video-preview:-1"},"canonical":"https:\/\/www.ull.es\/portal\/noticias\/2021\/abubukaka-lleva-al-paraninfo-de-la-ull-la-crisis-migratoria-con-su-espectaculo-la-cama\/","og_locale":"es_ES","og_type":"article","og_title":"Abubukaka lleva al Paraninfo de la ULL la crisis migratoria con su espect\u00e1culo \u2018La cama\u2019 - ULL - Noticias","og_description":"El grupo c\u00f3mico canario Abubukaka actuar\u00e1 este s\u00e1bado 13 de marzo en el Paraninfo de la Universidad de La Laguna....","og_url":"https:\/\/www.ull.es\/portal\/noticias\/2021\/abubukaka-lleva-al-paraninfo-de-la-ull-la-crisis-migratoria-con-su-espectaculo-la-cama\/","og_site_name":"ULL - Noticias","article_publisher":"https:\/\/www.facebook.com\/universidaddelalaguna\/","article_published_time":"2021-03-10T11:28:08+00:00","og_image":[{"width":700,"height":350,"url":"https:\/\/www.ull.es\/portal\/noticias\/wp-content\/uploads\/sites\/13\/2021\/03\/ABUBUKAKA.jpg","type":"image\/jpeg"}],"author":"gaprsa","twitter_card":"summary_large_image","twitter_creator":"@CanalULL","twitter_site":"@CanalULL","twitter_misc":{"Escrito por":"gaprsa","Tiempo de lectura":"3 minutos"},"schema":{"@context":"https:\/\/schema.org","@graph":[{"@type":"WebPage","@id":"https:\/\/www.ull.es\/portal\/noticias\/2021\/abubukaka-lleva-al-paraninfo-de-la-ull-la-crisis-migratoria-con-su-espectaculo-la-cama\/","url":"https:\/\/www.ull.es\/portal\/noticias\/2021\/abubukaka-lleva-al-paraninfo-de-la-ull-la-crisis-migratoria-con-su-espectaculo-la-cama\/","name":"Abubukaka lleva al Paraninfo de la ULL la crisis migratoria con su espect\u00e1culo \u2018La cama\u2019 - ULL - Noticias","isPartOf":{"@id":"https:\/\/www.ull.es\/portal\/noticias\/#website"},"datePublished":"2021-03-10T11:28:08+00:00","dateModified":"2021-03-10T11:28:08+00:00","author":{"@id":"https:\/\/www.ull.es\/portal\/noticias\/#\/schema\/person\/b2b1a89d43ffa609e591f7df8ef3e817"},"breadcrumb":{"@id":"https:\/\/www.ull.es\/portal\/noticias\/2021\/abubukaka-lleva-al-paraninfo-de-la-ull-la-crisis-migratoria-con-su-espectaculo-la-cama\/#breadcrumb"},"inLanguage":"es","potentialAction":[{"@type":"ReadAction","target":["https:\/\/www.ull.es\/portal\/noticias\/2021\/abubukaka-lleva-al-paraninfo-de-la-ull-la-crisis-migratoria-con-su-espectaculo-la-cama\/"]}]},{"@type":"BreadcrumbList","@id":"https:\/\/www.ull.es\/portal\/noticias\/2021\/abubukaka-lleva-al-paraninfo-de-la-ull-la-crisis-migratoria-con-su-espectaculo-la-cama\/#breadcrumb","itemListElement":[{"@type":"ListItem","position":1,"name":"Portada","item":"https:\/\/www.ull.es\/portal\/noticias\/"},{"@type":"ListItem","position":2,"name":"Abubukaka lleva al Paraninfo de la ULL la crisis migratoria con su espect\u00e1culo \u2018La cama\u2019"}]},{"@type":"WebSite","@id":"https:\/\/www.ull.es\/portal\/noticias\/#website","url":"https:\/\/www.ull.es\/portal\/noticias\/","name":"ULL - Noticias","description":"","potentialAction":[{"@type":"SearchAction","target":{"@type":"EntryPoint","urlTemplate":"https:\/\/www.ull.es\/portal\/noticias\/?s={search_term_string}"},"query-input":"required name=search_term_string"}],"inLanguage":"es"},{"@type":"Person","@id":"https:\/\/www.ull.es\/portal\/noticias\/#\/schema\/person\/b2b1a89d43ffa609e591f7df8ef3e817","name":"gaprsa","image":{"@type":"ImageObject","inLanguage":"es","@id":"https:\/\/www.ull.es\/portal\/noticias\/#\/schema\/person\/image\/","url":"https:\/\/secure.gravatar.com\/avatar\/443820550921091458b4823867723b3d?s=96&d=mm&r=g","contentUrl":"https:\/\/secure.gravatar.com\/avatar\/443820550921091458b4823867723b3d?s=96&d=mm&r=g","caption":"gaprsa"},"url":"https:\/\/www.ull.es\/portal\/noticias\/author\/gaprsa\/"}]}},"primary_category":{"id":345,"name":"Destacado","slug":"destacado","link":"https:\/\/www.ull.es\/portal\/noticias\/category\/destacado\/"},"featured_image_thumbnail_url":"https:\/\/www.ull.es\/portal\/noticias\/wp-content\/uploads\/sites\/13\/2021\/03\/ABUBUKAKA-300x150.jpg","_links":{"self":[{"href":"https:\/\/www.ull.es\/portal\/noticias\/wp-json\/wp\/v2\/posts\/54954"}],"collection":[{"href":"https:\/\/www.ull.es\/portal\/noticias\/wp-json\/wp\/v2\/posts"}],"about":[{"href":"https:\/\/www.ull.es\/portal\/noticias\/wp-json\/wp\/v2\/types\/post"}],"author":[{"embeddable":true,"href":"https:\/\/www.ull.es\/portal\/noticias\/wp-json\/wp\/v2\/users\/23"}],"replies":[{"embeddable":true,"href":"https:\/\/www.ull.es\/portal\/noticias\/wp-json\/wp\/v2\/comments?post=54954"}],"version-history":[{"count":1,"href":"https:\/\/www.ull.es\/portal\/noticias\/wp-json\/wp\/v2\/posts\/54954\/revisions"}],"predecessor-version":[{"id":54955,"href":"https:\/\/www.ull.es\/portal\/noticias\/wp-json\/wp\/v2\/posts\/54954\/revisions\/54955"}],"wp:featuredmedia":[{"embeddable":true,"href":"https:\/\/www.ull.es\/portal\/noticias\/wp-json\/wp\/v2\/media\/54956"}],"wp:attachment":[{"href":"https:\/\/www.ull.es\/portal\/noticias\/wp-json\/wp\/v2\/media?parent=54954"}],"wp:term":[{"taxonomy":"category","embeddable":true,"href":"https:\/\/www.ull.es\/portal\/noticias\/wp-json\/wp\/v2\/categories?post=54954"},{"taxonomy":"post_tag","embeddable":true,"href":"https:\/\/www.ull.es\/portal\/noticias\/wp-json\/wp\/v2\/tags?post=54954"}],"curies":[{"name":"wp","href":"https:\/\/api.w.org\/{rel}","templated":true}]}}