{"id":54989,"date":"2021-03-11T15:24:08","date_gmt":"2021-03-11T15:24:08","guid":{"rendered":"https:\/\/www.ull.es\/portal\/noticias\/?p=54989"},"modified":"2021-03-12T09:15:56","modified_gmt":"2021-03-12T09:15:56","slug":"la-ull-propone-al-gobierno-una-salida-de-la-crisis-con-el-uso-del-conocimiento-y-mayor-inversion-en-id","status":"publish","type":"post","link":"https:\/\/www.ull.es\/portal\/noticias\/2021\/la-ull-propone-al-gobierno-una-salida-de-la-crisis-con-el-uso-del-conocimiento-y-mayor-inversion-en-id\/","title":{"rendered":"La ULL propone al Gobierno una salida de la crisis con el uso del conocimiento y mayor inversi\u00f3n en I+D"},"content":{"rendered":"<p>La rectora de la Universidad de La Laguna, Rosa Aguilar, ha anunciado hoy 11 de marzo en el acto del D\u00eda Institucional del centro acad\u00e9mico que ha presentado al Gobierno regional un documento denominado \u2018Canarias ante la transformaci\u00f3n necesaria\u2019, en el que resalta el papel de las universidades p\u00fablicas para salir de la crisis, abordando una profunda transformaci\u00f3n del modelo econ\u00f3mico de las islas, para lo cual debe darse un aumento progresivo de la inversi\u00f3n en I+D p\u00fablico y privada.<\/p>\n<p style=\"text-align: center;\"><strong><a href=\"https:\/\/drive.google.com\/drive\/folders\/1AEaRYMOSBECCKUiV9rq3qCvACgKXzO9t?usp=sharing\" target=\"_blank\" rel=\"noopener noreferrer\" target=\"_blank\" rel=\"noopener\">Galer\u00eda de im\u00e1genes<\/a><\/strong><\/p>\n<p>El propio documento se\u00f1ala que la Universidad de La Laguna lidera en esta regi\u00f3n, frente a cualquier otra empresa o administraci\u00f3n, \u201crecursos clave para la formaci\u00f3n de profesionales altamente cualificados en todas las esferas de la producci\u00f3n\u201d. Este centro acad\u00e9mico no s\u00f3lo es capaz de propiciar una formaci\u00f3n avanzada a miles de estudiantes, sino de aportar valor a\u00f1adido a la sociedad, a\u00f1adi\u00f3.\u00a0\u201cPor eso, estamos en condiciones de afirmar que, con los medios adecuados, podemos liderar, en alianza con las administraciones p\u00fablicas y en particular el Gobierno de Canarias, la transformaci\u00f3n del tejido productivo canario, al mismo tiempo que somos part\u00edcipes de la recuperaci\u00f3n\u201d.<\/p>\n<div id=\"attachment_54996\" style=\"width: 310px\" class=\"wp-caption alignleft\"><img aria-describedby=\"caption-attachment-54996\" decoding=\"async\" loading=\"lazy\" class=\"wp-image-54996 size-medium\" src=\"https:\/\/www.ull.es\/portal\/noticias\/wp-content\/uploads\/sites\/13\/2021\/03\/229-aniv-ULL-2021-15-300x200.jpg\" alt=\"Rosa Aguilar durante su intervenci\u00f3n.\" width=\"300\" height=\"200\" srcset=\"https:\/\/www.ull.es\/portal\/noticias\/wp-content\/uploads\/sites\/13\/2021\/03\/229-aniv-ULL-2021-15-300x200.jpg 300w, https:\/\/www.ull.es\/portal\/noticias\/wp-content\/uploads\/sites\/13\/2021\/03\/229-aniv-ULL-2021-15-768x512.jpg 768w, https:\/\/www.ull.es\/portal\/noticias\/wp-content\/uploads\/sites\/13\/2021\/03\/229-aniv-ULL-2021-15-375x250.jpg 375w, https:\/\/www.ull.es\/portal\/noticias\/wp-content\/uploads\/sites\/13\/2021\/03\/229-aniv-ULL-2021-15-750x500.jpg 750w, https:\/\/www.ull.es\/portal\/noticias\/wp-content\/uploads\/sites\/13\/2021\/03\/229-aniv-ULL-2021-15.jpg 1024w\" sizes=\"(max-width: 300px) 100vw, 300px\" \/><p id=\"caption-attachment-54996\" class=\"wp-caption-text\"><\/p>\n<div>Rosa Aguilar durante su intervenci\u00f3n.<\/div>\n<p><\/p><\/div>\n<p>Aguilar desgran\u00f3 en la sesi\u00f3n acad\u00e9mica celebrada en el Paraninfo las l\u00edneas generales de este plan, mediante la puesta en marcha de seis proyectos, englobados en tres bloques diferenciados: Infraestructuras, Transformaci\u00f3n del Modelo Productivo y Transformaci\u00f3n Digital, que se financiar\u00edan con cargo a los Fondos de Recuperaci\u00f3n y Resiliencia del Programa Next Generation, \u201cy que permitir\u00edan dar a este centro acad\u00e9mico el salto cualitativo necesario para ejercer este liderazgo\u201d, explic\u00f3.<\/p>\n<p>Tambi\u00e9n se\u00f1al\u00f3 la rectora que la Universidad de La Laguna quiere proponer la puesta en marcha de un Pacto Canarias por la I+D, con el que alcanzar en las islas la media espa\u00f1ola de inversi\u00f3n p\u00fablica en porcentaje del PIB, durante el sexenio 2022 a 2027. \u201cEn la encrucijada actual, lastrada por una elevada<\/p>\n<p>tasa de abandono escolar, un enorme y m\u00e1s que preocupante paro juvenil y un desmedido peso del sector terciario, se requiere liderazgo para lograr el cambio, y la Universidad de La Laguna se pone al servicio de la sociedad para estar a la vanguardia y realizar el esfuerzo que ello requiere\u201d.<\/p>\n<p>Esto solo puede abordarse con una ficha financiera adecuada y a trav\u00e9s de programas concretos y en iniciativas conjuntas entre las administraciones p\u00fablicas, el sector privado y el ecosistema p\u00fablico de I+D canario.\u00a0\u00a0\u201cSomos una gran organizaci\u00f3n y nos ponemos al servicio de la sociedad. No trabajamos para nosotros, trabajamos para cambiar la realidad en la que nos movemos, mejorarla y producir valor a\u00f1adido\u201d, sostuvo en su intervenci\u00f3n. \u201cEstamos tratando pues de que el Gobierno sea sensible a nuestras peticiones, entienda que en una universidad p\u00fablica no solo se expiden t\u00edtulos universitarios. Somos un ecosistema de innovaci\u00f3n, generamos empresas intensivas en conocimiento, cambiamos el contexto social. Esto, como ya he se\u00f1alado tantas veces, solo se puede hacer desde lo p\u00fablico, con calidad, pero desde lo p\u00fablico, en alianza con el propio Gobierno y la Administraci\u00f3n\u201d.<\/p>\n<div id=\"attachment_55018\" style=\"width: 210px\" class=\"wp-caption alignright\"><img aria-describedby=\"caption-attachment-55018\" decoding=\"async\" loading=\"lazy\" class=\"size-medium wp-image-55018\" src=\"https:\/\/www.ull.es\/portal\/noticias\/wp-content\/uploads\/sites\/13\/2021\/03\/Manuel-Area-Premio-de-Inverstigacion-200x300.jpg\" alt=\"Manuel Area, Premio de Investigaci\u00f3n\" width=\"200\" height=\"300\" srcset=\"https:\/\/www.ull.es\/portal\/noticias\/wp-content\/uploads\/sites\/13\/2021\/03\/Manuel-Area-Premio-de-Inverstigacion-200x300.jpg 200w, https:\/\/www.ull.es\/portal\/noticias\/wp-content\/uploads\/sites\/13\/2021\/03\/Manuel-Area-Premio-de-Inverstigacion-375x562.jpg 375w, https:\/\/www.ull.es\/portal\/noticias\/wp-content\/uploads\/sites\/13\/2021\/03\/Manuel-Area-Premio-de-Inverstigacion.jpg 683w\" sizes=\"(max-width: 200px) 100vw, 200px\" \/><p id=\"caption-attachment-55018\" class=\"wp-caption-text\"><\/p>\n<div>Manuel Area, Premio de Inverstigaci\u00f3n<\/div>\n<p><\/p><\/div>\n<p>En otro orden de cosas, Rosa Aguilar apunt\u00f3 que este ha sido el a\u00f1o de la cooperaci\u00f3n: \u201cla cooperaci\u00f3n internacional, la cooperaci\u00f3n cient\u00edfica y la cooperaci\u00f3n comercial. Gracias a la conjunci\u00f3n de estas tres vertientes empezamos a ver lo que parecer\u00eda ser la luz al final del t\u00fanel\u201d. La inversi\u00f3n en ciencia, record\u00f3, sigue siendo la \u00fanica salida, y en eso vamos mal, dijo. \u201cPese al importante esfuerzo realizado en este \u00faltimo a\u00f1o, nos hemos alejado de la media europea, seguimos asistiendo al vergonzoso escenario de investigadores excelentes mileuristas y sin contrato fijo, a una importante tasa de talento que emigra definitivamente de nuestro pa\u00eds y a una carrera investigadora endeble y llena de obst\u00e1culos\u201d.<\/p>\n<p>\u201cEn el otro lado de la balanza\u201d, continu\u00f3, \u201chemos presenciado con asombro miles de donaciones de personas f\u00edsicas y jur\u00eddicas, muchas de ellas an\u00f3nimas, que han cre\u00eddo en las instituciones cient\u00edficas a las que casi ni conoc\u00edan, algo totalmente inusual en nuestro pa\u00eds y que demuestra, en mi opini\u00f3n, que algo est\u00e1 cambiando\u201d.<\/p>\n<p><strong>Reconocimientos<\/strong><\/p>\n<div id=\"attachment_54995\" style=\"width: 310px\" class=\"wp-caption alignleft\"><img aria-describedby=\"caption-attachment-54995\" decoding=\"async\" loading=\"lazy\" class=\"size-medium wp-image-54995\" src=\"https:\/\/www.ull.es\/portal\/noticias\/wp-content\/uploads\/sites\/13\/2021\/03\/229-aniv-ULL-2021-05-300x200.jpg\" alt=\"Premiados Alumni ULL.\" width=\"300\" height=\"200\" srcset=\"https:\/\/www.ull.es\/portal\/noticias\/wp-content\/uploads\/sites\/13\/2021\/03\/229-aniv-ULL-2021-05-300x200.jpg 300w, https:\/\/www.ull.es\/portal\/noticias\/wp-content\/uploads\/sites\/13\/2021\/03\/229-aniv-ULL-2021-05-768x512.jpg 768w, https:\/\/www.ull.es\/portal\/noticias\/wp-content\/uploads\/sites\/13\/2021\/03\/229-aniv-ULL-2021-05-375x250.jpg 375w, https:\/\/www.ull.es\/portal\/noticias\/wp-content\/uploads\/sites\/13\/2021\/03\/229-aniv-ULL-2021-05-750x500.jpg 750w, https:\/\/www.ull.es\/portal\/noticias\/wp-content\/uploads\/sites\/13\/2021\/03\/229-aniv-ULL-2021-05.jpg 1024w\" sizes=\"(max-width: 300px) 100vw, 300px\" \/><p id=\"caption-attachment-54995\" class=\"wp-caption-text\"><\/p>\n<div>Premiados Alumni ULL.<\/div>\n<p><\/p><\/div>\n<p>Una de las partes ya tradicionales en este acto del D\u00eda Institucional es la entrega de los galardones convocados por la asociaci\u00f3n Alumni ULL en el marco de la gala. El primero en ser anunciado fue el correspondiente al Mejor Expediente Acad\u00e9mico en la Universidad de La Laguna durante el curso 2019-20, dotado con 1.000 euros y concedido a la graduada en Espa\u00f1ol: Lengua y Literatura Katya V\u00e1zquez Schr\u00f6der.<\/p>\n<p>Los galardones a los Mejores Trabajos Fin de M\u00e1ster, tambi\u00e9n en el curso 2019\/20, est\u00e1n dotados con 600 euros cada uno y entregados por ramas de conocimiento: en Artes y Humanidades lo recibi\u00f3 Mayte Viviana Guadalupe P\u00e9rez Cruz, del M\u00e1ster en Uso y Gesti\u00f3n del Patrimonio Cultural, por el trabajo \u201cProyecto de Educaci\u00f3n Patrimonial para Pacientes Oncol\u00f3gicos Pedi\u00e1tricos: Patri Patlani \u00a1Vuela jugando!\u201d; en Ciencias, lo gan\u00f3 Raquel For\u00e9s Toribio, del M\u00e1ster en Astrof\u00edsica, por \u201cMicrolensing astrom\u00e9trico a partir de observaciones en una \u00fanica \u00e9poca\u201d; en Ciencias de la Salud la galardonada fue Florencia Gin\u00e9<strong>,<\/strong> del M\u00e1ster en Investigaci\u00f3n y Diagn\u00f3stico de Enfermedades Tropicales, por \u201cVirus Zika: \u00bfQu\u00e9 sabemos sobre las causas del s\u00edndrome cong\u00e9nito y las complicaciones neurol\u00f3gicas que ocasiona?\u201d; en Ciencias Sociales y Jur\u00eddicas recay\u00f3 en Antonio Naranjo Calzado, del M\u00e1ster en Abogac\u00eda, por \u201c\u00bfSon las C\u00e1maras de Comercio \u00abpoderes adjudicadores\u00bb a los efectos de la Ley 9\/2017? El concepto de \u00aborganismo de Derecho p\u00fablico\u00bb en la jurisprudencia del Tribunal de Justicia de la Uni\u00f3n Europea\u201d; y finalmente, en Ingenier\u00eda y Arquitectura lo recogi\u00f3 Daute Rodr\u00edguez Rodr\u00edguez, del M\u00e1ster en Ciberseguridad e Inteligencia de Datos, por \u201cAplicaci\u00f3n de Blockchain a Log\u00edstica\u201d.<\/p>\n<div id=\"attachment_55021\" style=\"width: 310px\" class=\"wp-caption alignright\"><img aria-describedby=\"caption-attachment-55021\" decoding=\"async\" loading=\"lazy\" class=\"size-medium wp-image-55021\" src=\"https:\/\/www.ull.es\/portal\/noticias\/wp-content\/uploads\/sites\/13\/2021\/03\/Vicente-Zapata-Premio-Alonso-de-Nava-y-Grimon-300x200.jpg\" alt=\"Vicente Zapata, Premio Alonso de Nava y Grim\u00f3n\" width=\"300\" height=\"200\" srcset=\"https:\/\/www.ull.es\/portal\/noticias\/wp-content\/uploads\/sites\/13\/2021\/03\/Vicente-Zapata-Premio-Alonso-de-Nava-y-Grimon-300x200.jpg 300w, https:\/\/www.ull.es\/portal\/noticias\/wp-content\/uploads\/sites\/13\/2021\/03\/Vicente-Zapata-Premio-Alonso-de-Nava-y-Grimon-768x512.jpg 768w, https:\/\/www.ull.es\/portal\/noticias\/wp-content\/uploads\/sites\/13\/2021\/03\/Vicente-Zapata-Premio-Alonso-de-Nava-y-Grimon-375x250.jpg 375w, https:\/\/www.ull.es\/portal\/noticias\/wp-content\/uploads\/sites\/13\/2021\/03\/Vicente-Zapata-Premio-Alonso-de-Nava-y-Grimon-750x500.jpg 750w, https:\/\/www.ull.es\/portal\/noticias\/wp-content\/uploads\/sites\/13\/2021\/03\/Vicente-Zapata-Premio-Alonso-de-Nava-y-Grimon.jpg 1024w\" sizes=\"(max-width: 300px) 100vw, 300px\" \/><p id=\"caption-attachment-55021\" class=\"wp-caption-text\">Vicente Zapata, Premio Alonso de Nava y Grim\u00f3n<\/p><\/div>\n<p>El tercer galard\u00f3n de Alumni ULL fue el XI Premio Alonso de Nava Grim\u00f3n, que tiene car\u00e1cter honor\u00edfico y honra una trayectoria cient\u00edfica y profesional que muestre un alto grado de compromiso social. Este a\u00f1o su receptor fue el profesor titular de Geograf\u00eda Humana de la Universidad de La Laguna Vicente Zapata Hern\u00e1ndez, por \u201csu labor de llevar la Universidad a la sociedad buscando involucrar a la poblaci\u00f3n en actividades sociales, buscando la concordia, trabajando con la emigraci\u00f3n y el empleo, haciendo innovaci\u00f3n social\u201d a trav\u00e9s de m\u00faltiples proyectos que han contado con respaldo institucional tanto regional como nacional e internacional.<\/p>\n<p><strong>Premios institucionales<\/strong><\/p>\n<div id=\"attachment_54997\" style=\"width: 310px\" class=\"wp-caption alignleft\"><img aria-describedby=\"caption-attachment-54997\" decoding=\"async\" loading=\"lazy\" class=\"size-medium wp-image-54997\" src=\"https:\/\/www.ull.es\/portal\/noticias\/wp-content\/uploads\/sites\/13\/2021\/03\/229-aniv-ULL-2021-07-300x200.jpg\" alt=\"Bego\u00f1a L\u00f3pez, directora del Servicio de Deportes, Premio a la Mejores Pr\u00e1cticas en Administraci\u00f3n y Servicios.\" width=\"300\" height=\"200\" srcset=\"https:\/\/www.ull.es\/portal\/noticias\/wp-content\/uploads\/sites\/13\/2021\/03\/229-aniv-ULL-2021-07-300x200.jpg 300w, https:\/\/www.ull.es\/portal\/noticias\/wp-content\/uploads\/sites\/13\/2021\/03\/229-aniv-ULL-2021-07-768x512.jpg 768w, https:\/\/www.ull.es\/portal\/noticias\/wp-content\/uploads\/sites\/13\/2021\/03\/229-aniv-ULL-2021-07-375x250.jpg 375w, https:\/\/www.ull.es\/portal\/noticias\/wp-content\/uploads\/sites\/13\/2021\/03\/229-aniv-ULL-2021-07-750x500.jpg 750w, https:\/\/www.ull.es\/portal\/noticias\/wp-content\/uploads\/sites\/13\/2021\/03\/229-aniv-ULL-2021-07.jpg 1024w\" sizes=\"(max-width: 300px) 100vw, 300px\" \/><p id=\"caption-attachment-54997\" class=\"wp-caption-text\"><\/p>\n<div>Bego\u00f1a L\u00f3pez, directora del Servicio de Deportes, Premio a la Mejores Pr\u00e1cticas en Administraci\u00f3n y Servicios.<\/div>\n<p><\/p><\/div>\n<p>La Universidad de La Laguna posee su propia convocatoria de premios que tambi\u00e9n se entregaron durante esta gala y con los que se pretende honrar a todos los estamentos profesionales de la comunidad universitaria por su desempe\u00f1o excelente en \u00e1reas como la investigaci\u00f3n, la innovaci\u00f3n docente o la administraci\u00f3n. Precisamente fue ese, el Premio a las Mejores Pr\u00e1cticas en Administraci\u00f3n y Servicios, el primero en concederse, al Servicio de Deportes por la iniciativa \u201cEs hora de activarte\u201d por \u201cinnovar en tiempos de confinamiento, logrando movilizar a la comunidad universitaria en la pr\u00e1ctica deportiva a trav\u00e9s de la colaboraci\u00f3n de los trabajadores y trabajadoras y consiguiendo importantes resultados pr\u00e1cticos\u201d.\u00a0Recogi\u00f3 el galard\u00f3n la directora del servicio, Teresa Bego\u00f1a L\u00f3pez Rodr\u00edguez. El segundo premio fue tambi\u00e9n una iniciativa del Servicio de Deportes, \u201cLa ULL se activa al aire libre\u201d, y en este caso lo recogi\u00f3 la t\u00e9cnica Elvira Hidalgo Rodr\u00edguez.<\/p>\n<div id=\"attachment_54998\" style=\"width: 310px\" class=\"wp-caption alignright\"><img aria-describedby=\"caption-attachment-54998\" decoding=\"async\" loading=\"lazy\" class=\"size-medium wp-image-54998\" src=\"https:\/\/www.ull.es\/portal\/noticias\/wp-content\/uploads\/sites\/13\/2021\/03\/229-aniv-ULL-2021-08-300x200.jpg\" alt=\"Jorge Miguel Fern\u00e1ndez, Premio a la Innovaci\u00f3n y Transferencia Educativa.\" width=\"300\" height=\"200\" srcset=\"https:\/\/www.ull.es\/portal\/noticias\/wp-content\/uploads\/sites\/13\/2021\/03\/229-aniv-ULL-2021-08-300x200.jpg 300w, https:\/\/www.ull.es\/portal\/noticias\/wp-content\/uploads\/sites\/13\/2021\/03\/229-aniv-ULL-2021-08-768x512.jpg 768w, https:\/\/www.ull.es\/portal\/noticias\/wp-content\/uploads\/sites\/13\/2021\/03\/229-aniv-ULL-2021-08-375x250.jpg 375w, https:\/\/www.ull.es\/portal\/noticias\/wp-content\/uploads\/sites\/13\/2021\/03\/229-aniv-ULL-2021-08-750x500.jpg 750w, https:\/\/www.ull.es\/portal\/noticias\/wp-content\/uploads\/sites\/13\/2021\/03\/229-aniv-ULL-2021-08.jpg 1024w\" sizes=\"(max-width: 300px) 100vw, 300px\" \/><p id=\"caption-attachment-54998\" class=\"wp-caption-text\"><\/p>\n<div>Jorge Miguel Fern\u00e1ndez, Premio a la Innovaci\u00f3n y Transferencia Educativa.<\/div>\n<p><\/p><\/div>\n<p>El X Premio a la Innovaci\u00f3n y Transferencia Educativa recay\u00f3 en el proyecto \u201cEl aprendizaje por servicio universitario en el \u00e1mbito de la actividad f\u00edsica y deporte y su aplicaci\u00f3n en contextos socioeducativos vulnerados\u201d, dirigido por Jorge Miguel Fern\u00e1ndez Cabrera, con la codirecci\u00f3n de Francisco Jim\u00e9nez Jim\u00e9nez y la participaci\u00f3n de los docentes Patricia Pintor D\u00edaz, Judith Hern\u00e1ndez S\u00e1nchez, Vicente Navarro Adelantado, Jos\u00e9 Pablo Borges Hern\u00e1ndez, Antonio G\u00f3mez Rijo, Abraham Garc\u00eda Fari\u00f1a y Adelto Hern\u00e1ndez \u00c1lvarez. Se ha valorado \u201cel inter\u00e9s y relevancia de la metodolog\u00eda de Aprendizaje por Servicio empleada, en la que los objetivos formativos se han conseguido por medio del trabajo del alumnado con colectivos de personas vulnerables y en riesgo de exclusi\u00f3n social\u201d.<\/p>\n<p>En este mismo galard\u00f3n se entregaron dos acc\u00e9sits: al proyecto \u201cCiencia, \u00a1vaya palo!\u201d, dirigido por Antonio Eff-Darwich y la participaci\u00f3n de Ad\u00e1n Yanez G\u00f3mez, Sarai Morales Sierra y Caterina Rodr\u00edguez de Vera; y \u201cLa ciudad ense\u00f1a. Una propuesta de innovaci\u00f3n educativa en Historia Moderna a trav\u00e9s del patrimonio urbano\u201d, dirigido por Juan Ram\u00f3n N\u00fa\u00f1ez Pestano (Director), codirigido por Mar\u00eda Eugenia Monz\u00f3n Perdomo y con la intervenci\u00f3n de Judit Guti\u00e9rrez de Armas y Sara Barrios D\u00edaz.<\/p>\n<p>El tercer galard\u00f3n institucional que se entreg\u00f3 en la gala fue el X Premio de Investigaci\u00f3n, que reconoce la trayectoria cient\u00edfica de un integrante de la comunidad universitaria, considerando a la hora de baremar su curr\u00edculo de la \u00faltima d\u00e9cada. El galardonado ha sido Manuel Area Moreira, catedr\u00e1tico de Did\u00e1ctica y Organizaci\u00f3n Escolar especializado en Tecnolog\u00eda Educativa que, en estos momentos, dirige la C\u00e1tedra de Tecnolog\u00eda y Educaci\u00f3n\u00a0TECNOEDU, financiada por Mapfre-Guanarteme.<\/p>\n<div id=\"attachment_54999\" style=\"width: 310px\" class=\"wp-caption alignleft\"><img aria-describedby=\"caption-attachment-54999\" decoding=\"async\" loading=\"lazy\" class=\"size-medium wp-image-54999\" src=\"https:\/\/www.ull.es\/portal\/noticias\/wp-content\/uploads\/sites\/13\/2021\/03\/229-aniv-ULL-2021-10-300x200.jpg\" alt=\"Juan Carlos Santamarta, Premio a la Internacionalizaci\u00f3n.\" width=\"300\" height=\"200\" srcset=\"https:\/\/www.ull.es\/portal\/noticias\/wp-content\/uploads\/sites\/13\/2021\/03\/229-aniv-ULL-2021-10-300x200.jpg 300w, https:\/\/www.ull.es\/portal\/noticias\/wp-content\/uploads\/sites\/13\/2021\/03\/229-aniv-ULL-2021-10-768x512.jpg 768w, https:\/\/www.ull.es\/portal\/noticias\/wp-content\/uploads\/sites\/13\/2021\/03\/229-aniv-ULL-2021-10-375x250.jpg 375w, https:\/\/www.ull.es\/portal\/noticias\/wp-content\/uploads\/sites\/13\/2021\/03\/229-aniv-ULL-2021-10-750x500.jpg 750w, https:\/\/www.ull.es\/portal\/noticias\/wp-content\/uploads\/sites\/13\/2021\/03\/229-aniv-ULL-2021-10.jpg 1024w\" sizes=\"(max-width: 300px) 100vw, 300px\" \/><p id=\"caption-attachment-54999\" class=\"wp-caption-text\"><\/p>\n<div>Juan Carlos Santamarta, Premio a la Internacionalizaci\u00f3n.<\/div>\n<p><\/p><\/div>\n<p>Finalmente, el cuarto premio institucional de car\u00e1cter competitivo fue el de Internacionalizaci\u00f3n, que este a\u00f1o llegaba a su sexta edici\u00f3n y ha sido concedido a Juan Carlos Santamarta Cerezal, del Departamento de Ingenier\u00eda Agraria, N\u00e1utica, Civil y Mar\u00edtima, por ser pionero en impartir asignaturas en ingl\u00e9s en los grados de ingenier\u00eda, ser coordinador de varios proyectos Erasmus e Interreg y por su colaboraci\u00f3n internacional en docencia, investigaci\u00f3n e intercambio con universidades macaron\u00e9sicas.<\/p>\n<div id=\"attachment_55000\" style=\"width: 310px\" class=\"wp-caption alignright\"><img aria-describedby=\"caption-attachment-55000\" decoding=\"async\" loading=\"lazy\" class=\"size-medium wp-image-55000\" src=\"https:\/\/www.ull.es\/portal\/noticias\/wp-content\/uploads\/sites\/13\/2021\/03\/229-aniv-ULL-2021-11-300x200.jpg\" alt=\"Casimiro Curbelo, Premio al Mecenazgo.\" width=\"300\" height=\"200\" srcset=\"https:\/\/www.ull.es\/portal\/noticias\/wp-content\/uploads\/sites\/13\/2021\/03\/229-aniv-ULL-2021-11-300x200.jpg 300w, https:\/\/www.ull.es\/portal\/noticias\/wp-content\/uploads\/sites\/13\/2021\/03\/229-aniv-ULL-2021-11-768x512.jpg 768w, https:\/\/www.ull.es\/portal\/noticias\/wp-content\/uploads\/sites\/13\/2021\/03\/229-aniv-ULL-2021-11-375x250.jpg 375w, https:\/\/www.ull.es\/portal\/noticias\/wp-content\/uploads\/sites\/13\/2021\/03\/229-aniv-ULL-2021-11-750x500.jpg 750w, https:\/\/www.ull.es\/portal\/noticias\/wp-content\/uploads\/sites\/13\/2021\/03\/229-aniv-ULL-2021-11.jpg 1024w\" sizes=\"(max-width: 300px) 100vw, 300px\" \/><p id=\"caption-attachment-55000\" class=\"wp-caption-text\"><\/p>\n<div>Casimiro Curbelo, Premio al Mecenazgo.<\/div>\n<p><\/p><\/div>\n<p>Finalmente, la Universidad de La Laguna concede un Premio al Mecenazgo para agasajar a entidades que han mostrado a lo largo de los a\u00f1os una colaboraci\u00f3n estrecha con la instituci\u00f3n, y que es concedido directamente por designaci\u00f3n del Rectorado. En 2021 la instituci\u00f3n elegida ha sido el Cabildo Insular de La Gomera, \u201cpor su apuesta decidida por la educaci\u00f3n superior, a la que siempre ha apoyado, ayudando a los estudiantes gomeros a financiar sus estudios superiores y promoviendo la celebraci\u00f3n de actividades universitarias en la propia isla\u201d, destacando tambi\u00e9n su patrocinio de las c\u00e1tedras culturales de Silbo Gomero y las dedicadas a Jos\u00e9 Aguiar y Pedro Garc\u00eda Cabrera. Recogi\u00f3 el galard\u00f3n el presidente de la corporaci\u00f3n insular, Casimiro Curbelo Curbelo.<\/p>\n<p><a href=\"https:\/\/drive.google.com\/file\/d\/1iFXvhg5JFELn5-PVL47Z1p1I-Z5at-_A\/view?usp=sharing\" target=\"_blank\" rel=\"noopener noreferrer\" target=\"_blank\" rel=\"noopener\">Discurso \u00edntegro de la rectora<\/a><\/p>\n<p><a href=\"https:\/\/drive.google.com\/file\/d\/1UkDDGMsOnfDatZlFlrYWRinBWao2OtjS\/view?usp=sharing\" target=\"_blank\" rel=\"noopener noreferrer\" target=\"_blank\" rel=\"noopener\">Discurso \u00edntegro de la presidenta de la Asociaci\u00f3n de Alumni<\/a><\/p>\n","protected":false},"excerpt":{"rendered":"<p>La rectora de la Universidad de La Laguna, Rosa Aguilar, ha anunciado hoy 11 de marzo en el acto del&#8230;<\/p>\n","protected":false},"author":67,"featured_media":54994,"comment_status":"closed","ping_status":"closed","sticky":false,"template":"","format":"standard","meta":{"inline_featured_image":false,"footnotes":""},"categories":[345,348,2765],"tags":[1031],"acf":[],"yoast_head":"<!-- This site is optimized with the Yoast SEO plugin v21.3 - https:\/\/yoast.com\/wordpress\/plugins\/seo\/ -->\n<title>La ULL propone al Gobierno una salida de la crisis con el uso del conocimiento y mayor inversi\u00f3n en I+D - ULL - Noticias<\/title>\n<meta name=\"description\" content=\"La rectora de la Universidad de La Laguna, Rosa Aguilar, ha anunciado hoy 11 de marzo en el acto del D\u00eda Institucional del centro acad\u00e9mico que ha presentado al Gobierno regional un documento denominado \u2018Canarias ante la transformaci\u00f3n necesaria\u2019.\" \/>\n<meta name=\"robots\" content=\"index, follow, max-snippet:-1, max-image-preview:large, max-video-preview:-1\" \/>\n<link rel=\"canonical\" href=\"https:\/\/www.ull.es\/portal\/noticias\/2021\/la-ull-propone-al-gobierno-una-salida-de-la-crisis-con-el-uso-del-conocimiento-y-mayor-inversion-en-id\/\" \/>\n<meta property=\"og:locale\" content=\"es_ES\" \/>\n<meta property=\"og:type\" content=\"article\" \/>\n<meta property=\"og:title\" content=\"La ULL propone al Gobierno una salida de la crisis con el uso del conocimiento y mayor inversi\u00f3n en I+D - ULL - Noticias\" \/>\n<meta property=\"og:description\" content=\"La rectora de la Universidad de La Laguna, Rosa Aguilar, ha anunciado hoy 11 de marzo en el acto del D\u00eda Institucional del centro acad\u00e9mico que ha presentado al Gobierno regional un documento denominado \u2018Canarias ante la transformaci\u00f3n necesaria\u2019.\" \/>\n<meta property=\"og:url\" content=\"https:\/\/www.ull.es\/portal\/noticias\/2021\/la-ull-propone-al-gobierno-una-salida-de-la-crisis-con-el-uso-del-conocimiento-y-mayor-inversion-en-id\/\" \/>\n<meta property=\"og:site_name\" content=\"ULL - Noticias\" \/>\n<meta property=\"article:publisher\" content=\"https:\/\/www.facebook.com\/universidaddelalaguna\/\" \/>\n<meta property=\"article:published_time\" content=\"2021-03-11T15:24:08+00:00\" \/>\n<meta property=\"article:modified_time\" content=\"2021-03-12T09:15:56+00:00\" \/>\n<meta property=\"og:image\" content=\"https:\/\/www.ull.es\/portal\/noticias\/wp-content\/uploads\/sites\/13\/2021\/03\/229-aniv-ULL-2021-17.jpg\" \/>\n\t<meta property=\"og:image:width\" content=\"1024\" \/>\n\t<meta property=\"og:image:height\" content=\"683\" \/>\n\t<meta property=\"og:image:type\" content=\"image\/jpeg\" \/>\n<meta name=\"author\" content=\"gcom5\" \/>\n<meta name=\"twitter:card\" content=\"summary_large_image\" \/>\n<meta name=\"twitter:creator\" content=\"@CanalULL\" \/>\n<meta name=\"twitter:site\" content=\"@CanalULL\" \/>\n<meta name=\"twitter:label1\" content=\"Escrito por\" \/>\n\t<meta name=\"twitter:data1\" content=\"gcom5\" \/>\n\t<meta name=\"twitter:label2\" content=\"Tiempo de lectura\" \/>\n\t<meta name=\"twitter:data2\" content=\"10 minutos\" \/>\n<script type=\"application\/ld+json\" class=\"yoast-schema-graph\">{\"@context\":\"https:\/\/schema.org\",\"@graph\":[{\"@type\":\"WebPage\",\"@id\":\"https:\/\/www.ull.es\/portal\/noticias\/2021\/la-ull-propone-al-gobierno-una-salida-de-la-crisis-con-el-uso-del-conocimiento-y-mayor-inversion-en-id\/\",\"url\":\"https:\/\/www.ull.es\/portal\/noticias\/2021\/la-ull-propone-al-gobierno-una-salida-de-la-crisis-con-el-uso-del-conocimiento-y-mayor-inversion-en-id\/\",\"name\":\"La ULL propone al Gobierno una salida de la crisis con el uso del conocimiento y mayor inversi\u00f3n en I+D - ULL - Noticias\",\"isPartOf\":{\"@id\":\"https:\/\/www.ull.es\/portal\/noticias\/#website\"},\"datePublished\":\"2021-03-11T15:24:08+00:00\",\"dateModified\":\"2021-03-12T09:15:56+00:00\",\"author\":{\"@id\":\"https:\/\/www.ull.es\/portal\/noticias\/#\/schema\/person\/8027c6c4687adc2c90dc1532715d34df\"},\"description\":\"La rectora de la Universidad de La Laguna, Rosa Aguilar, ha anunciado hoy 11 de marzo en el acto del D\u00eda Institucional del centro acad\u00e9mico que ha presentado al Gobierno regional un documento denominado \u2018Canarias ante la transformaci\u00f3n necesaria\u2019.\",\"breadcrumb\":{\"@id\":\"https:\/\/www.ull.es\/portal\/noticias\/2021\/la-ull-propone-al-gobierno-una-salida-de-la-crisis-con-el-uso-del-conocimiento-y-mayor-inversion-en-id\/#breadcrumb\"},\"inLanguage\":\"es\",\"potentialAction\":[{\"@type\":\"ReadAction\",\"target\":[\"https:\/\/www.ull.es\/portal\/noticias\/2021\/la-ull-propone-al-gobierno-una-salida-de-la-crisis-con-el-uso-del-conocimiento-y-mayor-inversion-en-id\/\"]}]},{\"@type\":\"BreadcrumbList\",\"@id\":\"https:\/\/www.ull.es\/portal\/noticias\/2021\/la-ull-propone-al-gobierno-una-salida-de-la-crisis-con-el-uso-del-conocimiento-y-mayor-inversion-en-id\/#breadcrumb\",\"itemListElement\":[{\"@type\":\"ListItem\",\"position\":1,\"name\":\"Portada\",\"item\":\"https:\/\/www.ull.es\/portal\/noticias\/\"},{\"@type\":\"ListItem\",\"position\":2,\"name\":\"La ULL propone al Gobierno una salida de la crisis con el uso del conocimiento y mayor inversi\u00f3n en I+D\"}]},{\"@type\":\"WebSite\",\"@id\":\"https:\/\/www.ull.es\/portal\/noticias\/#website\",\"url\":\"https:\/\/www.ull.es\/portal\/noticias\/\",\"name\":\"ULL - Noticias\",\"description\":\"\",\"potentialAction\":[{\"@type\":\"SearchAction\",\"target\":{\"@type\":\"EntryPoint\",\"urlTemplate\":\"https:\/\/www.ull.es\/portal\/noticias\/?s={search_term_string}\"},\"query-input\":\"required name=search_term_string\"}],\"inLanguage\":\"es\"},{\"@type\":\"Person\",\"@id\":\"https:\/\/www.ull.es\/portal\/noticias\/#\/schema\/person\/8027c6c4687adc2c90dc1532715d34df\",\"name\":\"gcom5\",\"image\":{\"@type\":\"ImageObject\",\"inLanguage\":\"es\",\"@id\":\"https:\/\/www.ull.es\/portal\/noticias\/#\/schema\/person\/image\/\",\"url\":\"https:\/\/secure.gravatar.com\/avatar\/8b3777f8048001fa57b88338ce5605b9?s=96&d=mm&r=g\",\"contentUrl\":\"https:\/\/secure.gravatar.com\/avatar\/8b3777f8048001fa57b88338ce5605b9?s=96&d=mm&r=g\",\"caption\":\"gcom5\"},\"url\":\"https:\/\/www.ull.es\/portal\/noticias\/author\/gcom5\/\"}]}<\/script>\n<!-- \/ Yoast SEO plugin. -->","yoast_head_json":{"title":"La ULL propone al Gobierno una salida de la crisis con el uso del conocimiento y mayor inversi\u00f3n en I+D - ULL - Noticias","description":"La rectora de la Universidad de La Laguna, Rosa Aguilar, ha anunciado hoy 11 de marzo en el acto del D\u00eda Institucional del centro acad\u00e9mico que ha presentado al Gobierno regional un documento denominado \u2018Canarias ante la transformaci\u00f3n necesaria\u2019.","robots":{"index":"index","follow":"follow","max-snippet":"max-snippet:-1","max-image-preview":"max-image-preview:large","max-video-preview":"max-video-preview:-1"},"canonical":"https:\/\/www.ull.es\/portal\/noticias\/2021\/la-ull-propone-al-gobierno-una-salida-de-la-crisis-con-el-uso-del-conocimiento-y-mayor-inversion-en-id\/","og_locale":"es_ES","og_type":"article","og_title":"La ULL propone al Gobierno una salida de la crisis con el uso del conocimiento y mayor inversi\u00f3n en I+D - ULL - Noticias","og_description":"La rectora de la Universidad de La Laguna, Rosa Aguilar, ha anunciado hoy 11 de marzo en el acto del D\u00eda Institucional del centro acad\u00e9mico que ha presentado al Gobierno regional un documento denominado \u2018Canarias ante la transformaci\u00f3n necesaria\u2019.","og_url":"https:\/\/www.ull.es\/portal\/noticias\/2021\/la-ull-propone-al-gobierno-una-salida-de-la-crisis-con-el-uso-del-conocimiento-y-mayor-inversion-en-id\/","og_site_name":"ULL - Noticias","article_publisher":"https:\/\/www.facebook.com\/universidaddelalaguna\/","article_published_time":"2021-03-11T15:24:08+00:00","article_modified_time":"2021-03-12T09:15:56+00:00","og_image":[{"width":1024,"height":683,"url":"https:\/\/www.ull.es\/portal\/noticias\/wp-content\/uploads\/sites\/13\/2021\/03\/229-aniv-ULL-2021-17.jpg","type":"image\/jpeg"}],"author":"gcom5","twitter_card":"summary_large_image","twitter_creator":"@CanalULL","twitter_site":"@CanalULL","twitter_misc":{"Escrito por":"gcom5","Tiempo de lectura":"10 minutos"},"schema":{"@context":"https:\/\/schema.org","@graph":[{"@type":"WebPage","@id":"https:\/\/www.ull.es\/portal\/noticias\/2021\/la-ull-propone-al-gobierno-una-salida-de-la-crisis-con-el-uso-del-conocimiento-y-mayor-inversion-en-id\/","url":"https:\/\/www.ull.es\/portal\/noticias\/2021\/la-ull-propone-al-gobierno-una-salida-de-la-crisis-con-el-uso-del-conocimiento-y-mayor-inversion-en-id\/","name":"La ULL propone al Gobierno una salida de la crisis con el uso del conocimiento y mayor inversi\u00f3n en I+D - ULL - Noticias","isPartOf":{"@id":"https:\/\/www.ull.es\/portal\/noticias\/#website"},"datePublished":"2021-03-11T15:24:08+00:00","dateModified":"2021-03-12T09:15:56+00:00","author":{"@id":"https:\/\/www.ull.es\/portal\/noticias\/#\/schema\/person\/8027c6c4687adc2c90dc1532715d34df"},"description":"La rectora de la Universidad de La Laguna, Rosa Aguilar, ha anunciado hoy 11 de marzo en el acto del D\u00eda Institucional del centro acad\u00e9mico que ha presentado al Gobierno regional un documento denominado \u2018Canarias ante la transformaci\u00f3n necesaria\u2019.","breadcrumb":{"@id":"https:\/\/www.ull.es\/portal\/noticias\/2021\/la-ull-propone-al-gobierno-una-salida-de-la-crisis-con-el-uso-del-conocimiento-y-mayor-inversion-en-id\/#breadcrumb"},"inLanguage":"es","potentialAction":[{"@type":"ReadAction","target":["https:\/\/www.ull.es\/portal\/noticias\/2021\/la-ull-propone-al-gobierno-una-salida-de-la-crisis-con-el-uso-del-conocimiento-y-mayor-inversion-en-id\/"]}]},{"@type":"BreadcrumbList","@id":"https:\/\/www.ull.es\/portal\/noticias\/2021\/la-ull-propone-al-gobierno-una-salida-de-la-crisis-con-el-uso-del-conocimiento-y-mayor-inversion-en-id\/#breadcrumb","itemListElement":[{"@type":"ListItem","position":1,"name":"Portada","item":"https:\/\/www.ull.es\/portal\/noticias\/"},{"@type":"ListItem","position":2,"name":"La ULL propone al Gobierno una salida de la crisis con el uso del conocimiento y mayor inversi\u00f3n en I+D"}]},{"@type":"WebSite","@id":"https:\/\/www.ull.es\/portal\/noticias\/#website","url":"https:\/\/www.ull.es\/portal\/noticias\/","name":"ULL - Noticias","description":"","potentialAction":[{"@type":"SearchAction","target":{"@type":"EntryPoint","urlTemplate":"https:\/\/www.ull.es\/portal\/noticias\/?s={search_term_string}"},"query-input":"required name=search_term_string"}],"inLanguage":"es"},{"@type":"Person","@id":"https:\/\/www.ull.es\/portal\/noticias\/#\/schema\/person\/8027c6c4687adc2c90dc1532715d34df","name":"gcom5","image":{"@type":"ImageObject","inLanguage":"es","@id":"https:\/\/www.ull.es\/portal\/noticias\/#\/schema\/person\/image\/","url":"https:\/\/secure.gravatar.com\/avatar\/8b3777f8048001fa57b88338ce5605b9?s=96&d=mm&r=g","contentUrl":"https:\/\/secure.gravatar.com\/avatar\/8b3777f8048001fa57b88338ce5605b9?s=96&d=mm&r=g","caption":"gcom5"},"url":"https:\/\/www.ull.es\/portal\/noticias\/author\/gcom5\/"}]}},"primary_category":{"id":348,"name":"Instituci\u00f3n","slug":"institucion","link":"https:\/\/www.ull.es\/portal\/noticias\/category\/institucion\/"},"featured_image_thumbnail_url":"https:\/\/www.ull.es\/portal\/noticias\/wp-content\/uploads\/sites\/13\/2021\/03\/229-aniv-ULL-2021-17-300x200.jpg","_links":{"self":[{"href":"https:\/\/www.ull.es\/portal\/noticias\/wp-json\/wp\/v2\/posts\/54989"}],"collection":[{"href":"https:\/\/www.ull.es\/portal\/noticias\/wp-json\/wp\/v2\/posts"}],"about":[{"href":"https:\/\/www.ull.es\/portal\/noticias\/wp-json\/wp\/v2\/types\/post"}],"author":[{"embeddable":true,"href":"https:\/\/www.ull.es\/portal\/noticias\/wp-json\/wp\/v2\/users\/67"}],"replies":[{"embeddable":true,"href":"https:\/\/www.ull.es\/portal\/noticias\/wp-json\/wp\/v2\/comments?post=54989"}],"version-history":[{"count":21,"href":"https:\/\/www.ull.es\/portal\/noticias\/wp-json\/wp\/v2\/posts\/54989\/revisions"}],"predecessor-version":[{"id":55029,"href":"https:\/\/www.ull.es\/portal\/noticias\/wp-json\/wp\/v2\/posts\/54989\/revisions\/55029"}],"wp:featuredmedia":[{"embeddable":true,"href":"https:\/\/www.ull.es\/portal\/noticias\/wp-json\/wp\/v2\/media\/54994"}],"wp:attachment":[{"href":"https:\/\/www.ull.es\/portal\/noticias\/wp-json\/wp\/v2\/media?parent=54989"}],"wp:term":[{"taxonomy":"category","embeddable":true,"href":"https:\/\/www.ull.es\/portal\/noticias\/wp-json\/wp\/v2\/categories?post=54989"},{"taxonomy":"post_tag","embeddable":true,"href":"https:\/\/www.ull.es\/portal\/noticias\/wp-json\/wp\/v2\/tags?post=54989"}],"curies":[{"name":"wp","href":"https:\/\/api.w.org\/{rel}","templated":true}]}}