{"id":55205,"date":"2021-03-19T13:55:15","date_gmt":"2021-03-19T13:55:15","guid":{"rendered":"https:\/\/www.ull.es\/portal\/noticias\/?p=55205"},"modified":"2021-03-19T13:55:15","modified_gmt":"2021-03-19T13:55:15","slug":"una-doctoranda-de-la-ull-visibiliza-el-empleo-con-apoyo-a-las-personas-con-discapacidad-intelectual","status":"publish","type":"post","link":"https:\/\/www.ull.es\/portal\/noticias\/2021\/una-doctoranda-de-la-ull-visibiliza-el-empleo-con-apoyo-a-las-personas-con-discapacidad-intelectual\/","title":{"rendered":"Una doctoranda de la ULL visibiliza el \u00abempleo con apoyo\u00bb a las personas con discapacidad intelectual"},"content":{"rendered":"<p>La psic\u00f3loga y doctoranda de la Universidad de La Laguna Teresa Pe\u00f1a Quintana ha defendido en el marco del programa de doctorado de Educaci\u00f3n, y bajo la direcci\u00f3n de la profesora Lidia Esther Santana y del codirector Luis Feliciano, su tesis doctoral \u201cEmpleabilidad de personas con discapacidad intelectual: el empleo con apoyo\u201d. La tesis, con menci\u00f3n internacional, obtuvo la m\u00e1xima calificaci\u00f3n de sobresaliente cum laude por unanimidad.<\/p>\n<p>La investigaci\u00f3n surgi\u00f3 con el prop\u00f3sito de profundizar en el estudio y an\u00e1lisis del modelo de \u2018Empleo con Apoyo\u2019 y su aplicaci\u00f3n en nuestro entorno geogr\u00e1fico. Tal y como explica Pe\u00f1a, el Empleo con Apoyo se utiliza para llevar a personas con discapacidad intelectual a trabajos ordinarios. Estas personas, a las que tradicionalmente se hab\u00eda destinado a centros ocupacionales y recursos de car\u00e1cter asistencial, son acompa\u00f1adas en todo el proceso de aprendizaje y de integraci\u00f3n laboral, por un preparador laboral, que es la figura que interviene con el sujeto y su entorno, as\u00ed como con las empresas en tareas de informaci\u00f3n y acompa\u00f1amiento. Con esto se consigue que individuos con discapacidades de este tipo puedan ocupar un puesto de trabajo en un entorno ordinario y en igualdad de condiciones que el resto de trabajadores.<\/p>\n<p>Esta es la primera investigaci\u00f3n de este tipo que se lleva a cabo en Canarias, asegura Pe\u00f1a. El estudio sobre esta metodolog\u00eda permite no solo profundizar y ponerla en valor, sino tambi\u00e9n aportar m\u00e1s conocimiento a la sociedad sobre ella. Para la ya doctora, dar visibilidad a este sistema era uno de los objetivos fundamentales que persegu\u00eda su tesis: \u201cVisibilizar el empleo en entornos inclusivos puede contribuir a optimizar la toma de decisiones a nivel pol\u00edtico, sobre el empleo de estas personas que tradicionalmente han quedado excluidas del mercado laboral\u201d, asegura. Del mismo modo, pretende contribuir a realizar una gesti\u00f3n racional de los recursos que se emplean en inclusi\u00f3n laboral de personas con discapacidad, partiendo de un conocimiento real y de la evidencia cient\u00edfica de lo que funciona y lo que no.<\/p>\n<p>Para enfatizar la idoneidad del modelo de Empleo con Apoyo y garantizar de esta forma el acceso y mantenimiento de puestos de trabajo, as\u00ed como optimizar las trayectorias laborales de personas con discapacidad intelectual en la comunidad aut\u00f3noma, se llevaron a cabo dos estudios de car\u00e1cter cuantitativo y cualitativo. En el primero de ellos se analizaron, por un lado, los factores de car\u00e1cter personal, formativo y laboral que inciden en el \u00e9xito del Empleo con Apoyo con 103 personas con discapacidad intelectual que hab\u00edan accedido a puestos de trabajo en empresas ordinarias. Por otro lado, se estudiaron las necesidades de apoyo de dichas personas para el mantenimiento de los puestos de trabajo y, por \u00faltimo, se analiz\u00f3 la continuidad en los puestos de trabajo y el n\u00famero de experiencias de empleo mediante esta metodolog\u00eda.<\/p>\n<p>Por su parte, el estudio cualitativo trat\u00f3 de analizar la percepci\u00f3n de los profesionales dedicados al Empleo con Apoyo y de las personas con discapacidad intelectual y los factores que pueden estar relacionados con la idoneidad del modelo, tales como el preparador laboral, el compromiso de las empresas, la formaci\u00f3n previa de los usuarios, la validez del modelo para discapacidades severas, su ventaja frente al empleo protegido y el papel de las familias.<\/p>\n<p>Los resultados obtenidos han puesto de manifiesto la idoneidad del modelo de Empleo con Apoyo en su globalidad, independientemente de la severidad de la discapacidad y de otros factores personales y sociolaborales. Tambi\u00e9n se ha demostrado el importante papel de esta metodolog\u00eda para sensibilizar a las empresas de las ventajas del empleo inclusivo. \u201cLos empresarios y empresarias pueden ver la experiencia y eso ayuda a que cambie su visi\u00f3n de lo que es una persona con discapacidad intelectual\u201d, asegura la experta. Adem\u00e1s, se ha evidenciado la importancia del apoyo proporcionado por el preparador laboral a la persona y a la entidad, y la necesidad de la formaci\u00f3n en competencias sociolaborales y de car\u00e1cter muy pr\u00e1ctico para el \u00e9xito de los programas de Empleo con Apoyo. El trabajo tambi\u00e9n ha mostrado la importancia de las familias en este sistema.<\/p>\n<p>Seg\u00fan Pe\u00f1a, el empleo de j\u00f3venes con discapacidad intelectual se encuentra en una situaci\u00f3n de precariedad que se caracteriza por la inexistencia de datos objetivos. Esto se debe a que en los servicios de empleo aparecen \u201cpersonas con discapacidad\u201d, pero no se distinguen categor\u00edas concretas y el desglose de los datos resulta inextricable. \u201cEsto evidencia la poca atenci\u00f3n que se le presta al tema\u201d, comenta.<\/p>\n<p>El tr\u00e1nsito y acceso al empleo ordinario de las personas con discapacidad intelectual es uno de los desaf\u00edos de las sociedades modernas y la necesidad de una mayor implementaci\u00f3n del modelo del Empleo con Apoyo para que un mayor n\u00famero de personas con discapacidades severas puedan acceder al empleo inclusivo, es primordial.<\/p>\n","protected":false},"excerpt":{"rendered":"<p>La psic\u00f3loga y doctoranda de la Universidad de La Laguna Teresa Pe\u00f1a Quintana ha defendido en el marco del programa&#8230;<\/p>\n","protected":false},"author":67,"featured_media":55207,"comment_status":"closed","ping_status":"closed","sticky":false,"template":"","format":"standard","meta":{"inline_featured_image":false,"footnotes":""},"categories":[345,350,2765],"tags":[7214],"acf":[],"yoast_head":"<!-- This site is optimized with the Yoast SEO plugin v21.3 - https:\/\/yoast.com\/wordpress\/plugins\/seo\/ -->\n<title>Una doctoranda de la ULL visibiliza el &quot;empleo con apoyo&quot; a las personas con discapacidad intelectual - ULL - Noticias<\/title>\n<meta name=\"description\" content=\"La psic\u00f3loga y doctoranda de la Universidad de La Laguna Teresa Pe\u00f1a Quintana ha defendido en el marco del programa de doctorado de Educaci\u00f3n, y bajo la direcci\u00f3n de la profesora Lidia Esther Santana y del codirector Luis Feliciano, su tesis doctoral \u201cEmpleabilidad de personas con discapacidad intelectual: el empleo con apoyo\u201d.\" \/>\n<meta name=\"robots\" content=\"index, follow, max-snippet:-1, max-image-preview:large, max-video-preview:-1\" \/>\n<link rel=\"canonical\" href=\"https:\/\/www.ull.es\/portal\/noticias\/2021\/una-doctoranda-de-la-ull-visibiliza-el-empleo-con-apoyo-a-las-personas-con-discapacidad-intelectual\/\" \/>\n<meta property=\"og:locale\" content=\"es_ES\" \/>\n<meta property=\"og:type\" content=\"article\" \/>\n<meta property=\"og:title\" content=\"Una doctoranda de la ULL visibiliza el &quot;empleo con apoyo&quot; a las personas con discapacidad intelectual - ULL - Noticias\" \/>\n<meta property=\"og:description\" content=\"La psic\u00f3loga y doctoranda de la Universidad de La Laguna Teresa Pe\u00f1a Quintana ha defendido en el marco del programa de doctorado de Educaci\u00f3n, y bajo la direcci\u00f3n de la profesora Lidia Esther Santana y del codirector Luis Feliciano, su tesis doctoral \u201cEmpleabilidad de personas con discapacidad intelectual: el empleo con apoyo\u201d.\" \/>\n<meta property=\"og:url\" content=\"https:\/\/www.ull.es\/portal\/noticias\/2021\/una-doctoranda-de-la-ull-visibiliza-el-empleo-con-apoyo-a-las-personas-con-discapacidad-intelectual\/\" \/>\n<meta property=\"og:site_name\" content=\"ULL - Noticias\" \/>\n<meta property=\"article:publisher\" content=\"https:\/\/www.facebook.com\/universidaddelalaguna\/\" \/>\n<meta property=\"article:published_time\" content=\"2021-03-19T13:55:15+00:00\" \/>\n<meta property=\"og:image\" content=\"https:\/\/www.ull.es\/portal\/noticias\/wp-content\/uploads\/sites\/13\/2021\/03\/Tesis-empleo-discap-01.jpg\" \/>\n\t<meta property=\"og:image:width\" content=\"1024\" \/>\n\t<meta property=\"og:image:height\" content=\"683\" \/>\n\t<meta property=\"og:image:type\" content=\"image\/jpeg\" \/>\n<meta name=\"author\" content=\"gcom5\" \/>\n<meta name=\"twitter:card\" content=\"summary_large_image\" \/>\n<meta name=\"twitter:creator\" content=\"@CanalULL\" \/>\n<meta name=\"twitter:site\" content=\"@CanalULL\" \/>\n<meta name=\"twitter:label1\" content=\"Escrito por\" \/>\n\t<meta name=\"twitter:data1\" content=\"gcom5\" \/>\n\t<meta name=\"twitter:label2\" content=\"Tiempo de lectura\" \/>\n\t<meta name=\"twitter:data2\" content=\"4 minutos\" \/>\n<script type=\"application\/ld+json\" class=\"yoast-schema-graph\">{\"@context\":\"https:\/\/schema.org\",\"@graph\":[{\"@type\":\"WebPage\",\"@id\":\"https:\/\/www.ull.es\/portal\/noticias\/2021\/una-doctoranda-de-la-ull-visibiliza-el-empleo-con-apoyo-a-las-personas-con-discapacidad-intelectual\/\",\"url\":\"https:\/\/www.ull.es\/portal\/noticias\/2021\/una-doctoranda-de-la-ull-visibiliza-el-empleo-con-apoyo-a-las-personas-con-discapacidad-intelectual\/\",\"name\":\"Una doctoranda de la ULL visibiliza el \\\"empleo con apoyo\\\" a las personas con discapacidad intelectual - ULL - Noticias\",\"isPartOf\":{\"@id\":\"https:\/\/www.ull.es\/portal\/noticias\/#website\"},\"datePublished\":\"2021-03-19T13:55:15+00:00\",\"dateModified\":\"2021-03-19T13:55:15+00:00\",\"author\":{\"@id\":\"https:\/\/www.ull.es\/portal\/noticias\/#\/schema\/person\/8027c6c4687adc2c90dc1532715d34df\"},\"description\":\"La psic\u00f3loga y doctoranda de la Universidad de La Laguna Teresa Pe\u00f1a Quintana ha defendido en el marco del programa de doctorado de Educaci\u00f3n, y bajo la direcci\u00f3n de la profesora Lidia Esther Santana y del codirector Luis Feliciano, su tesis doctoral \u201cEmpleabilidad de personas con discapacidad intelectual: el empleo con apoyo\u201d.\",\"breadcrumb\":{\"@id\":\"https:\/\/www.ull.es\/portal\/noticias\/2021\/una-doctoranda-de-la-ull-visibiliza-el-empleo-con-apoyo-a-las-personas-con-discapacidad-intelectual\/#breadcrumb\"},\"inLanguage\":\"es\",\"potentialAction\":[{\"@type\":\"ReadAction\",\"target\":[\"https:\/\/www.ull.es\/portal\/noticias\/2021\/una-doctoranda-de-la-ull-visibiliza-el-empleo-con-apoyo-a-las-personas-con-discapacidad-intelectual\/\"]}]},{\"@type\":\"BreadcrumbList\",\"@id\":\"https:\/\/www.ull.es\/portal\/noticias\/2021\/una-doctoranda-de-la-ull-visibiliza-el-empleo-con-apoyo-a-las-personas-con-discapacidad-intelectual\/#breadcrumb\",\"itemListElement\":[{\"@type\":\"ListItem\",\"position\":1,\"name\":\"Portada\",\"item\":\"https:\/\/www.ull.es\/portal\/noticias\/\"},{\"@type\":\"ListItem\",\"position\":2,\"name\":\"Una doctoranda de la ULL visibiliza el \u00abempleo con apoyo\u00bb a las personas con discapacidad intelectual\"}]},{\"@type\":\"WebSite\",\"@id\":\"https:\/\/www.ull.es\/portal\/noticias\/#website\",\"url\":\"https:\/\/www.ull.es\/portal\/noticias\/\",\"name\":\"ULL - Noticias\",\"description\":\"\",\"potentialAction\":[{\"@type\":\"SearchAction\",\"target\":{\"@type\":\"EntryPoint\",\"urlTemplate\":\"https:\/\/www.ull.es\/portal\/noticias\/?s={search_term_string}\"},\"query-input\":\"required name=search_term_string\"}],\"inLanguage\":\"es\"},{\"@type\":\"Person\",\"@id\":\"https:\/\/www.ull.es\/portal\/noticias\/#\/schema\/person\/8027c6c4687adc2c90dc1532715d34df\",\"name\":\"gcom5\",\"image\":{\"@type\":\"ImageObject\",\"inLanguage\":\"es\",\"@id\":\"https:\/\/www.ull.es\/portal\/noticias\/#\/schema\/person\/image\/\",\"url\":\"https:\/\/secure.gravatar.com\/avatar\/8b3777f8048001fa57b88338ce5605b9?s=96&d=mm&r=g\",\"contentUrl\":\"https:\/\/secure.gravatar.com\/avatar\/8b3777f8048001fa57b88338ce5605b9?s=96&d=mm&r=g\",\"caption\":\"gcom5\"},\"url\":\"https:\/\/www.ull.es\/portal\/noticias\/author\/gcom5\/\"}]}<\/script>\n<!-- \/ Yoast SEO plugin. -->","yoast_head_json":{"title":"Una doctoranda de la ULL visibiliza el \"empleo con apoyo\" a las personas con discapacidad intelectual - ULL - Noticias","description":"La psic\u00f3loga y doctoranda de la Universidad de La Laguna Teresa Pe\u00f1a Quintana ha defendido en el marco del programa de doctorado de Educaci\u00f3n, y bajo la direcci\u00f3n de la profesora Lidia Esther Santana y del codirector Luis Feliciano, su tesis doctoral \u201cEmpleabilidad de personas con discapacidad intelectual: el empleo con apoyo\u201d.","robots":{"index":"index","follow":"follow","max-snippet":"max-snippet:-1","max-image-preview":"max-image-preview:large","max-video-preview":"max-video-preview:-1"},"canonical":"https:\/\/www.ull.es\/portal\/noticias\/2021\/una-doctoranda-de-la-ull-visibiliza-el-empleo-con-apoyo-a-las-personas-con-discapacidad-intelectual\/","og_locale":"es_ES","og_type":"article","og_title":"Una doctoranda de la ULL visibiliza el \"empleo con apoyo\" a las personas con discapacidad intelectual - ULL - Noticias","og_description":"La psic\u00f3loga y doctoranda de la Universidad de La Laguna Teresa Pe\u00f1a Quintana ha defendido en el marco del programa de doctorado de Educaci\u00f3n, y bajo la direcci\u00f3n de la profesora Lidia Esther Santana y del codirector Luis Feliciano, su tesis doctoral \u201cEmpleabilidad de personas con discapacidad intelectual: el empleo con apoyo\u201d.","og_url":"https:\/\/www.ull.es\/portal\/noticias\/2021\/una-doctoranda-de-la-ull-visibiliza-el-empleo-con-apoyo-a-las-personas-con-discapacidad-intelectual\/","og_site_name":"ULL - Noticias","article_publisher":"https:\/\/www.facebook.com\/universidaddelalaguna\/","article_published_time":"2021-03-19T13:55:15+00:00","og_image":[{"width":1024,"height":683,"url":"https:\/\/www.ull.es\/portal\/noticias\/wp-content\/uploads\/sites\/13\/2021\/03\/Tesis-empleo-discap-01.jpg","type":"image\/jpeg"}],"author":"gcom5","twitter_card":"summary_large_image","twitter_creator":"@CanalULL","twitter_site":"@CanalULL","twitter_misc":{"Escrito por":"gcom5","Tiempo de lectura":"4 minutos"},"schema":{"@context":"https:\/\/schema.org","@graph":[{"@type":"WebPage","@id":"https:\/\/www.ull.es\/portal\/noticias\/2021\/una-doctoranda-de-la-ull-visibiliza-el-empleo-con-apoyo-a-las-personas-con-discapacidad-intelectual\/","url":"https:\/\/www.ull.es\/portal\/noticias\/2021\/una-doctoranda-de-la-ull-visibiliza-el-empleo-con-apoyo-a-las-personas-con-discapacidad-intelectual\/","name":"Una doctoranda de la ULL visibiliza el \"empleo con apoyo\" a las personas con discapacidad intelectual - ULL - Noticias","isPartOf":{"@id":"https:\/\/www.ull.es\/portal\/noticias\/#website"},"datePublished":"2021-03-19T13:55:15+00:00","dateModified":"2021-03-19T13:55:15+00:00","author":{"@id":"https:\/\/www.ull.es\/portal\/noticias\/#\/schema\/person\/8027c6c4687adc2c90dc1532715d34df"},"description":"La psic\u00f3loga y doctoranda de la Universidad de La Laguna Teresa Pe\u00f1a Quintana ha defendido en el marco del programa de doctorado de Educaci\u00f3n, y bajo la direcci\u00f3n de la profesora Lidia Esther Santana y del codirector Luis Feliciano, su tesis doctoral \u201cEmpleabilidad de personas con discapacidad intelectual: el empleo con apoyo\u201d.","breadcrumb":{"@id":"https:\/\/www.ull.es\/portal\/noticias\/2021\/una-doctoranda-de-la-ull-visibiliza-el-empleo-con-apoyo-a-las-personas-con-discapacidad-intelectual\/#breadcrumb"},"inLanguage":"es","potentialAction":[{"@type":"ReadAction","target":["https:\/\/www.ull.es\/portal\/noticias\/2021\/una-doctoranda-de-la-ull-visibiliza-el-empleo-con-apoyo-a-las-personas-con-discapacidad-intelectual\/"]}]},{"@type":"BreadcrumbList","@id":"https:\/\/www.ull.es\/portal\/noticias\/2021\/una-doctoranda-de-la-ull-visibiliza-el-empleo-con-apoyo-a-las-personas-con-discapacidad-intelectual\/#breadcrumb","itemListElement":[{"@type":"ListItem","position":1,"name":"Portada","item":"https:\/\/www.ull.es\/portal\/noticias\/"},{"@type":"ListItem","position":2,"name":"Una doctoranda de la ULL visibiliza el \u00abempleo con apoyo\u00bb a las personas con discapacidad intelectual"}]},{"@type":"WebSite","@id":"https:\/\/www.ull.es\/portal\/noticias\/#website","url":"https:\/\/www.ull.es\/portal\/noticias\/","name":"ULL - Noticias","description":"","potentialAction":[{"@type":"SearchAction","target":{"@type":"EntryPoint","urlTemplate":"https:\/\/www.ull.es\/portal\/noticias\/?s={search_term_string}"},"query-input":"required name=search_term_string"}],"inLanguage":"es"},{"@type":"Person","@id":"https:\/\/www.ull.es\/portal\/noticias\/#\/schema\/person\/8027c6c4687adc2c90dc1532715d34df","name":"gcom5","image":{"@type":"ImageObject","inLanguage":"es","@id":"https:\/\/www.ull.es\/portal\/noticias\/#\/schema\/person\/image\/","url":"https:\/\/secure.gravatar.com\/avatar\/8b3777f8048001fa57b88338ce5605b9?s=96&d=mm&r=g","contentUrl":"https:\/\/secure.gravatar.com\/avatar\/8b3777f8048001fa57b88338ce5605b9?s=96&d=mm&r=g","caption":"gcom5"},"url":"https:\/\/www.ull.es\/portal\/noticias\/author\/gcom5\/"}]}},"primary_category":{"id":350,"name":"Investigaci\u00f3n","slug":"investigacion","link":"https:\/\/www.ull.es\/portal\/noticias\/category\/investigacion\/"},"featured_image_thumbnail_url":"https:\/\/www.ull.es\/portal\/noticias\/wp-content\/uploads\/sites\/13\/2021\/03\/Tesis-empleo-discap-01-300x200.jpg","_links":{"self":[{"href":"https:\/\/www.ull.es\/portal\/noticias\/wp-json\/wp\/v2\/posts\/55205"}],"collection":[{"href":"https:\/\/www.ull.es\/portal\/noticias\/wp-json\/wp\/v2\/posts"}],"about":[{"href":"https:\/\/www.ull.es\/portal\/noticias\/wp-json\/wp\/v2\/types\/post"}],"author":[{"embeddable":true,"href":"https:\/\/www.ull.es\/portal\/noticias\/wp-json\/wp\/v2\/users\/67"}],"replies":[{"embeddable":true,"href":"https:\/\/www.ull.es\/portal\/noticias\/wp-json\/wp\/v2\/comments?post=55205"}],"version-history":[{"count":1,"href":"https:\/\/www.ull.es\/portal\/noticias\/wp-json\/wp\/v2\/posts\/55205\/revisions"}],"predecessor-version":[{"id":55206,"href":"https:\/\/www.ull.es\/portal\/noticias\/wp-json\/wp\/v2\/posts\/55205\/revisions\/55206"}],"wp:featuredmedia":[{"embeddable":true,"href":"https:\/\/www.ull.es\/portal\/noticias\/wp-json\/wp\/v2\/media\/55207"}],"wp:attachment":[{"href":"https:\/\/www.ull.es\/portal\/noticias\/wp-json\/wp\/v2\/media?parent=55205"}],"wp:term":[{"taxonomy":"category","embeddable":true,"href":"https:\/\/www.ull.es\/portal\/noticias\/wp-json\/wp\/v2\/categories?post=55205"},{"taxonomy":"post_tag","embeddable":true,"href":"https:\/\/www.ull.es\/portal\/noticias\/wp-json\/wp\/v2\/tags?post=55205"}],"curies":[{"name":"wp","href":"https:\/\/api.w.org\/{rel}","templated":true}]}}