{"id":55334,"date":"2021-03-25T11:05:12","date_gmt":"2021-03-25T11:05:12","guid":{"rendered":"https:\/\/www.ull.es\/portal\/noticias\/?p=55334"},"modified":"2021-03-25T11:05:12","modified_gmt":"2021-03-25T11:05:12","slug":"cerca-de-200-alumnos-realizan-esta-semana-las-pruebas-de-acceso-a-la-universidad-para-mayores-de-25-y-45-anos","status":"publish","type":"post","link":"https:\/\/www.ull.es\/portal\/noticias\/2021\/cerca-de-200-alumnos-realizan-esta-semana-las-pruebas-de-acceso-a-la-universidad-para-mayores-de-25-y-45-anos\/","title":{"rendered":"Cerca de 200 alumnos realizan esta semana las pruebas de acceso a la universidad para mayores de 25 y 45 a\u00f1os"},"content":{"rendered":"<p>La Universidad de La Laguna acoge esta semana la celebraci\u00f3n de las pruebas de acceso a la universidad para mayores de 25 y 45 a\u00f1os que re\u00fanen en esta ocasi\u00f3n a casi 200 personas. Estos alumnos han realizado previamente la formaci\u00f3n preparatoria para la evaluaci\u00f3n, que facilita la entrada a estudios de grado a personas dentro de esos l\u00edmites de edad que no optan a la modalidad de acceso ordinaria. Los ex\u00e1menes, que dieron comienzo en la jornada de ayer, finalizar\u00e1n hoy con la prueba espec\u00edfica de matem\u00e1ticas cuyo comienzo est\u00e1 previsto a las 19:00 horas de la tarde.<\/p>\n<p>Estas pruebas, realizadas en el Aulario General del Campus Guajara, suponen la culminaci\u00f3n del mencionado proceso de preparaci\u00f3n iniciado en octubre del pasado a\u00f1o. El curso formativo que oferta este centro acad\u00e9mico posibilita la realizaci\u00f3n de estos ex\u00e1menes con las garant\u00edas suficientes para superarlos y de esta manera poder solicitar plaza en alguna de las titulaciones de Grado ofertadas por la instituci\u00f3n acad\u00e9mica.<\/p>\n<p><img decoding=\"async\" loading=\"lazy\" class=\"alignleft size-medium wp-image-55336\" src=\"https:\/\/www.ull.es\/portal\/noticias\/wp-content\/uploads\/sites\/13\/2021\/03\/Acceso-mayores-25-45-01-300x200.jpg\" alt=\"\" width=\"300\" height=\"200\" srcset=\"https:\/\/www.ull.es\/portal\/noticias\/wp-content\/uploads\/sites\/13\/2021\/03\/Acceso-mayores-25-45-01-300x200.jpg 300w, https:\/\/www.ull.es\/portal\/noticias\/wp-content\/uploads\/sites\/13\/2021\/03\/Acceso-mayores-25-45-01-768x512.jpg 768w, https:\/\/www.ull.es\/portal\/noticias\/wp-content\/uploads\/sites\/13\/2021\/03\/Acceso-mayores-25-45-01-375x250.jpg 375w, https:\/\/www.ull.es\/portal\/noticias\/wp-content\/uploads\/sites\/13\/2021\/03\/Acceso-mayores-25-45-01-750x500.jpg 750w, https:\/\/www.ull.es\/portal\/noticias\/wp-content\/uploads\/sites\/13\/2021\/03\/Acceso-mayores-25-45-01.jpg 1024w\" sizes=\"(max-width: 300px) 100vw, 300px\" \/>Los ex\u00e1menes de la presente jornada dar\u00e1n comienzo a las 14:30 horas con las pruebas de materias espec\u00edficas, en funci\u00f3n de la especialidad elegida. De esta forma tendr\u00e1 lugar la prueba de Historia o Matem\u00e1ticas aplicadas a las Ciencias Sociales, en funci\u00f3n de la elecci\u00f3n de los alumnos de Artes, Humanidades y Ciencias Sociales y Jur\u00eddicas, y la prueba de Qu\u00edmica para los alumnos de Ciencias, Ingenier\u00eda, Arquitectura y Ciencias de la Salud. La segunda sesi\u00f3n comenzar\u00e1 a las 16:15 horas, momento en el que tendr\u00e1n lugar los ex\u00e1menes de Filosof\u00eda, Econom\u00eda y Empresa, F\u00edsica o Biolog\u00eda, respectivamente.<\/p>\n<p>Las pruebas llegar\u00e1n a su fin tras la tercera sesi\u00f3n del d\u00eda, cuyo comienzo est\u00e1 previsto a las 18:30 para el alumnado de Artes, Humanidades y Ciencias Sociales y Jur\u00eddicas, que efectuar\u00e1n los ex\u00e1menes de Introducci\u00f3n al Derecho o Introducci\u00f3n a la Historia del Arte, y a las 19:00 horas para el alumnado de la modalidad cient\u00edfica, que realizar\u00e1 la prueba de Matem\u00e1ticas.\u00a0Ayer 24 de marzo tuvieron lugar los ex\u00e1menes de las materias comunes para ambas modalidades, que consistieron en la realizaci\u00f3n de un comentario de texto, un examen de Lengua Castellana y uno de idiomas, que conten\u00eda una parte en ingl\u00e9s y otra en franc\u00e9s.<\/p>\n<p>La publicaci\u00f3n de las calificaciones provisionales tendr\u00e1 lugar el 8 de abril a partir de las 15:00 horas. Por su parte, las reclamaciones podr\u00e1n realizarse los d\u00edas 9, 12 y 13 del mismo mes. Las calificaciones definitivas se publicar\u00e1n a las 15:00 horas del 16 de abril de 2021. Todos los interesados podr\u00e1n acceder a m\u00e1s informaci\u00f3n a trav\u00e9s de este <a href=\"https:\/\/www.ull.es\/admision-becas\/acceso-mayores\/\" target=\"_blank\" rel=\"noopener\">enlace<\/a>.\u00a0Para garantizar la distancia de seguridad y respetar las recomendaciones de aforo, los participantes fueron distribuidos en varios espacios, de manera que el examen de una misma materia se realiza paralelamente en diferentes aulas atendiendo a la capacidad de cada una de ellas. Adem\u00e1s, se han respetado todas las medidas de seguridad establecidas por las autoridades sanitarias relativas a la desinfecci\u00f3n e higiene de las aulas, mesas y sillas.<\/p>\n","protected":false},"excerpt":{"rendered":"<p>La Universidad de La Laguna acoge esta semana la celebraci\u00f3n de las pruebas de acceso a la universidad para mayores&#8230;<\/p>\n","protected":false},"author":23,"featured_media":55337,"comment_status":"closed","ping_status":"closed","sticky":false,"template":"","format":"standard","meta":{"inline_featured_image":false,"footnotes":""},"categories":[343,345,348,2765],"tags":[],"acf":[],"yoast_head":"<!-- This site is optimized with the Yoast SEO plugin v21.3 - https:\/\/yoast.com\/wordpress\/plugins\/seo\/ -->\n<title>Cerca de 200 alumnos realizan esta semana las pruebas de acceso a la universidad para mayores de 25 y 45 a\u00f1os - ULL - Noticias<\/title>\n<meta name=\"robots\" content=\"index, follow, max-snippet:-1, max-image-preview:large, max-video-preview:-1\" \/>\n<link rel=\"canonical\" href=\"https:\/\/www.ull.es\/portal\/noticias\/2021\/cerca-de-200-alumnos-realizan-esta-semana-las-pruebas-de-acceso-a-la-universidad-para-mayores-de-25-y-45-anos\/\" \/>\n<meta property=\"og:locale\" content=\"es_ES\" \/>\n<meta property=\"og:type\" content=\"article\" \/>\n<meta property=\"og:title\" content=\"Cerca de 200 alumnos realizan esta semana las pruebas de acceso a la universidad para mayores de 25 y 45 a\u00f1os - ULL - Noticias\" \/>\n<meta property=\"og:description\" content=\"La Universidad de La Laguna acoge esta semana la celebraci\u00f3n de las pruebas de acceso a la universidad para mayores...\" \/>\n<meta property=\"og:url\" content=\"https:\/\/www.ull.es\/portal\/noticias\/2021\/cerca-de-200-alumnos-realizan-esta-semana-las-pruebas-de-acceso-a-la-universidad-para-mayores-de-25-y-45-anos\/\" \/>\n<meta property=\"og:site_name\" content=\"ULL - Noticias\" \/>\n<meta property=\"article:publisher\" content=\"https:\/\/www.facebook.com\/universidaddelalaguna\/\" \/>\n<meta property=\"article:published_time\" content=\"2021-03-25T11:05:12+00:00\" \/>\n<meta property=\"og:image\" content=\"https:\/\/www.ull.es\/portal\/noticias\/wp-content\/uploads\/sites\/13\/2021\/03\/Acceso-mayores-25-45-03.jpg\" \/>\n\t<meta property=\"og:image:width\" content=\"1024\" \/>\n\t<meta property=\"og:image:height\" content=\"683\" \/>\n\t<meta property=\"og:image:type\" content=\"image\/jpeg\" \/>\n<meta name=\"author\" content=\"gaprsa\" \/>\n<meta name=\"twitter:card\" content=\"summary_large_image\" \/>\n<meta name=\"twitter:creator\" content=\"@CanalULL\" \/>\n<meta name=\"twitter:site\" content=\"@CanalULL\" \/>\n<meta name=\"twitter:label1\" content=\"Escrito por\" \/>\n\t<meta name=\"twitter:data1\" content=\"gaprsa\" \/>\n\t<meta name=\"twitter:label2\" content=\"Tiempo de lectura\" \/>\n\t<meta name=\"twitter:data2\" content=\"3 minutos\" \/>\n<script type=\"application\/ld+json\" class=\"yoast-schema-graph\">{\"@context\":\"https:\/\/schema.org\",\"@graph\":[{\"@type\":\"WebPage\",\"@id\":\"https:\/\/www.ull.es\/portal\/noticias\/2021\/cerca-de-200-alumnos-realizan-esta-semana-las-pruebas-de-acceso-a-la-universidad-para-mayores-de-25-y-45-anos\/\",\"url\":\"https:\/\/www.ull.es\/portal\/noticias\/2021\/cerca-de-200-alumnos-realizan-esta-semana-las-pruebas-de-acceso-a-la-universidad-para-mayores-de-25-y-45-anos\/\",\"name\":\"Cerca de 200 alumnos realizan esta semana las pruebas de acceso a la universidad para mayores de 25 y 45 a\u00f1os - ULL - Noticias\",\"isPartOf\":{\"@id\":\"https:\/\/www.ull.es\/portal\/noticias\/#website\"},\"datePublished\":\"2021-03-25T11:05:12+00:00\",\"dateModified\":\"2021-03-25T11:05:12+00:00\",\"author\":{\"@id\":\"https:\/\/www.ull.es\/portal\/noticias\/#\/schema\/person\/b2b1a89d43ffa609e591f7df8ef3e817\"},\"breadcrumb\":{\"@id\":\"https:\/\/www.ull.es\/portal\/noticias\/2021\/cerca-de-200-alumnos-realizan-esta-semana-las-pruebas-de-acceso-a-la-universidad-para-mayores-de-25-y-45-anos\/#breadcrumb\"},\"inLanguage\":\"es\",\"potentialAction\":[{\"@type\":\"ReadAction\",\"target\":[\"https:\/\/www.ull.es\/portal\/noticias\/2021\/cerca-de-200-alumnos-realizan-esta-semana-las-pruebas-de-acceso-a-la-universidad-para-mayores-de-25-y-45-anos\/\"]}]},{\"@type\":\"BreadcrumbList\",\"@id\":\"https:\/\/www.ull.es\/portal\/noticias\/2021\/cerca-de-200-alumnos-realizan-esta-semana-las-pruebas-de-acceso-a-la-universidad-para-mayores-de-25-y-45-anos\/#breadcrumb\",\"itemListElement\":[{\"@type\":\"ListItem\",\"position\":1,\"name\":\"Portada\",\"item\":\"https:\/\/www.ull.es\/portal\/noticias\/\"},{\"@type\":\"ListItem\",\"position\":2,\"name\":\"Cerca de 200 alumnos realizan esta semana las pruebas de acceso a la universidad para mayores de 25 y 45 a\u00f1os\"}]},{\"@type\":\"WebSite\",\"@id\":\"https:\/\/www.ull.es\/portal\/noticias\/#website\",\"url\":\"https:\/\/www.ull.es\/portal\/noticias\/\",\"name\":\"ULL - Noticias\",\"description\":\"\",\"potentialAction\":[{\"@type\":\"SearchAction\",\"target\":{\"@type\":\"EntryPoint\",\"urlTemplate\":\"https:\/\/www.ull.es\/portal\/noticias\/?s={search_term_string}\"},\"query-input\":\"required name=search_term_string\"}],\"inLanguage\":\"es\"},{\"@type\":\"Person\",\"@id\":\"https:\/\/www.ull.es\/portal\/noticias\/#\/schema\/person\/b2b1a89d43ffa609e591f7df8ef3e817\",\"name\":\"gaprsa\",\"image\":{\"@type\":\"ImageObject\",\"inLanguage\":\"es\",\"@id\":\"https:\/\/www.ull.es\/portal\/noticias\/#\/schema\/person\/image\/\",\"url\":\"https:\/\/secure.gravatar.com\/avatar\/443820550921091458b4823867723b3d?s=96&d=mm&r=g\",\"contentUrl\":\"https:\/\/secure.gravatar.com\/avatar\/443820550921091458b4823867723b3d?s=96&d=mm&r=g\",\"caption\":\"gaprsa\"},\"url\":\"https:\/\/www.ull.es\/portal\/noticias\/author\/gaprsa\/\"}]}<\/script>\n<!-- \/ Yoast SEO plugin. -->","yoast_head_json":{"title":"Cerca de 200 alumnos realizan esta semana las pruebas de acceso a la universidad para mayores de 25 y 45 a\u00f1os - ULL - Noticias","robots":{"index":"index","follow":"follow","max-snippet":"max-snippet:-1","max-image-preview":"max-image-preview:large","max-video-preview":"max-video-preview:-1"},"canonical":"https:\/\/www.ull.es\/portal\/noticias\/2021\/cerca-de-200-alumnos-realizan-esta-semana-las-pruebas-de-acceso-a-la-universidad-para-mayores-de-25-y-45-anos\/","og_locale":"es_ES","og_type":"article","og_title":"Cerca de 200 alumnos realizan esta semana las pruebas de acceso a la universidad para mayores de 25 y 45 a\u00f1os - ULL - Noticias","og_description":"La Universidad de La Laguna acoge esta semana la celebraci\u00f3n de las pruebas de acceso a la universidad para mayores...","og_url":"https:\/\/www.ull.es\/portal\/noticias\/2021\/cerca-de-200-alumnos-realizan-esta-semana-las-pruebas-de-acceso-a-la-universidad-para-mayores-de-25-y-45-anos\/","og_site_name":"ULL - Noticias","article_publisher":"https:\/\/www.facebook.com\/universidaddelalaguna\/","article_published_time":"2021-03-25T11:05:12+00:00","og_image":[{"width":1024,"height":683,"url":"https:\/\/www.ull.es\/portal\/noticias\/wp-content\/uploads\/sites\/13\/2021\/03\/Acceso-mayores-25-45-03.jpg","type":"image\/jpeg"}],"author":"gaprsa","twitter_card":"summary_large_image","twitter_creator":"@CanalULL","twitter_site":"@CanalULL","twitter_misc":{"Escrito por":"gaprsa","Tiempo de lectura":"3 minutos"},"schema":{"@context":"https:\/\/schema.org","@graph":[{"@type":"WebPage","@id":"https:\/\/www.ull.es\/portal\/noticias\/2021\/cerca-de-200-alumnos-realizan-esta-semana-las-pruebas-de-acceso-a-la-universidad-para-mayores-de-25-y-45-anos\/","url":"https:\/\/www.ull.es\/portal\/noticias\/2021\/cerca-de-200-alumnos-realizan-esta-semana-las-pruebas-de-acceso-a-la-universidad-para-mayores-de-25-y-45-anos\/","name":"Cerca de 200 alumnos realizan esta semana las pruebas de acceso a la universidad para mayores de 25 y 45 a\u00f1os - ULL - Noticias","isPartOf":{"@id":"https:\/\/www.ull.es\/portal\/noticias\/#website"},"datePublished":"2021-03-25T11:05:12+00:00","dateModified":"2021-03-25T11:05:12+00:00","author":{"@id":"https:\/\/www.ull.es\/portal\/noticias\/#\/schema\/person\/b2b1a89d43ffa609e591f7df8ef3e817"},"breadcrumb":{"@id":"https:\/\/www.ull.es\/portal\/noticias\/2021\/cerca-de-200-alumnos-realizan-esta-semana-las-pruebas-de-acceso-a-la-universidad-para-mayores-de-25-y-45-anos\/#breadcrumb"},"inLanguage":"es","potentialAction":[{"@type":"ReadAction","target":["https:\/\/www.ull.es\/portal\/noticias\/2021\/cerca-de-200-alumnos-realizan-esta-semana-las-pruebas-de-acceso-a-la-universidad-para-mayores-de-25-y-45-anos\/"]}]},{"@type":"BreadcrumbList","@id":"https:\/\/www.ull.es\/portal\/noticias\/2021\/cerca-de-200-alumnos-realizan-esta-semana-las-pruebas-de-acceso-a-la-universidad-para-mayores-de-25-y-45-anos\/#breadcrumb","itemListElement":[{"@type":"ListItem","position":1,"name":"Portada","item":"https:\/\/www.ull.es\/portal\/noticias\/"},{"@type":"ListItem","position":2,"name":"Cerca de 200 alumnos realizan esta semana las pruebas de acceso a la universidad para mayores de 25 y 45 a\u00f1os"}]},{"@type":"WebSite","@id":"https:\/\/www.ull.es\/portal\/noticias\/#website","url":"https:\/\/www.ull.es\/portal\/noticias\/","name":"ULL - Noticias","description":"","potentialAction":[{"@type":"SearchAction","target":{"@type":"EntryPoint","urlTemplate":"https:\/\/www.ull.es\/portal\/noticias\/?s={search_term_string}"},"query-input":"required name=search_term_string"}],"inLanguage":"es"},{"@type":"Person","@id":"https:\/\/www.ull.es\/portal\/noticias\/#\/schema\/person\/b2b1a89d43ffa609e591f7df8ef3e817","name":"gaprsa","image":{"@type":"ImageObject","inLanguage":"es","@id":"https:\/\/www.ull.es\/portal\/noticias\/#\/schema\/person\/image\/","url":"https:\/\/secure.gravatar.com\/avatar\/443820550921091458b4823867723b3d?s=96&d=mm&r=g","contentUrl":"https:\/\/secure.gravatar.com\/avatar\/443820550921091458b4823867723b3d?s=96&d=mm&r=g","caption":"gaprsa"},"url":"https:\/\/www.ull.es\/portal\/noticias\/author\/gaprsa\/"}]}},"primary_category":{"id":343,"name":"Alumnado","slug":"alumnado","link":"https:\/\/www.ull.es\/portal\/noticias\/category\/alumnado\/"},"featured_image_thumbnail_url":"https:\/\/www.ull.es\/portal\/noticias\/wp-content\/uploads\/sites\/13\/2021\/03\/Acceso-mayores-25-45-03-300x200.jpg","_links":{"self":[{"href":"https:\/\/www.ull.es\/portal\/noticias\/wp-json\/wp\/v2\/posts\/55334"}],"collection":[{"href":"https:\/\/www.ull.es\/portal\/noticias\/wp-json\/wp\/v2\/posts"}],"about":[{"href":"https:\/\/www.ull.es\/portal\/noticias\/wp-json\/wp\/v2\/types\/post"}],"author":[{"embeddable":true,"href":"https:\/\/www.ull.es\/portal\/noticias\/wp-json\/wp\/v2\/users\/23"}],"replies":[{"embeddable":true,"href":"https:\/\/www.ull.es\/portal\/noticias\/wp-json\/wp\/v2\/comments?post=55334"}],"version-history":[{"count":2,"href":"https:\/\/www.ull.es\/portal\/noticias\/wp-json\/wp\/v2\/posts\/55334\/revisions"}],"predecessor-version":[{"id":55338,"href":"https:\/\/www.ull.es\/portal\/noticias\/wp-json\/wp\/v2\/posts\/55334\/revisions\/55338"}],"wp:featuredmedia":[{"embeddable":true,"href":"https:\/\/www.ull.es\/portal\/noticias\/wp-json\/wp\/v2\/media\/55337"}],"wp:attachment":[{"href":"https:\/\/www.ull.es\/portal\/noticias\/wp-json\/wp\/v2\/media?parent=55334"}],"wp:term":[{"taxonomy":"category","embeddable":true,"href":"https:\/\/www.ull.es\/portal\/noticias\/wp-json\/wp\/v2\/categories?post=55334"},{"taxonomy":"post_tag","embeddable":true,"href":"https:\/\/www.ull.es\/portal\/noticias\/wp-json\/wp\/v2\/tags?post=55334"}],"curies":[{"name":"wp","href":"https:\/\/api.w.org\/{rel}","templated":true}]}}