{"id":55404,"date":"2021-04-05T07:47:22","date_gmt":"2021-04-05T07:47:22","guid":{"rendered":"https:\/\/www.ull.es\/portal\/noticias\/?p=55404"},"modified":"2024-08-05T12:14:04","modified_gmt":"2024-08-05T12:14:04","slug":"historias-de-voluntariado","status":"publish","type":"post","link":"https:\/\/www.ull.es\/portal\/noticias\/2021\/historias-de-voluntariado\/","title":{"rendered":"Historias de voluntariado"},"content":{"rendered":"<p>Mucho m\u00e1s all\u00e1 de las estad\u00edsticas, de los datos oficiales estampados en informes anuales que se\u00f1alan que en Espa\u00f1a alrededor del 7% de la poblaci\u00f3n mayor de 14 a\u00f1os es voluntaria en alguna causa, est\u00e1n las historias de hombres y mujeres que deciden, en alg\u00fan momento, compartir una parte importante de sus vidas con otras personas a las que no conocen. Y lo hacen porque tienen la necesidad de hacerlo, sin m\u00e1s. Sin pedir nada a cambio.<\/p>\n<p>Amanda Negr\u00edn, Marta Rodr\u00edguez, Bego\u00f1a S\u00e1nchez,\u00a0Xavier Mejide, Jenifer \u00c1lvarez, Eduardo Gonz\u00e1lez, Selene D\u00edaz y Gara Hern\u00e1ndez son algunas de esas personas. En sus vidas, aparte de su curriculum vitae acad\u00e9mico en la Universidad de La Laguna, hay otro curr\u00edculo bien distinto: el que se compone de experiencias vitales intensas y \u00fanicas que les brindan la oportunidad de tender la mano a quienes m\u00e1s la necesitan. La oportunidad de ser solidarios. De ser comprometidos. De ayudar.<\/p>\n<p>Estas son sus historias. Historias de voluntariado que los convierten en parte de ese porcentaje del 0,46% que representa a Canarias en el mapa de personas que realizan actividades de voluntariado en Espa\u00f1a, un pa\u00eds donde la pandemia de la COVID-19 que arrastramos desde hace un a\u00f1o ha conseguido cambiar la percepci\u00f3n del voluntariado y de lo importante que es contribuir desinteresadamente, con tiempo y dedicaci\u00f3n, a la mejora de la sociedad.<\/p>\n<p>Y es que seg\u00fan se refleja en una <a href=\"https:\/\/plataformavoluntariado.org\/termometro-voluntariado\/\" target=\"_blank\" rel=\"noopener\" target=\"_blank\" rel=\"noopener\">encuesta online<\/a> muy reciente lanzada por la <a href=\"https:\/\/www.epdata.es\/datos\/voluntariado-datos-estadisticas\/226\" target=\"_blank\" rel=\"noopener\" target=\"_blank\" rel=\"noopener\">Plataforma del Voluntariado en Espa\u00f1a<\/a>, el 70% de los encuestados cree que la pandemia ha hecho que aumente la solidaridad en nuestro pa\u00eds. Y no solo eso. Tambi\u00e9n considera que el voluntariado es, a d\u00eda de hoy, una herramienta fundamental para recuperarnos de la llamada crisis del coronavirus que, de momento, parece no tener visos de una pronta soluci\u00f3n.<\/p>\n<div id=\"attachment_55406\" style=\"width: 210px\" class=\"wp-caption alignleft\"><a href=\"https:\/\/www.ull.es\/portal\/noticias\/wp-content\/uploads\/sites\/13\/2021\/03\/Grupo-voluntariado-17.jpg\" target=\"_blank\" rel=\"noopener\" target=\"_blank\" rel=\"noopener\"><img aria-describedby=\"caption-attachment-55406\" decoding=\"async\" loading=\"lazy\" class=\"wp-image-55406 size-medium\" src=\"https:\/\/www.ull.es\/portal\/noticias\/wp-content\/uploads\/sites\/13\/2021\/03\/Grupo-voluntariado-17-200x300.jpg\" alt=\"Amanda Negr\u00edn Plata\" width=\"200\" height=\"300\" srcset=\"https:\/\/www.ull.es\/portal\/noticias\/wp-content\/uploads\/sites\/13\/2021\/03\/Grupo-voluntariado-17-200x300.jpg 200w, https:\/\/www.ull.es\/portal\/noticias\/wp-content\/uploads\/sites\/13\/2021\/03\/Grupo-voluntariado-17-375x562.jpg 375w, https:\/\/www.ull.es\/portal\/noticias\/wp-content\/uploads\/sites\/13\/2021\/03\/Grupo-voluntariado-17.jpg 683w\" sizes=\"(max-width: 200px) 100vw, 200px\" \/><\/a><p id=\"caption-attachment-55406\" class=\"wp-caption-text\">Amanda Negr\u00edn Plata<\/p><\/div>\n<p><strong>Amanda en Indonesia<\/strong><\/p>\n<p>La isla de Lombok no suele figurar en el circuito que cualquier viajero de turismo de masas en busca de vacaciones de postal y <em>echadera<\/em> en tumbonas de \u2018macroresorts\u2019 de lujo, contempla cuando decide poner rumbo a Indonesia. Porque a pesar de que la industria tur\u00edstica est\u00e1 comenzando a despegar en este destino, Lombock es m\u00e1s salvaje, es genuina y tranquila, y una m\u00e1s del semillero de las casi 18.000 islas que forman el archipi\u00e9lago asi\u00e1tico.<\/p>\n<p>Pero algo m\u00e1s tiene esta isla, aparte de sus bellas y solitarias playas o sus sensacionales paisajes naturales, que conquist\u00f3 por completo a Amanda Negr\u00edn Plata, profesora del <a href=\"https:\/\/www.ull.es\/departamentos\/ciencias-de-la-comunicacion-y-trabajo-social\/\" target=\"_blank\" rel=\"noopener\" target=\"_blank\" rel=\"noopener\">Departamento de Ciencias de la Comunicaci\u00f3n y Trabajo Social<\/a> de la ULL, que un d\u00eda decidi\u00f3 ser voluntaria en el \u00e1mbito de la cooperaci\u00f3n para el desarrollo y realiz\u00f3 un viaje de un a\u00f1o a Indonesia con el que buscaba desconectar del mundo occidental y conocer otras culturas, otras formas de vida.<\/p>\n<p>Ese viaje que cambi\u00f3 su forma de mirar el mundo lo hizo con otras tres personas: Rosa, Eneas y Lola, dos profesores y una psic\u00f3loga, que se han convertido en compa\u00f1eros de vida y que, a d\u00eda de hoy, son los otros tres pilares en los que se sustenta <a href=\"https:\/\/ongbalancedworld.org\/inicio\/\" target=\"_blank\" rel=\"noopener\" target=\"_blank\" rel=\"noopener\">Balance World<\/a>, la ONG que opera en Indonesia y que naci\u00f3 a la vuelta de este peregrinaje revelador por la otra cara del planeta.<\/p>\n<p>\u201cCuando llegamos de ese viaje decidimos que quer\u00edamos seguir cooperando desde Canarias y por eso fundamos en 2014 Balance World, de la que fui presidenta los cuatro primeros a\u00f1os. Iniciamos un proyecto de cooperaci\u00f3n al desarrollo y de ayuda humanitaria a pesar de que no ten\u00edamos dinero. Pon\u00edamos lo que pod\u00edamos de nuestro propio sueldo\u201d, comenta Amanda Negr\u00edn.<\/p>\n<p>Hab\u00eda que acordar d\u00f3nde implantar el programa de cooperaci\u00f3n. Fue entonces cuando dieron con Lombok. All\u00ed conocieron a los integrantes de una organizaci\u00f3n que operaba en el colegio local y comenzaron a trabajar con los ni\u00f1os y sus familias. Lo hac\u00edan con programas espec\u00edficos, de dos o tres meses de duraci\u00f3n, con los que impart\u00edan clases de idiomas a los escolares. Una forma de tener un trabajo en el incipiente sector tur\u00edstico de esta isla subdesarrollada.<\/p>\n<p>Desde entonces no han parado. Aprovechan las vacaciones y las estancias de investigaci\u00f3n para el profesorado y se trasladan hasta all\u00ed una vez al a\u00f1o, aunque el pasado 2020 la <em>covid <\/em>trunc\u00f3 esos planes. \u201cEn todos esos pa\u00edses no nos podemos creer nada de lo que nos digan. Como las fronteras siguen cerradas, nuestra idea este a\u00f1o es hacer todo el trabajo desde aqu\u00ed, de manera telem\u00e1tica, y viajar en el mes de agosto, si es posible\u201d.<\/p>\n<p>Despu\u00e9s de cuatro a\u00f1os sin ayudas, aparte del dinero que sal\u00eda de sus propios bolsillos, Balance World recibe en 2017 su primera subvenci\u00f3n de manos del <a href=\"https:\/\/cabildo.grancanaria.com\/\" target=\"_blank\" rel=\"noopener\">Cabildo de Gran Canaria<\/a> para montar un aula inform\u00e1tica en Indonesia. Las cosas empiezan a cambiar. La <a href=\"https:\/\/www.fecam.es\/\" target=\"_blank\" rel=\"noopener\" target=\"_blank\" rel=\"noopener\">Federaci\u00f3n Canaria de Municipios (Fecam)<\/a> decide apoyarlos. Y el <a href=\"https:\/\/www.aytocamargo.es\/\" target=\"_blank\" rel=\"noopener\" target=\"_blank\" rel=\"noopener\">Ayuntamiento de Camargo<\/a>, en Cantabria. Y el <a href=\"https:\/\/www.gobiernodecanarias.org\/principal\/\" target=\"_blank\" rel=\"noopener\" target=\"_blank\" rel=\"noopener\">Gobierno de Canarias<\/a>, que subvenciona actualmente dos proyectos: uno sobre el agua en Lombok y otro (en las islas) llamado \u2018Mayores Conectados\u2019, con el que ayudan a aumentar su resiliencia frente a la soledad, tan acusada en estos momentos.<\/p>\n<p>No solo las administraciones p\u00fablicas ayudan a la <em>oeneg\u00e9<\/em>. Las donaciones de particulares son vitales para hacer todo lo que hay que hacer. \u201cAparte de las clases ten\u00edamos un programa de educaci\u00f3n maternoinfantil con las mujeres para orientarlas en todos los aspectos importantes de la crianza \u2012apunta Amanda Negr\u00edn\u2012 y otro espec\u00edfico con el que los form\u00e1bamos sobre el contagio de la malaria y les ense\u00f1\u00e1bamos los mecanismos naturales para defenderse de ella\u201d.<\/p>\n<p>La presencia en Lombok la fue capacitando para hacer un diagn\u00f3stico real de la zona, de la poblaci\u00f3n, y saber exactamente cu\u00e1les eran las necesidades m\u00e1s acuciantes. Ahora est\u00e1 centrada (con su ONG) en la potabilizaci\u00f3n del agua, pero tambi\u00e9n se aborda la recogida de basura, el empoderamiento de la mujer, la concienciaci\u00f3n medioambiental, la creaci\u00f3n de huertos sostenibles\u2026<\/p>\n<p>Tal es el conocimiento que Amanda tiene del lugar que fue el motor que puso en marcha su doctorado, el que realiza en la Universidad de La Laguna de la mano de los profesores Ernesto Su\u00e1rez Rodr\u00edguez, experto en <a href=\"https:\/\/www.ull.es\/investigacion\/grupos-investigacion\/psicologia-ambiental\/\" target=\"_blank\" rel=\"noopener\" target=\"_blank\" rel=\"noopener\">psicolog\u00eda ambiental<\/a>, y\u00a0 Manuel Hern\u00e1ndez Hern\u00e1ndez, los directores de su tesis doctoral, que aborda la capacidad de resiliencia de la poblaci\u00f3n frente a un desastre natural.<\/p>\n<p>Y qu\u00e9 mejor escenario para medir la resiliencia que Lombok. All\u00ed, esta profesora, que defiende que la cooperaci\u00f3n al desarrollo tiene que estar unida a la investigaci\u00f3n, vivi\u00f3 en carne propia el terrible terremoto que sacudi\u00f3 la zona en agosto de 2018. El norte de la isla qued\u00f3 destruido y tuvo que desplazarse con sus compa\u00f1eros para activar la ayuda humanitaria en colaboraci\u00f3n con otra ONG local. Hab\u00eda que arrimar a\u00fan m\u00e1s el hombro para superar otro escollo.<\/p>\n<p>\u201cTras el terremoto se qued\u00f3 la isla vac\u00eda, destrozada. Un mont\u00f3n de gente lo perdi\u00f3 todo. Y cuando en verano de 2019 comenzaba a recibir de nuevo turistas, lleg\u00f3 la pandemia\u201d. Por eso el a\u00f1o pasado se pusieron en marcha programas para suministrar jabones, mascarillas y comida.<\/p>\n<p>Pese a todo, a la pobreza extrema, a tener que sobrevivir sin nada, a los problemas en cascada que no dan un respiro, \u201cla gente mantiene siempre la sonrisa en su cara, vas a su casa y te ofrecen de todo. Entonces te das cuenta de que tenemos que aprender de ellos\u201d, dice Negr\u00edn.<\/p>\n<div id=\"attachment_55407\" style=\"width: 310px\" class=\"wp-caption alignright\"><a href=\"https:\/\/www.ull.es\/portal\/noticias\/wp-content\/uploads\/sites\/13\/2021\/03\/Grupo-voluntariado-07.jpg\" target=\"_blank\" rel=\"noopener\" target=\"_blank\" rel=\"noopener\"><img aria-describedby=\"caption-attachment-55407\" decoding=\"async\" loading=\"lazy\" class=\"wp-image-55407 size-medium\" src=\"https:\/\/www.ull.es\/portal\/noticias\/wp-content\/uploads\/sites\/13\/2021\/03\/Grupo-voluntariado-07-300x200.jpg\" alt=\"Grupo &quot;Nunca solos&quot;, de izquierda a derecha: Bego\u00f1a S\u00e1nchez, Eduardo Garc\u00eda, Marta Rodr\u00edguez, Jenifer \u00c1lvarez y Gara Hern\u00e1ndez.\" width=\"300\" height=\"200\" srcset=\"https:\/\/www.ull.es\/portal\/noticias\/wp-content\/uploads\/sites\/13\/2021\/03\/Grupo-voluntariado-07-300x200.jpg 300w, https:\/\/www.ull.es\/portal\/noticias\/wp-content\/uploads\/sites\/13\/2021\/03\/Grupo-voluntariado-07-768x512.jpg 768w, https:\/\/www.ull.es\/portal\/noticias\/wp-content\/uploads\/sites\/13\/2021\/03\/Grupo-voluntariado-07-375x250.jpg 375w, https:\/\/www.ull.es\/portal\/noticias\/wp-content\/uploads\/sites\/13\/2021\/03\/Grupo-voluntariado-07-750x500.jpg 750w, https:\/\/www.ull.es\/portal\/noticias\/wp-content\/uploads\/sites\/13\/2021\/03\/Grupo-voluntariado-07.jpg 1024w\" sizes=\"(max-width: 300px) 100vw, 300px\" \/><\/a><p id=\"caption-attachment-55407\" class=\"wp-caption-text\">Grupo \u00abNunca solos\u00bb, de izquierda a derecha: Bego\u00f1a S\u00e1nchez, Eduardo Garc\u00eda, Marta Rodr\u00edguez, Jenifer \u00c1lvarez y Gara Hern\u00e1ndez.<\/p><\/div>\n<p><strong>El porqu\u00e9 de Nunca Solos<\/strong><\/p>\n<p>Si algo tiene el voluntariado es que es un aprendizaje constante. Y emocional, como no puede ser de otra forma. El reencuentro de personas que no se ve\u00edan desde hace 40 a\u00f1os dibuja, en parte, la esencia de Nunca Solos, una hermosa iniciativa gracias a la que gente mayor que hab\u00eda perdido la ilusi\u00f3n volv\u00eda a socializar y a relacionarse con su entorno de una forma saludable.<\/p>\n<p>Bego\u00f1a S\u00e1nchez (la mentora), profesora de la Escuela de <a href=\"https:\/\/www.ull.es\/la-universidad\/facultades-centros-departamentos\/escuela-enfermeria-candelaria\/\" target=\"_blank\" rel=\"noopener\" target=\"_blank\" rel=\"noopener\">Enfermer\u00eda Nuestra Se\u00f1ora de La Candelaria<\/a>, adscrita a la ULL, ten\u00eda claro que, aunque se pusiera solo un granito de arena, hab\u00eda que hacer algo para que el alumnado se sintiera parte de los servicios que se dan a los pacientes, a la sociedad. En eso consiste el cambio. Y en eso se emplearon los promotores de este proyecto: Marta Rodr\u00edguez Belzuz, Jenifer \u00c1lvarez Afonso, Gara Hern\u00e1ndez S\u00e1nchez y Eduardo Gonz\u00e1lez Garc\u00eda, art\u00edfices de Nunca Solos.<\/p>\n<p>Estos estudiantes del <a href=\"https:\/\/www.ull.es\/grados\/enfermeria\/\" target=\"_blank\" rel=\"noopener\" target=\"_blank\" rel=\"noopener\">Grado en Enfermer\u00eda<\/a> con conocimientos espec\u00edficos en h\u00e1bitos de vida saludable y formaci\u00f3n en ayuda pusieron el foco en las personas mayores que, a pesar de tener autonom\u00eda y valerse por s\u00ed mismas, se sent\u00edan solas, relegadas. Y le dieron forma a la idea con un mapa salutog\u00e9nico que contemplara ayudarlos a hacer compras saludables en el supermercado, buscar actividades en asociaciones de vecinos en las que se pudieran implicar, impartirles talleres de higiene de manos o llevarlos a dar un paseo por su barrio. En definitiva, ofrecerles un acompa\u00f1amiento terap\u00e9utico.<\/p>\n<p>Una parte fue posible gracias a una beca del programa <a href=\"https:\/\/www.ull.es\/portal\/ingenia\/\" target=\"_blank\" rel=\"noopener\">Ingenia<\/a>, desarrollado por el <a href=\"https:\/\/www.ull.es\/la-universidad\/equipo-gobierno\/vicerrectorado-estudiantes-empleabilidad-campus-guajara\/\" target=\"_blank\" rel=\"noopener\" target=\"_blank\" rel=\"noopener\">Vicerrectorado de Estudiantes, Empleabilidad y Campus Guajara<\/a> y la <a href=\"https:\/\/fg.ull.es\/\" target=\"_blank\" rel=\"noopener\" target=\"_blank\" rel=\"noopener\">Fundaci\u00f3n General Universidad de La Laguna<\/a>, y financiado por el Cabildo de Tenerife. El proyecto ten\u00eda unos plazos que cumplir. Estaba pensado para hacerlo de marzo a junio pero no pudo ser. La pandemia lo posterg\u00f3 y comenz\u00f3 en verano.<\/p>\n<p>\u201cLo primero que hicimos fue pedir permiso a la Gerencia de Atenci\u00f3n Primaria de Tenerife para ponernos en contacto con las enfermeras de enlace en el \u00e1rea metropolitana. As\u00ed fue como empez\u00f3 una parte de la captaci\u00f3n de las personas mayores. Hab\u00eda que seleccionar aquellas que tuvieran movilidad y pudieran salir de sus domicilios, ya que con el confinamiento los voluntarios no pod\u00edan entrar en sus casas\u201d, explica Bego\u00f1a S\u00e1nchez.<\/p>\n<p>El siguiente paso consisti\u00f3 en acudir a una asociaci\u00f3n de vecinos lagunera y a Cruz Roja, tanto de La Laguna como de Santa Cruz, para que les facilitasen contactos de gente interesada en participar. En total, 11 personas mayores de 65 a\u00f1os decidieron enrolarse en esta experiencia junto a 20 voluntarios, todos estudiantes de Enfermer\u00eda, que convalidaron sus horas de voluntariado con cr\u00e9ditos de libre configuraci\u00f3n. Ya en la desescalada, Nunca Solos cobr\u00f3 vida.<\/p>\n<p>Sin duda, Marta, Jenifer, Gara y Eduardo supieron dar respuesta a los baches generados por la pandemia. Visitaban a los mayores una o dos veces por semana, siempre al aire libre, aunque tambi\u00e9n hubo acompa\u00f1amiento telef\u00f3nico. Se sab\u00eda que llegaban porque los 1.000 euros de Ingenia les sirvieron para hacerse con tarjetas, camisetas y gorras identificativas que luc\u00edan en los paseos. Tambi\u00e9n para coger el tranv\u00eda.<\/p>\n<p>Cada semana se planeaba con los voluntarios: d\u00f3nde quedar, qu\u00e9 hacer&#8230; \u201cLas personas que participaron en el proyecto \u2012dice Marta Rodr\u00edguez\u2012 nos llegaron a confesar que la experiencia les hab\u00eda cambiado la vida, que hab\u00edan recuperado la ilusi\u00f3n y las ganas de vivir\u201d. Al fin y al cabo, se trataba de todo un intercambio generacional, una aportaci\u00f3n rec\u00edproca y enriquecedora.<\/p>\n<p>La primera entrega, por as\u00ed decirlo, de Nunca Solos, termin\u00f3 en diciembre. Se present\u00f3 el proyecto final, se colgaron unos cuestionarios de satisfacci\u00f3n en la web y todos sus protagonistas se reunieron para merendar. Todos los mayores pudieron conocerse, aunque algunos ya lo hab\u00edan hecho 40 a\u00f1os atr\u00e1s. Solo el reencuentro lo compensaba todo.<\/p>\n<p>Ahora Jenifer, Gara Eduardo y Marta van a por una segunda edici\u00f3n. Hay que repetir la experiencia. Darle continuidad. Fue un trabajo intenso y se tuvieron que sortear muchas dificultades, pero pudo hacerse. Planificaron y pusieron en marcha su propio proyecto, su \u2018miniempresa\u2019 particular que, por qu\u00e9 no, podr\u00eda ser una v\u00eda de trabajo en el futuro.<\/p>\n<p>La Universidad de La Laguna sigue apoyando la idea y ellos han solicitado una beca a la Fundaci\u00f3n ABC, pero tendr\u00e1n que esperar hasta mayo o junio para saber si pueden contar con ella. \u201cSabemos que los voluntarios siguen en contacto con los mayores. Tanto unos como otros est\u00e1n pendientes de continuar\u201d, dicen los protagonistas de esta historia. Y algo as\u00ed no se puede parar. Aqu\u00ed hay potencial y mucha generosidad con la que se logra hacer m\u00e1s agradable la vida a los dem\u00e1s.<\/p>\n<div id=\"attachment_55408\" style=\"width: 210px\" class=\"wp-caption alignleft\"><a href=\"https:\/\/www.ull.es\/portal\/noticias\/wp-content\/uploads\/sites\/13\/2021\/03\/Grupo-voluntariado-09.jpg\" target=\"_blank\" rel=\"noopener\" target=\"_blank\" rel=\"noopener\"><img aria-describedby=\"caption-attachment-55408\" decoding=\"async\" loading=\"lazy\" class=\"wp-image-55408 size-medium\" src=\"https:\/\/www.ull.es\/portal\/noticias\/wp-content\/uploads\/sites\/13\/2021\/03\/Grupo-voluntariado-09-200x300.jpg\" alt=\"Xavier Mejide Castro\" width=\"200\" height=\"300\" srcset=\"https:\/\/www.ull.es\/portal\/noticias\/wp-content\/uploads\/sites\/13\/2021\/03\/Grupo-voluntariado-09-200x300.jpg 200w, https:\/\/www.ull.es\/portal\/noticias\/wp-content\/uploads\/sites\/13\/2021\/03\/Grupo-voluntariado-09-375x562.jpg 375w, https:\/\/www.ull.es\/portal\/noticias\/wp-content\/uploads\/sites\/13\/2021\/03\/Grupo-voluntariado-09.jpg 683w\" sizes=\"(max-width: 200px) 100vw, 200px\" \/><\/a><p id=\"caption-attachment-55408\" class=\"wp-caption-text\">Xavier Mejide Castro<\/p><\/div>\n<p><strong>Xavier con los m\u00e1s vulnerables<\/strong><\/p>\n<p>Xavier Mejide Castro, estudiante de cuarto a\u00f1o del <a href=\"https:\/\/www.ull.es\/grados\/psicologia\/\" target=\"_blank\" rel=\"noopener\" target=\"_blank\" rel=\"noopener\">Grado en Psicolog\u00eda<\/a> en la ULL, no imaginaba hasta qu\u00e9 punto muchos colectivos de la sociedad carecen a\u00fan de la informaci\u00f3n suficiente para prevenir la infecci\u00f3n del VIH e impedir que se desarrolle el SIDA. Se top\u00f3 con esa realidad en septiembre de 2020, cuando fue, por primera vez, a una de las charlas sobre el virus que se imparten gracias a \u2018El Puntito\u2019, el nombre con el que se conoce el proyecto \u00abAtenci\u00f3n Integral a Personas Seropositivas en Situaci\u00f3n de Vulnerabilidad\u00bb, en el que es voluntario.<\/p>\n<p>El voluntariado siempre hab\u00eda estado ah\u00ed, como un runr\u00fan en la cabeza de Xavier, pero fue en el confinamiento cuando se decidi\u00f3. \u201cReconozco que tras vivir el confinamiento se me abrieron las ideas y no pod\u00eda conformarme solo con estudiar, necesitaba activarme. As\u00ed que decid\u00ed animarme a ser voluntario. Siempre me hab\u00eda atra\u00eddo y ahora que he comprobado lo que me gusta,\u00a0 seguramente me implique en m\u00e1s proyectos\u201d.<\/p>\n<p>\u201cLa primera vez que fui a un colectivo me impresion\u00f3 ver c\u00f3mo las personas desconoc\u00edan la enfermedad y c\u00f3mo funcionan los estereotipos del VIH. El primer colectivo que visit\u00e9 fue un grupo de inmigrantes del centro de Candelaria, en Punta Larga. All\u00ed hab\u00eda chicos que casi no hablaban espa\u00f1ol, solo franc\u00e9s, pero aun as\u00ed compruebas el desconocimiento que tienen\u201d, apunta Xavier Mejide.<\/p>\n<p>El siguiente grupo con el que tuvo la oportunidad de charlar lo compon\u00edan varias personas drogodependientes. Con ellas comprob\u00f3 que la situaci\u00f3n no variaba demasiado. Los mismos estereotipos volv\u00edan a repetirse en otros grupos. Las charlas, que son parte de un programa preventivo que lleva a cabo Cruz Roja con la financiaci\u00f3n del Gobierno de Canarias, las dan en centros educativos.<\/p>\n<p>Junto al car\u00e1cter preventivo de \u2018El Puntito\u2019 (as\u00ed se conoce el proyecto por todas las localizaciones en las que act\u00faa) est\u00e1 el integrador, ya que se hace un seguimiento a las personas con VIH, adem\u00e1s de efectuar pruebas para detectar si se tienen los anticuerpos de la enfermedad. Para ello cuentan con personal de enfermer\u00eda que, adem\u00e1s, se encarga de la parte introductoria de las charlas.<\/p>\n<p>El proyecto acaba en diciembre pero a d\u00eda de hoy ya han visitado muchos puntos en los que no solo dan conferencias sobre prevenci\u00f3n del VIH, tambi\u00e9n sobre educaci\u00f3n sexual. Se han hecho campa\u00f1as en las RRSS y a pie de calle, repartiendo preservativos a los colectivos m\u00e1s vulnerables: las personas drogodependientes y las mujeres prostituidas.<\/p>\n<p>Todo comenz\u00f3 de forma gradual. \u201cEmpezamos con peque\u00f1as reuniones para conocernos entre nosotros, los voluntarios y el equipo de gesti\u00f3n, y fuimos trabajando en ideas concretas, como hace un grupo de trabajo, planificando el calendario de acciones, sobre todo de las charlas, porque generalmente vamos acompa\u00f1ando a los t\u00e9cnicos\u201d.<\/p>\n<p>Para que las cosas salgan adelante se re\u00fanen, al menos una vez a la semana, en la sede que <a href=\"https:\/\/www.cruzroja.es\/principal\/web\/provincial-tenerife\/inicio\" target=\"_blank\" rel=\"noopener\" target=\"_blank\" rel=\"noopener\">Cruz Roja<\/a> en Tenerife tiene en Santa Cruz. No es f\u00e1cil, porque son muchos las voluntarias y voluntarios que participan. \u2018El Puntito\u2019 lo convierten en realidad 14 personas que hacen lo imposible por cuadrar sus agendas para que el proyecto siga avanzando a buen ritmo.<\/p>\n<p>Xavier tiene que compatibilizarlo con su actividad acad\u00e9mica. Est\u00e1 en cuarto a\u00f1o de psicolog\u00eda y tiene que estirar su tiempo, como si fuera un chicle, para dedicarse al TFG, a las clases y a las pr\u00e1cticas que realiza en otro proyecto que mantiene la ULL con Cruz Roja, centrado en las\u00a0 medidas alternativas a prisi\u00f3n, y en el que trabaja con grupos de personas con antecedentes delictivos, bien en el \u00e1mbito de en violencia de g\u00e9nero o en el de la seguridad vial.<\/p>\n<p>En su experiencia como voluntario no todo son charlas preventivas. Hay otras cosas tan chulas como el concurso de grafitis que convocaron en diciembre de 2020, y en el que particip\u00f3 todo el que quiso. Al ganador se le reservaron unos muros para que su obra pudiera contemplarla todo el que pasara por el lugar.<\/p>\n<div id=\"attachment_55409\" style=\"width: 310px\" class=\"wp-caption alignright\"><a href=\"https:\/\/www.ull.es\/portal\/noticias\/wp-content\/uploads\/sites\/13\/2021\/03\/Grupo-voluntariado-13.jpg\" target=\"_blank\" rel=\"noopener\" target=\"_blank\" rel=\"noopener\"><img aria-describedby=\"caption-attachment-55409\" decoding=\"async\" loading=\"lazy\" class=\"wp-image-55409 size-medium\" src=\"https:\/\/www.ull.es\/portal\/noticias\/wp-content\/uploads\/sites\/13\/2021\/03\/Grupo-voluntariado-13-300x200.jpg\" alt=\"Selene D\u00edaz Gonz\u00e1lez\" width=\"300\" height=\"200\" srcset=\"https:\/\/www.ull.es\/portal\/noticias\/wp-content\/uploads\/sites\/13\/2021\/03\/Grupo-voluntariado-13-300x200.jpg 300w, https:\/\/www.ull.es\/portal\/noticias\/wp-content\/uploads\/sites\/13\/2021\/03\/Grupo-voluntariado-13-768x512.jpg 768w, https:\/\/www.ull.es\/portal\/noticias\/wp-content\/uploads\/sites\/13\/2021\/03\/Grupo-voluntariado-13-375x250.jpg 375w, https:\/\/www.ull.es\/portal\/noticias\/wp-content\/uploads\/sites\/13\/2021\/03\/Grupo-voluntariado-13-750x500.jpg 750w, https:\/\/www.ull.es\/portal\/noticias\/wp-content\/uploads\/sites\/13\/2021\/03\/Grupo-voluntariado-13.jpg 1024w\" sizes=\"(max-width: 300px) 100vw, 300px\" \/><\/a><p id=\"caption-attachment-55409\" class=\"wp-caption-text\">Selene D\u00edaz Gonz\u00e1lez<\/p><\/div>\n<p><strong>Selene y las viseras anticovid<\/strong><\/p>\n<p>Selene D\u00edaz Gonz\u00e1lez, estudiante de tercer a\u00f1o del programa de <a href=\"https:\/\/www.ull.es\/doctorados\/quimica-ingenieria-quimica\/\" target=\"_blank\" rel=\"noopener\" target=\"_blank\" rel=\"noopener\">Doctorado en Qu\u00edmica e Ingenier\u00eda Qu\u00edmica en la ULL<\/a>, se pasaba el d\u00eda en la carretera. Con su coche, iba de La Laguna a Santa Cruz y de Santa Cruz a La Laguna para llegar a las casas de las personas que estaban fabricando viseras con impresoras 3D. Las recog\u00eda, les daba m\u00e1s pl\u00e1stico para seguir con la confecci\u00f3n y las llevaba hasta la Casa de la Juventud de La Laguna, donde la gente pasaba a retirarlas y llevarlas a los hospitales, donde hac\u00edan verdadera falta.<\/p>\n<p>Eso fue durante el confinamiento. Hablamos del confinamiento m\u00e1s duro, cuando las UCI de los hospitales estaban saturadas, cuando no se sab\u00eda a ciencia cierta qu\u00e9 iba a pasar y los EPI (Equipos de Protecci\u00f3n Individuales) que usa el personal sanitario escaseaban no solo en Espa\u00f1a. En todo el mundo. Por eso toda iniciativa era bienvenida. Hab\u00eda que salvar vidas.<\/p>\n<p>La historia de la que Selene es protagonista salt\u00f3 a las p\u00e1ginas de los peri\u00f3dicos bajo el nombre de Coronavirusmakers, una iniciativa espont\u00e1nea que recorri\u00f3 toda Espa\u00f1a y teji\u00f3 una enorme red solidaria en la que m\u00e1s de 10.000 voluntarios pusieron a funcionar a toda m\u00e1quina sus equipos de impresi\u00f3n 3D para construir el material sanitario que se necesitaba en la lucha contra la COVID-19.<\/p>\n<p>\u201cYo me enter\u00e9 de lo que estaban haciendo en Coronavirusmakers por las RRSS, por Facebookl, y me puse en contacto de inmediato con gente de Tenerife. Qu\u00e9 menos que ayudar. Como mi impresora 3D estaba en la ULL, y no pod\u00eda usarla, ayud\u00e9 con la parte de la log\u00edstica y la coordinaci\u00f3n en la isla. Nos pusimos en contacto con la directora general de <a href=\"http:\/\/www.juventudcanaria.com\/juventudcanaria\/conocenos\/\" target=\"_blank\" rel=\"noopener\" target=\"_blank\" rel=\"noopener\">Juventud del Gobierno de Canarias<\/a>, Laura Fuentes, y se nos cedi\u00f3 un espacio en la Casa de Juventud de La Laguna, donde hac\u00edamos el montaje y dirig\u00edamos el reparto de las viseras\u201d, explica Selene D\u00edaz.<\/p>\n<p>Desde el centro de operaciones lagunero se organizaba todo. La isla se dividi\u00f3, como un gran pastel, en tres partes. La zona metropolitana (Santa Cruz y La Laguna) era cosa de Selene. El sur y el norte lo coordinaban otras personas. As\u00ed estuvieron desde marzo hasta julio, con una dedicaci\u00f3n absoluta y un trabajo constante con los que consiguieron fabricar y entregar 30.000 viseras.<\/p>\n<p>Unas viseras solidarias que vieron la luz gracias a la aportaci\u00f3n de mucha gente, desde empresas, aut\u00f3nomos y particulares desinteresados que donaban dinero con el que comprar el material, las l\u00e1minas de pl\u00e1stico, los el\u00e1sticos y todo lo que hac\u00eda falta para confeccionarlas. A efectos de organizaci\u00f3n hab\u00eda seis coordinadores y alrededor de 400 personas colaborando en Tenerife.<\/p>\n<p>Entre los colaboradores, el <a href=\"https:\/\/www.ull.es\/la-universidad\/equipo-gobierno\/vicerrectorado-investigacion-transferencia-santa-cruz-sur\/\" target=\"_blank\" rel=\"noopener\" target=\"_blank\" rel=\"noopener\">Vicerrectorado de Investigaci\u00f3n, Transferencia y Campus Santa Cruz y Sur<\/a> de la ULL. \u201cMe puse en contacto con el vicerrector, Ernesto Pereda para pedirle ayuda y nos donaron m\u00e1s de 80 kilos de pl\u00e1stico. Tampoco me puedo olvidar de S.A.T \u00c9lite Inform\u00e1tica, Garhem 3D, que fue la que nos moviliz\u00f3 a todos, o Leroy Merl\u00edn y tantas y tantas personas quedonaban lo que pod\u00edan\u201d.<\/p>\n<p>Selene se tuvo que mover entre las mercer\u00edas para adquirir los el\u00e1sticos, por los mayoristas de papeler\u00edas, por todo tipo de comercios distribuidores de pl\u00e1stico, que lleg\u00f3 a agotarse, hasta que en julio se par\u00f3 la producci\u00f3n. La apertura de las grandes superficies hizo que fuese innecesario fabricar m\u00e1s viseras. Por solo \u00a01,50 euros cualquiera pod\u00eda hacerse con una.<\/p>\n<p>Aunque eso ya ces\u00f3, sigue siendo solidaria. Es socia de Cruz Roja y en cuanto el doctorado en nuevos materiales para energ\u00edas renovables que realiza (en el que parte de la t\u00e9cnica que usa proviene de la impresi\u00f3n 3D) y su trabajo como profesora en una academia se lo permitan, buscar\u00e1 otra causa en la que volcar su generosidad. Como hacen Bego\u00f1a, Amanda, Gara, Marta, Eduardo, Xavier y Jenifer. Y como hacen casi tres millones de personas voluntarias en Espa\u00f1a, que se levantan cada d\u00eda dispuestas a ayudar a los dem\u00e1s.<\/p>\n<p style=\"text-align: right;\"><strong>Gabinete de Comunicaci\u00f3n<\/strong><\/p>\n","protected":false},"excerpt":{"rendered":"<p>Mucho m\u00e1s all\u00e1 de las estad\u00edsticas, de los datos oficiales estampados en informes anuales que se\u00f1alan que en Espa\u00f1a alrededor&#8230;<\/p>\n","protected":false},"author":21,"featured_media":55405,"comment_status":"closed","ping_status":"closed","sticky":false,"template":"","format":"standard","meta":{"inline_featured_image":false,"footnotes":""},"categories":[348,2750,11076],"tags":[7252,2414,2533,2643],"acf":[],"yoast_head":"<!-- This site is optimized with the Yoast SEO plugin v21.3 - https:\/\/yoast.com\/wordpress\/plugins\/seo\/ -->\n<title>Historias de voluntariado<\/title>\n<meta name=\"description\" content=\"Amanda, Marta, Bego\u00f1a,\u00a0Xavier, Jenifer, Eduardo, Selene y Gara: personas altruistas que dividen su tiempo entre la ULL y la solidaridad.\" \/>\n<meta name=\"robots\" content=\"index, follow, max-snippet:-1, max-image-preview:large, max-video-preview:-1\" \/>\n<link rel=\"canonical\" href=\"https:\/\/www.ull.es\/portal\/noticias\/2021\/historias-de-voluntariado\/\" \/>\n<meta property=\"og:locale\" content=\"es_ES\" \/>\n<meta property=\"og:type\" content=\"article\" \/>\n<meta property=\"og:title\" content=\"Historias de voluntariado\" \/>\n<meta property=\"og:description\" content=\"Amanda, Marta, Bego\u00f1a,\u00a0Xavier, Jenifer, Eduardo, Selene y Gara: personas altruistas que dividen su tiempo entre la ULL y la solidaridad.\" \/>\n<meta property=\"og:url\" content=\"https:\/\/www.ull.es\/portal\/noticias\/2021\/historias-de-voluntariado\/\" \/>\n<meta property=\"og:site_name\" content=\"ULL - Noticias\" \/>\n<meta property=\"article:publisher\" content=\"https:\/\/www.facebook.com\/universidaddelalaguna\/\" \/>\n<meta property=\"article:published_time\" content=\"2021-04-05T07:47:22+00:00\" \/>\n<meta property=\"article:modified_time\" content=\"2024-08-05T12:14:04+00:00\" \/>\n<meta property=\"og:image\" content=\"https:\/\/www.ull.es\/portal\/noticias\/wp-content\/uploads\/sites\/13\/2021\/03\/Grupo-voluntariado-04.jpg\" \/>\n\t<meta property=\"og:image:width\" content=\"1024\" \/>\n\t<meta property=\"og:image:height\" content=\"683\" \/>\n\t<meta property=\"og:image:type\" content=\"image\/jpeg\" \/>\n<meta name=\"author\" content=\"prensa2\" \/>\n<meta name=\"twitter:card\" content=\"summary_large_image\" \/>\n<meta name=\"twitter:creator\" content=\"@CanalULL\" \/>\n<meta name=\"twitter:site\" content=\"@CanalULL\" \/>\n<meta name=\"twitter:label1\" content=\"Escrito por\" \/>\n\t<meta name=\"twitter:data1\" content=\"prensa2\" \/>\n\t<meta name=\"twitter:label2\" content=\"Tiempo de lectura\" \/>\n\t<meta name=\"twitter:data2\" content=\"17 minutos\" \/>\n<script type=\"application\/ld+json\" class=\"yoast-schema-graph\">{\"@context\":\"https:\/\/schema.org\",\"@graph\":[{\"@type\":\"WebPage\",\"@id\":\"https:\/\/www.ull.es\/portal\/noticias\/2021\/historias-de-voluntariado\/\",\"url\":\"https:\/\/www.ull.es\/portal\/noticias\/2021\/historias-de-voluntariado\/\",\"name\":\"Historias de voluntariado\",\"isPartOf\":{\"@id\":\"https:\/\/www.ull.es\/portal\/noticias\/#website\"},\"datePublished\":\"2021-04-05T07:47:22+00:00\",\"dateModified\":\"2024-08-05T12:14:04+00:00\",\"author\":{\"@id\":\"https:\/\/www.ull.es\/portal\/noticias\/#\/schema\/person\/c3b2aa857797592927a03740d6664376\"},\"description\":\"Amanda, Marta, Bego\u00f1a,\u00a0Xavier, Jenifer, Eduardo, Selene y Gara: personas altruistas que dividen su tiempo entre la ULL y la solidaridad.\",\"breadcrumb\":{\"@id\":\"https:\/\/www.ull.es\/portal\/noticias\/2021\/historias-de-voluntariado\/#breadcrumb\"},\"inLanguage\":\"es\",\"potentialAction\":[{\"@type\":\"ReadAction\",\"target\":[\"https:\/\/www.ull.es\/portal\/noticias\/2021\/historias-de-voluntariado\/\"]}]},{\"@type\":\"BreadcrumbList\",\"@id\":\"https:\/\/www.ull.es\/portal\/noticias\/2021\/historias-de-voluntariado\/#breadcrumb\",\"itemListElement\":[{\"@type\":\"ListItem\",\"position\":1,\"name\":\"Portada\",\"item\":\"https:\/\/www.ull.es\/portal\/noticias\/\"},{\"@type\":\"ListItem\",\"position\":2,\"name\":\"Historias de voluntariado\"}]},{\"@type\":\"WebSite\",\"@id\":\"https:\/\/www.ull.es\/portal\/noticias\/#website\",\"url\":\"https:\/\/www.ull.es\/portal\/noticias\/\",\"name\":\"ULL - Noticias\",\"description\":\"\",\"potentialAction\":[{\"@type\":\"SearchAction\",\"target\":{\"@type\":\"EntryPoint\",\"urlTemplate\":\"https:\/\/www.ull.es\/portal\/noticias\/?s={search_term_string}\"},\"query-input\":\"required name=search_term_string\"}],\"inLanguage\":\"es\"},{\"@type\":\"Person\",\"@id\":\"https:\/\/www.ull.es\/portal\/noticias\/#\/schema\/person\/c3b2aa857797592927a03740d6664376\",\"name\":\"prensa2\",\"image\":{\"@type\":\"ImageObject\",\"inLanguage\":\"es\",\"@id\":\"https:\/\/www.ull.es\/portal\/noticias\/#\/schema\/person\/image\/\",\"url\":\"https:\/\/secure.gravatar.com\/avatar\/b58f310a5de5feb33d1e026d2493f23c?s=96&d=mm&r=g\",\"contentUrl\":\"https:\/\/secure.gravatar.com\/avatar\/b58f310a5de5feb33d1e026d2493f23c?s=96&d=mm&r=g\",\"caption\":\"prensa2\"},\"url\":\"https:\/\/www.ull.es\/portal\/noticias\/author\/prensa2\/\"}]}<\/script>\n<!-- \/ Yoast SEO plugin. -->","yoast_head_json":{"title":"Historias de voluntariado","description":"Amanda, Marta, Bego\u00f1a,\u00a0Xavier, Jenifer, Eduardo, Selene y Gara: personas altruistas que dividen su tiempo entre la ULL y la solidaridad.","robots":{"index":"index","follow":"follow","max-snippet":"max-snippet:-1","max-image-preview":"max-image-preview:large","max-video-preview":"max-video-preview:-1"},"canonical":"https:\/\/www.ull.es\/portal\/noticias\/2021\/historias-de-voluntariado\/","og_locale":"es_ES","og_type":"article","og_title":"Historias de voluntariado","og_description":"Amanda, Marta, Bego\u00f1a,\u00a0Xavier, Jenifer, Eduardo, Selene y Gara: personas altruistas que dividen su tiempo entre la ULL y la solidaridad.","og_url":"https:\/\/www.ull.es\/portal\/noticias\/2021\/historias-de-voluntariado\/","og_site_name":"ULL - Noticias","article_publisher":"https:\/\/www.facebook.com\/universidaddelalaguna\/","article_published_time":"2021-04-05T07:47:22+00:00","article_modified_time":"2024-08-05T12:14:04+00:00","og_image":[{"width":1024,"height":683,"url":"https:\/\/www.ull.es\/portal\/noticias\/wp-content\/uploads\/sites\/13\/2021\/03\/Grupo-voluntariado-04.jpg","type":"image\/jpeg"}],"author":"prensa2","twitter_card":"summary_large_image","twitter_creator":"@CanalULL","twitter_site":"@CanalULL","twitter_misc":{"Escrito por":"prensa2","Tiempo de lectura":"17 minutos"},"schema":{"@context":"https:\/\/schema.org","@graph":[{"@type":"WebPage","@id":"https:\/\/www.ull.es\/portal\/noticias\/2021\/historias-de-voluntariado\/","url":"https:\/\/www.ull.es\/portal\/noticias\/2021\/historias-de-voluntariado\/","name":"Historias de voluntariado","isPartOf":{"@id":"https:\/\/www.ull.es\/portal\/noticias\/#website"},"datePublished":"2021-04-05T07:47:22+00:00","dateModified":"2024-08-05T12:14:04+00:00","author":{"@id":"https:\/\/www.ull.es\/portal\/noticias\/#\/schema\/person\/c3b2aa857797592927a03740d6664376"},"description":"Amanda, Marta, Bego\u00f1a,\u00a0Xavier, Jenifer, Eduardo, Selene y Gara: personas altruistas que dividen su tiempo entre la ULL y la solidaridad.","breadcrumb":{"@id":"https:\/\/www.ull.es\/portal\/noticias\/2021\/historias-de-voluntariado\/#breadcrumb"},"inLanguage":"es","potentialAction":[{"@type":"ReadAction","target":["https:\/\/www.ull.es\/portal\/noticias\/2021\/historias-de-voluntariado\/"]}]},{"@type":"BreadcrumbList","@id":"https:\/\/www.ull.es\/portal\/noticias\/2021\/historias-de-voluntariado\/#breadcrumb","itemListElement":[{"@type":"ListItem","position":1,"name":"Portada","item":"https:\/\/www.ull.es\/portal\/noticias\/"},{"@type":"ListItem","position":2,"name":"Historias de voluntariado"}]},{"@type":"WebSite","@id":"https:\/\/www.ull.es\/portal\/noticias\/#website","url":"https:\/\/www.ull.es\/portal\/noticias\/","name":"ULL - Noticias","description":"","potentialAction":[{"@type":"SearchAction","target":{"@type":"EntryPoint","urlTemplate":"https:\/\/www.ull.es\/portal\/noticias\/?s={search_term_string}"},"query-input":"required name=search_term_string"}],"inLanguage":"es"},{"@type":"Person","@id":"https:\/\/www.ull.es\/portal\/noticias\/#\/schema\/person\/c3b2aa857797592927a03740d6664376","name":"prensa2","image":{"@type":"ImageObject","inLanguage":"es","@id":"https:\/\/www.ull.es\/portal\/noticias\/#\/schema\/person\/image\/","url":"https:\/\/secure.gravatar.com\/avatar\/b58f310a5de5feb33d1e026d2493f23c?s=96&d=mm&r=g","contentUrl":"https:\/\/secure.gravatar.com\/avatar\/b58f310a5de5feb33d1e026d2493f23c?s=96&d=mm&r=g","caption":"prensa2"},"url":"https:\/\/www.ull.es\/portal\/noticias\/author\/prensa2\/"}]}},"primary_category":{"id":2750,"name":"Protagonistas","slug":"protagonistas","link":"https:\/\/www.ull.es\/portal\/noticias\/category\/protagonistas\/"},"featured_image_thumbnail_url":"https:\/\/www.ull.es\/portal\/noticias\/wp-content\/uploads\/sites\/13\/2021\/03\/Grupo-voluntariado-04-300x200.jpg","_links":{"self":[{"href":"https:\/\/www.ull.es\/portal\/noticias\/wp-json\/wp\/v2\/posts\/55404"}],"collection":[{"href":"https:\/\/www.ull.es\/portal\/noticias\/wp-json\/wp\/v2\/posts"}],"about":[{"href":"https:\/\/www.ull.es\/portal\/noticias\/wp-json\/wp\/v2\/types\/post"}],"author":[{"embeddable":true,"href":"https:\/\/www.ull.es\/portal\/noticias\/wp-json\/wp\/v2\/users\/21"}],"replies":[{"embeddable":true,"href":"https:\/\/www.ull.es\/portal\/noticias\/wp-json\/wp\/v2\/comments?post=55404"}],"version-history":[{"count":4,"href":"https:\/\/www.ull.es\/portal\/noticias\/wp-json\/wp\/v2\/posts\/55404\/revisions"}],"predecessor-version":[{"id":77100,"href":"https:\/\/www.ull.es\/portal\/noticias\/wp-json\/wp\/v2\/posts\/55404\/revisions\/77100"}],"wp:featuredmedia":[{"embeddable":true,"href":"https:\/\/www.ull.es\/portal\/noticias\/wp-json\/wp\/v2\/media\/55405"}],"wp:attachment":[{"href":"https:\/\/www.ull.es\/portal\/noticias\/wp-json\/wp\/v2\/media?parent=55404"}],"wp:term":[{"taxonomy":"category","embeddable":true,"href":"https:\/\/www.ull.es\/portal\/noticias\/wp-json\/wp\/v2\/categories?post=55404"},{"taxonomy":"post_tag","embeddable":true,"href":"https:\/\/www.ull.es\/portal\/noticias\/wp-json\/wp\/v2\/tags?post=55404"}],"curies":[{"name":"wp","href":"https:\/\/api.w.org\/{rel}","templated":true}]}}