{"id":55424,"date":"2021-04-05T09:22:20","date_gmt":"2021-04-05T09:22:20","guid":{"rendered":"https:\/\/www.ull.es\/portal\/noticias\/?p=55424"},"modified":"2021-04-05T09:22:20","modified_gmt":"2021-04-05T09:22:20","slug":"ecoro-polifonico-festival-ecuador","status":"publish","type":"post","link":"https:\/\/www.ull.es\/portal\/noticias\/2021\/ecoro-polifonico-festival-ecuador\/","title":{"rendered":"El Coro Polif\u00f3nico de la ULL particip\u00f3 en un festival de la Universidad Tecnol\u00f3gica Equinoccial de Quito (Ecuador)"},"content":{"rendered":"<p>El Coro Polif\u00f3nico de la Universidad de La Laguna ha participado en el <a href=\"https:\/\/www.facebook.com\/coro.universitario\/videos\/2770700836527120\" target=\"_blank\" rel=\"noopener\" target=\"_blank\" rel=\"noopener\">primer Festival Internacional Online de M\u00fasica Sacra<\/a> que ha organizado la <a href=\"https:\/\/www.ute.edu.ec\/\" target=\"_blank\" rel=\"noopener\" target=\"_blank\" rel=\"noopener\">Universidad Tecnol\u00f3gica Equinoccial\u00a0 <\/a>de Quito (Ecuador) con\u00a0 motivo de su 50 aniversario y que se celebr\u00f3 entre el 30 de marzo y el 1 de abril.<\/p>\n<p>El Coro Polif\u00f3nico de la Universidad de La Laguna intervino el pasado jueves, 1 de abril, en el concierto de clausura, en el puesto 16 de un total de 23 coros con la obra <em>Selig sind die Toten<\/em>, del organista y compositor alem\u00e1n Heinrich Sch\u00fctz (1585-1672). La actuaci\u00f3n se desarroll\u00f3 desde la base de las vidrieras de San Fernando situadas en las escalinatas principales del Edificio Central de la instituci\u00f3n acad\u00e9mica.<\/p>\n<p>El colectivo de la Universidad de La Laguna comparti\u00f3 programa junto con otras 69 agrupaciones vocales e instrumentales de 18 pa\u00edses del mundo, entre ellas cuatro coros espa\u00f1oles: Argentina, Venezuela, Chile, Brasil, Ecuador, Colombia, Rusia, Guatemala, Cuba, M\u00e9xico, Uruguay, Per\u00fa, Ucrania, Bolivia, Cuba, Estados Unidos, Armenia.<\/p>\n","protected":false},"excerpt":{"rendered":"<p>El Coro Polif\u00f3nico de la Universidad de La Laguna ha participado en el primer Festival Internacional Online de M\u00fasica Sacra&#8230;<\/p>\n","protected":false},"author":21,"featured_media":55425,"comment_status":"closed","ping_status":"closed","sticky":false,"template":"","format":"standard","meta":{"inline_featured_image":false,"footnotes":""},"categories":[344,345,2765],"tags":[924,7255,7254],"acf":[],"yoast_head":"<!-- This site is optimized with the Yoast SEO plugin v21.3 - https:\/\/yoast.com\/wordpress\/plugins\/seo\/ -->\n<title>El Coro Polif\u00f3nico de la ULL particip\u00f3 en un festival de Ecuador<\/title>\n<meta name=\"description\" content=\"El I Festival Internacional Online de M\u00fasica Sacra fue organizado por la Universidad Tecnol\u00f3gica Equinoccial de Quito por su 50 aniversario.\" \/>\n<meta name=\"robots\" content=\"index, follow, max-snippet:-1, max-image-preview:large, max-video-preview:-1\" \/>\n<link rel=\"canonical\" href=\"https:\/\/www.ull.es\/portal\/noticias\/2021\/ecoro-polifonico-festival-ecuador\/\" \/>\n<meta property=\"og:locale\" content=\"es_ES\" \/>\n<meta property=\"og:type\" content=\"article\" \/>\n<meta property=\"og:title\" content=\"El Coro Polif\u00f3nico de la ULL particip\u00f3 en un festival de Ecuador\" \/>\n<meta property=\"og:description\" content=\"El I Festival Internacional Online de M\u00fasica Sacra fue organizado por la Universidad Tecnol\u00f3gica Equinoccial de Quito por su 50 aniversario.\" \/>\n<meta property=\"og:url\" content=\"https:\/\/www.ull.es\/portal\/noticias\/2021\/ecoro-polifonico-festival-ecuador\/\" \/>\n<meta property=\"og:site_name\" content=\"ULL - Noticias\" \/>\n<meta property=\"article:publisher\" content=\"https:\/\/www.facebook.com\/universidaddelalaguna\/\" \/>\n<meta property=\"article:published_time\" content=\"2021-04-05T09:22:20+00:00\" \/>\n<meta property=\"og:image\" content=\"https:\/\/www.ull.es\/portal\/noticias\/wp-content\/uploads\/sites\/13\/2021\/04\/coro-polifonico.jpg\" \/>\n\t<meta property=\"og:image:width\" content=\"1200\" \/>\n\t<meta property=\"og:image:height\" content=\"670\" \/>\n\t<meta property=\"og:image:type\" content=\"image\/jpeg\" \/>\n<meta name=\"author\" content=\"prensa2\" \/>\n<meta name=\"twitter:card\" content=\"summary_large_image\" \/>\n<meta name=\"twitter:creator\" content=\"@CanalULL\" \/>\n<meta name=\"twitter:site\" content=\"@CanalULL\" \/>\n<meta name=\"twitter:label1\" content=\"Escrito por\" \/>\n\t<meta name=\"twitter:data1\" content=\"prensa2\" \/>\n\t<meta name=\"twitter:label2\" content=\"Tiempo de lectura\" \/>\n\t<meta name=\"twitter:data2\" content=\"1 minuto\" \/>\n<script type=\"application\/ld+json\" class=\"yoast-schema-graph\">{\"@context\":\"https:\/\/schema.org\",\"@graph\":[{\"@type\":\"WebPage\",\"@id\":\"https:\/\/www.ull.es\/portal\/noticias\/2021\/ecoro-polifonico-festival-ecuador\/\",\"url\":\"https:\/\/www.ull.es\/portal\/noticias\/2021\/ecoro-polifonico-festival-ecuador\/\",\"name\":\"El Coro Polif\u00f3nico de la ULL particip\u00f3 en un festival de Ecuador\",\"isPartOf\":{\"@id\":\"https:\/\/www.ull.es\/portal\/noticias\/#website\"},\"datePublished\":\"2021-04-05T09:22:20+00:00\",\"dateModified\":\"2021-04-05T09:22:20+00:00\",\"author\":{\"@id\":\"https:\/\/www.ull.es\/portal\/noticias\/#\/schema\/person\/c3b2aa857797592927a03740d6664376\"},\"description\":\"El I Festival Internacional Online de M\u00fasica Sacra fue organizado por la Universidad Tecnol\u00f3gica Equinoccial de Quito por su 50 aniversario.\",\"breadcrumb\":{\"@id\":\"https:\/\/www.ull.es\/portal\/noticias\/2021\/ecoro-polifonico-festival-ecuador\/#breadcrumb\"},\"inLanguage\":\"es\",\"potentialAction\":[{\"@type\":\"ReadAction\",\"target\":[\"https:\/\/www.ull.es\/portal\/noticias\/2021\/ecoro-polifonico-festival-ecuador\/\"]}]},{\"@type\":\"BreadcrumbList\",\"@id\":\"https:\/\/www.ull.es\/portal\/noticias\/2021\/ecoro-polifonico-festival-ecuador\/#breadcrumb\",\"itemListElement\":[{\"@type\":\"ListItem\",\"position\":1,\"name\":\"Portada\",\"item\":\"https:\/\/www.ull.es\/portal\/noticias\/\"},{\"@type\":\"ListItem\",\"position\":2,\"name\":\"El Coro Polif\u00f3nico de la ULL particip\u00f3 en un festival de la Universidad Tecnol\u00f3gica Equinoccial de Quito (Ecuador)\"}]},{\"@type\":\"WebSite\",\"@id\":\"https:\/\/www.ull.es\/portal\/noticias\/#website\",\"url\":\"https:\/\/www.ull.es\/portal\/noticias\/\",\"name\":\"ULL - Noticias\",\"description\":\"\",\"potentialAction\":[{\"@type\":\"SearchAction\",\"target\":{\"@type\":\"EntryPoint\",\"urlTemplate\":\"https:\/\/www.ull.es\/portal\/noticias\/?s={search_term_string}\"},\"query-input\":\"required name=search_term_string\"}],\"inLanguage\":\"es\"},{\"@type\":\"Person\",\"@id\":\"https:\/\/www.ull.es\/portal\/noticias\/#\/schema\/person\/c3b2aa857797592927a03740d6664376\",\"name\":\"prensa2\",\"image\":{\"@type\":\"ImageObject\",\"inLanguage\":\"es\",\"@id\":\"https:\/\/www.ull.es\/portal\/noticias\/#\/schema\/person\/image\/\",\"url\":\"https:\/\/secure.gravatar.com\/avatar\/b58f310a5de5feb33d1e026d2493f23c?s=96&d=mm&r=g\",\"contentUrl\":\"https:\/\/secure.gravatar.com\/avatar\/b58f310a5de5feb33d1e026d2493f23c?s=96&d=mm&r=g\",\"caption\":\"prensa2\"},\"url\":\"https:\/\/www.ull.es\/portal\/noticias\/author\/prensa2\/\"}]}<\/script>\n<!-- \/ Yoast SEO plugin. -->","yoast_head_json":{"title":"El Coro Polif\u00f3nico de la ULL particip\u00f3 en un festival de Ecuador","description":"El I Festival Internacional Online de M\u00fasica Sacra fue organizado por la Universidad Tecnol\u00f3gica Equinoccial de Quito por su 50 aniversario.","robots":{"index":"index","follow":"follow","max-snippet":"max-snippet:-1","max-image-preview":"max-image-preview:large","max-video-preview":"max-video-preview:-1"},"canonical":"https:\/\/www.ull.es\/portal\/noticias\/2021\/ecoro-polifonico-festival-ecuador\/","og_locale":"es_ES","og_type":"article","og_title":"El Coro Polif\u00f3nico de la ULL particip\u00f3 en un festival de Ecuador","og_description":"El I Festival Internacional Online de M\u00fasica Sacra fue organizado por la Universidad Tecnol\u00f3gica Equinoccial de Quito por su 50 aniversario.","og_url":"https:\/\/www.ull.es\/portal\/noticias\/2021\/ecoro-polifonico-festival-ecuador\/","og_site_name":"ULL - Noticias","article_publisher":"https:\/\/www.facebook.com\/universidaddelalaguna\/","article_published_time":"2021-04-05T09:22:20+00:00","og_image":[{"width":1200,"height":670,"url":"https:\/\/www.ull.es\/portal\/noticias\/wp-content\/uploads\/sites\/13\/2021\/04\/coro-polifonico.jpg","type":"image\/jpeg"}],"author":"prensa2","twitter_card":"summary_large_image","twitter_creator":"@CanalULL","twitter_site":"@CanalULL","twitter_misc":{"Escrito por":"prensa2","Tiempo de lectura":"1 minuto"},"schema":{"@context":"https:\/\/schema.org","@graph":[{"@type":"WebPage","@id":"https:\/\/www.ull.es\/portal\/noticias\/2021\/ecoro-polifonico-festival-ecuador\/","url":"https:\/\/www.ull.es\/portal\/noticias\/2021\/ecoro-polifonico-festival-ecuador\/","name":"El Coro Polif\u00f3nico de la ULL particip\u00f3 en un festival de Ecuador","isPartOf":{"@id":"https:\/\/www.ull.es\/portal\/noticias\/#website"},"datePublished":"2021-04-05T09:22:20+00:00","dateModified":"2021-04-05T09:22:20+00:00","author":{"@id":"https:\/\/www.ull.es\/portal\/noticias\/#\/schema\/person\/c3b2aa857797592927a03740d6664376"},"description":"El I Festival Internacional Online de M\u00fasica Sacra fue organizado por la Universidad Tecnol\u00f3gica Equinoccial de Quito por su 50 aniversario.","breadcrumb":{"@id":"https:\/\/www.ull.es\/portal\/noticias\/2021\/ecoro-polifonico-festival-ecuador\/#breadcrumb"},"inLanguage":"es","potentialAction":[{"@type":"ReadAction","target":["https:\/\/www.ull.es\/portal\/noticias\/2021\/ecoro-polifonico-festival-ecuador\/"]}]},{"@type":"BreadcrumbList","@id":"https:\/\/www.ull.es\/portal\/noticias\/2021\/ecoro-polifonico-festival-ecuador\/#breadcrumb","itemListElement":[{"@type":"ListItem","position":1,"name":"Portada","item":"https:\/\/www.ull.es\/portal\/noticias\/"},{"@type":"ListItem","position":2,"name":"El Coro Polif\u00f3nico de la ULL particip\u00f3 en un festival de la Universidad Tecnol\u00f3gica Equinoccial de Quito (Ecuador)"}]},{"@type":"WebSite","@id":"https:\/\/www.ull.es\/portal\/noticias\/#website","url":"https:\/\/www.ull.es\/portal\/noticias\/","name":"ULL - Noticias","description":"","potentialAction":[{"@type":"SearchAction","target":{"@type":"EntryPoint","urlTemplate":"https:\/\/www.ull.es\/portal\/noticias\/?s={search_term_string}"},"query-input":"required name=search_term_string"}],"inLanguage":"es"},{"@type":"Person","@id":"https:\/\/www.ull.es\/portal\/noticias\/#\/schema\/person\/c3b2aa857797592927a03740d6664376","name":"prensa2","image":{"@type":"ImageObject","inLanguage":"es","@id":"https:\/\/www.ull.es\/portal\/noticias\/#\/schema\/person\/image\/","url":"https:\/\/secure.gravatar.com\/avatar\/b58f310a5de5feb33d1e026d2493f23c?s=96&d=mm&r=g","contentUrl":"https:\/\/secure.gravatar.com\/avatar\/b58f310a5de5feb33d1e026d2493f23c?s=96&d=mm&r=g","caption":"prensa2"},"url":"https:\/\/www.ull.es\/portal\/noticias\/author\/prensa2\/"}]}},"primary_category":{"id":345,"name":"Destacado","slug":"destacado","link":"https:\/\/www.ull.es\/portal\/noticias\/category\/destacado\/"},"featured_image_thumbnail_url":"https:\/\/www.ull.es\/portal\/noticias\/wp-content\/uploads\/sites\/13\/2021\/04\/coro-polifonico-300x168.jpg","_links":{"self":[{"href":"https:\/\/www.ull.es\/portal\/noticias\/wp-json\/wp\/v2\/posts\/55424"}],"collection":[{"href":"https:\/\/www.ull.es\/portal\/noticias\/wp-json\/wp\/v2\/posts"}],"about":[{"href":"https:\/\/www.ull.es\/portal\/noticias\/wp-json\/wp\/v2\/types\/post"}],"author":[{"embeddable":true,"href":"https:\/\/www.ull.es\/portal\/noticias\/wp-json\/wp\/v2\/users\/21"}],"replies":[{"embeddable":true,"href":"https:\/\/www.ull.es\/portal\/noticias\/wp-json\/wp\/v2\/comments?post=55424"}],"version-history":[{"count":2,"href":"https:\/\/www.ull.es\/portal\/noticias\/wp-json\/wp\/v2\/posts\/55424\/revisions"}],"predecessor-version":[{"id":55427,"href":"https:\/\/www.ull.es\/portal\/noticias\/wp-json\/wp\/v2\/posts\/55424\/revisions\/55427"}],"wp:featuredmedia":[{"embeddable":true,"href":"https:\/\/www.ull.es\/portal\/noticias\/wp-json\/wp\/v2\/media\/55425"}],"wp:attachment":[{"href":"https:\/\/www.ull.es\/portal\/noticias\/wp-json\/wp\/v2\/media?parent=55424"}],"wp:term":[{"taxonomy":"category","embeddable":true,"href":"https:\/\/www.ull.es\/portal\/noticias\/wp-json\/wp\/v2\/categories?post=55424"},{"taxonomy":"post_tag","embeddable":true,"href":"https:\/\/www.ull.es\/portal\/noticias\/wp-json\/wp\/v2\/tags?post=55424"}],"curies":[{"name":"wp","href":"https:\/\/api.w.org\/{rel}","templated":true}]}}