{"id":55442,"date":"2021-04-05T11:40:00","date_gmt":"2021-04-05T11:40:00","guid":{"rendered":"https:\/\/www.ull.es\/portal\/noticias\/?p=55442"},"modified":"2021-04-05T11:43:01","modified_gmt":"2021-04-05T11:43:01","slug":"hoy-5-de-abril-de-2021-visita-al-solar-de-santa-cruz-con-personal-del-herbario-tfc","status":"publish","type":"post","link":"https:\/\/www.ull.es\/portal\/noticias\/2021\/hoy-5-de-abril-de-2021-visita-al-solar-de-santa-cruz-con-personal-del-herbario-tfc\/","title":{"rendered":"Hoy 5 de abril de 2021, visita al solar de Santa Cruz, con personal del Herbario TFC"},"content":{"rendered":"<p>Solar. Acci\u00f3n Cultural presenta para el pr\u00f3ximo 5 de abril, con dos turnos con el objetivo de llegar a m\u00e1s personas a las 18.00 h. y a las 19.00 h., \u201cLas plantas del solar\u201d, una propuesta dentro de \u201cEl Invernadero. Grupo de an\u00e1lisis sobre Naturaleza\u201d.<\/p>\n<p>Se trata de una visita en el solar de la calle San Lucas n\u00ba25 (Santa Cruz de Tenerife) que recorre las distintas especies vegetales que conviven en este lugar y que estar\u00e1 a cargo de la bi\u00f3loga e investigadora Cristina Gonz\u00e1lez Montelongo -Personal T\u00e9cnico de Apoyo del Herbario TFC dependiente del Servicio General de Apoyo a la Investigaci\u00f3n (SEGAI) de la Universidad de La Laguna (ULL).<\/p>\n<p>La actividad se realizar\u00e1 respetando las medidas sanitarias en vigor, como el uso obligatorio de mascarilla, gel hidroalcoh\u00f3lico y la distancia de seguridad.<\/p>\n<p>Dado que las plazas son limitadas ser\u00e1 necesaria inscribirse en este mismo correo <a href=\"mailto:info@solarizacion.org\" target=\"_blank\" rel=\"noopener\">info@solarizacion.org<\/a><\/p>\n<p>(Las personas asociadas a Solar. Acci\u00f3n Cultural tienen prioridad a la hora de reservar una plaza.)<\/p>\n<p><strong>Con el apoyo de:<br \/>\n<\/strong><br \/>\nCabildo de Tenerife.<br \/>\nServicio General de Apoyo a la Investigaci\u00f3n (SEGAI) de la ULL<br \/>\n#lasplantasdelsolar<br \/>\n#solaraccion<br \/>\n#elinvernadero<br \/>\n#ull<\/p>\n","protected":false},"excerpt":{"rendered":"<p>Solar. Acci\u00f3n Cultural presenta para el pr\u00f3ximo 5 de abril, con dos turnos con el objetivo de llegar a m\u00e1s&#8230;<\/p>\n","protected":false},"author":75,"featured_media":55443,"comment_status":"closed","ping_status":"closed","sticky":false,"template":"","format":"standard","meta":{"inline_featured_image":false,"footnotes":""},"categories":[4568],"tags":[7257,665,3293,1543,2355,4444,2527],"acf":[],"yoast_head":"<!-- This site is optimized with the Yoast SEO plugin v21.3 - https:\/\/yoast.com\/wordpress\/plugins\/seo\/ -->\n<title>Hoy 5 de abril de 2021, visita al solar de Santa Cruz, con personal del Herbario TFC - ULL - Noticias<\/title>\n<meta name=\"robots\" content=\"index, follow, max-snippet:-1, max-image-preview:large, max-video-preview:-1\" \/>\n<link rel=\"canonical\" href=\"https:\/\/www.ull.es\/portal\/noticias\/2021\/hoy-5-de-abril-de-2021-visita-al-solar-de-santa-cruz-con-personal-del-herbario-tfc\/\" \/>\n<meta property=\"og:locale\" content=\"es_ES\" \/>\n<meta property=\"og:type\" content=\"article\" \/>\n<meta property=\"og:title\" content=\"Hoy 5 de abril de 2021, visita al solar de Santa Cruz, con personal del Herbario TFC - ULL - Noticias\" \/>\n<meta property=\"og:description\" content=\"Solar. Acci\u00f3n Cultural presenta para el pr\u00f3ximo 5 de abril, con dos turnos con el objetivo de llegar a m\u00e1s...\" \/>\n<meta property=\"og:url\" content=\"https:\/\/www.ull.es\/portal\/noticias\/2021\/hoy-5-de-abril-de-2021-visita-al-solar-de-santa-cruz-con-personal-del-herbario-tfc\/\" \/>\n<meta property=\"og:site_name\" content=\"ULL - Noticias\" \/>\n<meta property=\"article:publisher\" content=\"https:\/\/www.facebook.com\/universidaddelalaguna\/\" \/>\n<meta property=\"article:published_time\" content=\"2021-04-05T11:40:00+00:00\" \/>\n<meta property=\"article:modified_time\" content=\"2021-04-05T11:43:01+00:00\" \/>\n<meta property=\"og:image\" content=\"https:\/\/www.ull.es\/portal\/noticias\/wp-content\/uploads\/sites\/13\/2021\/04\/visita_herbario.jpg\" \/>\n\t<meta property=\"og:image:width\" content=\"680\" \/>\n\t<meta property=\"og:image:height\" content=\"680\" \/>\n\t<meta property=\"og:image:type\" content=\"image\/jpeg\" \/>\n<meta name=\"author\" content=\"cominves\" \/>\n<meta name=\"twitter:card\" content=\"summary_large_image\" \/>\n<meta name=\"twitter:creator\" content=\"@CanalULL\" \/>\n<meta name=\"twitter:site\" content=\"@CanalULL\" \/>\n<meta name=\"twitter:label1\" content=\"Escrito por\" \/>\n\t<meta name=\"twitter:data1\" content=\"cominves\" \/>\n\t<meta name=\"twitter:label2\" content=\"Tiempo de lectura\" \/>\n\t<meta name=\"twitter:data2\" content=\"1 minuto\" \/>\n<script type=\"application\/ld+json\" class=\"yoast-schema-graph\">{\"@context\":\"https:\/\/schema.org\",\"@graph\":[{\"@type\":\"WebPage\",\"@id\":\"https:\/\/www.ull.es\/portal\/noticias\/2021\/hoy-5-de-abril-de-2021-visita-al-solar-de-santa-cruz-con-personal-del-herbario-tfc\/\",\"url\":\"https:\/\/www.ull.es\/portal\/noticias\/2021\/hoy-5-de-abril-de-2021-visita-al-solar-de-santa-cruz-con-personal-del-herbario-tfc\/\",\"name\":\"Hoy 5 de abril de 2021, visita al solar de Santa Cruz, con personal del Herbario TFC - ULL - Noticias\",\"isPartOf\":{\"@id\":\"https:\/\/www.ull.es\/portal\/noticias\/#website\"},\"datePublished\":\"2021-04-05T11:40:00+00:00\",\"dateModified\":\"2021-04-05T11:43:01+00:00\",\"author\":{\"@id\":\"https:\/\/www.ull.es\/portal\/noticias\/#\/schema\/person\/cef1849e136dd70b2d5286f94ed343ba\"},\"breadcrumb\":{\"@id\":\"https:\/\/www.ull.es\/portal\/noticias\/2021\/hoy-5-de-abril-de-2021-visita-al-solar-de-santa-cruz-con-personal-del-herbario-tfc\/#breadcrumb\"},\"inLanguage\":\"es\",\"potentialAction\":[{\"@type\":\"ReadAction\",\"target\":[\"https:\/\/www.ull.es\/portal\/noticias\/2021\/hoy-5-de-abril-de-2021-visita-al-solar-de-santa-cruz-con-personal-del-herbario-tfc\/\"]}]},{\"@type\":\"BreadcrumbList\",\"@id\":\"https:\/\/www.ull.es\/portal\/noticias\/2021\/hoy-5-de-abril-de-2021-visita-al-solar-de-santa-cruz-con-personal-del-herbario-tfc\/#breadcrumb\",\"itemListElement\":[{\"@type\":\"ListItem\",\"position\":1,\"name\":\"Portada\",\"item\":\"https:\/\/www.ull.es\/portal\/noticias\/\"},{\"@type\":\"ListItem\",\"position\":2,\"name\":\"Hoy 5 de abril de 2021, visita al solar de Santa Cruz, con personal del Herbario TFC\"}]},{\"@type\":\"WebSite\",\"@id\":\"https:\/\/www.ull.es\/portal\/noticias\/#website\",\"url\":\"https:\/\/www.ull.es\/portal\/noticias\/\",\"name\":\"ULL - Noticias\",\"description\":\"\",\"potentialAction\":[{\"@type\":\"SearchAction\",\"target\":{\"@type\":\"EntryPoint\",\"urlTemplate\":\"https:\/\/www.ull.es\/portal\/noticias\/?s={search_term_string}\"},\"query-input\":\"required name=search_term_string\"}],\"inLanguage\":\"es\"},{\"@type\":\"Person\",\"@id\":\"https:\/\/www.ull.es\/portal\/noticias\/#\/schema\/person\/cef1849e136dd70b2d5286f94ed343ba\",\"name\":\"cominves\",\"image\":{\"@type\":\"ImageObject\",\"inLanguage\":\"es\",\"@id\":\"https:\/\/www.ull.es\/portal\/noticias\/#\/schema\/person\/image\/\",\"url\":\"https:\/\/secure.gravatar.com\/avatar\/5871526634f572686287ed9b828d8349?s=96&d=mm&r=g\",\"contentUrl\":\"https:\/\/secure.gravatar.com\/avatar\/5871526634f572686287ed9b828d8349?s=96&d=mm&r=g\",\"caption\":\"cominves\"},\"url\":\"https:\/\/www.ull.es\/portal\/noticias\/author\/cominves\/\"}]}<\/script>\n<!-- \/ Yoast SEO plugin. -->","yoast_head_json":{"title":"Hoy 5 de abril de 2021, visita al solar de Santa Cruz, con personal del Herbario TFC - ULL - Noticias","robots":{"index":"index","follow":"follow","max-snippet":"max-snippet:-1","max-image-preview":"max-image-preview:large","max-video-preview":"max-video-preview:-1"},"canonical":"https:\/\/www.ull.es\/portal\/noticias\/2021\/hoy-5-de-abril-de-2021-visita-al-solar-de-santa-cruz-con-personal-del-herbario-tfc\/","og_locale":"es_ES","og_type":"article","og_title":"Hoy 5 de abril de 2021, visita al solar de Santa Cruz, con personal del Herbario TFC - ULL - Noticias","og_description":"Solar. Acci\u00f3n Cultural presenta para el pr\u00f3ximo 5 de abril, con dos turnos con el objetivo de llegar a m\u00e1s...","og_url":"https:\/\/www.ull.es\/portal\/noticias\/2021\/hoy-5-de-abril-de-2021-visita-al-solar-de-santa-cruz-con-personal-del-herbario-tfc\/","og_site_name":"ULL - Noticias","article_publisher":"https:\/\/www.facebook.com\/universidaddelalaguna\/","article_published_time":"2021-04-05T11:40:00+00:00","article_modified_time":"2021-04-05T11:43:01+00:00","og_image":[{"width":680,"height":680,"url":"https:\/\/www.ull.es\/portal\/noticias\/wp-content\/uploads\/sites\/13\/2021\/04\/visita_herbario.jpg","type":"image\/jpeg"}],"author":"cominves","twitter_card":"summary_large_image","twitter_creator":"@CanalULL","twitter_site":"@CanalULL","twitter_misc":{"Escrito por":"cominves","Tiempo de lectura":"1 minuto"},"schema":{"@context":"https:\/\/schema.org","@graph":[{"@type":"WebPage","@id":"https:\/\/www.ull.es\/portal\/noticias\/2021\/hoy-5-de-abril-de-2021-visita-al-solar-de-santa-cruz-con-personal-del-herbario-tfc\/","url":"https:\/\/www.ull.es\/portal\/noticias\/2021\/hoy-5-de-abril-de-2021-visita-al-solar-de-santa-cruz-con-personal-del-herbario-tfc\/","name":"Hoy 5 de abril de 2021, visita al solar de Santa Cruz, con personal del Herbario TFC - ULL - Noticias","isPartOf":{"@id":"https:\/\/www.ull.es\/portal\/noticias\/#website"},"datePublished":"2021-04-05T11:40:00+00:00","dateModified":"2021-04-05T11:43:01+00:00","author":{"@id":"https:\/\/www.ull.es\/portal\/noticias\/#\/schema\/person\/cef1849e136dd70b2d5286f94ed343ba"},"breadcrumb":{"@id":"https:\/\/www.ull.es\/portal\/noticias\/2021\/hoy-5-de-abril-de-2021-visita-al-solar-de-santa-cruz-con-personal-del-herbario-tfc\/#breadcrumb"},"inLanguage":"es","potentialAction":[{"@type":"ReadAction","target":["https:\/\/www.ull.es\/portal\/noticias\/2021\/hoy-5-de-abril-de-2021-visita-al-solar-de-santa-cruz-con-personal-del-herbario-tfc\/"]}]},{"@type":"BreadcrumbList","@id":"https:\/\/www.ull.es\/portal\/noticias\/2021\/hoy-5-de-abril-de-2021-visita-al-solar-de-santa-cruz-con-personal-del-herbario-tfc\/#breadcrumb","itemListElement":[{"@type":"ListItem","position":1,"name":"Portada","item":"https:\/\/www.ull.es\/portal\/noticias\/"},{"@type":"ListItem","position":2,"name":"Hoy 5 de abril de 2021, visita al solar de Santa Cruz, con personal del Herbario TFC"}]},{"@type":"WebSite","@id":"https:\/\/www.ull.es\/portal\/noticias\/#website","url":"https:\/\/www.ull.es\/portal\/noticias\/","name":"ULL - Noticias","description":"","potentialAction":[{"@type":"SearchAction","target":{"@type":"EntryPoint","urlTemplate":"https:\/\/www.ull.es\/portal\/noticias\/?s={search_term_string}"},"query-input":"required name=search_term_string"}],"inLanguage":"es"},{"@type":"Person","@id":"https:\/\/www.ull.es\/portal\/noticias\/#\/schema\/person\/cef1849e136dd70b2d5286f94ed343ba","name":"cominves","image":{"@type":"ImageObject","inLanguage":"es","@id":"https:\/\/www.ull.es\/portal\/noticias\/#\/schema\/person\/image\/","url":"https:\/\/secure.gravatar.com\/avatar\/5871526634f572686287ed9b828d8349?s=96&d=mm&r=g","contentUrl":"https:\/\/secure.gravatar.com\/avatar\/5871526634f572686287ed9b828d8349?s=96&d=mm&r=g","caption":"cominves"},"url":"https:\/\/www.ull.es\/portal\/noticias\/author\/cominves\/"}]}},"primary_category":{"id":4568,"name":"Noticias SEGAI","slug":"noticias-segai","link":"https:\/\/www.ull.es\/portal\/noticias\/category\/servicios\/noticias-segai\/"},"featured_image_thumbnail_url":"https:\/\/www.ull.es\/portal\/noticias\/wp-content\/uploads\/sites\/13\/2021\/04\/visita_herbario-300x300.jpg","_links":{"self":[{"href":"https:\/\/www.ull.es\/portal\/noticias\/wp-json\/wp\/v2\/posts\/55442"}],"collection":[{"href":"https:\/\/www.ull.es\/portal\/noticias\/wp-json\/wp\/v2\/posts"}],"about":[{"href":"https:\/\/www.ull.es\/portal\/noticias\/wp-json\/wp\/v2\/types\/post"}],"author":[{"embeddable":true,"href":"https:\/\/www.ull.es\/portal\/noticias\/wp-json\/wp\/v2\/users\/75"}],"replies":[{"embeddable":true,"href":"https:\/\/www.ull.es\/portal\/noticias\/wp-json\/wp\/v2\/comments?post=55442"}],"version-history":[{"count":2,"href":"https:\/\/www.ull.es\/portal\/noticias\/wp-json\/wp\/v2\/posts\/55442\/revisions"}],"predecessor-version":[{"id":55445,"href":"https:\/\/www.ull.es\/portal\/noticias\/wp-json\/wp\/v2\/posts\/55442\/revisions\/55445"}],"wp:featuredmedia":[{"embeddable":true,"href":"https:\/\/www.ull.es\/portal\/noticias\/wp-json\/wp\/v2\/media\/55443"}],"wp:attachment":[{"href":"https:\/\/www.ull.es\/portal\/noticias\/wp-json\/wp\/v2\/media?parent=55442"}],"wp:term":[{"taxonomy":"category","embeddable":true,"href":"https:\/\/www.ull.es\/portal\/noticias\/wp-json\/wp\/v2\/categories?post=55442"},{"taxonomy":"post_tag","embeddable":true,"href":"https:\/\/www.ull.es\/portal\/noticias\/wp-json\/wp\/v2\/tags?post=55442"}],"curies":[{"name":"wp","href":"https:\/\/api.w.org\/{rel}","templated":true}]}}