{"id":55491,"date":"2021-04-07T10:10:47","date_gmt":"2021-04-07T10:10:47","guid":{"rendered":"https:\/\/www.ull.es\/portal\/noticias\/?p=55491"},"modified":"2021-04-07T10:11:25","modified_gmt":"2021-04-07T10:11:25","slug":"libro-planificacion-hidrologica-peninsula-iberica-islas","status":"publish","type":"post","link":"https:\/\/www.ull.es\/portal\/noticias\/2021\/libro-planificacion-hidrologica-peninsula-iberica-islas\/","title":{"rendered":"Investigadores de la ULL coordinan un libro sobre la planificaci\u00f3n hidrol\u00f3gica en la Pen\u00ednsula Ib\u00e9rica e islas"},"content":{"rendered":"<div id=\"attachment_55493\" style=\"width: 235px\" class=\"wp-caption alignleft\"><a href=\"https:\/\/www.ull.es\/portal\/noticias\/wp-content\/uploads\/sites\/13\/2021\/04\/libro-agua-portada-g.jpg\" target=\"_blank\" rel=\"noopener\" target=\"_blank\" rel=\"noopener\"><img aria-describedby=\"caption-attachment-55493\" decoding=\"async\" loading=\"lazy\" class=\"wp-image-55493 size-medium\" src=\"https:\/\/www.ull.es\/portal\/noticias\/wp-content\/uploads\/sites\/13\/2021\/04\/libro-agua-portada-g-225x300.jpg\" alt=\"Portada del libro.\" width=\"225\" height=\"300\" srcset=\"https:\/\/www.ull.es\/portal\/noticias\/wp-content\/uploads\/sites\/13\/2021\/04\/libro-agua-portada-g-225x300.jpg 225w, https:\/\/www.ull.es\/portal\/noticias\/wp-content\/uploads\/sites\/13\/2021\/04\/libro-agua-portada-g-768x1024.jpg 768w, https:\/\/www.ull.es\/portal\/noticias\/wp-content\/uploads\/sites\/13\/2021\/04\/libro-agua-portada-g-375x500.jpg 375w, https:\/\/www.ull.es\/portal\/noticias\/wp-content\/uploads\/sites\/13\/2021\/04\/libro-agua-portada-g-750x1000.jpg 750w, https:\/\/www.ull.es\/portal\/noticias\/wp-content\/uploads\/sites\/13\/2021\/04\/libro-agua-portada-g.jpg 900w\" sizes=\"(max-width: 225px) 100vw, 225px\" \/><\/a><p id=\"caption-attachment-55493\" class=\"wp-caption-text\">Portada del libro.<\/p><\/div>\n<p>El Colegio Oficial de Ingenieros de Montes, con la colaboraci\u00f3n del Aula Cultural del Agua de la Universidad de La Laguna, vinculada al Vicerrectorado de Cultura, Participaci\u00f3n Social y Campus Ofra y La Palma, ha publicado el libro \u201cLos procesos de planificaci\u00f3n hidrol\u00f3gica en la pen\u00ednsula ib\u00e9rica e islas en un contexto de cambio clim\u00e1tico\u201d, que fue presentado p\u00fablicamente el pasado 22 de marzo, con motivo del D\u00eda Mundial del Agua, en un acto presidido por la rectora de la instituci\u00f3n acad\u00e9mica, Rosa Aguilar.<\/p>\n<p>Este trabajo ha sido coordinado Juan Carlos Santamarta y Jesica Rodr\u00edguez Mart\u00edn, vinculados al Departamento de T\u00e9cnicas y Proyectos en Ingenier\u00eda y Arquitectura de la Universidad de La Laguna, as\u00ed como al grupo de investigaci\u00f3n Ingenier\u00eda Geol\u00f3gica, Innovaci\u00f3n y Aguas (INGENIA).<\/p>\n<p>Est\u00e1 dirigido a profesionales que trabajan tanto en el \u00e1mbito cient\u00edfico como de las Administraciones P\u00fablicas con gesti\u00f3n directa en la planificaci\u00f3n y gesti\u00f3n de los recursos h\u00eddricos, como una herramienta para la mejora de la transici\u00f3n hidrol\u00f3gica que actualmente se est\u00e1 llevando a cabo en el conjunto del pa\u00eds. El libro est\u00e1 disponible de manera gratuita a trav\u00e9s de los repositorios bibliogr\u00e1ficos en acceso abierto y de la propia Universidad de La Laguna.<\/p>\n<p>Para redactarlo se ha contado con expertos internacionales en gesti\u00f3n y estudio del agua. As\u00ed, caben destacar las aportaciones del Relator especial de la ONU para el derecho humano del acceso al agua y saneamiento y Premio Goldman de Medioambiente Pedro Arrojo; el catedr\u00e1tico y miembro correspondiente de la Real Academia de Ciencias Exactas F\u00edsicas y Naturales Emilio Custodio; y quien fuera subdirector general y responsable del departamento forestal de la FAO, Eduardo Rojas Briales. Entre los restantes autores se ha buscado un equilibrio entre quienes est\u00e1n vinculados a las universidades, e investigadores y profesionales que trabajan en el d\u00eda a d\u00eda de la planificaci\u00f3n hidrol\u00f3gica.<\/p>\n<p><strong>Contenido<\/strong><\/p>\n<p>El libro consta de tres partes: agua y cambio clim\u00e1tico, planes hidrol\u00f3gicos y gesti\u00f3n de los recursos h\u00eddricos en las islas. Juan Carlos Santamarta destaca que, en esta ocasi\u00f3n, se ha hecho especial hincapi\u00e9 en las singularidades de los archipi\u00e9lagos espa\u00f1oles para dar a conocer sus singularidades, dificultades a la hora de gestionar el recurso, su gobernanza y las claves de futuro.<\/p>\n<p>En el caso de Baleares, los cap\u00edtulos han sido desarrollados por el catedr\u00e1tico Celso Garc\u00eda y el doctor en ecolog\u00eda Pablo Rodr\u00edguez Lozano, as\u00ed como t\u00e9cnicos de la Consejer\u00eda de Medio Ambiente del Gobierno Balear como el doctor en Geolog\u00eda Jordi Jim\u00e9nez. Para los cap\u00edtulos vinculados a Canarias, se ha contado con expertos vinculados a la planificaci\u00f3n hidrol\u00f3gica de la regi\u00f3n, como la experta internacional e ingeniera agr\u00f3noma Marta Robledo, la experta en procesos de participaci\u00f3n p\u00fablica Henar Hercilla y la investigadora de la Universidad de La Laguna especializada en la huella h\u00eddrica y de carbono vinculadas con el ciclo integral del agua, Noelia Cruz P\u00e9rez<\/p>\n<p>Destaca el cap\u00edtulo dedicado a las claves del agua en Canarias, firmado por el propio Santamarta, donde realiza un an\u00e1lisis DAFO que le permite establecer algunas premisas sobre el futuro de los recursos h\u00eddricos en el archipi\u00e9lago: el binomio agua y energ\u00eda, el cambio administrativo de la propiedad del agua en 2040, la sostenibilidad de los acu\u00edferos insulares, la potenciaci\u00f3n la cultura del agua, la sostenibilidad y relaci\u00f3n con el medioambiente y la producci\u00f3n de agua desalinizada mediante energ\u00edas renovables.<\/p>\n<p>Finalmente, el libro concluye que la planificaci\u00f3n de los recursos h\u00eddricos a largo plazo enfrenta muchos desaf\u00edos vinculados al alto grado de incertidumbre asociado tanto al uso del recurso como a su disponibilidad en las pr\u00f3ximas d\u00e9cadas, una incertidumbre agravada por un contexto de cambio clim\u00e1tico.<\/p>\n","protected":false},"excerpt":{"rendered":"<p>El Colegio Oficial de Ingenieros de Montes, con la colaboraci\u00f3n del Aula Cultural del Agua de la Universidad de La&#8230;<\/p>\n","protected":false},"author":21,"featured_media":55492,"comment_status":"closed","ping_status":"closed","sticky":false,"template":"","format":"image","meta":{"inline_featured_image":false,"footnotes":""},"categories":[345,350,2765],"tags":[420,2869,1685,1758,7268],"acf":[],"yoast_head":"<!-- This site is optimized with the Yoast SEO plugin v21.3 - https:\/\/yoast.com\/wordpress\/plugins\/seo\/ -->\n<title>Expertos de la ULL coordinan un libro sobre la planificaci\u00f3n hidrol\u00f3gica<\/title>\n<meta name=\"description\" content=\"De acceso gratuito, ha sido editado por el Colegio Oficial de Ingenieros de Montes y el Aula Cultural del Agua de la Universidad de La Laguna.\" \/>\n<meta name=\"robots\" content=\"index, follow, max-snippet:-1, max-image-preview:large, max-video-preview:-1\" \/>\n<link rel=\"canonical\" href=\"https:\/\/www.ull.es\/portal\/noticias\/2021\/libro-planificacion-hidrologica-peninsula-iberica-islas\/\" \/>\n<meta property=\"og:locale\" content=\"es_ES\" \/>\n<meta property=\"og:type\" content=\"article\" \/>\n<meta property=\"og:title\" content=\"Expertos de la ULL coordinan un libro sobre la planificaci\u00f3n hidrol\u00f3gica\" \/>\n<meta property=\"og:description\" content=\"De acceso gratuito, ha sido editado por el Colegio Oficial de Ingenieros de Montes y el Aula Cultural del Agua de la Universidad de La Laguna.\" \/>\n<meta property=\"og:url\" content=\"https:\/\/www.ull.es\/portal\/noticias\/2021\/libro-planificacion-hidrologica-peninsula-iberica-islas\/\" \/>\n<meta property=\"og:site_name\" content=\"ULL - Noticias\" \/>\n<meta property=\"article:publisher\" content=\"https:\/\/www.facebook.com\/universidaddelalaguna\/\" \/>\n<meta property=\"article:published_time\" content=\"2021-04-07T10:10:47+00:00\" \/>\n<meta property=\"article:modified_time\" content=\"2021-04-07T10:11:25+00:00\" \/>\n<meta property=\"og:image\" content=\"https:\/\/www.ull.es\/portal\/noticias\/wp-content\/uploads\/sites\/13\/2021\/04\/libro-agua-portada-p.jpg\" \/>\n\t<meta property=\"og:image:width\" content=\"894\" \/>\n\t<meta property=\"og:image:height\" content=\"613\" \/>\n\t<meta property=\"og:image:type\" content=\"image\/jpeg\" \/>\n<meta name=\"author\" content=\"prensa2\" \/>\n<meta name=\"twitter:card\" content=\"summary_large_image\" \/>\n<meta name=\"twitter:creator\" content=\"@CanalULL\" \/>\n<meta name=\"twitter:site\" content=\"@CanalULL\" \/>\n<meta name=\"twitter:label1\" content=\"Escrito por\" \/>\n\t<meta name=\"twitter:data1\" content=\"prensa2\" \/>\n\t<meta name=\"twitter:label2\" content=\"Tiempo de lectura\" \/>\n\t<meta name=\"twitter:data2\" content=\"3 minutos\" \/>\n<script type=\"application\/ld+json\" class=\"yoast-schema-graph\">{\"@context\":\"https:\/\/schema.org\",\"@graph\":[{\"@type\":\"WebPage\",\"@id\":\"https:\/\/www.ull.es\/portal\/noticias\/2021\/libro-planificacion-hidrologica-peninsula-iberica-islas\/\",\"url\":\"https:\/\/www.ull.es\/portal\/noticias\/2021\/libro-planificacion-hidrologica-peninsula-iberica-islas\/\",\"name\":\"Expertos de la ULL coordinan un libro sobre la planificaci\u00f3n hidrol\u00f3gica\",\"isPartOf\":{\"@id\":\"https:\/\/www.ull.es\/portal\/noticias\/#website\"},\"datePublished\":\"2021-04-07T10:10:47+00:00\",\"dateModified\":\"2021-04-07T10:11:25+00:00\",\"author\":{\"@id\":\"https:\/\/www.ull.es\/portal\/noticias\/#\/schema\/person\/c3b2aa857797592927a03740d6664376\"},\"description\":\"De acceso gratuito, ha sido editado por el Colegio Oficial de Ingenieros de Montes y el Aula Cultural del Agua de la Universidad de La Laguna.\",\"breadcrumb\":{\"@id\":\"https:\/\/www.ull.es\/portal\/noticias\/2021\/libro-planificacion-hidrologica-peninsula-iberica-islas\/#breadcrumb\"},\"inLanguage\":\"es\",\"potentialAction\":[{\"@type\":\"ReadAction\",\"target\":[\"https:\/\/www.ull.es\/portal\/noticias\/2021\/libro-planificacion-hidrologica-peninsula-iberica-islas\/\"]}]},{\"@type\":\"BreadcrumbList\",\"@id\":\"https:\/\/www.ull.es\/portal\/noticias\/2021\/libro-planificacion-hidrologica-peninsula-iberica-islas\/#breadcrumb\",\"itemListElement\":[{\"@type\":\"ListItem\",\"position\":1,\"name\":\"Portada\",\"item\":\"https:\/\/www.ull.es\/portal\/noticias\/\"},{\"@type\":\"ListItem\",\"position\":2,\"name\":\"Investigadores de la ULL coordinan un libro sobre la planificaci\u00f3n hidrol\u00f3gica en la Pen\u00ednsula Ib\u00e9rica e islas\"}]},{\"@type\":\"WebSite\",\"@id\":\"https:\/\/www.ull.es\/portal\/noticias\/#website\",\"url\":\"https:\/\/www.ull.es\/portal\/noticias\/\",\"name\":\"ULL - Noticias\",\"description\":\"\",\"potentialAction\":[{\"@type\":\"SearchAction\",\"target\":{\"@type\":\"EntryPoint\",\"urlTemplate\":\"https:\/\/www.ull.es\/portal\/noticias\/?s={search_term_string}\"},\"query-input\":\"required name=search_term_string\"}],\"inLanguage\":\"es\"},{\"@type\":\"Person\",\"@id\":\"https:\/\/www.ull.es\/portal\/noticias\/#\/schema\/person\/c3b2aa857797592927a03740d6664376\",\"name\":\"prensa2\",\"image\":{\"@type\":\"ImageObject\",\"inLanguage\":\"es\",\"@id\":\"https:\/\/www.ull.es\/portal\/noticias\/#\/schema\/person\/image\/\",\"url\":\"https:\/\/secure.gravatar.com\/avatar\/b58f310a5de5feb33d1e026d2493f23c?s=96&d=mm&r=g\",\"contentUrl\":\"https:\/\/secure.gravatar.com\/avatar\/b58f310a5de5feb33d1e026d2493f23c?s=96&d=mm&r=g\",\"caption\":\"prensa2\"},\"url\":\"https:\/\/www.ull.es\/portal\/noticias\/author\/prensa2\/\"}]}<\/script>\n<!-- \/ Yoast SEO plugin. -->","yoast_head_json":{"title":"Expertos de la ULL coordinan un libro sobre la planificaci\u00f3n hidrol\u00f3gica","description":"De acceso gratuito, ha sido editado por el Colegio Oficial de Ingenieros de Montes y el Aula Cultural del Agua de la Universidad de La Laguna.","robots":{"index":"index","follow":"follow","max-snippet":"max-snippet:-1","max-image-preview":"max-image-preview:large","max-video-preview":"max-video-preview:-1"},"canonical":"https:\/\/www.ull.es\/portal\/noticias\/2021\/libro-planificacion-hidrologica-peninsula-iberica-islas\/","og_locale":"es_ES","og_type":"article","og_title":"Expertos de la ULL coordinan un libro sobre la planificaci\u00f3n hidrol\u00f3gica","og_description":"De acceso gratuito, ha sido editado por el Colegio Oficial de Ingenieros de Montes y el Aula Cultural del Agua de la Universidad de La Laguna.","og_url":"https:\/\/www.ull.es\/portal\/noticias\/2021\/libro-planificacion-hidrologica-peninsula-iberica-islas\/","og_site_name":"ULL - Noticias","article_publisher":"https:\/\/www.facebook.com\/universidaddelalaguna\/","article_published_time":"2021-04-07T10:10:47+00:00","article_modified_time":"2021-04-07T10:11:25+00:00","og_image":[{"width":894,"height":613,"url":"https:\/\/www.ull.es\/portal\/noticias\/wp-content\/uploads\/sites\/13\/2021\/04\/libro-agua-portada-p.jpg","type":"image\/jpeg"}],"author":"prensa2","twitter_card":"summary_large_image","twitter_creator":"@CanalULL","twitter_site":"@CanalULL","twitter_misc":{"Escrito por":"prensa2","Tiempo de lectura":"3 minutos"},"schema":{"@context":"https:\/\/schema.org","@graph":[{"@type":"WebPage","@id":"https:\/\/www.ull.es\/portal\/noticias\/2021\/libro-planificacion-hidrologica-peninsula-iberica-islas\/","url":"https:\/\/www.ull.es\/portal\/noticias\/2021\/libro-planificacion-hidrologica-peninsula-iberica-islas\/","name":"Expertos de la ULL coordinan un libro sobre la planificaci\u00f3n hidrol\u00f3gica","isPartOf":{"@id":"https:\/\/www.ull.es\/portal\/noticias\/#website"},"datePublished":"2021-04-07T10:10:47+00:00","dateModified":"2021-04-07T10:11:25+00:00","author":{"@id":"https:\/\/www.ull.es\/portal\/noticias\/#\/schema\/person\/c3b2aa857797592927a03740d6664376"},"description":"De acceso gratuito, ha sido editado por el Colegio Oficial de Ingenieros de Montes y el Aula Cultural del Agua de la Universidad de La Laguna.","breadcrumb":{"@id":"https:\/\/www.ull.es\/portal\/noticias\/2021\/libro-planificacion-hidrologica-peninsula-iberica-islas\/#breadcrumb"},"inLanguage":"es","potentialAction":[{"@type":"ReadAction","target":["https:\/\/www.ull.es\/portal\/noticias\/2021\/libro-planificacion-hidrologica-peninsula-iberica-islas\/"]}]},{"@type":"BreadcrumbList","@id":"https:\/\/www.ull.es\/portal\/noticias\/2021\/libro-planificacion-hidrologica-peninsula-iberica-islas\/#breadcrumb","itemListElement":[{"@type":"ListItem","position":1,"name":"Portada","item":"https:\/\/www.ull.es\/portal\/noticias\/"},{"@type":"ListItem","position":2,"name":"Investigadores de la ULL coordinan un libro sobre la planificaci\u00f3n hidrol\u00f3gica en la Pen\u00ednsula Ib\u00e9rica e islas"}]},{"@type":"WebSite","@id":"https:\/\/www.ull.es\/portal\/noticias\/#website","url":"https:\/\/www.ull.es\/portal\/noticias\/","name":"ULL - Noticias","description":"","potentialAction":[{"@type":"SearchAction","target":{"@type":"EntryPoint","urlTemplate":"https:\/\/www.ull.es\/portal\/noticias\/?s={search_term_string}"},"query-input":"required name=search_term_string"}],"inLanguage":"es"},{"@type":"Person","@id":"https:\/\/www.ull.es\/portal\/noticias\/#\/schema\/person\/c3b2aa857797592927a03740d6664376","name":"prensa2","image":{"@type":"ImageObject","inLanguage":"es","@id":"https:\/\/www.ull.es\/portal\/noticias\/#\/schema\/person\/image\/","url":"https:\/\/secure.gravatar.com\/avatar\/b58f310a5de5feb33d1e026d2493f23c?s=96&d=mm&r=g","contentUrl":"https:\/\/secure.gravatar.com\/avatar\/b58f310a5de5feb33d1e026d2493f23c?s=96&d=mm&r=g","caption":"prensa2"},"url":"https:\/\/www.ull.es\/portal\/noticias\/author\/prensa2\/"}]}},"primary_category":{"id":345,"name":"Destacado","slug":"destacado","link":"https:\/\/www.ull.es\/portal\/noticias\/category\/destacado\/"},"featured_image_thumbnail_url":"https:\/\/www.ull.es\/portal\/noticias\/wp-content\/uploads\/sites\/13\/2021\/04\/libro-agua-portada-p-300x206.jpg","_links":{"self":[{"href":"https:\/\/www.ull.es\/portal\/noticias\/wp-json\/wp\/v2\/posts\/55491"}],"collection":[{"href":"https:\/\/www.ull.es\/portal\/noticias\/wp-json\/wp\/v2\/posts"}],"about":[{"href":"https:\/\/www.ull.es\/portal\/noticias\/wp-json\/wp\/v2\/types\/post"}],"author":[{"embeddable":true,"href":"https:\/\/www.ull.es\/portal\/noticias\/wp-json\/wp\/v2\/users\/21"}],"replies":[{"embeddable":true,"href":"https:\/\/www.ull.es\/portal\/noticias\/wp-json\/wp\/v2\/comments?post=55491"}],"version-history":[{"count":1,"href":"https:\/\/www.ull.es\/portal\/noticias\/wp-json\/wp\/v2\/posts\/55491\/revisions"}],"predecessor-version":[{"id":55494,"href":"https:\/\/www.ull.es\/portal\/noticias\/wp-json\/wp\/v2\/posts\/55491\/revisions\/55494"}],"wp:featuredmedia":[{"embeddable":true,"href":"https:\/\/www.ull.es\/portal\/noticias\/wp-json\/wp\/v2\/media\/55492"}],"wp:attachment":[{"href":"https:\/\/www.ull.es\/portal\/noticias\/wp-json\/wp\/v2\/media?parent=55491"}],"wp:term":[{"taxonomy":"category","embeddable":true,"href":"https:\/\/www.ull.es\/portal\/noticias\/wp-json\/wp\/v2\/categories?post=55491"},{"taxonomy":"post_tag","embeddable":true,"href":"https:\/\/www.ull.es\/portal\/noticias\/wp-json\/wp\/v2\/tags?post=55491"}],"curies":[{"name":"wp","href":"https:\/\/api.w.org\/{rel}","templated":true}]}}