{"id":55506,"date":"2021-04-07T18:46:23","date_gmt":"2021-04-07T18:46:23","guid":{"rendered":"https:\/\/www.ull.es\/portal\/noticias\/?p=55506"},"modified":"2021-04-07T18:46:23","modified_gmt":"2021-04-07T18:46:23","slug":"roman-rodriguez-se-alinea-con-la-propuesta-de-la-ull-para-impulsar-un-plan-canario-de-id","status":"publish","type":"post","link":"https:\/\/www.ull.es\/portal\/noticias\/2021\/roman-rodriguez-se-alinea-con-la-propuesta-de-la-ull-para-impulsar-un-plan-canario-de-id\/","title":{"rendered":"Rom\u00e1n Rodr\u00edguez se alinea con la propuesta de la ULL para impulsar un Plan canario de I+D"},"content":{"rendered":"<p>El vicepresidente canario y consejero de Hacienda, Presupuestos y Asuntos Europeos, Rom\u00e1n Rodr\u00edguez, se aline\u00f3 hoy con la propuesta de la Universidad de La Laguna para el impulso de un Plan canario de I+D que integre a todo el ecosistema investigador p\u00fablico del Archipi\u00e9lago y pueda captar el mayor volumen de recursos financieros europeos y estatales de reconstrucci\u00f3n.<\/p>\n<p>Rodr\u00edguez, acompa\u00f1ado del viceconsejero de Hacienda, Ferm\u00edn Delgado, se reuni\u00f3 hoy con la rectora de este centro acad\u00e9mico superior, Rosa Aguilar, y con el vicerrector de Cultura y Participaci\u00f3n Social, Juan Albino M\u00e9ndez, al objeto de analizar las \u201cventanas de oportunidad\u201d que se abren con los fondos europeos para relanzar y diversificar la econom\u00eda del Archipi\u00e9lago, desde la digitalizaci\u00f3n y la sostenibilidad.\u00a0A este respecto, el vicepresidente calific\u00f3 de \u201cmuy interesante\u201d la propuesta presentada por la Universidad de La Laguna, denominada \u201cCanarias ante la transformaci\u00f3n necesaria\u201d y que incluye un bloque de seis propuestas diferentes, adem\u00e1s del Plan de I+D.<\/p>\n<p>Rodr\u00edguez explic\u00f3 que la uni\u00f3n las universidades, instituciones, organismos e institutos p\u00fablicos canarios que se dedican a la investigaci\u00f3n conferir\u00e1 mucha fuerza al proyecto y permitir\u00e1 una eficaz transferencia del conocimiento al tejido productivo y, en definitiva, a la sociedad canaria. Entre esas instituciones estar\u00edan la Plataforma Oce\u00e1nica de Canarias, el Instituto de Astrof\u00edsica de Canarias, el Instituto Tecnol\u00f3gico de Canarias o el Instituto Espa\u00f1ol de Oceanograf\u00eda.\u00a0El vicepresidente asegur\u00f3 a este respecto que \u201cpromover\u00e1 reuniones para intentar avanzar en esa l\u00ednea, juntando fuerzas, conocimiento y capacidades\u201d.<\/p>\n<p>Al margen del pacto, la Universidad de La Laguna tambi\u00e9n plantea una serie de proyectos concretos relacionados con la transformaci\u00f3n digital de la econom\u00eda canaria y la eficiencia energ\u00e9tica de las propias infraestructuras universitarias, que Rodr\u00edguez consider\u00f3 \u201crazonables y realizables\u201d.\u00a0En todo caso, el vicepresidente record\u00f3 que ya el Gobierno de Canarias ha reservado 120 millones de euros para educaci\u00f3n e investigaci\u00f3n de los fondos del Reac-EU, mientras que a medio plazo habr\u00e1 de distribuirse no menos de 4.000 \u00f3 5.000 millones para I+D y el \u00e1rea de formaci\u00f3n en todo el Estado del Mecanismo de Recuperaci\u00f3n, \u201cde los cuales podemos optar a una importante cantidad, si somos capaces de articular propuestas potentes\u201d.<\/p>\n<p>La rectora, por su parte, puso en valor la capacidad tractora y el potencial transformador de la Universidad para diversificar la econom\u00eda canaria, avanzado hacia la digitalizaci\u00f3n y la sostenibilidad, con una adecuada transferencia del conocimiento a la sociedad.\u00a0En este contexto situ\u00f3 la propuesta elaborada por el centro superior, que pretende contribuir desde la investigaci\u00f3n, la formaci\u00f3n y el conocimiento a la resoluci\u00f3n de los grandes retos que ha planteado la pandemia.<\/p>\n<p>Aguilar insisti\u00f3 en que la Universidad de La Laguna puede ayudar al establecimiento de nuevas industrias basadas en el conocimiento y un centro para el fomento de la digitalizaci\u00f3n empresarial, adem\u00e1s de acuerdo impulsado por las instituciones en defensa de la investigaci\u00f3n como instrumento de progreso del Archipi\u00e9lago.<\/p>\n<p>(Nota de prensa y foto cedidas).<\/p>\n","protected":false},"excerpt":{"rendered":"<p>El vicepresidente canario y consejero de Hacienda, Presupuestos y Asuntos Europeos, Rom\u00e1n Rodr\u00edguez, se aline\u00f3 hoy con la propuesta de&#8230;<\/p>\n","protected":false},"author":23,"featured_media":55508,"comment_status":"closed","ping_status":"closed","sticky":false,"template":"","format":"standard","meta":{"inline_featured_image":false,"footnotes":""},"categories":[345,348,350,2765],"tags":[7273,7272,7274,7271],"acf":[],"yoast_head":"<!-- This site is optimized with the Yoast SEO plugin v21.3 - https:\/\/yoast.com\/wordpress\/plugins\/seo\/ -->\n<title>Rom\u00e1n Rodr\u00edguez se alinea con la propuesta de la ULL para impulsar un Plan canario de I+D - ULL - Noticias<\/title>\n<meta name=\"robots\" content=\"index, follow, max-snippet:-1, max-image-preview:large, max-video-preview:-1\" \/>\n<link rel=\"canonical\" href=\"https:\/\/www.ull.es\/portal\/noticias\/2021\/roman-rodriguez-se-alinea-con-la-propuesta-de-la-ull-para-impulsar-un-plan-canario-de-id\/\" \/>\n<meta property=\"og:locale\" content=\"es_ES\" \/>\n<meta property=\"og:type\" content=\"article\" \/>\n<meta property=\"og:title\" content=\"Rom\u00e1n Rodr\u00edguez se alinea con la propuesta de la ULL para impulsar un Plan canario de I+D - ULL - Noticias\" \/>\n<meta property=\"og:description\" content=\"El vicepresidente canario y consejero de Hacienda, Presupuestos y Asuntos Europeos, Rom\u00e1n Rodr\u00edguez, se aline\u00f3 hoy con la propuesta de...\" \/>\n<meta property=\"og:url\" content=\"https:\/\/www.ull.es\/portal\/noticias\/2021\/roman-rodriguez-se-alinea-con-la-propuesta-de-la-ull-para-impulsar-un-plan-canario-de-id\/\" \/>\n<meta property=\"og:site_name\" content=\"ULL - Noticias\" \/>\n<meta property=\"article:publisher\" content=\"https:\/\/www.facebook.com\/universidaddelalaguna\/\" \/>\n<meta property=\"article:published_time\" content=\"2021-04-07T18:46:23+00:00\" \/>\n<meta property=\"og:image\" content=\"https:\/\/www.ull.es\/portal\/noticias\/wp-content\/uploads\/sites\/13\/2021\/04\/reunion-con-roman-rodriguez.jpg\" \/>\n\t<meta property=\"og:image:width\" content=\"1600\" \/>\n\t<meta property=\"og:image:height\" content=\"1200\" \/>\n\t<meta property=\"og:image:type\" content=\"image\/jpeg\" \/>\n<meta name=\"author\" content=\"gaprsa\" \/>\n<meta name=\"twitter:card\" content=\"summary_large_image\" \/>\n<meta name=\"twitter:creator\" content=\"@CanalULL\" \/>\n<meta name=\"twitter:site\" content=\"@CanalULL\" \/>\n<meta name=\"twitter:label1\" content=\"Escrito por\" \/>\n\t<meta name=\"twitter:data1\" content=\"gaprsa\" \/>\n\t<meta name=\"twitter:label2\" content=\"Tiempo de lectura\" \/>\n\t<meta name=\"twitter:data2\" content=\"3 minutos\" \/>\n<script type=\"application\/ld+json\" class=\"yoast-schema-graph\">{\"@context\":\"https:\/\/schema.org\",\"@graph\":[{\"@type\":\"WebPage\",\"@id\":\"https:\/\/www.ull.es\/portal\/noticias\/2021\/roman-rodriguez-se-alinea-con-la-propuesta-de-la-ull-para-impulsar-un-plan-canario-de-id\/\",\"url\":\"https:\/\/www.ull.es\/portal\/noticias\/2021\/roman-rodriguez-se-alinea-con-la-propuesta-de-la-ull-para-impulsar-un-plan-canario-de-id\/\",\"name\":\"Rom\u00e1n Rodr\u00edguez se alinea con la propuesta de la ULL para impulsar un Plan canario de I+D - ULL - Noticias\",\"isPartOf\":{\"@id\":\"https:\/\/www.ull.es\/portal\/noticias\/#website\"},\"datePublished\":\"2021-04-07T18:46:23+00:00\",\"dateModified\":\"2021-04-07T18:46:23+00:00\",\"author\":{\"@id\":\"https:\/\/www.ull.es\/portal\/noticias\/#\/schema\/person\/b2b1a89d43ffa609e591f7df8ef3e817\"},\"breadcrumb\":{\"@id\":\"https:\/\/www.ull.es\/portal\/noticias\/2021\/roman-rodriguez-se-alinea-con-la-propuesta-de-la-ull-para-impulsar-un-plan-canario-de-id\/#breadcrumb\"},\"inLanguage\":\"es\",\"potentialAction\":[{\"@type\":\"ReadAction\",\"target\":[\"https:\/\/www.ull.es\/portal\/noticias\/2021\/roman-rodriguez-se-alinea-con-la-propuesta-de-la-ull-para-impulsar-un-plan-canario-de-id\/\"]}]},{\"@type\":\"BreadcrumbList\",\"@id\":\"https:\/\/www.ull.es\/portal\/noticias\/2021\/roman-rodriguez-se-alinea-con-la-propuesta-de-la-ull-para-impulsar-un-plan-canario-de-id\/#breadcrumb\",\"itemListElement\":[{\"@type\":\"ListItem\",\"position\":1,\"name\":\"Portada\",\"item\":\"https:\/\/www.ull.es\/portal\/noticias\/\"},{\"@type\":\"ListItem\",\"position\":2,\"name\":\"Rom\u00e1n Rodr\u00edguez se alinea con la propuesta de la ULL para impulsar un Plan canario de I+D\"}]},{\"@type\":\"WebSite\",\"@id\":\"https:\/\/www.ull.es\/portal\/noticias\/#website\",\"url\":\"https:\/\/www.ull.es\/portal\/noticias\/\",\"name\":\"ULL - Noticias\",\"description\":\"\",\"potentialAction\":[{\"@type\":\"SearchAction\",\"target\":{\"@type\":\"EntryPoint\",\"urlTemplate\":\"https:\/\/www.ull.es\/portal\/noticias\/?s={search_term_string}\"},\"query-input\":\"required name=search_term_string\"}],\"inLanguage\":\"es\"},{\"@type\":\"Person\",\"@id\":\"https:\/\/www.ull.es\/portal\/noticias\/#\/schema\/person\/b2b1a89d43ffa609e591f7df8ef3e817\",\"name\":\"gaprsa\",\"image\":{\"@type\":\"ImageObject\",\"inLanguage\":\"es\",\"@id\":\"https:\/\/www.ull.es\/portal\/noticias\/#\/schema\/person\/image\/\",\"url\":\"https:\/\/secure.gravatar.com\/avatar\/443820550921091458b4823867723b3d?s=96&d=mm&r=g\",\"contentUrl\":\"https:\/\/secure.gravatar.com\/avatar\/443820550921091458b4823867723b3d?s=96&d=mm&r=g\",\"caption\":\"gaprsa\"},\"url\":\"https:\/\/www.ull.es\/portal\/noticias\/author\/gaprsa\/\"}]}<\/script>\n<!-- \/ Yoast SEO plugin. -->","yoast_head_json":{"title":"Rom\u00e1n Rodr\u00edguez se alinea con la propuesta de la ULL para impulsar un Plan canario de I+D - ULL - Noticias","robots":{"index":"index","follow":"follow","max-snippet":"max-snippet:-1","max-image-preview":"max-image-preview:large","max-video-preview":"max-video-preview:-1"},"canonical":"https:\/\/www.ull.es\/portal\/noticias\/2021\/roman-rodriguez-se-alinea-con-la-propuesta-de-la-ull-para-impulsar-un-plan-canario-de-id\/","og_locale":"es_ES","og_type":"article","og_title":"Rom\u00e1n Rodr\u00edguez se alinea con la propuesta de la ULL para impulsar un Plan canario de I+D - ULL - Noticias","og_description":"El vicepresidente canario y consejero de Hacienda, Presupuestos y Asuntos Europeos, Rom\u00e1n Rodr\u00edguez, se aline\u00f3 hoy con la propuesta de...","og_url":"https:\/\/www.ull.es\/portal\/noticias\/2021\/roman-rodriguez-se-alinea-con-la-propuesta-de-la-ull-para-impulsar-un-plan-canario-de-id\/","og_site_name":"ULL - Noticias","article_publisher":"https:\/\/www.facebook.com\/universidaddelalaguna\/","article_published_time":"2021-04-07T18:46:23+00:00","og_image":[{"width":1600,"height":1200,"url":"https:\/\/www.ull.es\/portal\/noticias\/wp-content\/uploads\/sites\/13\/2021\/04\/reunion-con-roman-rodriguez.jpg","type":"image\/jpeg"}],"author":"gaprsa","twitter_card":"summary_large_image","twitter_creator":"@CanalULL","twitter_site":"@CanalULL","twitter_misc":{"Escrito por":"gaprsa","Tiempo de lectura":"3 minutos"},"schema":{"@context":"https:\/\/schema.org","@graph":[{"@type":"WebPage","@id":"https:\/\/www.ull.es\/portal\/noticias\/2021\/roman-rodriguez-se-alinea-con-la-propuesta-de-la-ull-para-impulsar-un-plan-canario-de-id\/","url":"https:\/\/www.ull.es\/portal\/noticias\/2021\/roman-rodriguez-se-alinea-con-la-propuesta-de-la-ull-para-impulsar-un-plan-canario-de-id\/","name":"Rom\u00e1n Rodr\u00edguez se alinea con la propuesta de la ULL para impulsar un Plan canario de I+D - ULL - Noticias","isPartOf":{"@id":"https:\/\/www.ull.es\/portal\/noticias\/#website"},"datePublished":"2021-04-07T18:46:23+00:00","dateModified":"2021-04-07T18:46:23+00:00","author":{"@id":"https:\/\/www.ull.es\/portal\/noticias\/#\/schema\/person\/b2b1a89d43ffa609e591f7df8ef3e817"},"breadcrumb":{"@id":"https:\/\/www.ull.es\/portal\/noticias\/2021\/roman-rodriguez-se-alinea-con-la-propuesta-de-la-ull-para-impulsar-un-plan-canario-de-id\/#breadcrumb"},"inLanguage":"es","potentialAction":[{"@type":"ReadAction","target":["https:\/\/www.ull.es\/portal\/noticias\/2021\/roman-rodriguez-se-alinea-con-la-propuesta-de-la-ull-para-impulsar-un-plan-canario-de-id\/"]}]},{"@type":"BreadcrumbList","@id":"https:\/\/www.ull.es\/portal\/noticias\/2021\/roman-rodriguez-se-alinea-con-la-propuesta-de-la-ull-para-impulsar-un-plan-canario-de-id\/#breadcrumb","itemListElement":[{"@type":"ListItem","position":1,"name":"Portada","item":"https:\/\/www.ull.es\/portal\/noticias\/"},{"@type":"ListItem","position":2,"name":"Rom\u00e1n Rodr\u00edguez se alinea con la propuesta de la ULL para impulsar un Plan canario de I+D"}]},{"@type":"WebSite","@id":"https:\/\/www.ull.es\/portal\/noticias\/#website","url":"https:\/\/www.ull.es\/portal\/noticias\/","name":"ULL - Noticias","description":"","potentialAction":[{"@type":"SearchAction","target":{"@type":"EntryPoint","urlTemplate":"https:\/\/www.ull.es\/portal\/noticias\/?s={search_term_string}"},"query-input":"required name=search_term_string"}],"inLanguage":"es"},{"@type":"Person","@id":"https:\/\/www.ull.es\/portal\/noticias\/#\/schema\/person\/b2b1a89d43ffa609e591f7df8ef3e817","name":"gaprsa","image":{"@type":"ImageObject","inLanguage":"es","@id":"https:\/\/www.ull.es\/portal\/noticias\/#\/schema\/person\/image\/","url":"https:\/\/secure.gravatar.com\/avatar\/443820550921091458b4823867723b3d?s=96&d=mm&r=g","contentUrl":"https:\/\/secure.gravatar.com\/avatar\/443820550921091458b4823867723b3d?s=96&d=mm&r=g","caption":"gaprsa"},"url":"https:\/\/www.ull.es\/portal\/noticias\/author\/gaprsa\/"}]}},"primary_category":{"id":345,"name":"Destacado","slug":"destacado","link":"https:\/\/www.ull.es\/portal\/noticias\/category\/destacado\/"},"featured_image_thumbnail_url":"https:\/\/www.ull.es\/portal\/noticias\/wp-content\/uploads\/sites\/13\/2021\/04\/reunion-con-roman-rodriguez-300x225.jpg","_links":{"self":[{"href":"https:\/\/www.ull.es\/portal\/noticias\/wp-json\/wp\/v2\/posts\/55506"}],"collection":[{"href":"https:\/\/www.ull.es\/portal\/noticias\/wp-json\/wp\/v2\/posts"}],"about":[{"href":"https:\/\/www.ull.es\/portal\/noticias\/wp-json\/wp\/v2\/types\/post"}],"author":[{"embeddable":true,"href":"https:\/\/www.ull.es\/portal\/noticias\/wp-json\/wp\/v2\/users\/23"}],"replies":[{"embeddable":true,"href":"https:\/\/www.ull.es\/portal\/noticias\/wp-json\/wp\/v2\/comments?post=55506"}],"version-history":[{"count":1,"href":"https:\/\/www.ull.es\/portal\/noticias\/wp-json\/wp\/v2\/posts\/55506\/revisions"}],"predecessor-version":[{"id":55507,"href":"https:\/\/www.ull.es\/portal\/noticias\/wp-json\/wp\/v2\/posts\/55506\/revisions\/55507"}],"wp:featuredmedia":[{"embeddable":true,"href":"https:\/\/www.ull.es\/portal\/noticias\/wp-json\/wp\/v2\/media\/55508"}],"wp:attachment":[{"href":"https:\/\/www.ull.es\/portal\/noticias\/wp-json\/wp\/v2\/media?parent=55506"}],"wp:term":[{"taxonomy":"category","embeddable":true,"href":"https:\/\/www.ull.es\/portal\/noticias\/wp-json\/wp\/v2\/categories?post=55506"},{"taxonomy":"post_tag","embeddable":true,"href":"https:\/\/www.ull.es\/portal\/noticias\/wp-json\/wp\/v2\/tags?post=55506"}],"curies":[{"name":"wp","href":"https:\/\/api.w.org\/{rel}","templated":true}]}}