{"id":55509,"date":"2021-04-08T08:18:12","date_gmt":"2021-04-08T08:18:12","guid":{"rendered":"https:\/\/www.ull.es\/portal\/noticias\/?p=55509"},"modified":"2021-04-08T08:18:12","modified_gmt":"2021-04-08T08:18:12","slug":"fundacion-cajacanarias-premios-2021","status":"publish","type":"post","link":"https:\/\/www.ull.es\/portal\/noticias\/2021\/fundacion-cajacanarias-premios-2021\/","title":{"rendered":"La Fundaci\u00f3n CajaCanarias abre la convocatoria de sus Premios 2021"},"content":{"rendered":"<p><a href=\"https:\/\/www.ull.es\/portal\/noticias\/wp-content\/uploads\/sites\/13\/2021\/04\/Premios21Imagen.jpg\" target=\"_blank\" rel=\"noopener\" target=\"_blank\" rel=\"noopener\"><img decoding=\"async\" loading=\"lazy\" class=\"alignleft wp-image-55510 size-medium\" src=\"https:\/\/www.ull.es\/portal\/noticias\/wp-content\/uploads\/sites\/13\/2021\/04\/Premios21Imagen-300x203.jpg\" alt=\"\" width=\"300\" height=\"203\" srcset=\"https:\/\/www.ull.es\/portal\/noticias\/wp-content\/uploads\/sites\/13\/2021\/04\/Premios21Imagen-300x203.jpg 300w, https:\/\/www.ull.es\/portal\/noticias\/wp-content\/uploads\/sites\/13\/2021\/04\/Premios21Imagen-375x254.jpg 375w, https:\/\/www.ull.es\/portal\/noticias\/wp-content\/uploads\/sites\/13\/2021\/04\/Premios21Imagen.jpg 486w\" sizes=\"(max-width: 300px) 100vw, 300px\" \/><\/a>La Fundaci\u00f3n CajaCanarias ha abierto el plazo de presentaci\u00f3n de sus Premios 2021, una convocatoria que, a lo largo de las \u00faltimas d\u00e9cadas, ha constituido una de las actividades m\u00e1s destacadas de la citada entidad y cuyo objetivo sigue siendo reconocer el talento de investigadores, artistas y escritores, sirviendo a la vez como plataforma e impulso para continuar y fortalecer sus respectivas trayectorias.<\/p>\n<p>Como dato general se establece el per\u00edodo comprendido entre el 22 y el 26 de abril, en funci\u00f3n del galard\u00f3n al que se opte, como fecha l\u00edmite de presentaci\u00f3n de trabajos e inscripciones a las diferentes modalidades convocadas en el presente ejercicio. A trav\u00e9s de <a href=\"http:\/\/www.cajacanarias.com\" target=\"_blank\" rel=\"noopener\">www.cajacanarias.com<\/a> pueden consultarse las correspondientes bases de participaci\u00f3n.<\/p>\n<p>Podr\u00e1n optar a los diferentes Premios CajaCanarias 2021 todas aquellas personas mayores de edad, naturales o residentes en Canarias (con excepci\u00f3n en el apartado de m\u00fasica joven, abierto a menores con autorizaci\u00f3n por parte del correspondiente tutor legal, a partir de 15 a\u00f1os), salvo quienes hubiesen resultado ganadores del galard\u00f3n al que optan en ediciones anteriores. La convocatoria de este a\u00f1o pretende descubrir y reconocer nuevos trabajos literarios de novela, poes\u00eda, relato corto, m\u00fasica, fotograf\u00eda, cine documental y de ficci\u00f3n, artes pl\u00e1sticas, estudios sobre Ciencias Sociales, Derecho y Econom\u00eda, as\u00ed como la m\u00fasica para el p\u00fablico m\u00e1s joven.<\/p>\n<p><strong>Los galardones<\/strong><\/p>\n<p><u>Premio de Investigaci\u00f3n \u201cAgust\u00edn de Betancourt\u201d. <\/u>Podr\u00e1n concurrir investigadores e investigadoras que est\u00e9n en posesi\u00f3n del t\u00edtulo de doctor en el momento de presentarse a esta convocatoria, bien de forma individual o agrupados, vinculados a centros oficiales de investigaci\u00f3n ubicados tanto en la Comunidad Aut\u00f3noma de Canarias como fuera de ella.\u00a0 Asimismo, se establece como condici\u00f3n ser natural o residente en Canarias, permitiendo en el caso de equipos de investigaci\u00f3n que al menos uno de los miembros cumpla esta condici\u00f3n.<\/p>\n<p>La fecha l\u00edmite de entrega de los trabajos que opten a este galard\u00f3n se establece el 22 de abril, y se otorgar\u00e1 un \u00fanico de premio, dotado con 3.000 euros. La investigaci\u00f3n, que debe ser original, tendr\u00e1 una extensi\u00f3n m\u00e1xima de 22.000 palabras, entre otras condiciones, y el tema de la investigaci\u00f3n debe enmarcarse en el \u00e1rea de conocimiento (clasificaci\u00f3n ANEP) relativa a Ciencias Sociales, Derecho y Econom\u00eda, enfocado directamente en el avance de la sociedad en general por medio de la creaci\u00f3n y renovaci\u00f3n de estudios vinculados a las sub\u00e1reas que conforman estas ciencias.<\/p>\n<p>Los trabajos que opten al Premio de Investigaci\u00f3n CajaCanarias deben ser originales, adem\u00e1s de haber sido publicados en revistas\/ediciones relativas al \u00e1rea de conocimiento en la que se inscriben. Asimismo, la investigaci\u00f3n desarrollada deber\u00e1 haber sido concluida en un per\u00edodo no superior a los tres a\u00f1os previos a la fecha de la presente convocatoria.<\/p>\n<p><strong>\u00a0<\/strong><u>Premio de Novela \u00abBenito P\u00e9rez Armas\u00bb<\/u>. El galard\u00f3n de novela m\u00e1s prestigioso de cuantos se convocan en el archipi\u00e9lago alcanzar\u00e1 este a\u00f1o su trig\u00e9simo s\u00e9ptima edici\u00f3n y establece un \u00fanico galard\u00f3n, dotado con un importe de 6.000 euros. El trabajo debe mantenerse in\u00e9dito hasta que se haga p\u00fablico el fallo del jurado, as\u00ed como haberse realizado en los dos \u00faltimos a\u00f1os, y s\u00f3lo podr\u00e1 presentarse un trabajo por autor. Las novelas deber\u00e1n estar escritas en espa\u00f1ol, con una extensi\u00f3n no inferior a 55.000 palabras y el tema ser\u00e1 de libre elecci\u00f3n. El plazo de presentaci\u00f3n de los manuscritos que opten al certamen finaliza a las 14:00 horas del pr\u00f3ximo d\u00eda 23 de abril.<\/p>\n<p><u>Premio de Poes\u00eda \u00abPedro Garc\u00eda Cabrera\u00bb<\/u>. Como en anteriores ediciones, este consolidado certamen po\u00e9tico, convocado por CajaCanarias desde el a\u00f1o 1981, mantiene un \u00fanico premio, dotado de 3.000 euros. Los poemarios deber\u00e1n estar escritos en espa\u00f1ol, con una extensi\u00f3n m\u00e1xima de 700 versos y m\u00ednima de 350, habi\u00e9ndose realizado a lo largo de los dos \u00faltimos a\u00f1os. De la misma manera que el galard\u00f3n narrativo, el plazo l\u00edmite de entrega se establece para el 23 de abril, hasta las 14:00 horas.<\/p>\n<p><u>Premio de M\u00fasica \u00abMar\u00eda Or\u00e1n\u00bb<\/u>. A este galard\u00f3n, que en la presente edici\u00f3n se convoca en la modalidad de canto y aumenta la dotaci\u00f3n de su premio hasta los 6.000 euros, podr\u00e1n optar int\u00e9rpretes nacidos o residentes en Canarias mayores de edad y que no superen los 36 a\u00f1os el d\u00eda de inicio de las pruebas. Los d\u00edas 16, 17 y 18 de junio est\u00e1 prevista la celebraci\u00f3n de las diferentes sesiones del concurso para optar al Premio de M\u00fasica \u00abMar\u00eda Or\u00e1n\u00bb, a celebrar en el Espacio Cultural CajaCanarias de Santa Cruz de Tenerife, y la inscripci\u00f3n permanecer\u00e1 abierta hasta el pr\u00f3ximo 26 de abril, a trav\u00e9s de <a href=\"http:\/\/www.cajacanarias\" target=\"_blank\" rel=\"noopener\">www.cajacanarias<\/a> y en la que habr\u00e1 que aportar, entre otras cuestiones, el programa detallado con minutaje global aproximado, as\u00ed como las partituras.<\/p>\n<p>Las pruebas del concurso consistir\u00e1n en una fase eliminatoria y una final, ambas de car\u00e1cter p\u00fablico.<\/p>\n<p><u>Eliminatoria:<\/u><\/p>\n<p>Tiempo de intervenci\u00f3n m\u00e1ximo: 20 minutos.<\/p>\n<p>Los concursantes interpretar\u00e1n un aria de \u00f3pera de libre elecci\u00f3n; un lied alem\u00e1n o melod\u00eda francesa, tambi\u00e9n de libre elecci\u00f3n; as\u00ed como una canci\u00f3n de autor canario, debi\u00e9ndose incluir las obras en formato de partitura general.<\/p>\n<p><u>Final:<\/u><\/p>\n<p>Tiempo de intervenci\u00f3n m\u00e1ximo: 30 minutos.<\/p>\n<p>Se interpretar\u00e1n un aria de \u00f3pera; un aria de oratorio, misa, cantata o motete; una canci\u00f3n espa\u00f1ola y un aria o romanza del teatro l\u00edrico espa\u00f1ol, todas ellas de libre elecci\u00f3n. Cabe recordar que todas las obras deber\u00e1n ser interpretadas en idioma original y de memoria, a excepci\u00f3n del oratorio.<\/p>\n<p>La Fundaci\u00f3n CajaCanarias pondr\u00e1 a disposici\u00f3n del concursante que lo solicite, un\/a pianista acompa\u00f1ante con quien podr\u00e1 realizar un ensayo con anterioridad a cada una de las pruebas, de 25 minutos para la eliminatoria y 40 minutos para la final. Adem\u00e1s del premio en met\u00e1lico que se establece para el ganador\/a del Premio de M\u00fasica \u201cMar\u00eda Or\u00e1n\u201d, podr\u00e1 percibir un importe adiciona de 1.500 euros en concepto de cach\u00e9 por una audici\u00f3n o recital, a realizar en el marco de la programaci\u00f3n anual de la Fundaci\u00f3n CajaCanarias.<\/p>\n<p><u>Premio de Relato Corto \u00abIsaac de Vega\u00bb<\/u>. Se repite el formato de presentaci\u00f3n empleado desde hace cuatro ejercicios para este certamen, uno de los m\u00e1s longevos del cat\u00e1logo de galardones que anualmente convoca la Fundaci\u00f3n CajaCanarias. As\u00ed, se establece un \u00fanico premio, dotado con 3.000 euros, para reconocer una colecci\u00f3n de relatos cortos, escritos en lengua castellana; la extensi\u00f3n total del volumen puede oscilar entre 26.400 y 39.600 palabras, y los\/as participantes en esta categor\u00eda, de la misma manera que en los premios de Novela y Poes\u00eda, deber\u00e1n hacer entrega de sus trabajos antes de las 14:00 horas del pr\u00f3ximo d\u00eda 23 de abril.<\/p>\n<p><u>Premio de Cortometraje \u00abManolo Villalba\u00bb.<\/u> El certamen cinematogr\u00e1fico convocado en el cat\u00e1logo anual de premios de la Fundaci\u00f3n CajaCanarias mantiene sus dos modalidades habituales: ficci\u00f3n y documental, de tem\u00e1tica libre en ambas categor\u00edas. Los cortometrajes podr\u00e1n presentarse en cualquier formato de dvd\/bluray homologado en nuestro pa\u00eds, con una duraci\u00f3n no superior a 30 minutos y con fecha de producci\u00f3n posterior a enero de 2019, optando a sendos premios dotados con 3.000 euros cada uno. El plazo de presentaci\u00f3n, en este caso, finaliza el 24 de abril y las obras deben entregarse f\u00edsicamente en los Espacios Culturales CajaCanarias de Santa Cruz de Tenerife, La Laguna, Garachico o Santa Cruz de La Palma, de lunes a s\u00e1bado y entre las 11:00 y las 13:30 horas.<\/p>\n<p><u>Premio de Fotograf\u00eda<\/u>. Tambi\u00e9n de tem\u00e1tica, modalidad y t\u00e9cnica libre, podr\u00e1n concurrir los artistas, naturales o residentes en Canarias, mayores de 18 a\u00f1os. Cada autor presentar\u00e1 una serie fotogr\u00e1fica compuesta entre cuatro y ocho instant\u00e1neas. Las fotograf\u00edas presentadas deben haberse realizado en los dos \u00faltimos a\u00f1os y no pueden haber sido premiadas en ning\u00fan otro concurso, exhibidas en alguna exposici\u00f3n, ni publicadas en libros, cat\u00e1logos o p\u00e1ginas web. Se otorgar\u00e1 un \u00fanico premio, dotado con 3.000 euros, as\u00ed como la Fundaci\u00f3n CajaCanarias ofrecer\u00e1 al ganador la oportunidad de llevar a cabo una exposici\u00f3n, que se realizar\u00eda en uno de sus Espacios Culturales, y las instant\u00e1neas han de presentarse al concurso en formato digital a trav\u00e9s de la p\u00e1gina web www.cajacanarias.com, as\u00ed como deben tener una resoluci\u00f3n m\u00ednima de 300 ppp, en formato jpg, un tama\u00f1o de archivo m\u00e1ximo de 20 Mb y un tama\u00f1o de la fotograf\u00eda donde la suma de la base y la altura no supere los 100 cm.<\/p>\n<p><u>Premio de M\u00fasica Joven \u201cAlberto Delgado\u201d.<\/u> La Fundaci\u00f3n CajaCanarias consolida en su agenda de Premios este concurso de m\u00fasica que, a partir de esta tercera edici\u00f3n, pasa a denominarse \u201cAlberto Delgado\u201d en memoria del presidente de la entidad, recientemente fallecido. M\u00fasico de formaci\u00f3n y director-fundador de la recordada Coral de Voces Blancas de Santa Cruz de Tenerife, Delgado desarroll\u00f3 una ingente labor de apoyo y fomento musical a lo largo de su trayectoria vital y profesional, siendo impulsor de algunos de los festivales y actuaciones m\u00e1s recordados en el panorama regional.<\/p>\n<p>Podr\u00e1n concurrir al certamen j\u00f3venes canarios y residentes en Canarias, con edades comprendidas entre los 15 y los 35 a\u00f1os, y en formato solista o en agrupaciones que no superen los seis componentes, abierto a g\u00e9neros de m\u00fasica que comprenden desde el pop, rock, rap, hip-hop, hasta la canci\u00f3n de autor, reggae, soul o blues, entre otros.<\/p>\n<p>Los participantes deben presentar tres temas musicales de autor\u00eda propia y originales, grabados en formato mp3 y junto a la documentaci\u00f3n requerida en las bases, exclusivamente a trav\u00e9s de la p\u00e1gina web <a href=\"http:\/\/www.cajacanarias.com\" target=\"_blank\" rel=\"noopener\">www.cajacanarias.com<\/a>, antes del 26 de abril (14:00 horas). Para optar al Premio de M\u00fasica Joven \u201cAlberto Delgado\u201d no se debe contar con contrato discogr\u00e1fico en vigor hasta la celebraci\u00f3n de la actuaci\u00f3n final ni pertenecer a dos formaciones diferentes presentadas a concurso, as\u00ed como se ha de disponer de un repertorio m\u00ednimo de diez canciones.<\/p>\n<p>De todas las propuestas presentadas, el jurado seleccionar\u00e1 los grupos y\/o solistas que participar\u00e1n en la fase final, a celebrar el 4 de junio, a partir de las 19:00 horas, en el Espacio Cultural CajaCanarias de Santa Cruz de Tenerife. Cada formaci\u00f3n deber\u00e1 interpretar los tres temas presentados a concurso, pudiendo incluir en el repertorio composiciones originales hasta completar el tiempo l\u00edmite de intervenci\u00f3n establecido. El premio este a\u00f1o asciende a una dotaci\u00f3n de 3.000 euros y, adem\u00e1s, el ganador podr\u00e1 percibir 1.500 euros en concepto de cach\u00e9 por una audici\u00f3n o recital, a realizar en el marco de la programaci\u00f3n anual de la Fundaci\u00f3n CajaCanarias<\/p>\n<p><u>Premio de Artes Pl\u00e1sticas \u201cManolo Millares\u201d. <\/u>Como una de las principales novedades en la convocatoria de Premios CajaCanarias 2021 se encuentra el retorno a su cat\u00e1logo de este prestigioso galard\u00f3n que, en la presente edici\u00f3n, lleva aparejado un \u00fanico premio dotado con 6.000 euros. El tema, la modalidad y la t\u00e9cnica de las obras a concurso ser\u00e1n de libre elecci\u00f3n del autor y deber\u00e1n ser in\u00e9ditas, realizadas a lo largo de los dos \u00faltimos a\u00f1os y no premiadas en ning\u00fan otro concurso, exhibidas en alguna exposici\u00f3n, ni publicadas en libros, cat\u00e1logos o p\u00e1ginas web.<\/p>\n<p>Cada participante deber\u00e1 presentar dos obras originales que no pueden superar los 150 cent\u00edmetros en cualquiera de sus dimensiones. La fecha l\u00edmite se establece el 24 de abril (14:00 horas) y la entrega puede realizarse en los Espacios Culturales CajaCanarias de Santa Cruz de Tenerife, La Laguna, Garachico y Santa Cruz de La Palma, de lunes a s\u00e1bado y en el horario comprendido entre las 11:00 y las 13:30 horas.<\/p>\n","protected":false},"excerpt":{"rendered":"<p>La Fundaci\u00f3n CajaCanarias ha abierto el plazo de presentaci\u00f3n de sus Premios 2021, una convocatoria que, a lo largo de&#8230;<\/p>\n","protected":false},"author":21,"featured_media":55510,"comment_status":"closed","ping_status":"closed","sticky":false,"template":"","format":"image","meta":{"inline_featured_image":false,"footnotes":""},"categories":[345,350,2765],"tags":[1324,2150,7275],"acf":[],"yoast_head":"<!-- This site is optimized with the Yoast SEO plugin v21.3 - https:\/\/yoast.com\/wordpress\/plugins\/seo\/ -->\n<title>La Fundaci\u00f3n CajaCanarias abre la convocatoria de sus Premios 2021<\/title>\n<meta name=\"description\" content=\"Los galardones abarcan materias como la investigaci\u00f3n, novela, poes\u00eda, relato breve, cortometraje, m\u00fasica, fotograf\u00eda y artes pl\u00e1sticas.\" \/>\n<meta name=\"robots\" content=\"index, follow, max-snippet:-1, max-image-preview:large, max-video-preview:-1\" \/>\n<link rel=\"canonical\" href=\"https:\/\/www.ull.es\/portal\/noticias\/2021\/fundacion-cajacanarias-premios-2021\/\" \/>\n<meta property=\"og:locale\" content=\"es_ES\" \/>\n<meta property=\"og:type\" content=\"article\" \/>\n<meta property=\"og:title\" content=\"La Fundaci\u00f3n CajaCanarias abre la convocatoria de sus Premios 2021\" \/>\n<meta property=\"og:description\" content=\"Los galardones abarcan materias como la investigaci\u00f3n, novela, poes\u00eda, relato breve, cortometraje, m\u00fasica, fotograf\u00eda y artes pl\u00e1sticas.\" \/>\n<meta property=\"og:url\" content=\"https:\/\/www.ull.es\/portal\/noticias\/2021\/fundacion-cajacanarias-premios-2021\/\" \/>\n<meta property=\"og:site_name\" content=\"ULL - Noticias\" \/>\n<meta property=\"article:publisher\" content=\"https:\/\/www.facebook.com\/universidaddelalaguna\/\" \/>\n<meta property=\"article:published_time\" content=\"2021-04-08T08:18:12+00:00\" \/>\n<meta property=\"og:image\" content=\"https:\/\/www.ull.es\/portal\/noticias\/wp-content\/uploads\/sites\/13\/2021\/04\/Premios21Imagen.jpg\" \/>\n\t<meta property=\"og:image:width\" content=\"486\" \/>\n\t<meta property=\"og:image:height\" content=\"329\" \/>\n\t<meta property=\"og:image:type\" content=\"image\/jpeg\" \/>\n<meta name=\"author\" content=\"prensa2\" \/>\n<meta name=\"twitter:card\" content=\"summary_large_image\" \/>\n<meta name=\"twitter:creator\" content=\"@CanalULL\" \/>\n<meta name=\"twitter:site\" content=\"@CanalULL\" \/>\n<meta name=\"twitter:label1\" content=\"Escrito por\" \/>\n\t<meta name=\"twitter:data1\" content=\"prensa2\" \/>\n\t<meta name=\"twitter:label2\" content=\"Tiempo de lectura\" \/>\n\t<meta name=\"twitter:data2\" content=\"9 minutos\" \/>\n<script type=\"application\/ld+json\" class=\"yoast-schema-graph\">{\"@context\":\"https:\/\/schema.org\",\"@graph\":[{\"@type\":\"WebPage\",\"@id\":\"https:\/\/www.ull.es\/portal\/noticias\/2021\/fundacion-cajacanarias-premios-2021\/\",\"url\":\"https:\/\/www.ull.es\/portal\/noticias\/2021\/fundacion-cajacanarias-premios-2021\/\",\"name\":\"La Fundaci\u00f3n CajaCanarias abre la convocatoria de sus Premios 2021\",\"isPartOf\":{\"@id\":\"https:\/\/www.ull.es\/portal\/noticias\/#website\"},\"datePublished\":\"2021-04-08T08:18:12+00:00\",\"dateModified\":\"2021-04-08T08:18:12+00:00\",\"author\":{\"@id\":\"https:\/\/www.ull.es\/portal\/noticias\/#\/schema\/person\/c3b2aa857797592927a03740d6664376\"},\"description\":\"Los galardones abarcan materias como la investigaci\u00f3n, novela, poes\u00eda, relato breve, cortometraje, m\u00fasica, fotograf\u00eda y artes pl\u00e1sticas.\",\"breadcrumb\":{\"@id\":\"https:\/\/www.ull.es\/portal\/noticias\/2021\/fundacion-cajacanarias-premios-2021\/#breadcrumb\"},\"inLanguage\":\"es\",\"potentialAction\":[{\"@type\":\"ReadAction\",\"target\":[\"https:\/\/www.ull.es\/portal\/noticias\/2021\/fundacion-cajacanarias-premios-2021\/\"]}]},{\"@type\":\"BreadcrumbList\",\"@id\":\"https:\/\/www.ull.es\/portal\/noticias\/2021\/fundacion-cajacanarias-premios-2021\/#breadcrumb\",\"itemListElement\":[{\"@type\":\"ListItem\",\"position\":1,\"name\":\"Portada\",\"item\":\"https:\/\/www.ull.es\/portal\/noticias\/\"},{\"@type\":\"ListItem\",\"position\":2,\"name\":\"La Fundaci\u00f3n CajaCanarias abre la convocatoria de sus Premios 2021\"}]},{\"@type\":\"WebSite\",\"@id\":\"https:\/\/www.ull.es\/portal\/noticias\/#website\",\"url\":\"https:\/\/www.ull.es\/portal\/noticias\/\",\"name\":\"ULL - Noticias\",\"description\":\"\",\"potentialAction\":[{\"@type\":\"SearchAction\",\"target\":{\"@type\":\"EntryPoint\",\"urlTemplate\":\"https:\/\/www.ull.es\/portal\/noticias\/?s={search_term_string}\"},\"query-input\":\"required name=search_term_string\"}],\"inLanguage\":\"es\"},{\"@type\":\"Person\",\"@id\":\"https:\/\/www.ull.es\/portal\/noticias\/#\/schema\/person\/c3b2aa857797592927a03740d6664376\",\"name\":\"prensa2\",\"image\":{\"@type\":\"ImageObject\",\"inLanguage\":\"es\",\"@id\":\"https:\/\/www.ull.es\/portal\/noticias\/#\/schema\/person\/image\/\",\"url\":\"https:\/\/secure.gravatar.com\/avatar\/b58f310a5de5feb33d1e026d2493f23c?s=96&d=mm&r=g\",\"contentUrl\":\"https:\/\/secure.gravatar.com\/avatar\/b58f310a5de5feb33d1e026d2493f23c?s=96&d=mm&r=g\",\"caption\":\"prensa2\"},\"url\":\"https:\/\/www.ull.es\/portal\/noticias\/author\/prensa2\/\"}]}<\/script>\n<!-- \/ Yoast SEO plugin. -->","yoast_head_json":{"title":"La Fundaci\u00f3n CajaCanarias abre la convocatoria de sus Premios 2021","description":"Los galardones abarcan materias como la investigaci\u00f3n, novela, poes\u00eda, relato breve, cortometraje, m\u00fasica, fotograf\u00eda y artes pl\u00e1sticas.","robots":{"index":"index","follow":"follow","max-snippet":"max-snippet:-1","max-image-preview":"max-image-preview:large","max-video-preview":"max-video-preview:-1"},"canonical":"https:\/\/www.ull.es\/portal\/noticias\/2021\/fundacion-cajacanarias-premios-2021\/","og_locale":"es_ES","og_type":"article","og_title":"La Fundaci\u00f3n CajaCanarias abre la convocatoria de sus Premios 2021","og_description":"Los galardones abarcan materias como la investigaci\u00f3n, novela, poes\u00eda, relato breve, cortometraje, m\u00fasica, fotograf\u00eda y artes pl\u00e1sticas.","og_url":"https:\/\/www.ull.es\/portal\/noticias\/2021\/fundacion-cajacanarias-premios-2021\/","og_site_name":"ULL - Noticias","article_publisher":"https:\/\/www.facebook.com\/universidaddelalaguna\/","article_published_time":"2021-04-08T08:18:12+00:00","og_image":[{"width":486,"height":329,"url":"https:\/\/www.ull.es\/portal\/noticias\/wp-content\/uploads\/sites\/13\/2021\/04\/Premios21Imagen.jpg","type":"image\/jpeg"}],"author":"prensa2","twitter_card":"summary_large_image","twitter_creator":"@CanalULL","twitter_site":"@CanalULL","twitter_misc":{"Escrito por":"prensa2","Tiempo de lectura":"9 minutos"},"schema":{"@context":"https:\/\/schema.org","@graph":[{"@type":"WebPage","@id":"https:\/\/www.ull.es\/portal\/noticias\/2021\/fundacion-cajacanarias-premios-2021\/","url":"https:\/\/www.ull.es\/portal\/noticias\/2021\/fundacion-cajacanarias-premios-2021\/","name":"La Fundaci\u00f3n CajaCanarias abre la convocatoria de sus Premios 2021","isPartOf":{"@id":"https:\/\/www.ull.es\/portal\/noticias\/#website"},"datePublished":"2021-04-08T08:18:12+00:00","dateModified":"2021-04-08T08:18:12+00:00","author":{"@id":"https:\/\/www.ull.es\/portal\/noticias\/#\/schema\/person\/c3b2aa857797592927a03740d6664376"},"description":"Los galardones abarcan materias como la investigaci\u00f3n, novela, poes\u00eda, relato breve, cortometraje, m\u00fasica, fotograf\u00eda y artes pl\u00e1sticas.","breadcrumb":{"@id":"https:\/\/www.ull.es\/portal\/noticias\/2021\/fundacion-cajacanarias-premios-2021\/#breadcrumb"},"inLanguage":"es","potentialAction":[{"@type":"ReadAction","target":["https:\/\/www.ull.es\/portal\/noticias\/2021\/fundacion-cajacanarias-premios-2021\/"]}]},{"@type":"BreadcrumbList","@id":"https:\/\/www.ull.es\/portal\/noticias\/2021\/fundacion-cajacanarias-premios-2021\/#breadcrumb","itemListElement":[{"@type":"ListItem","position":1,"name":"Portada","item":"https:\/\/www.ull.es\/portal\/noticias\/"},{"@type":"ListItem","position":2,"name":"La Fundaci\u00f3n CajaCanarias abre la convocatoria de sus Premios 2021"}]},{"@type":"WebSite","@id":"https:\/\/www.ull.es\/portal\/noticias\/#website","url":"https:\/\/www.ull.es\/portal\/noticias\/","name":"ULL - Noticias","description":"","potentialAction":[{"@type":"SearchAction","target":{"@type":"EntryPoint","urlTemplate":"https:\/\/www.ull.es\/portal\/noticias\/?s={search_term_string}"},"query-input":"required name=search_term_string"}],"inLanguage":"es"},{"@type":"Person","@id":"https:\/\/www.ull.es\/portal\/noticias\/#\/schema\/person\/c3b2aa857797592927a03740d6664376","name":"prensa2","image":{"@type":"ImageObject","inLanguage":"es","@id":"https:\/\/www.ull.es\/portal\/noticias\/#\/schema\/person\/image\/","url":"https:\/\/secure.gravatar.com\/avatar\/b58f310a5de5feb33d1e026d2493f23c?s=96&d=mm&r=g","contentUrl":"https:\/\/secure.gravatar.com\/avatar\/b58f310a5de5feb33d1e026d2493f23c?s=96&d=mm&r=g","caption":"prensa2"},"url":"https:\/\/www.ull.es\/portal\/noticias\/author\/prensa2\/"}]}},"primary_category":{"id":345,"name":"Destacado","slug":"destacado","link":"https:\/\/www.ull.es\/portal\/noticias\/category\/destacado\/"},"featured_image_thumbnail_url":"https:\/\/www.ull.es\/portal\/noticias\/wp-content\/uploads\/sites\/13\/2021\/04\/Premios21Imagen-300x203.jpg","_links":{"self":[{"href":"https:\/\/www.ull.es\/portal\/noticias\/wp-json\/wp\/v2\/posts\/55509"}],"collection":[{"href":"https:\/\/www.ull.es\/portal\/noticias\/wp-json\/wp\/v2\/posts"}],"about":[{"href":"https:\/\/www.ull.es\/portal\/noticias\/wp-json\/wp\/v2\/types\/post"}],"author":[{"embeddable":true,"href":"https:\/\/www.ull.es\/portal\/noticias\/wp-json\/wp\/v2\/users\/21"}],"replies":[{"embeddable":true,"href":"https:\/\/www.ull.es\/portal\/noticias\/wp-json\/wp\/v2\/comments?post=55509"}],"version-history":[{"count":1,"href":"https:\/\/www.ull.es\/portal\/noticias\/wp-json\/wp\/v2\/posts\/55509\/revisions"}],"predecessor-version":[{"id":55511,"href":"https:\/\/www.ull.es\/portal\/noticias\/wp-json\/wp\/v2\/posts\/55509\/revisions\/55511"}],"wp:featuredmedia":[{"embeddable":true,"href":"https:\/\/www.ull.es\/portal\/noticias\/wp-json\/wp\/v2\/media\/55510"}],"wp:attachment":[{"href":"https:\/\/www.ull.es\/portal\/noticias\/wp-json\/wp\/v2\/media?parent=55509"}],"wp:term":[{"taxonomy":"category","embeddable":true,"href":"https:\/\/www.ull.es\/portal\/noticias\/wp-json\/wp\/v2\/categories?post=55509"},{"taxonomy":"post_tag","embeddable":true,"href":"https:\/\/www.ull.es\/portal\/noticias\/wp-json\/wp\/v2\/tags?post=55509"}],"curies":[{"name":"wp","href":"https:\/\/api.w.org\/{rel}","templated":true}]}}