{"id":55531,"date":"2021-04-08T14:02:44","date_gmt":"2021-04-08T14:02:44","guid":{"rendered":"https:\/\/www.ull.es\/portal\/noticias\/?p=55531"},"modified":"2021-04-08T14:02:44","modified_gmt":"2021-04-08T14:02:44","slug":"el-grupo-de-investigacion-edullab-organiza-un-webinar-sobre-conocimiento-abierto","status":"publish","type":"post","link":"https:\/\/www.ull.es\/portal\/noticias\/2021\/el-grupo-de-investigacion-edullab-organiza-un-webinar-sobre-conocimiento-abierto\/","title":{"rendered":"El grupo de investigaci\u00f3n EDULLAB organiza un webinar sobre conocimiento abierto"},"content":{"rendered":"<p>El grupo de investigaci\u00f3n Laboratorio de Educaci\u00f3n y Nuevas Tecnolog\u00edas de la Universidad de Laguna (EDULLAB) organiza un nuevo webinar titulado \u201cCrecer juntos: investigaci\u00f3n educativa y conocimiento abierto\u201d en colaboraci\u00f3n con otras universidades nacionales pertenecientes a la Red de Excelencia Universitaria de Investigaci\u00f3n e Innovaci\u00f3n Educativa (REUNI+D). Esta iniciativa formativa tiene por objetivo debatir sobre c\u00f3mo compartir los datos y el conocimiento abierto en la investigaci\u00f3n sobre educaci\u00f3n y participar\u00e1n ponentes de distintas universidades con experiencia en el \u00e1mbito del conocimiento pedag\u00f3gico y en las l\u00edneas de la Tecnolog\u00eda Educativa.<\/p>\n<p>El evento se desarrollar\u00e1 en dos sesiones, la primera el 15 de abril y la segunda el 22 de abril, ambas a las 17 horas en Canaria. La coordinaci\u00f3n y gesti\u00f3n de ambos webinars se impulsa desde EDULLAB en colaboraci\u00f3n con todos los grupos de REUNI+D y la C\u00e1tedra Fundaci\u00f3n MAPFRE Guanarteme de Tecnolog\u00eda y Educaci\u00f3n de la Universidad de La Laguna, actividad enmarcada en su \u00faltimo proyecto 2018-102439-T.<\/p>\n<p>La sesi\u00f3n del 15 de abril la moderar\u00e1 Roc\u00eda Anguita (Grupo CEAEX de la Universidad de Valladolid), y en ella participar\u00e1n Virginia Rod\u00e9s-Paragarino (Grupo STELLAE de la Universidad de Santiago), Juan Bautista Mart\u00ednez Rodr\u00edguez (Grupo ICUFOP de la Universidad de Granada) y Javiera Atenas (Universitat de Barcelona y analista en Open Education Policy Hub).<\/p>\n<p>En la segunda parte, que se llevar\u00e1 a cabo el 22 de abril, moderar\u00e1 Carmen Alba Pastor (Grupo INDUCT de la Universidad Complutense de Madrid), Pilar Rico Castro (Unidad de Acceso Abierto, Repositorios y Revistas del FECYT), Yolanda Mart\u00edn Gonz\u00e1lez (Grupo GITE de la Universidad de Salamanca) y Jes\u00fas Valverde Berrocoso (Grupo NODO EDUCATIVO de la Universidad de Extremadura).<\/p>\n<p>Este Webinar est\u00e1 dirigido a la comunidad universitaria del \u00e1mbito iberoamericano:\u00a0 investigadores, doctorandos, docentes y profesionales de la educaci\u00f3n. Se puede seguir la retransmisi\u00f3n en streaming de ambas sesiones en el canal de Youtube de EDULLAB, visualizarlas desde la p\u00e1gina web y seguir el evento con el hashtag #WebinarREUNID.<\/p>\n<p>Adem\u00e1s, quien quiera disponer de certificaci\u00f3n se deber\u00e1 inscribir y participar en un foro de debate que se habilitar\u00e1 en la p\u00e1gina web tras asistir a las dos sesiones en directo. El acceso, inscripci\u00f3n y participaci\u00f3n en este evento ser\u00e1 gratuito, incluso para quienes deseen participar en el foro y obtener una certificaci\u00f3n.<\/p>\n<p>Para m\u00e1s informaci\u00f3n e inscripciones, puede <a href=\"http:\/\/edullab.webs.ull.es\/wordpress\/eventos\/crecer-juntos-investigacion-educativa-conocimiento-abierto\/\" target=\"_blank\" rel=\"noopener\" target=\"_blank\" rel=\"noopener\">acceder a la p\u00e1gina principal<\/a> donde encontrar\u00e1 toda la informaci\u00f3n destinada al Webinar.<\/p>\n","protected":false},"excerpt":{"rendered":"<p>El grupo de investigaci\u00f3n Laboratorio de Educaci\u00f3n y Nuevas Tecnolog\u00edas de la Universidad de Laguna (EDULLAB) organiza un nuevo webinar&#8230;<\/p>\n","protected":false},"author":21,"featured_media":55532,"comment_status":"closed","ping_status":"closed","sticky":false,"template":"","format":"standard","meta":{"inline_featured_image":false,"footnotes":""},"categories":[345,350,2765],"tags":[7280,1100,6504],"acf":[],"yoast_head":"<!-- This site is optimized with the Yoast SEO plugin v21.3 - https:\/\/yoast.com\/wordpress\/plugins\/seo\/ -->\n<title>EDULLAB organiza un webinar sobre conocimiento abierto<\/title>\n<meta name=\"description\" content=\"El grupo de investigaci\u00f3n de la ULL organiza en dos sesiones el seminario \u201cCrecer juntos: investigaci\u00f3n educativa y conocimiento abierto\u201d.\" \/>\n<meta name=\"robots\" content=\"index, follow, max-snippet:-1, max-image-preview:large, max-video-preview:-1\" \/>\n<link rel=\"canonical\" href=\"https:\/\/www.ull.es\/portal\/noticias\/2021\/el-grupo-de-investigacion-edullab-organiza-un-webinar-sobre-conocimiento-abierto\/\" \/>\n<meta property=\"og:locale\" content=\"es_ES\" \/>\n<meta property=\"og:type\" content=\"article\" \/>\n<meta property=\"og:title\" content=\"EDULLAB organiza un webinar sobre conocimiento abierto\" \/>\n<meta property=\"og:description\" content=\"El grupo de investigaci\u00f3n de la ULL organiza en dos sesiones el seminario \u201cCrecer juntos: investigaci\u00f3n educativa y conocimiento abierto\u201d.\" \/>\n<meta property=\"og:url\" content=\"https:\/\/www.ull.es\/portal\/noticias\/2021\/el-grupo-de-investigacion-edullab-organiza-un-webinar-sobre-conocimiento-abierto\/\" \/>\n<meta property=\"og:site_name\" content=\"ULL - Noticias\" \/>\n<meta property=\"article:publisher\" content=\"https:\/\/www.facebook.com\/universidaddelalaguna\/\" \/>\n<meta property=\"article:published_time\" content=\"2021-04-08T14:02:44+00:00\" \/>\n<meta property=\"og:image\" content=\"https:\/\/www.ull.es\/portal\/noticias\/wp-content\/uploads\/sites\/13\/2021\/04\/webinar-edullab-abril-2021.jpg\" \/>\n\t<meta property=\"og:image:width\" content=\"1200\" \/>\n\t<meta property=\"og:image:height\" content=\"675\" \/>\n\t<meta property=\"og:image:type\" content=\"image\/jpeg\" \/>\n<meta name=\"author\" content=\"prensa2\" \/>\n<meta name=\"twitter:card\" content=\"summary_large_image\" \/>\n<meta name=\"twitter:creator\" content=\"@CanalULL\" \/>\n<meta name=\"twitter:site\" content=\"@CanalULL\" \/>\n<meta name=\"twitter:label1\" content=\"Escrito por\" \/>\n\t<meta name=\"twitter:data1\" content=\"prensa2\" \/>\n\t<meta name=\"twitter:label2\" content=\"Tiempo de lectura\" \/>\n\t<meta name=\"twitter:data2\" content=\"2 minutos\" \/>\n<script type=\"application\/ld+json\" class=\"yoast-schema-graph\">{\"@context\":\"https:\/\/schema.org\",\"@graph\":[{\"@type\":\"WebPage\",\"@id\":\"https:\/\/www.ull.es\/portal\/noticias\/2021\/el-grupo-de-investigacion-edullab-organiza-un-webinar-sobre-conocimiento-abierto\/\",\"url\":\"https:\/\/www.ull.es\/portal\/noticias\/2021\/el-grupo-de-investigacion-edullab-organiza-un-webinar-sobre-conocimiento-abierto\/\",\"name\":\"EDULLAB organiza un webinar sobre conocimiento abierto\",\"isPartOf\":{\"@id\":\"https:\/\/www.ull.es\/portal\/noticias\/#website\"},\"datePublished\":\"2021-04-08T14:02:44+00:00\",\"dateModified\":\"2021-04-08T14:02:44+00:00\",\"author\":{\"@id\":\"https:\/\/www.ull.es\/portal\/noticias\/#\/schema\/person\/c3b2aa857797592927a03740d6664376\"},\"description\":\"El grupo de investigaci\u00f3n de la ULL organiza en dos sesiones el seminario \u201cCrecer juntos: investigaci\u00f3n educativa y conocimiento abierto\u201d.\",\"breadcrumb\":{\"@id\":\"https:\/\/www.ull.es\/portal\/noticias\/2021\/el-grupo-de-investigacion-edullab-organiza-un-webinar-sobre-conocimiento-abierto\/#breadcrumb\"},\"inLanguage\":\"es\",\"potentialAction\":[{\"@type\":\"ReadAction\",\"target\":[\"https:\/\/www.ull.es\/portal\/noticias\/2021\/el-grupo-de-investigacion-edullab-organiza-un-webinar-sobre-conocimiento-abierto\/\"]}]},{\"@type\":\"BreadcrumbList\",\"@id\":\"https:\/\/www.ull.es\/portal\/noticias\/2021\/el-grupo-de-investigacion-edullab-organiza-un-webinar-sobre-conocimiento-abierto\/#breadcrumb\",\"itemListElement\":[{\"@type\":\"ListItem\",\"position\":1,\"name\":\"Portada\",\"item\":\"https:\/\/www.ull.es\/portal\/noticias\/\"},{\"@type\":\"ListItem\",\"position\":2,\"name\":\"El grupo de investigaci\u00f3n EDULLAB organiza un webinar sobre conocimiento abierto\"}]},{\"@type\":\"WebSite\",\"@id\":\"https:\/\/www.ull.es\/portal\/noticias\/#website\",\"url\":\"https:\/\/www.ull.es\/portal\/noticias\/\",\"name\":\"ULL - Noticias\",\"description\":\"\",\"potentialAction\":[{\"@type\":\"SearchAction\",\"target\":{\"@type\":\"EntryPoint\",\"urlTemplate\":\"https:\/\/www.ull.es\/portal\/noticias\/?s={search_term_string}\"},\"query-input\":\"required name=search_term_string\"}],\"inLanguage\":\"es\"},{\"@type\":\"Person\",\"@id\":\"https:\/\/www.ull.es\/portal\/noticias\/#\/schema\/person\/c3b2aa857797592927a03740d6664376\",\"name\":\"prensa2\",\"image\":{\"@type\":\"ImageObject\",\"inLanguage\":\"es\",\"@id\":\"https:\/\/www.ull.es\/portal\/noticias\/#\/schema\/person\/image\/\",\"url\":\"https:\/\/secure.gravatar.com\/avatar\/b58f310a5de5feb33d1e026d2493f23c?s=96&d=mm&r=g\",\"contentUrl\":\"https:\/\/secure.gravatar.com\/avatar\/b58f310a5de5feb33d1e026d2493f23c?s=96&d=mm&r=g\",\"caption\":\"prensa2\"},\"url\":\"https:\/\/www.ull.es\/portal\/noticias\/author\/prensa2\/\"}]}<\/script>\n<!-- \/ Yoast SEO plugin. -->","yoast_head_json":{"title":"EDULLAB organiza un webinar sobre conocimiento abierto","description":"El grupo de investigaci\u00f3n de la ULL organiza en dos sesiones el seminario \u201cCrecer juntos: investigaci\u00f3n educativa y conocimiento abierto\u201d.","robots":{"index":"index","follow":"follow","max-snippet":"max-snippet:-1","max-image-preview":"max-image-preview:large","max-video-preview":"max-video-preview:-1"},"canonical":"https:\/\/www.ull.es\/portal\/noticias\/2021\/el-grupo-de-investigacion-edullab-organiza-un-webinar-sobre-conocimiento-abierto\/","og_locale":"es_ES","og_type":"article","og_title":"EDULLAB organiza un webinar sobre conocimiento abierto","og_description":"El grupo de investigaci\u00f3n de la ULL organiza en dos sesiones el seminario \u201cCrecer juntos: investigaci\u00f3n educativa y conocimiento abierto\u201d.","og_url":"https:\/\/www.ull.es\/portal\/noticias\/2021\/el-grupo-de-investigacion-edullab-organiza-un-webinar-sobre-conocimiento-abierto\/","og_site_name":"ULL - Noticias","article_publisher":"https:\/\/www.facebook.com\/universidaddelalaguna\/","article_published_time":"2021-04-08T14:02:44+00:00","og_image":[{"width":1200,"height":675,"url":"https:\/\/www.ull.es\/portal\/noticias\/wp-content\/uploads\/sites\/13\/2021\/04\/webinar-edullab-abril-2021.jpg","type":"image\/jpeg"}],"author":"prensa2","twitter_card":"summary_large_image","twitter_creator":"@CanalULL","twitter_site":"@CanalULL","twitter_misc":{"Escrito por":"prensa2","Tiempo de lectura":"2 minutos"},"schema":{"@context":"https:\/\/schema.org","@graph":[{"@type":"WebPage","@id":"https:\/\/www.ull.es\/portal\/noticias\/2021\/el-grupo-de-investigacion-edullab-organiza-un-webinar-sobre-conocimiento-abierto\/","url":"https:\/\/www.ull.es\/portal\/noticias\/2021\/el-grupo-de-investigacion-edullab-organiza-un-webinar-sobre-conocimiento-abierto\/","name":"EDULLAB organiza un webinar sobre conocimiento abierto","isPartOf":{"@id":"https:\/\/www.ull.es\/portal\/noticias\/#website"},"datePublished":"2021-04-08T14:02:44+00:00","dateModified":"2021-04-08T14:02:44+00:00","author":{"@id":"https:\/\/www.ull.es\/portal\/noticias\/#\/schema\/person\/c3b2aa857797592927a03740d6664376"},"description":"El grupo de investigaci\u00f3n de la ULL organiza en dos sesiones el seminario \u201cCrecer juntos: investigaci\u00f3n educativa y conocimiento abierto\u201d.","breadcrumb":{"@id":"https:\/\/www.ull.es\/portal\/noticias\/2021\/el-grupo-de-investigacion-edullab-organiza-un-webinar-sobre-conocimiento-abierto\/#breadcrumb"},"inLanguage":"es","potentialAction":[{"@type":"ReadAction","target":["https:\/\/www.ull.es\/portal\/noticias\/2021\/el-grupo-de-investigacion-edullab-organiza-un-webinar-sobre-conocimiento-abierto\/"]}]},{"@type":"BreadcrumbList","@id":"https:\/\/www.ull.es\/portal\/noticias\/2021\/el-grupo-de-investigacion-edullab-organiza-un-webinar-sobre-conocimiento-abierto\/#breadcrumb","itemListElement":[{"@type":"ListItem","position":1,"name":"Portada","item":"https:\/\/www.ull.es\/portal\/noticias\/"},{"@type":"ListItem","position":2,"name":"El grupo de investigaci\u00f3n EDULLAB organiza un webinar sobre conocimiento abierto"}]},{"@type":"WebSite","@id":"https:\/\/www.ull.es\/portal\/noticias\/#website","url":"https:\/\/www.ull.es\/portal\/noticias\/","name":"ULL - Noticias","description":"","potentialAction":[{"@type":"SearchAction","target":{"@type":"EntryPoint","urlTemplate":"https:\/\/www.ull.es\/portal\/noticias\/?s={search_term_string}"},"query-input":"required name=search_term_string"}],"inLanguage":"es"},{"@type":"Person","@id":"https:\/\/www.ull.es\/portal\/noticias\/#\/schema\/person\/c3b2aa857797592927a03740d6664376","name":"prensa2","image":{"@type":"ImageObject","inLanguage":"es","@id":"https:\/\/www.ull.es\/portal\/noticias\/#\/schema\/person\/image\/","url":"https:\/\/secure.gravatar.com\/avatar\/b58f310a5de5feb33d1e026d2493f23c?s=96&d=mm&r=g","contentUrl":"https:\/\/secure.gravatar.com\/avatar\/b58f310a5de5feb33d1e026d2493f23c?s=96&d=mm&r=g","caption":"prensa2"},"url":"https:\/\/www.ull.es\/portal\/noticias\/author\/prensa2\/"}]}},"primary_category":{"id":345,"name":"Destacado","slug":"destacado","link":"https:\/\/www.ull.es\/portal\/noticias\/category\/destacado\/"},"featured_image_thumbnail_url":"https:\/\/www.ull.es\/portal\/noticias\/wp-content\/uploads\/sites\/13\/2021\/04\/webinar-edullab-abril-2021-300x169.jpg","_links":{"self":[{"href":"https:\/\/www.ull.es\/portal\/noticias\/wp-json\/wp\/v2\/posts\/55531"}],"collection":[{"href":"https:\/\/www.ull.es\/portal\/noticias\/wp-json\/wp\/v2\/posts"}],"about":[{"href":"https:\/\/www.ull.es\/portal\/noticias\/wp-json\/wp\/v2\/types\/post"}],"author":[{"embeddable":true,"href":"https:\/\/www.ull.es\/portal\/noticias\/wp-json\/wp\/v2\/users\/21"}],"replies":[{"embeddable":true,"href":"https:\/\/www.ull.es\/portal\/noticias\/wp-json\/wp\/v2\/comments?post=55531"}],"version-history":[{"count":1,"href":"https:\/\/www.ull.es\/portal\/noticias\/wp-json\/wp\/v2\/posts\/55531\/revisions"}],"predecessor-version":[{"id":55533,"href":"https:\/\/www.ull.es\/portal\/noticias\/wp-json\/wp\/v2\/posts\/55531\/revisions\/55533"}],"wp:featuredmedia":[{"embeddable":true,"href":"https:\/\/www.ull.es\/portal\/noticias\/wp-json\/wp\/v2\/media\/55532"}],"wp:attachment":[{"href":"https:\/\/www.ull.es\/portal\/noticias\/wp-json\/wp\/v2\/media?parent=55531"}],"wp:term":[{"taxonomy":"category","embeddable":true,"href":"https:\/\/www.ull.es\/portal\/noticias\/wp-json\/wp\/v2\/categories?post=55531"},{"taxonomy":"post_tag","embeddable":true,"href":"https:\/\/www.ull.es\/portal\/noticias\/wp-json\/wp\/v2\/tags?post=55531"}],"curies":[{"name":"wp","href":"https:\/\/api.w.org\/{rel}","templated":true}]}}