{"id":55547,"date":"2021-04-09T12:21:01","date_gmt":"2021-04-09T12:21:01","guid":{"rendered":"https:\/\/www.ull.es\/portal\/noticias\/?p=55547"},"modified":"2021-04-09T12:21:01","modified_gmt":"2021-04-09T12:21:01","slug":"nobrega-siverio-premiado-eps","status":"publish","type":"post","link":"https:\/\/www.ull.es\/portal\/noticias\/2021\/nobrega-siverio-premiado-eps\/","title":{"rendered":"El investigador del IAC Daniel N\u00f3brega Siverio, premiado por la Sociedad Europea de F\u00edsica"},"content":{"rendered":"<p>Daniel N\u00f3brega Siverio, investigador postdoctoral del <a href=\"https:\/\/www.iac.es\/\" target=\"_blank\" rel=\"noopener\" target=\"_blank\" rel=\"noopener\">Instituto de Astrof\u00edsica de Canarias<\/a> (IAC) y licenciado y doctorado por la Universidad de La Laguna, ha sido galardonado recientemente con el \u201c<em>Early Career Researcher Prize<\/em>\u201d que entrega la Divisi\u00f3n de F\u00edsica Solar de la Sociedad Europea de F\u00edsica (<a href=\"https:\/\/www.eps.org\/\" target=\"_blank\" rel=\"noopener\" target=\"_blank\" rel=\"noopener\"><em>European Physical Society<\/em><\/a>, EPS).<\/p>\n<p>Este prestigioso premio a j\u00f3venes investigadores ha sido concedido \u201cpor sus importantes contribuciones a la comprensi\u00f3n de los fen\u00f3menos cromosf\u00e9ricos solares y otros procesos relacionados, combinando teor\u00eda, observaciones y experimentaci\u00f3n num\u00e9rica\u201d.<\/p>\n<p>N\u00f3brega Siverio ha trabajado entre 2018 y 2021 en el Rosseland Centre for Solar Physics (RoCS) de la Universidad de Oslo (Noruega). En la actualidad, es investigador postdoctoral en el IAC y miembro de la <em>Synergy Grant<\/em> \u201c<em>The Whole Sun<\/em>\u201d, una importante subvenci\u00f3n concedida por el Consejo Europeo de Investigaci\u00f3n (<em>European Research Council<\/em>) que apoya la investigaci\u00f3n de proyectos multidisciplinares de excelencia cient\u00edfica mundial y cuyo investigador principal en el IAC es Fernando Moreno Insertis.<\/p>\n<p>Licenciado en F\u00edsica por la Universidad de La Laguna, N\u00f3brega Siverio realiz\u00f3 el M\u00e1ster en Astrof\u00edsica y la tesis doctoral en esta misma instituci\u00f3n acad\u00e9mica y en el IAC. La tesis, defendida en 2018 y dirigida por Fernando Moreno Insertis, catedr\u00e1tico de la Universidad de La Laguna e investigador del IAC, con la co-supervisi\u00f3n de Juan Mart\u00ednez Sykora, investigador en el Lockheed Martin Solar and Astrophysics Laboratory (LMSAL) en California (Estados Unidos), recibi\u00f3 en 2019 el Premio a la mejor Tesis Doctoral Espa\u00f1ola en Astronom\u00eda y Astrof\u00edsica que concede la Sociedad Espa\u00f1ola de Astronom\u00eda.<\/p>\n","protected":false},"excerpt":{"rendered":"<p>Daniel N\u00f3brega Siverio, investigador postdoctoral del Instituto de Astrof\u00edsica de Canarias (IAC) y licenciado y doctorado por la Universidad de&#8230;<\/p>\n","protected":false},"author":21,"featured_media":55548,"comment_status":"closed","ping_status":"closed","sticky":false,"template":"","format":"standard","meta":{"inline_featured_image":false,"footnotes":""},"categories":[345,350,2765],"tags":[7282,7283,7284,1454],"acf":[],"yoast_head":"<!-- This site is optimized with the Yoast SEO plugin v21.3 - https:\/\/yoast.com\/wordpress\/plugins\/seo\/ -->\n<title>Daniel N\u00f3brega Siverio (IAC) premiado por la Sociedad Europea de F\u00edsica<\/title>\n<meta name=\"description\" content=\"El investigador postdoc del IAC y doctor por la ULL fue galardonado por su contribuci\u00f3n a la comprensi\u00f3n de fen\u00f3menos cromosf\u00e9ricos solares.\" \/>\n<meta name=\"robots\" content=\"index, follow, max-snippet:-1, max-image-preview:large, max-video-preview:-1\" \/>\n<link rel=\"canonical\" href=\"https:\/\/www.ull.es\/portal\/noticias\/2021\/nobrega-siverio-premiado-eps\/\" \/>\n<meta property=\"og:locale\" content=\"es_ES\" \/>\n<meta property=\"og:type\" content=\"article\" \/>\n<meta property=\"og:title\" content=\"Daniel N\u00f3brega Siverio (IAC) premiado por la Sociedad Europea de F\u00edsica\" \/>\n<meta property=\"og:description\" content=\"El investigador postdoc del IAC y doctor por la ULL fue galardonado por su contribuci\u00f3n a la comprensi\u00f3n de fen\u00f3menos cromosf\u00e9ricos solares.\" \/>\n<meta property=\"og:url\" content=\"https:\/\/www.ull.es\/portal\/noticias\/2021\/nobrega-siverio-premiado-eps\/\" \/>\n<meta property=\"og:site_name\" content=\"ULL - Noticias\" \/>\n<meta property=\"article:publisher\" content=\"https:\/\/www.facebook.com\/universidaddelalaguna\/\" \/>\n<meta property=\"article:published_time\" content=\"2021-04-09T12:21:01+00:00\" \/>\n<meta property=\"og:image\" content=\"https:\/\/www.ull.es\/portal\/noticias\/wp-content\/uploads\/sites\/13\/2021\/04\/daniel-nobrega-siverio.jpg\" \/>\n\t<meta property=\"og:image:width\" content=\"1200\" \/>\n\t<meta property=\"og:image:height\" content=\"800\" \/>\n\t<meta property=\"og:image:type\" content=\"image\/jpeg\" \/>\n<meta name=\"author\" content=\"prensa2\" \/>\n<meta name=\"twitter:card\" content=\"summary_large_image\" \/>\n<meta name=\"twitter:creator\" content=\"@CanalULL\" \/>\n<meta name=\"twitter:site\" content=\"@CanalULL\" \/>\n<meta name=\"twitter:label1\" content=\"Escrito por\" \/>\n\t<meta name=\"twitter:data1\" content=\"prensa2\" \/>\n\t<meta name=\"twitter:label2\" content=\"Tiempo de lectura\" \/>\n\t<meta name=\"twitter:data2\" content=\"2 minutos\" \/>\n<script type=\"application\/ld+json\" class=\"yoast-schema-graph\">{\"@context\":\"https:\/\/schema.org\",\"@graph\":[{\"@type\":\"WebPage\",\"@id\":\"https:\/\/www.ull.es\/portal\/noticias\/2021\/nobrega-siverio-premiado-eps\/\",\"url\":\"https:\/\/www.ull.es\/portal\/noticias\/2021\/nobrega-siverio-premiado-eps\/\",\"name\":\"Daniel N\u00f3brega Siverio (IAC) premiado por la Sociedad Europea de F\u00edsica\",\"isPartOf\":{\"@id\":\"https:\/\/www.ull.es\/portal\/noticias\/#website\"},\"datePublished\":\"2021-04-09T12:21:01+00:00\",\"dateModified\":\"2021-04-09T12:21:01+00:00\",\"author\":{\"@id\":\"https:\/\/www.ull.es\/portal\/noticias\/#\/schema\/person\/c3b2aa857797592927a03740d6664376\"},\"description\":\"El investigador postdoc del IAC y doctor por la ULL fue galardonado por su contribuci\u00f3n a la comprensi\u00f3n de fen\u00f3menos cromosf\u00e9ricos solares.\",\"breadcrumb\":{\"@id\":\"https:\/\/www.ull.es\/portal\/noticias\/2021\/nobrega-siverio-premiado-eps\/#breadcrumb\"},\"inLanguage\":\"es\",\"potentialAction\":[{\"@type\":\"ReadAction\",\"target\":[\"https:\/\/www.ull.es\/portal\/noticias\/2021\/nobrega-siverio-premiado-eps\/\"]}]},{\"@type\":\"BreadcrumbList\",\"@id\":\"https:\/\/www.ull.es\/portal\/noticias\/2021\/nobrega-siverio-premiado-eps\/#breadcrumb\",\"itemListElement\":[{\"@type\":\"ListItem\",\"position\":1,\"name\":\"Portada\",\"item\":\"https:\/\/www.ull.es\/portal\/noticias\/\"},{\"@type\":\"ListItem\",\"position\":2,\"name\":\"El investigador del IAC Daniel N\u00f3brega Siverio, premiado por la Sociedad Europea de F\u00edsica\"}]},{\"@type\":\"WebSite\",\"@id\":\"https:\/\/www.ull.es\/portal\/noticias\/#website\",\"url\":\"https:\/\/www.ull.es\/portal\/noticias\/\",\"name\":\"ULL - Noticias\",\"description\":\"\",\"potentialAction\":[{\"@type\":\"SearchAction\",\"target\":{\"@type\":\"EntryPoint\",\"urlTemplate\":\"https:\/\/www.ull.es\/portal\/noticias\/?s={search_term_string}\"},\"query-input\":\"required name=search_term_string\"}],\"inLanguage\":\"es\"},{\"@type\":\"Person\",\"@id\":\"https:\/\/www.ull.es\/portal\/noticias\/#\/schema\/person\/c3b2aa857797592927a03740d6664376\",\"name\":\"prensa2\",\"image\":{\"@type\":\"ImageObject\",\"inLanguage\":\"es\",\"@id\":\"https:\/\/www.ull.es\/portal\/noticias\/#\/schema\/person\/image\/\",\"url\":\"https:\/\/secure.gravatar.com\/avatar\/b58f310a5de5feb33d1e026d2493f23c?s=96&d=mm&r=g\",\"contentUrl\":\"https:\/\/secure.gravatar.com\/avatar\/b58f310a5de5feb33d1e026d2493f23c?s=96&d=mm&r=g\",\"caption\":\"prensa2\"},\"url\":\"https:\/\/www.ull.es\/portal\/noticias\/author\/prensa2\/\"}]}<\/script>\n<!-- \/ Yoast SEO plugin. -->","yoast_head_json":{"title":"Daniel N\u00f3brega Siverio (IAC) premiado por la Sociedad Europea de F\u00edsica","description":"El investigador postdoc del IAC y doctor por la ULL fue galardonado por su contribuci\u00f3n a la comprensi\u00f3n de fen\u00f3menos cromosf\u00e9ricos solares.","robots":{"index":"index","follow":"follow","max-snippet":"max-snippet:-1","max-image-preview":"max-image-preview:large","max-video-preview":"max-video-preview:-1"},"canonical":"https:\/\/www.ull.es\/portal\/noticias\/2021\/nobrega-siverio-premiado-eps\/","og_locale":"es_ES","og_type":"article","og_title":"Daniel N\u00f3brega Siverio (IAC) premiado por la Sociedad Europea de F\u00edsica","og_description":"El investigador postdoc del IAC y doctor por la ULL fue galardonado por su contribuci\u00f3n a la comprensi\u00f3n de fen\u00f3menos cromosf\u00e9ricos solares.","og_url":"https:\/\/www.ull.es\/portal\/noticias\/2021\/nobrega-siverio-premiado-eps\/","og_site_name":"ULL - Noticias","article_publisher":"https:\/\/www.facebook.com\/universidaddelalaguna\/","article_published_time":"2021-04-09T12:21:01+00:00","og_image":[{"width":1200,"height":800,"url":"https:\/\/www.ull.es\/portal\/noticias\/wp-content\/uploads\/sites\/13\/2021\/04\/daniel-nobrega-siverio.jpg","type":"image\/jpeg"}],"author":"prensa2","twitter_card":"summary_large_image","twitter_creator":"@CanalULL","twitter_site":"@CanalULL","twitter_misc":{"Escrito por":"prensa2","Tiempo de lectura":"2 minutos"},"schema":{"@context":"https:\/\/schema.org","@graph":[{"@type":"WebPage","@id":"https:\/\/www.ull.es\/portal\/noticias\/2021\/nobrega-siverio-premiado-eps\/","url":"https:\/\/www.ull.es\/portal\/noticias\/2021\/nobrega-siverio-premiado-eps\/","name":"Daniel N\u00f3brega Siverio (IAC) premiado por la Sociedad Europea de F\u00edsica","isPartOf":{"@id":"https:\/\/www.ull.es\/portal\/noticias\/#website"},"datePublished":"2021-04-09T12:21:01+00:00","dateModified":"2021-04-09T12:21:01+00:00","author":{"@id":"https:\/\/www.ull.es\/portal\/noticias\/#\/schema\/person\/c3b2aa857797592927a03740d6664376"},"description":"El investigador postdoc del IAC y doctor por la ULL fue galardonado por su contribuci\u00f3n a la comprensi\u00f3n de fen\u00f3menos cromosf\u00e9ricos solares.","breadcrumb":{"@id":"https:\/\/www.ull.es\/portal\/noticias\/2021\/nobrega-siverio-premiado-eps\/#breadcrumb"},"inLanguage":"es","potentialAction":[{"@type":"ReadAction","target":["https:\/\/www.ull.es\/portal\/noticias\/2021\/nobrega-siverio-premiado-eps\/"]}]},{"@type":"BreadcrumbList","@id":"https:\/\/www.ull.es\/portal\/noticias\/2021\/nobrega-siverio-premiado-eps\/#breadcrumb","itemListElement":[{"@type":"ListItem","position":1,"name":"Portada","item":"https:\/\/www.ull.es\/portal\/noticias\/"},{"@type":"ListItem","position":2,"name":"El investigador del IAC Daniel N\u00f3brega Siverio, premiado por la Sociedad Europea de F\u00edsica"}]},{"@type":"WebSite","@id":"https:\/\/www.ull.es\/portal\/noticias\/#website","url":"https:\/\/www.ull.es\/portal\/noticias\/","name":"ULL - Noticias","description":"","potentialAction":[{"@type":"SearchAction","target":{"@type":"EntryPoint","urlTemplate":"https:\/\/www.ull.es\/portal\/noticias\/?s={search_term_string}"},"query-input":"required name=search_term_string"}],"inLanguage":"es"},{"@type":"Person","@id":"https:\/\/www.ull.es\/portal\/noticias\/#\/schema\/person\/c3b2aa857797592927a03740d6664376","name":"prensa2","image":{"@type":"ImageObject","inLanguage":"es","@id":"https:\/\/www.ull.es\/portal\/noticias\/#\/schema\/person\/image\/","url":"https:\/\/secure.gravatar.com\/avatar\/b58f310a5de5feb33d1e026d2493f23c?s=96&d=mm&r=g","contentUrl":"https:\/\/secure.gravatar.com\/avatar\/b58f310a5de5feb33d1e026d2493f23c?s=96&d=mm&r=g","caption":"prensa2"},"url":"https:\/\/www.ull.es\/portal\/noticias\/author\/prensa2\/"}]}},"primary_category":{"id":345,"name":"Destacado","slug":"destacado","link":"https:\/\/www.ull.es\/portal\/noticias\/category\/destacado\/"},"featured_image_thumbnail_url":"https:\/\/www.ull.es\/portal\/noticias\/wp-content\/uploads\/sites\/13\/2021\/04\/daniel-nobrega-siverio-300x200.jpg","_links":{"self":[{"href":"https:\/\/www.ull.es\/portal\/noticias\/wp-json\/wp\/v2\/posts\/55547"}],"collection":[{"href":"https:\/\/www.ull.es\/portal\/noticias\/wp-json\/wp\/v2\/posts"}],"about":[{"href":"https:\/\/www.ull.es\/portal\/noticias\/wp-json\/wp\/v2\/types\/post"}],"author":[{"embeddable":true,"href":"https:\/\/www.ull.es\/portal\/noticias\/wp-json\/wp\/v2\/users\/21"}],"replies":[{"embeddable":true,"href":"https:\/\/www.ull.es\/portal\/noticias\/wp-json\/wp\/v2\/comments?post=55547"}],"version-history":[{"count":1,"href":"https:\/\/www.ull.es\/portal\/noticias\/wp-json\/wp\/v2\/posts\/55547\/revisions"}],"predecessor-version":[{"id":55549,"href":"https:\/\/www.ull.es\/portal\/noticias\/wp-json\/wp\/v2\/posts\/55547\/revisions\/55549"}],"wp:featuredmedia":[{"embeddable":true,"href":"https:\/\/www.ull.es\/portal\/noticias\/wp-json\/wp\/v2\/media\/55548"}],"wp:attachment":[{"href":"https:\/\/www.ull.es\/portal\/noticias\/wp-json\/wp\/v2\/media?parent=55547"}],"wp:term":[{"taxonomy":"category","embeddable":true,"href":"https:\/\/www.ull.es\/portal\/noticias\/wp-json\/wp\/v2\/categories?post=55547"},{"taxonomy":"post_tag","embeddable":true,"href":"https:\/\/www.ull.es\/portal\/noticias\/wp-json\/wp\/v2\/tags?post=55547"}],"curies":[{"name":"wp","href":"https:\/\/api.w.org\/{rel}","templated":true}]}}