{"id":55607,"date":"2021-04-13T11:49:38","date_gmt":"2021-04-13T11:49:38","guid":{"rendered":"https:\/\/www.ull.es\/portal\/noticias\/?p=55607"},"modified":"2021-04-13T11:49:38","modified_gmt":"2021-04-13T11:49:38","slug":"el-ciclo-de-primavera-de-jovenes-interpretes-lleva-la-musica-clasica-al-paraninfo","status":"publish","type":"post","link":"https:\/\/www.ull.es\/portal\/noticias\/2021\/el-ciclo-de-primavera-de-jovenes-interpretes-lleva-la-musica-clasica-al-paraninfo\/","title":{"rendered":"El Ciclo de Primavera de J\u00f3venes Int\u00e9rpretes lleva la m\u00fasica cl\u00e1sica al Paraninfo \u00a0"},"content":{"rendered":"<p>El Paraninfo de la Universidad de La Laguna acoger\u00e1 ma\u00f1ana 14 de marzo, en una funci\u00f3n \u00fanica de 19:30 A 21:00 horas, una nueva sesi\u00f3n del ciclo de Conciertos de Primavera de J\u00f3venes Int\u00e9rpretes. La entrada al recital de m\u00fasica cl\u00e1sica, que interpretar\u00e1n dos violines y un piano, es gratuita pero con motivo de las restricciones de aforo impuestas ser\u00e1 necesario retirar las invitaciones a trav\u00e9s de <a href=\"https:\/\/www.tomaticket.es\/entradas-primavera-de-jovenes-interpretes-concierto-de-jazz-y-musica-moderna-tenerife\" target=\"_blank\" rel=\"noopener\">Tomaticket <\/a>.<\/p>\n<p>La colaboraci\u00f3n entre la instituci\u00f3n acad\u00e9mica y el Conservatorio de M\u00fasica de Santa Cruz de Tenerife contin\u00faa gracias a estos ciclos de conciertos, que brindan a los alumnos del conservatorio la oportunidad de mostrar sus capacidades interpretativas y creativas en un ambiente y espacio profesional con la asistencia de p\u00fablico, de manera que les sea posible adquirir la madurez necesaria para asumir retos de mayor envergadura.<\/p>\n<p>El tr\u00edo musical formado por Paula Toral Navarro e Irene Mart\u00ednez Gort\u00e1zar a los violines, y Rebeca Piriz Ugidos al piano, interpretar\u00e1 un total de cinco piezas de m\u00fasica cl\u00e1sica. Est\u00e1 previsto que la velada comience con la sonata n\u00ba1 de Johann Sebastian Bach en adagio, seguido del concierto de viol\u00edn n\u00ba5 de Mozart. Tambi\u00e9n interpretar\u00e1n la sonata para viol\u00edn y piano de Claude Debussy y el concierto para viol\u00edn y orquesta de Aram Khachaturian. La sesi\u00f3n finalizar\u00e1 con el concierto para viol\u00edn y orquesta en re menor del compositor sueco Jean Sibelius.<\/p>\n<p>La selecci\u00f3n musical de la jornada abarca un amplio periodo dentro de la historia de la m\u00fasica cl\u00e1sica. La pieza de apertura de la funci\u00f3n, corresponde a un conjunto de seis sonatas para viol\u00edn de Bach publicadas en 1802, mientras que el concierto n\u00ba 5 de Mozart se remonta al siglo XVIII, data m\u00e1s concretamente de 1775. Por su parte, los conciertos para viol\u00edn y orquesta de J. Sibelius y de A. Khachaturian fueron compuestos en 1903 y 1940 respectivamente. Tambi\u00e9n en el siglo XX, en 1917, se estren\u00f3 la sonata para viol\u00edn de Debussy, una de las \u00faltimas obras compuestas por el franc\u00e9s.<\/p>\n<p>Con la intenci\u00f3n de garantizar el cumplimiento de las medidas de seguridad impuestas por las autoridades sanitarias y que la asistencia al evento sea segura, el Paraninfo de la Universidad de La Laguna tiene un Plan de Prevenci\u00f3n de la Covid-19 en el que se destacan medidas como el uso obligatorio de mascarilla en todo momento, la distancia de seguridad entre personas que no pertenezcan al mismo n\u00facleo de convivencia, el uso de gel hidroalcoh\u00f3lico y la se\u00f1alizaci\u00f3n de entradas y salidas, as\u00ed como las indicaciones del personal de sala y de seguridad. Asimismo, queda prohibido colocar objetos personales en las butacas y formar aglomeraciones en cualquiera de las instalaciones del recinto.<\/p>\n","protected":false},"excerpt":{"rendered":"<p>El Paraninfo de la Universidad de La Laguna acoger\u00e1 ma\u00f1ana 14 de marzo, en una funci\u00f3n \u00fanica de 19:30 A&#8230;<\/p>\n","protected":false},"author":23,"featured_media":55610,"comment_status":"closed","ping_status":"closed","sticky":false,"template":"","format":"standard","meta":{"inline_featured_image":false,"footnotes":""},"categories":[344,345,2765],"tags":[7223,3368],"acf":[],"yoast_head":"<!-- This site is optimized with the Yoast SEO plugin v21.3 - https:\/\/yoast.com\/wordpress\/plugins\/seo\/ -->\n<title>El Ciclo de Primavera de J\u00f3venes Int\u00e9rpretes lleva la m\u00fasica cl\u00e1sica al Paraninfo \u00a0 - ULL - Noticias<\/title>\n<meta name=\"robots\" content=\"index, follow, max-snippet:-1, max-image-preview:large, max-video-preview:-1\" \/>\n<link rel=\"canonical\" href=\"https:\/\/www.ull.es\/portal\/noticias\/2021\/el-ciclo-de-primavera-de-jovenes-interpretes-lleva-la-musica-clasica-al-paraninfo\/\" \/>\n<meta property=\"og:locale\" content=\"es_ES\" \/>\n<meta property=\"og:type\" content=\"article\" \/>\n<meta property=\"og:title\" content=\"El Ciclo de Primavera de J\u00f3venes Int\u00e9rpretes lleva la m\u00fasica cl\u00e1sica al Paraninfo \u00a0 - ULL - Noticias\" \/>\n<meta property=\"og:description\" content=\"El Paraninfo de la Universidad de La Laguna acoger\u00e1 ma\u00f1ana 14 de marzo, en una funci\u00f3n \u00fanica de 19:30 A...\" \/>\n<meta property=\"og:url\" content=\"https:\/\/www.ull.es\/portal\/noticias\/2021\/el-ciclo-de-primavera-de-jovenes-interpretes-lleva-la-musica-clasica-al-paraninfo\/\" \/>\n<meta property=\"og:site_name\" content=\"ULL - Noticias\" \/>\n<meta property=\"article:publisher\" content=\"https:\/\/www.facebook.com\/universidaddelalaguna\/\" \/>\n<meta property=\"article:published_time\" content=\"2021-04-13T11:49:38+00:00\" \/>\n<meta property=\"og:image\" content=\"https:\/\/www.ull.es\/portal\/noticias\/wp-content\/uploads\/sites\/13\/2021\/04\/CARTEL14ABRIL_agenda.jpg\" \/>\n\t<meta property=\"og:image:width\" content=\"700\" \/>\n\t<meta property=\"og:image:height\" content=\"350\" \/>\n\t<meta property=\"og:image:type\" content=\"image\/jpeg\" \/>\n<meta name=\"author\" content=\"gaprsa\" \/>\n<meta name=\"twitter:card\" content=\"summary_large_image\" \/>\n<meta name=\"twitter:creator\" content=\"@CanalULL\" \/>\n<meta name=\"twitter:site\" content=\"@CanalULL\" \/>\n<meta name=\"twitter:label1\" content=\"Escrito por\" \/>\n\t<meta name=\"twitter:data1\" content=\"gaprsa\" \/>\n\t<meta name=\"twitter:label2\" content=\"Tiempo de lectura\" \/>\n\t<meta name=\"twitter:data2\" content=\"2 minutos\" \/>\n<script type=\"application\/ld+json\" class=\"yoast-schema-graph\">{\"@context\":\"https:\/\/schema.org\",\"@graph\":[{\"@type\":\"WebPage\",\"@id\":\"https:\/\/www.ull.es\/portal\/noticias\/2021\/el-ciclo-de-primavera-de-jovenes-interpretes-lleva-la-musica-clasica-al-paraninfo\/\",\"url\":\"https:\/\/www.ull.es\/portal\/noticias\/2021\/el-ciclo-de-primavera-de-jovenes-interpretes-lleva-la-musica-clasica-al-paraninfo\/\",\"name\":\"El Ciclo de Primavera de J\u00f3venes Int\u00e9rpretes lleva la m\u00fasica cl\u00e1sica al Paraninfo \u00a0 - ULL - Noticias\",\"isPartOf\":{\"@id\":\"https:\/\/www.ull.es\/portal\/noticias\/#website\"},\"datePublished\":\"2021-04-13T11:49:38+00:00\",\"dateModified\":\"2021-04-13T11:49:38+00:00\",\"author\":{\"@id\":\"https:\/\/www.ull.es\/portal\/noticias\/#\/schema\/person\/b2b1a89d43ffa609e591f7df8ef3e817\"},\"breadcrumb\":{\"@id\":\"https:\/\/www.ull.es\/portal\/noticias\/2021\/el-ciclo-de-primavera-de-jovenes-interpretes-lleva-la-musica-clasica-al-paraninfo\/#breadcrumb\"},\"inLanguage\":\"es\",\"potentialAction\":[{\"@type\":\"ReadAction\",\"target\":[\"https:\/\/www.ull.es\/portal\/noticias\/2021\/el-ciclo-de-primavera-de-jovenes-interpretes-lleva-la-musica-clasica-al-paraninfo\/\"]}]},{\"@type\":\"BreadcrumbList\",\"@id\":\"https:\/\/www.ull.es\/portal\/noticias\/2021\/el-ciclo-de-primavera-de-jovenes-interpretes-lleva-la-musica-clasica-al-paraninfo\/#breadcrumb\",\"itemListElement\":[{\"@type\":\"ListItem\",\"position\":1,\"name\":\"Portada\",\"item\":\"https:\/\/www.ull.es\/portal\/noticias\/\"},{\"@type\":\"ListItem\",\"position\":2,\"name\":\"El Ciclo de Primavera de J\u00f3venes Int\u00e9rpretes lleva la m\u00fasica cl\u00e1sica al Paraninfo \u00a0\"}]},{\"@type\":\"WebSite\",\"@id\":\"https:\/\/www.ull.es\/portal\/noticias\/#website\",\"url\":\"https:\/\/www.ull.es\/portal\/noticias\/\",\"name\":\"ULL - Noticias\",\"description\":\"\",\"potentialAction\":[{\"@type\":\"SearchAction\",\"target\":{\"@type\":\"EntryPoint\",\"urlTemplate\":\"https:\/\/www.ull.es\/portal\/noticias\/?s={search_term_string}\"},\"query-input\":\"required name=search_term_string\"}],\"inLanguage\":\"es\"},{\"@type\":\"Person\",\"@id\":\"https:\/\/www.ull.es\/portal\/noticias\/#\/schema\/person\/b2b1a89d43ffa609e591f7df8ef3e817\",\"name\":\"gaprsa\",\"image\":{\"@type\":\"ImageObject\",\"inLanguage\":\"es\",\"@id\":\"https:\/\/www.ull.es\/portal\/noticias\/#\/schema\/person\/image\/\",\"url\":\"https:\/\/secure.gravatar.com\/avatar\/443820550921091458b4823867723b3d?s=96&d=mm&r=g\",\"contentUrl\":\"https:\/\/secure.gravatar.com\/avatar\/443820550921091458b4823867723b3d?s=96&d=mm&r=g\",\"caption\":\"gaprsa\"},\"url\":\"https:\/\/www.ull.es\/portal\/noticias\/author\/gaprsa\/\"}]}<\/script>\n<!-- \/ Yoast SEO plugin. -->","yoast_head_json":{"title":"El Ciclo de Primavera de J\u00f3venes Int\u00e9rpretes lleva la m\u00fasica cl\u00e1sica al Paraninfo \u00a0 - ULL - Noticias","robots":{"index":"index","follow":"follow","max-snippet":"max-snippet:-1","max-image-preview":"max-image-preview:large","max-video-preview":"max-video-preview:-1"},"canonical":"https:\/\/www.ull.es\/portal\/noticias\/2021\/el-ciclo-de-primavera-de-jovenes-interpretes-lleva-la-musica-clasica-al-paraninfo\/","og_locale":"es_ES","og_type":"article","og_title":"El Ciclo de Primavera de J\u00f3venes Int\u00e9rpretes lleva la m\u00fasica cl\u00e1sica al Paraninfo \u00a0 - ULL - Noticias","og_description":"El Paraninfo de la Universidad de La Laguna acoger\u00e1 ma\u00f1ana 14 de marzo, en una funci\u00f3n \u00fanica de 19:30 A...","og_url":"https:\/\/www.ull.es\/portal\/noticias\/2021\/el-ciclo-de-primavera-de-jovenes-interpretes-lleva-la-musica-clasica-al-paraninfo\/","og_site_name":"ULL - Noticias","article_publisher":"https:\/\/www.facebook.com\/universidaddelalaguna\/","article_published_time":"2021-04-13T11:49:38+00:00","og_image":[{"width":700,"height":350,"url":"https:\/\/www.ull.es\/portal\/noticias\/wp-content\/uploads\/sites\/13\/2021\/04\/CARTEL14ABRIL_agenda.jpg","type":"image\/jpeg"}],"author":"gaprsa","twitter_card":"summary_large_image","twitter_creator":"@CanalULL","twitter_site":"@CanalULL","twitter_misc":{"Escrito por":"gaprsa","Tiempo de lectura":"2 minutos"},"schema":{"@context":"https:\/\/schema.org","@graph":[{"@type":"WebPage","@id":"https:\/\/www.ull.es\/portal\/noticias\/2021\/el-ciclo-de-primavera-de-jovenes-interpretes-lleva-la-musica-clasica-al-paraninfo\/","url":"https:\/\/www.ull.es\/portal\/noticias\/2021\/el-ciclo-de-primavera-de-jovenes-interpretes-lleva-la-musica-clasica-al-paraninfo\/","name":"El Ciclo de Primavera de J\u00f3venes Int\u00e9rpretes lleva la m\u00fasica cl\u00e1sica al Paraninfo \u00a0 - ULL - Noticias","isPartOf":{"@id":"https:\/\/www.ull.es\/portal\/noticias\/#website"},"datePublished":"2021-04-13T11:49:38+00:00","dateModified":"2021-04-13T11:49:38+00:00","author":{"@id":"https:\/\/www.ull.es\/portal\/noticias\/#\/schema\/person\/b2b1a89d43ffa609e591f7df8ef3e817"},"breadcrumb":{"@id":"https:\/\/www.ull.es\/portal\/noticias\/2021\/el-ciclo-de-primavera-de-jovenes-interpretes-lleva-la-musica-clasica-al-paraninfo\/#breadcrumb"},"inLanguage":"es","potentialAction":[{"@type":"ReadAction","target":["https:\/\/www.ull.es\/portal\/noticias\/2021\/el-ciclo-de-primavera-de-jovenes-interpretes-lleva-la-musica-clasica-al-paraninfo\/"]}]},{"@type":"BreadcrumbList","@id":"https:\/\/www.ull.es\/portal\/noticias\/2021\/el-ciclo-de-primavera-de-jovenes-interpretes-lleva-la-musica-clasica-al-paraninfo\/#breadcrumb","itemListElement":[{"@type":"ListItem","position":1,"name":"Portada","item":"https:\/\/www.ull.es\/portal\/noticias\/"},{"@type":"ListItem","position":2,"name":"El Ciclo de Primavera de J\u00f3venes Int\u00e9rpretes lleva la m\u00fasica cl\u00e1sica al Paraninfo \u00a0"}]},{"@type":"WebSite","@id":"https:\/\/www.ull.es\/portal\/noticias\/#website","url":"https:\/\/www.ull.es\/portal\/noticias\/","name":"ULL - Noticias","description":"","potentialAction":[{"@type":"SearchAction","target":{"@type":"EntryPoint","urlTemplate":"https:\/\/www.ull.es\/portal\/noticias\/?s={search_term_string}"},"query-input":"required name=search_term_string"}],"inLanguage":"es"},{"@type":"Person","@id":"https:\/\/www.ull.es\/portal\/noticias\/#\/schema\/person\/b2b1a89d43ffa609e591f7df8ef3e817","name":"gaprsa","image":{"@type":"ImageObject","inLanguage":"es","@id":"https:\/\/www.ull.es\/portal\/noticias\/#\/schema\/person\/image\/","url":"https:\/\/secure.gravatar.com\/avatar\/443820550921091458b4823867723b3d?s=96&d=mm&r=g","contentUrl":"https:\/\/secure.gravatar.com\/avatar\/443820550921091458b4823867723b3d?s=96&d=mm&r=g","caption":"gaprsa"},"url":"https:\/\/www.ull.es\/portal\/noticias\/author\/gaprsa\/"}]}},"primary_category":{"id":345,"name":"Destacado","slug":"destacado","link":"https:\/\/www.ull.es\/portal\/noticias\/category\/destacado\/"},"featured_image_thumbnail_url":"https:\/\/www.ull.es\/portal\/noticias\/wp-content\/uploads\/sites\/13\/2021\/04\/CARTEL14ABRIL_agenda-300x150.jpg","_links":{"self":[{"href":"https:\/\/www.ull.es\/portal\/noticias\/wp-json\/wp\/v2\/posts\/55607"}],"collection":[{"href":"https:\/\/www.ull.es\/portal\/noticias\/wp-json\/wp\/v2\/posts"}],"about":[{"href":"https:\/\/www.ull.es\/portal\/noticias\/wp-json\/wp\/v2\/types\/post"}],"author":[{"embeddable":true,"href":"https:\/\/www.ull.es\/portal\/noticias\/wp-json\/wp\/v2\/users\/23"}],"replies":[{"embeddable":true,"href":"https:\/\/www.ull.es\/portal\/noticias\/wp-json\/wp\/v2\/comments?post=55607"}],"version-history":[{"count":1,"href":"https:\/\/www.ull.es\/portal\/noticias\/wp-json\/wp\/v2\/posts\/55607\/revisions"}],"predecessor-version":[{"id":55608,"href":"https:\/\/www.ull.es\/portal\/noticias\/wp-json\/wp\/v2\/posts\/55607\/revisions\/55608"}],"wp:featuredmedia":[{"embeddable":true,"href":"https:\/\/www.ull.es\/portal\/noticias\/wp-json\/wp\/v2\/media\/55610"}],"wp:attachment":[{"href":"https:\/\/www.ull.es\/portal\/noticias\/wp-json\/wp\/v2\/media?parent=55607"}],"wp:term":[{"taxonomy":"category","embeddable":true,"href":"https:\/\/www.ull.es\/portal\/noticias\/wp-json\/wp\/v2\/categories?post=55607"},{"taxonomy":"post_tag","embeddable":true,"href":"https:\/\/www.ull.es\/portal\/noticias\/wp-json\/wp\/v2\/tags?post=55607"}],"curies":[{"name":"wp","href":"https:\/\/api.w.org\/{rel}","templated":true}]}}