{"id":55609,"date":"2021-04-13T12:00:49","date_gmt":"2021-04-13T12:00:49","guid":{"rendered":"https:\/\/www.ull.es\/portal\/noticias\/?p=55609"},"modified":"2021-04-13T12:00:49","modified_gmt":"2021-04-13T12:00:49","slug":"universidad-virtual-llego-para-quedarse","status":"publish","type":"post","link":"https:\/\/www.ull.es\/portal\/noticias\/2021\/universidad-virtual-llego-para-quedarse\/","title":{"rendered":"La universidad virtual que lleg\u00f3 para quedarse\u00a0\u00a0\u00a0"},"content":{"rendered":"<p>No exist\u00eda el Whatsapp, ni la Wikipedia, ni asomaban por el horizonte los entornos virtuales y, much\u00edsimo menos, exist\u00edan los smartphones. Los no va m\u00e1s de la tecnolog\u00eda m\u00f3vil de entonces \u2012la d\u00e9cada de los 90\u2012 eran los Nokia. Pesado como un ladrillo, si exceptuamos el Alcatel, el tel\u00e9fono m\u00f3vil noventero de m\u00e1s \u00e9xito no conoc\u00eda las RRSS. Faltaban a\u00fan unos cuantos a\u00f1os para que Mark Zuckerberg\u00a0creara Facebook, que cumpli\u00f3 17 hace dos meses, aunque a algunos les parezca que fue hace un siglo.<\/p>\n<p>Y en ese marco tan anal\u00f3gico y dependiente del papel, Manuel Area Moreira, experto en tecnolog\u00eda educativa, profesor, educador, pedagogo, catedr\u00e1tico de <a href=\"https:\/\/www.ull.es\/departamentos\/didactica-e-investigacion-educativa\/personal\/\" target=\"_blank\" rel=\"noopener\" target=\"_blank\" rel=\"noopener\">Did\u00e1ctica y Organizaci\u00f3n Escolar<\/a> y uno de los investigadores m\u00e1s brillantes y citados de la Universidad de La Laguna, explic\u00f3 a su alumnado que en sus clases de tecnolog\u00eda aplicada a la educaci\u00f3n no hac\u00eda falta tomar apuntes porque todos los contenidos estaban colgados en un dominio web que \u00e9l mismo hab\u00eda creado. Un adi\u00f3s en toda regla a las clases dictadas, a las idas y venidas a las copister\u00edas y, por supuesto, a las constantes fotocopias<\/p>\n<p>Corr\u00eda 1998 y aquello no sent\u00f3 bien. Nada bien. De hecho, puede decirse que provoc\u00f3 una peque\u00f1a rebeli\u00f3n en el aula, parafraseando la estupenda pel\u00edcula de Sidney Poitier, <em>Rebeli\u00f3n en las aulas <\/em>(1967)<em>. <\/em>Los alumnos se hab\u00edan reunido en asamblea y se negaban a seguir el contenido de la asignatura por la p\u00e1gina web. Algunos, incluso, comentaron que no quer\u00edan recibir clases a pesar de que \u00e9l (Area) insist\u00eda en que aprender tecnolog\u00eda en un entorno no tecnol\u00f3gico era un aut\u00e9ntico sinsentido. Con toda la raz\u00f3n.<\/p>\n<p>Hoy en d\u00eda esta situaci\u00f3n ser\u00eda absolutamente impensable. Experimentar de esta forma en entornos digitales a finales de los 90 no gustaba a todo el mundo, especialmente porque lo m\u00e1s innovador por aquel entonces, virtualmente hablando, \u00a0eran las aulas de inform\u00e1tica. Y ah\u00ed quedaba la cosa. \u201cEn aquellos momentos no se entend\u00eda que el tiempo laboral de un docente no transcurriese en el aula f\u00edsica. Aunque la resistencia fue la t\u00f3nica m\u00e1s habitual, tambi\u00e9n tengo que reconocer que bastantes compa\u00f1eros fueron muy respetuosos y en estos a\u00f1os he dado muchos cursos formativos al profesorado\u201d, comenta el experto.<\/p>\n<p><strong>La ense\u00f1anza de la era digital<\/strong><\/p>\n<p>Ya nadie se niega a admitir que la educaci\u00f3n virtual es tan necesaria como la presencial, lo que no quiere decir que la primera aniquile a la segunda. \u201cLos que nos dedicamos a esto no tratamos de dejar la ense\u00f1anza presencial para que todo sea online. No se trata de eso. Queremos la convivencia entre las dos y que no tengamos a un estudiante cuatro o cinco horas diarias sentado frente a un profesor, viendo y oyendo c\u00f3mo dicta las clases\u201d.<\/p>\n<p>En pleno siglo XXI esta imagen no es compatible con lo que est\u00e1 pasando fuera de los muros acad\u00e9micos. La era digital regala cambios y avances d\u00eda s\u00ed, d\u00eda tambi\u00e9n, a los que ni la Universidad de La Laguna ni ninguna universidad que se precie puede sustraerse. Por eso Manuel Area no se cansa de lanzar, a lo largo de esta entrevista, un mensaje claro y contundente: \u201cEl alumnado necesita menos tiempo presencial y m\u00e1s tiempo de trabajo aut\u00f3nomo en buenos entornos educativos\u201d.<\/p>\n<p>Se puede hablar m\u00e1s alto pero no m\u00e1s claro. La era de las clases magistrales ha terminado. \u201cTiene que haber un cambio de chip, de mentalidad y de la organizaci\u00f3n de los propios estudios universitarios. Hay que adecuar la ense\u00f1anza universitaria al signo de los tiempos. El profesor como fuente de informaci\u00f3n ya no tiene mucho sentido en una sociedad donde esa misma informaci\u00f3n est\u00e1 extendida y es accesible para todo el mundo\u201d.<\/p>\n<p>De lo que se trata es de ayudar al estudiante a filtrar la informaci\u00f3n que recibe y orientarlo para que sepa cu\u00e1l es la valiosa, un cometido que corresponde al profesor, que tiene que reconvertirse. Su papel ahora debe ser otro bien distinto: el de alguien capaz de orientar y acompa\u00f1ar en vez de impartir lecciones. El de alguien que asuma el reto de plantear desaf\u00edos al estudiantado para que sean ellos mismos (los estudiantes), ayudados por la tecnolog\u00eda, los que los resuelvan.<\/p>\n<p>Y para que todo este engranaje funcione a la perfecci\u00f3n, es necesario engrasarlo creando los entornos adecuados. \u201cLa universidad tiene que adaptarse a los nuevos tiempos porque si no va a quedar desplazada\u201d. Lo dice alguien que lleva m\u00e1s de tres d\u00e9cadas remando a favor del uso de la tecnolog\u00eda en el \u00e1mbito educativo, una dedicaci\u00f3n por la que recientemente se le otorg\u00f3 el <a href=\"https:\/\/www.ull.es\/portal\/noticias\/2021\/la-ull-propone-al-gobierno-una-salida-de-la-crisis-con-el-uso-del-conocimiento-y-mayor-inversion-en-id\/\" target=\"_blank\" rel=\"noopener\" target=\"_blank\" rel=\"noopener\">X Premio de Investigaci\u00f3n<\/a> con el que se reconoce su trayectoria cient\u00edfica, \u201cla calidad de la investigaci\u00f3n realizada\u201d, \u201csu capacidad de liderazgo cient\u00edfico y su contribuci\u00f3n al reconocimiento exterior de la Universidad de La Laguna\u201d, tal y como determin\u00f3 el jurado que lo distingui\u00f3 de forma un\u00e1nime.<\/p>\n<p>Adem\u00e1s de los m\u00e9ritos anteriormente mencionados no hay que olvidar el impacto internacional y social de sus investigaciones a lo largo de los a\u00f1os, un aval que lo acredita sobremanera para saber que la transformaci\u00f3n digital en la universidad no va a la par con la que se est\u00e1 haciendo en las empresas o en otras instituciones, pero va. \u201cLas instituciones educativas somos m\u00e1s lentas, por muchas razones, pero una de las principales es porque tenemos una clientela cautiva. Sin embargo, estamos en tiempo de mayor competitividad porque cualquiera puede estudiar de forma online\u201d.<\/p>\n<p><strong><a href=\"https:\/\/www.ull.es\/portal\/noticias\/wp-content\/uploads\/sites\/13\/2021\/04\/Manuel-Area-11.jpg\" target=\"_blank\" rel=\"noopener\" target=\"_blank\" rel=\"noopener\"><img decoding=\"async\" loading=\"lazy\" class=\"alignleft wp-image-55612 size-medium\" src=\"https:\/\/www.ull.es\/portal\/noticias\/wp-content\/uploads\/sites\/13\/2021\/04\/Manuel-Area-11-300x200.jpg\" alt=\"Manuel Area\" width=\"300\" height=\"200\" srcset=\"https:\/\/www.ull.es\/portal\/noticias\/wp-content\/uploads\/sites\/13\/2021\/04\/Manuel-Area-11-300x200.jpg 300w, https:\/\/www.ull.es\/portal\/noticias\/wp-content\/uploads\/sites\/13\/2021\/04\/Manuel-Area-11-768x512.jpg 768w, https:\/\/www.ull.es\/portal\/noticias\/wp-content\/uploads\/sites\/13\/2021\/04\/Manuel-Area-11-375x250.jpg 375w, https:\/\/www.ull.es\/portal\/noticias\/wp-content\/uploads\/sites\/13\/2021\/04\/Manuel-Area-11-750x500.jpg 750w, https:\/\/www.ull.es\/portal\/noticias\/wp-content\/uploads\/sites\/13\/2021\/04\/Manuel-Area-11.jpg 1024w\" sizes=\"(max-width: 300px) 100vw, 300px\" \/><\/a>La universidad virtual<\/strong><\/p>\n<p>Es cierto que los desaf\u00edos de la era digital son mucho m\u00e1s acelerados que las respuestas que parten del \u00e1mbito educativo, que todav\u00eda andan a la zaga de la avalancha constante de respuestas que s\u00ed \u2018disparan\u2019 las empresas. Sin duda alguna, fueron las que entendieron a la primera de cambio que hab\u00eda que apostar por una presencia virtual m\u00e1s efectiva para convertirse en las reinas del negocio electr\u00f3nico. Como as\u00ed ha sido.<\/p>\n<p>Ahora le toca el turno a los centros acad\u00e9micos. La ense\u00f1anza online ha dejado de ser una opci\u00f3n. Es una realidad. La COVID-19 ha inclinado la balanza en favor de la docencia no presencial. El aula virtual (virtual classroom) es el nuevo escenario en el que profesores y alumnos se ven las caras. La pandemia no solo ha obligado a enfrentar nuevos retos, tambi\u00e9n ha creado otras oportunidades, m\u00e9todos y herramientas en pro de la mejora del aprendizaje.<\/p>\n<p>A pesar de que las universidades todav\u00eda est\u00e1n a mucha distancia de ese pedestal del E-Commerce en el que figuran gigantes comerciales como Amazon, e-Bay o Zalando \u2012con cifras multimillonarias de facturaci\u00f3n que dan aut\u00e9ntico v\u00e9rtigo\u2012, los centros acad\u00e9micos espa\u00f1oles hab\u00edan pisado ya el acelerador en su apuesta por la docencia digital, algo de lo que daba fe a principios de a\u00f1o la consultora Hamilton Global Intelligence, al situar a 15 universidades nacionales en el top 25 de la formaci\u00f3n online en habla hispana. El conocido como el <a href=\"http:\/\/rankingfso.org\/\" target=\"_blank\" rel=\"noopener\" target=\"_blank\" rel=\"noopener\"><em>ranking<\/em> FSO<\/a>.<\/p>\n<p>Un espaldarazo a la docencia virtual al que, decididamente, ha contribuido la COVID-19. \u201cDurante la pandemia se ha acelerado el proceso. Pens\u00e1bamos que iba a ocurrir en una d\u00e9cada pero esto lo ha precipitado. Lo que ocurres es que en la ense\u00f1anza universitaria hay reticencias, profesorado que no lo ve, que no lo entiende y sigue aferrado a las metodolog\u00edas tradicionales, a ir al aula, explicar la lecci\u00f3n y poner ex\u00e1menes\u201d, explica el investigador.<\/p>\n<p>La tecnolog\u00eda virtual no sigue ese modelo. Consiste, precisamente, en cambiar la propia metodolog\u00eda de ense\u00f1anza. Radica en que el estudiantado afronte m\u00e1s trabajos en grupo, m\u00e1s tareas de forma aut\u00f3noma con los entornos virtuales apropiados y sin la presencia f\u00edsica del docente. Porque \u201cla ense\u00f1anza universitaria a corto o medio plazo va a convertirse en mixta\u201d.<\/p>\n<p>As\u00ed lo ve Manuel Area, quien considera que el pasado curso las cosas se hicieron \u201caceptablemente\u201d. La tecnolog\u00eda no solo no se cay\u00f3 sino que permiti\u00f3 a la inmensa mayor\u00eda mantener la actividad acad\u00e9mica y el profesorado de la ULL tuvo que adaptarse a la situaci\u00f3n de un d\u00eda para otro, sin previo aviso. Fue una soluci\u00f3n de urgencia y aunque los sistemas fueron \u201crobustos y funcionaron \u201cfant\u00e1sticamente\u201d, algunas cosas podr\u00edan haber ido mejor. Por eso su grupo de investigaci\u00f3n, EDULLAB, trabaja en la planificaci\u00f3n de la ense\u00f1anza digital.<\/p>\n<p><strong><a href=\"https:\/\/www.ull.es\/portal\/noticias\/wp-content\/uploads\/sites\/13\/2021\/04\/Manuel-Area-08.jpg\" target=\"_blank\" rel=\"noopener\" target=\"_blank\" rel=\"noopener\"><img decoding=\"async\" loading=\"lazy\" class=\"alignright wp-image-55613 size-medium\" src=\"https:\/\/www.ull.es\/portal\/noticias\/wp-content\/uploads\/sites\/13\/2021\/04\/Manuel-Area-08-300x200.jpg\" alt=\"Manuel Area\" width=\"300\" height=\"200\" srcset=\"https:\/\/www.ull.es\/portal\/noticias\/wp-content\/uploads\/sites\/13\/2021\/04\/Manuel-Area-08-300x200.jpg 300w, https:\/\/www.ull.es\/portal\/noticias\/wp-content\/uploads\/sites\/13\/2021\/04\/Manuel-Area-08-768x512.jpg 768w, https:\/\/www.ull.es\/portal\/noticias\/wp-content\/uploads\/sites\/13\/2021\/04\/Manuel-Area-08-375x250.jpg 375w, https:\/\/www.ull.es\/portal\/noticias\/wp-content\/uploads\/sites\/13\/2021\/04\/Manuel-Area-08-750x500.jpg 750w, https:\/\/www.ull.es\/portal\/noticias\/wp-content\/uploads\/sites\/13\/2021\/04\/Manuel-Area-08.jpg 1024w\" sizes=\"(max-width: 300px) 100vw, 300px\" \/><\/a>Los<\/strong> <strong>22 a\u00f1os de EDULLAB<\/strong><\/p>\n<p>El tambi\u00e9n director de la <a href=\"https:\/\/www.ull.es\/portal\/noticias\/tag\/catedra-fundacion-mapfre-guanarteme-de-tecnologia-y-educacion-de-la-universidad-de-la-laguna\/\" target=\"_blank\" rel=\"noopener\" target=\"_blank\" rel=\"noopener\">C\u00e1tedra de Tecnolog\u00eda y Educaci\u00f3n\u00a0TECNOEDU<\/a>, financiada por la <a href=\"https:\/\/www.fundacionmapfreguanarteme.org\/guanarteme\/\" target=\"_blank\" rel=\"noopener\" target=\"_blank\" rel=\"noopener\">Fundaci\u00f3n Mapfre-Guanarteme<\/a>, no duda en considerar al Laboratorio de Educaci\u00f3n y Nuevas Tecnolog\u00edas\u00a0 de la ULL, <a href=\"https:\/\/www.ull.es\/investigacion\/grupos-investigacion\/laboratorio-de-educacion-y-nuevas-tecnologias-edullab\/\" target=\"_blank\" rel=\"noopener\" target=\"_blank\" rel=\"noopener\">EDULLAB<\/a>, su mayor logro a lo largo de su espl\u00e9ndida trayectoria cient\u00edfica. Este grupo pionero en su campo y reconocido internacionalmente, que cre\u00f3 en 1999 y sigue dirigiendo dos d\u00e9cadas despu\u00e9s, ha focalizado sus investigaciones en la aplicaci\u00f3n de las nuevas tecnolog\u00edas en el \u00e1mbito educativo.<\/p>\n<p>De hecho, durante este tiempo, ha sido el que ha emprendido las principales investigaciones sobre el uso de las tecnolog\u00edas en el \u00e1mbito escolar en Canarias, labor que ha simultaneado tambi\u00e9n en la ense\u00f1anza universitaria, siempre en colaboraci\u00f3n con todos los equipos rectorales que han pasado por la ULL.<\/p>\n<p>Sus aportaciones las han hecho tambi\u00e9n a la <a href=\"https:\/\/www.gobiernodecanarias.org\/educacion\/web\/\" target=\"_blank\" rel=\"noopener\" target=\"_blank\" rel=\"noopener\">Consejer\u00eda de Educaci\u00f3n, Universidades, Cultura y Deportes<\/a> del Gobierno regional, as\u00ed como al Ministerio de Educaci\u00f3n y Formaci\u00f3n Profesional, mediante proyectos y valoraciones sobre las opiniones o actitudes del profesorado respecto a la incorporaci\u00f3n de las nuevas tecnolog\u00edas o de cursos de formaci\u00f3n dirigidos a los docentes.<\/p>\n<p>Una de las l\u00edneas de investigaci\u00f3n estrella que llevan cultivando desde hace muchos a\u00f1os las 20 personas que integran la familia EDULLAB es la transformaci\u00f3n de la ense\u00f1anza universitaria mediante entornos virtuales, trabajando en nuevas metodolog\u00edas y formas de ense\u00f1ar. Y es que a pesar de que la pandemia ha evidenciado que no todos (alumnado y profesorado) estaban preparados para aprender y educar de forma online, \u201cel problema est\u00e1 en los planteamientos educativos a la hora de usar esa tecnolog\u00eda. Eso es lo m\u00e1s dif\u00edcil\u201d.<\/p>\n<p>Y aunque es evidente que \u201cla brecha digital tiene que ser parte de las pol\u00edticas inmediatas de la universidad\u201d, \u201cel gran reto\u201d radica en innovar en las metodolog\u00edas de ense\u00f1anza con tecnolog\u00edas que tengan por epicentro al alumnado y su actividad. \u201cEl principal problema est\u00e1 en que el profesorado cambie radicalmente su metodolog\u00eda de ense\u00f1anza y sepa generar entornos y espacios did\u00e1cticos para su asignatura\u201d.<\/p>\n<p>Un cambio en la metodolog\u00eda de ense\u00f1anza universitaria a trav\u00e9s de modalidades mixtas implicar\u00eda una nueva profesionalidad educativa. \u201cYo conf\u00edo plenamente en que las nuevas generaciones de docentes con ideas innovadoras sobre c\u00f3mo cambiar y dar m\u00e1s peso a las competencias, y no solo al contenido, sean quienes marquen el futuro de una universidad innovadora\u201d.<\/p>\n<p>Para seguir avanzando hacia esa universidad innovadora ya se est\u00e1n dando los pasos necesarios, pero falta m\u00e1s financiaci\u00f3n, m\u00e1s dinero para, para construir, por ejemplo, un centro de producci\u00f3n audiovisual en el que el estudiantado pueda generar sus propios v\u00eddeos. Una demanda que cubrir\u00eda una pr\u00e1ctica habitual y necesaria que Area, y otros docentes, llevan a cabo en sus materias.<\/p>\n<p><strong><a href=\"https:\/\/www.ull.es\/portal\/noticias\/wp-content\/uploads\/sites\/13\/2021\/04\/Manuel-Area-17.jpg\" target=\"_blank\" rel=\"noopener\" target=\"_blank\" rel=\"noopener\"><img decoding=\"async\" loading=\"lazy\" class=\"alignleft wp-image-55614 size-medium\" src=\"https:\/\/www.ull.es\/portal\/noticias\/wp-content\/uploads\/sites\/13\/2021\/04\/Manuel-Area-17-300x200.jpg\" alt=\"Manuel Area\" width=\"300\" height=\"200\" srcset=\"https:\/\/www.ull.es\/portal\/noticias\/wp-content\/uploads\/sites\/13\/2021\/04\/Manuel-Area-17-300x200.jpg 300w, https:\/\/www.ull.es\/portal\/noticias\/wp-content\/uploads\/sites\/13\/2021\/04\/Manuel-Area-17-768x512.jpg 768w, https:\/\/www.ull.es\/portal\/noticias\/wp-content\/uploads\/sites\/13\/2021\/04\/Manuel-Area-17-375x250.jpg 375w, https:\/\/www.ull.es\/portal\/noticias\/wp-content\/uploads\/sites\/13\/2021\/04\/Manuel-Area-17-750x500.jpg 750w, https:\/\/www.ull.es\/portal\/noticias\/wp-content\/uploads\/sites\/13\/2021\/04\/Manuel-Area-17.jpg 1024w\" sizes=\"(max-width: 300px) 100vw, 300px\" \/><\/a>El acceso temprano a las TIC <\/strong><\/p>\n<p>La trayectoria acad\u00e9mica e investigadora de Manuel Area es tan efervescente como continua y s\u00f3lida. Una solidez que ha quedado m\u00e1s que demostrada despu\u00e9s de cientos de publicaciones, decenas de proyectos y 30 a\u00f1os de indagaciones que le han llevado a abrirse camino entre distintas l\u00edneas y subl\u00edneas de investigaci\u00f3n que son como \u201csus hijos\u201d.<\/p>\n<p>Uno de esos nuevos \u2018hijos\u2019 l\u00edneas (l\u00edneas) que est\u00e1 abordando actualmente es el que indaga en el consumo digital que hacen los ni\u00f1os de 3 a 6 a\u00f1os durante la etapa de Educaci\u00f3n Infantil, primordial en su desarrollo educativo y emocional. Por eso es tan importante averiguar qu\u00e9 uso hacen de las TIC a esas edades tan tempranas. Solo as\u00ed se podr\u00e1 saber si es un buen uso o, por el contrario, un abuso que no beneficia a su progreso y aprendizaje social.<\/p>\n<p>Para responder a estas preguntas, Area se ha embarcado en un proyecto nacional al que tambi\u00e9n se han unido otras universidades espa\u00f1olas: \u00abLos materiales did\u00e1cticos digitales en la educaci\u00f3n infantil. An\u00e1lisis y propuestas para su uso en la escuela y el hogar\u00bb. Su fin es analizar el material digital educativo dirigido a los menores de esas edades, algo en lo que ya hab\u00edan indagado anteriormente, aunque en la etapa de Educaci\u00f3n Primaria.<\/p>\n<p>\u201cEstamos muy interesados en explorar qu\u00e9 tipo de productos digitales y aplicaciones consumen los ni\u00f1os en estas edades, tanto en sus casas como en los colegios. Queremos ver cu\u00e1l es el grado o intensidad del uso de esas tecnolog\u00edas en el contexto del hogar, identificar qu\u00e9 productos, qu\u00e9 tipo de valores subyacen en esos productos, cu\u00e1nto tiempo est\u00e1n con m\u00e1quinas en casa y, a la vez, analizar qu\u00e9 se hace desde la escuela\u201d.<\/p>\n<p>Para ello, parten de la hip\u00f3tesis de que en la escuela, al menos en el \u00e1mbito infantil, no se presta la atenci\u00f3n suficiente para formar a los ni\u00f1os en el uso educativo de las tecnolog\u00edas. Es indiscutible que en esta etapa lo m\u00e1s importante es que los ni\u00f1os socialicen y se relacionen con los dem\u00e1s, pero tambi\u00e9n hay que tener presente el uso que est\u00e1 haciendo de las TIC.<\/p>\n<p>Hablamos de una generaci\u00f3n que, a pesar de su cort\u00edsima edad, ya es consumidora, de forma espont\u00e1nea, de m\u00e1quinas digitales. En este sentido, y ahondando en la misma l\u00ednea de investigaci\u00f3n, est\u00e1n desarrollando otro proyecto que financia el Gobierno canario: \u00abInfancia y pantallas digitales. An\u00e1lisis y propuestas para el uso educativo de las TIC en la escuela y el hogar en Canarias\u00bb, orientado al desarrollo de una aplicaci\u00f3n inform\u00e1tica que pueda controlar las variables de las pautas de consumo con las que establecer normas educativas para los ni\u00f1os y sus familias.<\/p>\n<p>Pero esto no es todo. A\u00fan en ciernes, Area y su equipo han comenzado a indagar en el concepto de las anal\u00edticas acad\u00e9micas. \u201cEstamos abri\u00e9ndonos, de una forma muy incipiente, a analizar todas las huellas digitales que dejan profesores y estudiantes en los campos virtuales, donde hay millones y millones de datos, para saber qu\u00e9 informaci\u00f3n nos puede aportar\u201d. Es como el <em>big data<\/em> universitario.<\/p>\n<p>La \u2018explotaci\u00f3n educativa\u2019 de los perfiles de comportamiento en las aulas virtuales es otro paso m\u00e1s en el gran el gran recorrido de Manuel Area. Desde los a\u00f1os 90 tuvo claro que, a pesar de que su mundo eran las ciencias sociales y la educaci\u00f3n, su futuro estaba ligado a la tecnolog\u00eda educativa. Quer\u00eda formar parte de ese \u2018tsunami virtual\u2019 que estaba por llegar, y en el que la calidad formativa no depende de si las clases se dan en el aula f\u00edsica o virtual. \u201cLa calidad educativa de lo online est\u00e1 en la tutorizaci\u00f3n y la personalizaci\u00f3n\u201d, sentencia.<\/p>\n<p style=\"text-align: right\"><strong>Gabinete de Comunicaci\u00f3n<\/strong><\/p>\n","protected":false},"excerpt":{"rendered":"<p>No exist\u00eda el Whatsapp, ni la Wikipedia, ni asomaban por el horizonte los entornos virtuales y, much\u00edsimo menos, exist\u00edan los&#8230;<\/p>\n","protected":false},"author":21,"featured_media":55611,"comment_status":"closed","ping_status":"closed","sticky":false,"template":"","format":"standard","meta":{"inline_featured_image":false,"footnotes":""},"categories":[350,2750],"tags":[5657,1100,7292,3678],"acf":[],"yoast_head":"<!-- This site is optimized with the Yoast SEO plugin v21.3 - https:\/\/yoast.com\/wordpress\/plugins\/seo\/ -->\n<title>Manuel Area: la universidad virtual que lleg\u00f3 para quedarse<\/title>\n<meta name=\"description\" content=\"El ganador del X Premio de Investigaci\u00f3n de la ULL conf\u00eda en que la llegada de docentes innovadores dibuje la universidad del futuro.\" \/>\n<meta name=\"robots\" content=\"index, follow, max-snippet:-1, max-image-preview:large, max-video-preview:-1\" \/>\n<link rel=\"canonical\" href=\"https:\/\/www.ull.es\/portal\/noticias\/2021\/universidad-virtual-llego-para-quedarse\/\" \/>\n<meta property=\"og:locale\" content=\"es_ES\" \/>\n<meta property=\"og:type\" content=\"article\" \/>\n<meta property=\"og:title\" content=\"Manuel Area: la universidad virtual que lleg\u00f3 para quedarse\" \/>\n<meta property=\"og:description\" content=\"El ganador del X Premio de Investigaci\u00f3n de la ULL conf\u00eda en que la llegada de docentes innovadores dibuje la universidad del futuro.\" \/>\n<meta property=\"og:url\" content=\"https:\/\/www.ull.es\/portal\/noticias\/2021\/universidad-virtual-llego-para-quedarse\/\" \/>\n<meta property=\"og:site_name\" content=\"ULL - Noticias\" \/>\n<meta property=\"article:publisher\" content=\"https:\/\/www.facebook.com\/universidaddelalaguna\/\" \/>\n<meta property=\"article:published_time\" content=\"2021-04-13T12:00:49+00:00\" \/>\n<meta property=\"og:image\" content=\"https:\/\/www.ull.es\/portal\/noticias\/wp-content\/uploads\/sites\/13\/2021\/04\/Manuel-Area-02.jpg\" \/>\n\t<meta property=\"og:image:width\" content=\"1024\" \/>\n\t<meta property=\"og:image:height\" content=\"683\" \/>\n\t<meta property=\"og:image:type\" content=\"image\/jpeg\" \/>\n<meta name=\"author\" content=\"prensa2\" \/>\n<meta name=\"twitter:card\" content=\"summary_large_image\" \/>\n<meta name=\"twitter:creator\" content=\"@CanalULL\" \/>\n<meta name=\"twitter:site\" content=\"@CanalULL\" \/>\n<meta name=\"twitter:label1\" content=\"Escrito por\" \/>\n\t<meta name=\"twitter:data1\" content=\"prensa2\" \/>\n\t<meta name=\"twitter:label2\" content=\"Tiempo de lectura\" \/>\n\t<meta name=\"twitter:data2\" content=\"12 minutos\" \/>\n<script type=\"application\/ld+json\" class=\"yoast-schema-graph\">{\"@context\":\"https:\/\/schema.org\",\"@graph\":[{\"@type\":\"WebPage\",\"@id\":\"https:\/\/www.ull.es\/portal\/noticias\/2021\/universidad-virtual-llego-para-quedarse\/\",\"url\":\"https:\/\/www.ull.es\/portal\/noticias\/2021\/universidad-virtual-llego-para-quedarse\/\",\"name\":\"Manuel Area: la universidad virtual que lleg\u00f3 para quedarse\",\"isPartOf\":{\"@id\":\"https:\/\/www.ull.es\/portal\/noticias\/#website\"},\"datePublished\":\"2021-04-13T12:00:49+00:00\",\"dateModified\":\"2021-04-13T12:00:49+00:00\",\"author\":{\"@id\":\"https:\/\/www.ull.es\/portal\/noticias\/#\/schema\/person\/c3b2aa857797592927a03740d6664376\"},\"description\":\"El ganador del X Premio de Investigaci\u00f3n de la ULL conf\u00eda en que la llegada de docentes innovadores dibuje la universidad del futuro.\",\"breadcrumb\":{\"@id\":\"https:\/\/www.ull.es\/portal\/noticias\/2021\/universidad-virtual-llego-para-quedarse\/#breadcrumb\"},\"inLanguage\":\"es\",\"potentialAction\":[{\"@type\":\"ReadAction\",\"target\":[\"https:\/\/www.ull.es\/portal\/noticias\/2021\/universidad-virtual-llego-para-quedarse\/\"]}]},{\"@type\":\"BreadcrumbList\",\"@id\":\"https:\/\/www.ull.es\/portal\/noticias\/2021\/universidad-virtual-llego-para-quedarse\/#breadcrumb\",\"itemListElement\":[{\"@type\":\"ListItem\",\"position\":1,\"name\":\"Portada\",\"item\":\"https:\/\/www.ull.es\/portal\/noticias\/\"},{\"@type\":\"ListItem\",\"position\":2,\"name\":\"La universidad virtual que lleg\u00f3 para quedarse\u00a0\u00a0\u00a0\"}]},{\"@type\":\"WebSite\",\"@id\":\"https:\/\/www.ull.es\/portal\/noticias\/#website\",\"url\":\"https:\/\/www.ull.es\/portal\/noticias\/\",\"name\":\"ULL - Noticias\",\"description\":\"\",\"potentialAction\":[{\"@type\":\"SearchAction\",\"target\":{\"@type\":\"EntryPoint\",\"urlTemplate\":\"https:\/\/www.ull.es\/portal\/noticias\/?s={search_term_string}\"},\"query-input\":\"required name=search_term_string\"}],\"inLanguage\":\"es\"},{\"@type\":\"Person\",\"@id\":\"https:\/\/www.ull.es\/portal\/noticias\/#\/schema\/person\/c3b2aa857797592927a03740d6664376\",\"name\":\"prensa2\",\"image\":{\"@type\":\"ImageObject\",\"inLanguage\":\"es\",\"@id\":\"https:\/\/www.ull.es\/portal\/noticias\/#\/schema\/person\/image\/\",\"url\":\"https:\/\/secure.gravatar.com\/avatar\/b58f310a5de5feb33d1e026d2493f23c?s=96&d=mm&r=g\",\"contentUrl\":\"https:\/\/secure.gravatar.com\/avatar\/b58f310a5de5feb33d1e026d2493f23c?s=96&d=mm&r=g\",\"caption\":\"prensa2\"},\"url\":\"https:\/\/www.ull.es\/portal\/noticias\/author\/prensa2\/\"}]}<\/script>\n<!-- \/ Yoast SEO plugin. -->","yoast_head_json":{"title":"Manuel Area: la universidad virtual que lleg\u00f3 para quedarse","description":"El ganador del X Premio de Investigaci\u00f3n de la ULL conf\u00eda en que la llegada de docentes innovadores dibuje la universidad del futuro.","robots":{"index":"index","follow":"follow","max-snippet":"max-snippet:-1","max-image-preview":"max-image-preview:large","max-video-preview":"max-video-preview:-1"},"canonical":"https:\/\/www.ull.es\/portal\/noticias\/2021\/universidad-virtual-llego-para-quedarse\/","og_locale":"es_ES","og_type":"article","og_title":"Manuel Area: la universidad virtual que lleg\u00f3 para quedarse","og_description":"El ganador del X Premio de Investigaci\u00f3n de la ULL conf\u00eda en que la llegada de docentes innovadores dibuje la universidad del futuro.","og_url":"https:\/\/www.ull.es\/portal\/noticias\/2021\/universidad-virtual-llego-para-quedarse\/","og_site_name":"ULL - Noticias","article_publisher":"https:\/\/www.facebook.com\/universidaddelalaguna\/","article_published_time":"2021-04-13T12:00:49+00:00","og_image":[{"width":1024,"height":683,"url":"https:\/\/www.ull.es\/portal\/noticias\/wp-content\/uploads\/sites\/13\/2021\/04\/Manuel-Area-02.jpg","type":"image\/jpeg"}],"author":"prensa2","twitter_card":"summary_large_image","twitter_creator":"@CanalULL","twitter_site":"@CanalULL","twitter_misc":{"Escrito por":"prensa2","Tiempo de lectura":"12 minutos"},"schema":{"@context":"https:\/\/schema.org","@graph":[{"@type":"WebPage","@id":"https:\/\/www.ull.es\/portal\/noticias\/2021\/universidad-virtual-llego-para-quedarse\/","url":"https:\/\/www.ull.es\/portal\/noticias\/2021\/universidad-virtual-llego-para-quedarse\/","name":"Manuel Area: la universidad virtual que lleg\u00f3 para quedarse","isPartOf":{"@id":"https:\/\/www.ull.es\/portal\/noticias\/#website"},"datePublished":"2021-04-13T12:00:49+00:00","dateModified":"2021-04-13T12:00:49+00:00","author":{"@id":"https:\/\/www.ull.es\/portal\/noticias\/#\/schema\/person\/c3b2aa857797592927a03740d6664376"},"description":"El ganador del X Premio de Investigaci\u00f3n de la ULL conf\u00eda en que la llegada de docentes innovadores dibuje la universidad del futuro.","breadcrumb":{"@id":"https:\/\/www.ull.es\/portal\/noticias\/2021\/universidad-virtual-llego-para-quedarse\/#breadcrumb"},"inLanguage":"es","potentialAction":[{"@type":"ReadAction","target":["https:\/\/www.ull.es\/portal\/noticias\/2021\/universidad-virtual-llego-para-quedarse\/"]}]},{"@type":"BreadcrumbList","@id":"https:\/\/www.ull.es\/portal\/noticias\/2021\/universidad-virtual-llego-para-quedarse\/#breadcrumb","itemListElement":[{"@type":"ListItem","position":1,"name":"Portada","item":"https:\/\/www.ull.es\/portal\/noticias\/"},{"@type":"ListItem","position":2,"name":"La universidad virtual que lleg\u00f3 para quedarse\u00a0\u00a0\u00a0"}]},{"@type":"WebSite","@id":"https:\/\/www.ull.es\/portal\/noticias\/#website","url":"https:\/\/www.ull.es\/portal\/noticias\/","name":"ULL - Noticias","description":"","potentialAction":[{"@type":"SearchAction","target":{"@type":"EntryPoint","urlTemplate":"https:\/\/www.ull.es\/portal\/noticias\/?s={search_term_string}"},"query-input":"required name=search_term_string"}],"inLanguage":"es"},{"@type":"Person","@id":"https:\/\/www.ull.es\/portal\/noticias\/#\/schema\/person\/c3b2aa857797592927a03740d6664376","name":"prensa2","image":{"@type":"ImageObject","inLanguage":"es","@id":"https:\/\/www.ull.es\/portal\/noticias\/#\/schema\/person\/image\/","url":"https:\/\/secure.gravatar.com\/avatar\/b58f310a5de5feb33d1e026d2493f23c?s=96&d=mm&r=g","contentUrl":"https:\/\/secure.gravatar.com\/avatar\/b58f310a5de5feb33d1e026d2493f23c?s=96&d=mm&r=g","caption":"prensa2"},"url":"https:\/\/www.ull.es\/portal\/noticias\/author\/prensa2\/"}]}},"primary_category":{"id":350,"name":"Investigaci\u00f3n","slug":"investigacion","link":"https:\/\/www.ull.es\/portal\/noticias\/category\/investigacion\/"},"featured_image_thumbnail_url":"https:\/\/www.ull.es\/portal\/noticias\/wp-content\/uploads\/sites\/13\/2021\/04\/Manuel-Area-02-300x200.jpg","_links":{"self":[{"href":"https:\/\/www.ull.es\/portal\/noticias\/wp-json\/wp\/v2\/posts\/55609"}],"collection":[{"href":"https:\/\/www.ull.es\/portal\/noticias\/wp-json\/wp\/v2\/posts"}],"about":[{"href":"https:\/\/www.ull.es\/portal\/noticias\/wp-json\/wp\/v2\/types\/post"}],"author":[{"embeddable":true,"href":"https:\/\/www.ull.es\/portal\/noticias\/wp-json\/wp\/v2\/users\/21"}],"replies":[{"embeddable":true,"href":"https:\/\/www.ull.es\/portal\/noticias\/wp-json\/wp\/v2\/comments?post=55609"}],"version-history":[{"count":1,"href":"https:\/\/www.ull.es\/portal\/noticias\/wp-json\/wp\/v2\/posts\/55609\/revisions"}],"predecessor-version":[{"id":55615,"href":"https:\/\/www.ull.es\/portal\/noticias\/wp-json\/wp\/v2\/posts\/55609\/revisions\/55615"}],"wp:featuredmedia":[{"embeddable":true,"href":"https:\/\/www.ull.es\/portal\/noticias\/wp-json\/wp\/v2\/media\/55611"}],"wp:attachment":[{"href":"https:\/\/www.ull.es\/portal\/noticias\/wp-json\/wp\/v2\/media?parent=55609"}],"wp:term":[{"taxonomy":"category","embeddable":true,"href":"https:\/\/www.ull.es\/portal\/noticias\/wp-json\/wp\/v2\/categories?post=55609"},{"taxonomy":"post_tag","embeddable":true,"href":"https:\/\/www.ull.es\/portal\/noticias\/wp-json\/wp\/v2\/tags?post=55609"}],"curies":[{"name":"wp","href":"https:\/\/api.w.org\/{rel}","templated":true}]}}