{"id":55797,"date":"2021-04-22T13:47:18","date_gmt":"2021-04-22T13:47:18","guid":{"rendered":"https:\/\/www.ull.es\/portal\/noticias\/?p=55797"},"modified":"2021-04-22T13:47:18","modified_gmt":"2021-04-22T13:47:18","slug":"san-juan-de-la-rambla-rinde-homenaje-a-la-catedratica-de-la-ull-josefa-dorta","status":"publish","type":"post","link":"https:\/\/www.ull.es\/portal\/noticias\/2021\/san-juan-de-la-rambla-rinde-homenaje-a-la-catedratica-de-la-ull-josefa-dorta\/","title":{"rendered":"San Juan de la Rambla rinde homenaje a la catedr\u00e1tica de la ULL Josefa Dorta"},"content":{"rendered":"<p>La figura de la catedr\u00e1tica de Ling\u00fc\u00edstica General, doctora en Filolog\u00eda Hisp\u00e1nica y profesora de la Universidad de La Laguna, Josefa Dorta Luis, ser\u00e1 homenajeada por el consistorio de su pueblo natal, San Juan de Rambla, mediante la rotulaci\u00f3n de su nombre a una calle del municipio. El acto tendr\u00e1 lugar este domingo 25 de abril.<\/p>\n<p>La decisi\u00f3n fue tomada por unanimidad en el pleno monogr\u00e1fico de honores del municipio del pasado 18 de marzo. El alcalde de la Villa, Jes\u00fas Ezequiel Dom\u00ednguez, apunta que rotular con su nombre la calle donde naci\u00f3, situada en la demarcaci\u00f3n conocida como Lomo Tieso, en el barrio de La Vera, es el mayor homenaje que se puede brindar a esta \u201cvecina de pro\u201d. As\u00ed, desde este domingo la calle pasar\u00e1 a denominarse \u201cDra. Josefa Dorta Luis\u201d. \u201cQuedar\u00e1 para la posteridad la figura de la primera ramblera en alcanzar tales cotas de importancia acad\u00e9mica, cuyo trabajo y dedicaci\u00f3n prestigia a la Villa a diario\u201d, se\u00f1ala el alcalde.<\/p>\n<p>El acto de develaci\u00f3n de la rotulaci\u00f3n honor\u00edfica est\u00e1 previsto para las 11:30 horas del domingo y contar\u00e1 con la participaci\u00f3n de la rectora de la Universidad de La Laguna, Rosa Aguilar, que glosar\u00e1 la figura acad\u00e9mica de la homenajeada, as\u00ed como de diversos representantes destacados de la instituci\u00f3n educativa y de la vida pol\u00edtica y social del municipio.\u00a0Este evento se enmarca dentro de los actos de celebraci\u00f3n del I Centenario de la concesi\u00f3n del t\u00edtulo de Villa por parte del rey Alfonso XIII que el ayuntamiento lleva organizando desde el pasado a\u00f1o y que se extender\u00e1n a lo largo de este lustro.<\/p>\n<p><strong>Josefa Dorta<\/strong><\/p>\n<p>Josefa Dorta es catedr\u00e1tica de Ling\u00fc\u00edstica General y doctora en Filolog\u00eda Hisp\u00e1nica por la Universidad de La Laguna. Docente en la instituci\u00f3n acad\u00e9mica desde 1981 en ling\u00fc\u00edstica aplicada, fon\u00e9tica, fonolog\u00eda y prosodia, es especialista en an\u00e1lisis ac\u00fastico del habla y perito forense de voz.<\/p>\n<p>Dorta realiz\u00f3 los estudios de Filosof\u00eda y Letras, hoy Filolog\u00eda Hisp\u00e1nica, en la Universidad de La Laguna y obtuvo el grado de doctora en 1987. Ha impartido docencia, conferencias y cursos de doctorado en varias universidades a lo largo del mundo. Es miembro del comit\u00e9 cient\u00edfico de varias revistas e investigadora principal de diversos proyectos de docencia, de infraestructura cient\u00edfica y de investigaci\u00f3n. Obtuvo el Premio de Investigaci\u00f3n Agust\u00edn de Bethencourt (1981) por su trabajo \u201cGram\u00e1tica in\u00e9dita de Andr\u00e9s Bello\u201d.<\/p>\n<p>La fil\u00f3loga, hoy con cinco sexenios de investigaci\u00f3n, recibi\u00f3 tambi\u00e9n el Premio Extraordinario de Doctorado (1987) por su tesis doctoral \u201cModos y tiempos del verbo en la tradici\u00f3n gramatical hisp\u00e1nica: desde Nebrija hasta Bello (1492-1860)\u201d.\u00a0 Entre su amplio curr\u00edculum destacan m\u00e1s de cien publicaciones entre libros como autora o editora, cap\u00edtulos de libros y numerosos art\u00edculos publicados en su mayor\u00eda en revistas de impacto.<\/p>\n<p>(Con informaci\u00f3n cedida por el Ayuntamiento de San Juan de la Rambla)<\/p>\n<p><strong>\u00a0<\/strong><\/p>\n","protected":false},"excerpt":{"rendered":"<p>La figura de la catedr\u00e1tica de Ling\u00fc\u00edstica General, doctora en Filolog\u00eda Hisp\u00e1nica y profesora de la Universidad de La Laguna,&#8230;<\/p>\n","protected":false},"author":23,"featured_media":55799,"comment_status":"closed","ping_status":"closed","sticky":false,"template":"","format":"standard","meta":{"inline_featured_image":false,"footnotes":""},"categories":[345,3994,348,2765],"tags":[1672,6662],"acf":[],"yoast_head":"<!-- This site is optimized with the Yoast SEO plugin v21.3 - https:\/\/yoast.com\/wordpress\/plugins\/seo\/ -->\n<title>San Juan de la Rambla rinde homenaje a la catedr\u00e1tica de la ULL Josefa Dorta - ULL - Noticias<\/title>\n<meta name=\"robots\" content=\"index, follow, max-snippet:-1, max-image-preview:large, max-video-preview:-1\" \/>\n<link rel=\"canonical\" href=\"https:\/\/www.ull.es\/portal\/noticias\/2021\/san-juan-de-la-rambla-rinde-homenaje-a-la-catedratica-de-la-ull-josefa-dorta\/\" \/>\n<meta property=\"og:locale\" content=\"es_ES\" \/>\n<meta property=\"og:type\" content=\"article\" \/>\n<meta property=\"og:title\" content=\"San Juan de la Rambla rinde homenaje a la catedr\u00e1tica de la ULL Josefa Dorta - ULL - Noticias\" \/>\n<meta property=\"og:description\" content=\"La figura de la catedr\u00e1tica de Ling\u00fc\u00edstica General, doctora en Filolog\u00eda Hisp\u00e1nica y profesora de la Universidad de La Laguna,...\" \/>\n<meta property=\"og:url\" content=\"https:\/\/www.ull.es\/portal\/noticias\/2021\/san-juan-de-la-rambla-rinde-homenaje-a-la-catedratica-de-la-ull-josefa-dorta\/\" \/>\n<meta property=\"og:site_name\" content=\"ULL - Noticias\" \/>\n<meta property=\"article:publisher\" content=\"https:\/\/www.facebook.com\/universidaddelalaguna\/\" \/>\n<meta property=\"article:published_time\" content=\"2021-04-22T13:47:18+00:00\" \/>\n<meta property=\"og:image\" content=\"https:\/\/www.ull.es\/portal\/noticias\/wp-content\/uploads\/sites\/13\/2021\/04\/rotulacion-honorifica.jpg\" \/>\n\t<meta property=\"og:image:width\" content=\"700\" \/>\n\t<meta property=\"og:image:height\" content=\"350\" \/>\n\t<meta property=\"og:image:type\" content=\"image\/jpeg\" \/>\n<meta name=\"author\" content=\"gaprsa\" \/>\n<meta name=\"twitter:card\" content=\"summary_large_image\" \/>\n<meta name=\"twitter:creator\" content=\"@CanalULL\" \/>\n<meta name=\"twitter:site\" content=\"@CanalULL\" \/>\n<meta name=\"twitter:label1\" content=\"Escrito por\" \/>\n\t<meta name=\"twitter:data1\" content=\"gaprsa\" \/>\n\t<meta name=\"twitter:label2\" content=\"Tiempo de lectura\" \/>\n\t<meta name=\"twitter:data2\" content=\"3 minutos\" \/>\n<script type=\"application\/ld+json\" class=\"yoast-schema-graph\">{\"@context\":\"https:\/\/schema.org\",\"@graph\":[{\"@type\":\"WebPage\",\"@id\":\"https:\/\/www.ull.es\/portal\/noticias\/2021\/san-juan-de-la-rambla-rinde-homenaje-a-la-catedratica-de-la-ull-josefa-dorta\/\",\"url\":\"https:\/\/www.ull.es\/portal\/noticias\/2021\/san-juan-de-la-rambla-rinde-homenaje-a-la-catedratica-de-la-ull-josefa-dorta\/\",\"name\":\"San Juan de la Rambla rinde homenaje a la catedr\u00e1tica de la ULL Josefa Dorta - ULL - Noticias\",\"isPartOf\":{\"@id\":\"https:\/\/www.ull.es\/portal\/noticias\/#website\"},\"datePublished\":\"2021-04-22T13:47:18+00:00\",\"dateModified\":\"2021-04-22T13:47:18+00:00\",\"author\":{\"@id\":\"https:\/\/www.ull.es\/portal\/noticias\/#\/schema\/person\/b2b1a89d43ffa609e591f7df8ef3e817\"},\"breadcrumb\":{\"@id\":\"https:\/\/www.ull.es\/portal\/noticias\/2021\/san-juan-de-la-rambla-rinde-homenaje-a-la-catedratica-de-la-ull-josefa-dorta\/#breadcrumb\"},\"inLanguage\":\"es\",\"potentialAction\":[{\"@type\":\"ReadAction\",\"target\":[\"https:\/\/www.ull.es\/portal\/noticias\/2021\/san-juan-de-la-rambla-rinde-homenaje-a-la-catedratica-de-la-ull-josefa-dorta\/\"]}]},{\"@type\":\"BreadcrumbList\",\"@id\":\"https:\/\/www.ull.es\/portal\/noticias\/2021\/san-juan-de-la-rambla-rinde-homenaje-a-la-catedratica-de-la-ull-josefa-dorta\/#breadcrumb\",\"itemListElement\":[{\"@type\":\"ListItem\",\"position\":1,\"name\":\"Portada\",\"item\":\"https:\/\/www.ull.es\/portal\/noticias\/\"},{\"@type\":\"ListItem\",\"position\":2,\"name\":\"San Juan de la Rambla rinde homenaje a la catedr\u00e1tica de la ULL Josefa Dorta\"}]},{\"@type\":\"WebSite\",\"@id\":\"https:\/\/www.ull.es\/portal\/noticias\/#website\",\"url\":\"https:\/\/www.ull.es\/portal\/noticias\/\",\"name\":\"ULL - Noticias\",\"description\":\"\",\"potentialAction\":[{\"@type\":\"SearchAction\",\"target\":{\"@type\":\"EntryPoint\",\"urlTemplate\":\"https:\/\/www.ull.es\/portal\/noticias\/?s={search_term_string}\"},\"query-input\":\"required name=search_term_string\"}],\"inLanguage\":\"es\"},{\"@type\":\"Person\",\"@id\":\"https:\/\/www.ull.es\/portal\/noticias\/#\/schema\/person\/b2b1a89d43ffa609e591f7df8ef3e817\",\"name\":\"gaprsa\",\"image\":{\"@type\":\"ImageObject\",\"inLanguage\":\"es\",\"@id\":\"https:\/\/www.ull.es\/portal\/noticias\/#\/schema\/person\/image\/\",\"url\":\"https:\/\/secure.gravatar.com\/avatar\/443820550921091458b4823867723b3d?s=96&d=mm&r=g\",\"contentUrl\":\"https:\/\/secure.gravatar.com\/avatar\/443820550921091458b4823867723b3d?s=96&d=mm&r=g\",\"caption\":\"gaprsa\"},\"url\":\"https:\/\/www.ull.es\/portal\/noticias\/author\/gaprsa\/\"}]}<\/script>\n<!-- \/ Yoast SEO plugin. -->","yoast_head_json":{"title":"San Juan de la Rambla rinde homenaje a la catedr\u00e1tica de la ULL Josefa Dorta - ULL - Noticias","robots":{"index":"index","follow":"follow","max-snippet":"max-snippet:-1","max-image-preview":"max-image-preview:large","max-video-preview":"max-video-preview:-1"},"canonical":"https:\/\/www.ull.es\/portal\/noticias\/2021\/san-juan-de-la-rambla-rinde-homenaje-a-la-catedratica-de-la-ull-josefa-dorta\/","og_locale":"es_ES","og_type":"article","og_title":"San Juan de la Rambla rinde homenaje a la catedr\u00e1tica de la ULL Josefa Dorta - ULL - Noticias","og_description":"La figura de la catedr\u00e1tica de Ling\u00fc\u00edstica General, doctora en Filolog\u00eda Hisp\u00e1nica y profesora de la Universidad de La Laguna,...","og_url":"https:\/\/www.ull.es\/portal\/noticias\/2021\/san-juan-de-la-rambla-rinde-homenaje-a-la-catedratica-de-la-ull-josefa-dorta\/","og_site_name":"ULL - Noticias","article_publisher":"https:\/\/www.facebook.com\/universidaddelalaguna\/","article_published_time":"2021-04-22T13:47:18+00:00","og_image":[{"width":700,"height":350,"url":"https:\/\/www.ull.es\/portal\/noticias\/wp-content\/uploads\/sites\/13\/2021\/04\/rotulacion-honorifica.jpg","type":"image\/jpeg"}],"author":"gaprsa","twitter_card":"summary_large_image","twitter_creator":"@CanalULL","twitter_site":"@CanalULL","twitter_misc":{"Escrito por":"gaprsa","Tiempo de lectura":"3 minutos"},"schema":{"@context":"https:\/\/schema.org","@graph":[{"@type":"WebPage","@id":"https:\/\/www.ull.es\/portal\/noticias\/2021\/san-juan-de-la-rambla-rinde-homenaje-a-la-catedratica-de-la-ull-josefa-dorta\/","url":"https:\/\/www.ull.es\/portal\/noticias\/2021\/san-juan-de-la-rambla-rinde-homenaje-a-la-catedratica-de-la-ull-josefa-dorta\/","name":"San Juan de la Rambla rinde homenaje a la catedr\u00e1tica de la ULL Josefa Dorta - ULL - Noticias","isPartOf":{"@id":"https:\/\/www.ull.es\/portal\/noticias\/#website"},"datePublished":"2021-04-22T13:47:18+00:00","dateModified":"2021-04-22T13:47:18+00:00","author":{"@id":"https:\/\/www.ull.es\/portal\/noticias\/#\/schema\/person\/b2b1a89d43ffa609e591f7df8ef3e817"},"breadcrumb":{"@id":"https:\/\/www.ull.es\/portal\/noticias\/2021\/san-juan-de-la-rambla-rinde-homenaje-a-la-catedratica-de-la-ull-josefa-dorta\/#breadcrumb"},"inLanguage":"es","potentialAction":[{"@type":"ReadAction","target":["https:\/\/www.ull.es\/portal\/noticias\/2021\/san-juan-de-la-rambla-rinde-homenaje-a-la-catedratica-de-la-ull-josefa-dorta\/"]}]},{"@type":"BreadcrumbList","@id":"https:\/\/www.ull.es\/portal\/noticias\/2021\/san-juan-de-la-rambla-rinde-homenaje-a-la-catedratica-de-la-ull-josefa-dorta\/#breadcrumb","itemListElement":[{"@type":"ListItem","position":1,"name":"Portada","item":"https:\/\/www.ull.es\/portal\/noticias\/"},{"@type":"ListItem","position":2,"name":"San Juan de la Rambla rinde homenaje a la catedr\u00e1tica de la ULL Josefa Dorta"}]},{"@type":"WebSite","@id":"https:\/\/www.ull.es\/portal\/noticias\/#website","url":"https:\/\/www.ull.es\/portal\/noticias\/","name":"ULL - Noticias","description":"","potentialAction":[{"@type":"SearchAction","target":{"@type":"EntryPoint","urlTemplate":"https:\/\/www.ull.es\/portal\/noticias\/?s={search_term_string}"},"query-input":"required name=search_term_string"}],"inLanguage":"es"},{"@type":"Person","@id":"https:\/\/www.ull.es\/portal\/noticias\/#\/schema\/person\/b2b1a89d43ffa609e591f7df8ef3e817","name":"gaprsa","image":{"@type":"ImageObject","inLanguage":"es","@id":"https:\/\/www.ull.es\/portal\/noticias\/#\/schema\/person\/image\/","url":"https:\/\/secure.gravatar.com\/avatar\/443820550921091458b4823867723b3d?s=96&d=mm&r=g","contentUrl":"https:\/\/secure.gravatar.com\/avatar\/443820550921091458b4823867723b3d?s=96&d=mm&r=g","caption":"gaprsa"},"url":"https:\/\/www.ull.es\/portal\/noticias\/author\/gaprsa\/"}]}},"primary_category":{"id":345,"name":"Destacado","slug":"destacado","link":"https:\/\/www.ull.es\/portal\/noticias\/category\/destacado\/"},"featured_image_thumbnail_url":"https:\/\/www.ull.es\/portal\/noticias\/wp-content\/uploads\/sites\/13\/2021\/04\/rotulacion-honorifica-300x150.jpg","_links":{"self":[{"href":"https:\/\/www.ull.es\/portal\/noticias\/wp-json\/wp\/v2\/posts\/55797"}],"collection":[{"href":"https:\/\/www.ull.es\/portal\/noticias\/wp-json\/wp\/v2\/posts"}],"about":[{"href":"https:\/\/www.ull.es\/portal\/noticias\/wp-json\/wp\/v2\/types\/post"}],"author":[{"embeddable":true,"href":"https:\/\/www.ull.es\/portal\/noticias\/wp-json\/wp\/v2\/users\/23"}],"replies":[{"embeddable":true,"href":"https:\/\/www.ull.es\/portal\/noticias\/wp-json\/wp\/v2\/comments?post=55797"}],"version-history":[{"count":1,"href":"https:\/\/www.ull.es\/portal\/noticias\/wp-json\/wp\/v2\/posts\/55797\/revisions"}],"predecessor-version":[{"id":55798,"href":"https:\/\/www.ull.es\/portal\/noticias\/wp-json\/wp\/v2\/posts\/55797\/revisions\/55798"}],"wp:featuredmedia":[{"embeddable":true,"href":"https:\/\/www.ull.es\/portal\/noticias\/wp-json\/wp\/v2\/media\/55799"}],"wp:attachment":[{"href":"https:\/\/www.ull.es\/portal\/noticias\/wp-json\/wp\/v2\/media?parent=55797"}],"wp:term":[{"taxonomy":"category","embeddable":true,"href":"https:\/\/www.ull.es\/portal\/noticias\/wp-json\/wp\/v2\/categories?post=55797"},{"taxonomy":"post_tag","embeddable":true,"href":"https:\/\/www.ull.es\/portal\/noticias\/wp-json\/wp\/v2\/tags?post=55797"}],"curies":[{"name":"wp","href":"https:\/\/api.w.org\/{rel}","templated":true}]}}