{"id":55820,"date":"2021-04-23T14:01:40","date_gmt":"2021-04-23T14:01:40","guid":{"rendered":"https:\/\/www.ull.es\/portal\/noticias\/?p=55820"},"modified":"2021-04-26T11:46:45","modified_gmt":"2021-04-26T11:46:45","slug":"biblioteca-fondos-jesus-sanchez-navarro-colectivo-harimaguada","status":"publish","type":"post","link":"https:\/\/www.ull.es\/portal\/noticias\/2021\/biblioteca-fondos-jesus-sanchez-navarro-colectivo-harimaguada\/","title":{"rendered":"La Biblioteca recoge en el D\u00eda del Libro los fondos de Jes\u00fas S\u00e1nchez Navarro y el Colectivo Harimaguada"},"content":{"rendered":"<p>Como cada 23 de abril, la Universidad de La Laguna ha celebrado el Dia del Libro con un acto organizado por el Servicio de Biblioteca que, en esta ocasi\u00f3n, se ha desarrollado en el Fondo Antiguo de la Biblioteca General y de humanidades, ubicada en el Camus de Guajara y ha consistido en la aceptaci\u00f3n por parte de la instituci\u00f3n de las donaciones de dos importante fondos documentales: el del profesor del Departamento de Historia ay Filosof\u00eda de la Ciencia, la Educaci\u00f3n y el Lenguaje de Jes\u00fas S\u00e1nchez Navarro y el del Colectivo Harimaguada sobre educaci\u00f3n afectivo sexual, a los que se sum\u00f3 la ya tradicional donaci\u00f3n de la asociaci\u00f3n Alumni ULL.<\/p>\n<p style=\"text-align: center;\"><a href=\"https:\/\/drive.google.com\/drive\/folders\/1eBkr8mRqhLbOxw9WsIUoWD1roGvfZ-EU?usp=sharing\" target=\"_blank\" rel=\"noopener\" target=\"_blank\" rel=\"noopener\"><strong>Galer\u00eda de im\u00e1genes<\/strong><\/a><\/p>\n<p>Previamente a la aceptaci\u00f3n de estas donaciones, la rectora de la instituci\u00f3n acad\u00e9mica, Rosa Aguilar, record\u00f3 que el D\u00eda del Libro es, en cierta medida el d\u00eda de la biblioteca universitaria, servicio cuyo esfuerzo y compromiso agradeci\u00f3. Reflexion\u00f3 que escribir y publicar suponen actos de generosidad con lo que los autores comunican su conocimiento y creatividad con el p\u00fablico, y que ese esp\u00edritu de compartir con el pr\u00f3jimo es el mismo que existe tras las donaciones recibidas, que facilitar\u00e1n la consulta por parte de los usuarios de la biblioteca de estas colecciones reunidas con mimo durante d\u00e9cadas por sus propietarios originales.<\/p>\n<div id=\"attachment_55822\" style=\"width: 310px\" class=\"wp-caption alignleft\"><a href=\"https:\/\/www.ull.es\/portal\/noticias\/wp-content\/uploads\/sites\/13\/2021\/04\/Donaciones-Dia-del-libro-07.jpg\" target=\"_blank\" rel=\"noopener\" target=\"_blank\" rel=\"noopener\"><img aria-describedby=\"caption-attachment-55822\" decoding=\"async\" loading=\"lazy\" class=\"wp-image-55822 size-medium\" src=\"https:\/\/www.ull.es\/portal\/noticias\/wp-content\/uploads\/sites\/13\/2021\/04\/Donaciones-Dia-del-libro-07-300x200.jpg\" alt=\"Recepci\u00f3n del fondo de Jes\u00fas S\u00e1nchez Navarro.\" width=\"300\" height=\"200\" srcset=\"https:\/\/www.ull.es\/portal\/noticias\/wp-content\/uploads\/sites\/13\/2021\/04\/Donaciones-Dia-del-libro-07-300x200.jpg 300w, https:\/\/www.ull.es\/portal\/noticias\/wp-content\/uploads\/sites\/13\/2021\/04\/Donaciones-Dia-del-libro-07-768x512.jpg 768w, https:\/\/www.ull.es\/portal\/noticias\/wp-content\/uploads\/sites\/13\/2021\/04\/Donaciones-Dia-del-libro-07-375x250.jpg 375w, https:\/\/www.ull.es\/portal\/noticias\/wp-content\/uploads\/sites\/13\/2021\/04\/Donaciones-Dia-del-libro-07-750x500.jpg 750w, https:\/\/www.ull.es\/portal\/noticias\/wp-content\/uploads\/sites\/13\/2021\/04\/Donaciones-Dia-del-libro-07.jpg 1024w\" sizes=\"(max-width: 300px) 100vw, 300px\" \/><\/a><p id=\"caption-attachment-55822\" class=\"wp-caption-text\">Recepci\u00f3n del fondo de Jes\u00fas S\u00e1nchez Navarro.<\/p><\/div>\n<p>La donaci\u00f3n del profesor Jes\u00fas S\u00e1nchez Navarro, fallecido en 2019, fue realizada por su esposa, la tambi\u00e9n profesora de Derecho Internacional Privado ya jubilada Asunci\u00f3n As\u00edn Cabrera, quien se\u00f1al\u00f3 que con esta firma se cumple uno de los \u00faltimos deseos de su marido: que su fondo formara parte del patrimonio de la Universidad de La Laguna. Agradeci\u00f3 el trabajo del personal del servicio por su \u201cprofesionalidad, esfuerzo, dedicaci\u00f3n y amor por los libros\u201d.<\/p>\n<div id=\"attachment_55823\" style=\"width: 310px\" class=\"wp-caption alignright\"><a href=\"https:\/\/www.ull.es\/portal\/noticias\/wp-content\/uploads\/sites\/13\/2021\/04\/Donaciones-Dia-del-libro-11.jpg\" target=\"_blank\" rel=\"noopener\" target=\"_blank\" rel=\"noopener\"><img aria-describedby=\"caption-attachment-55823\" decoding=\"async\" loading=\"lazy\" class=\"wp-image-55823 size-medium\" src=\"https:\/\/www.ull.es\/portal\/noticias\/wp-content\/uploads\/sites\/13\/2021\/04\/Donaciones-Dia-del-libro-11-300x200.jpg\" alt=\"Recepci\u00f3n del fondo del Colectivo Harimaguada.\" width=\"300\" height=\"200\" srcset=\"https:\/\/www.ull.es\/portal\/noticias\/wp-content\/uploads\/sites\/13\/2021\/04\/Donaciones-Dia-del-libro-11-300x200.jpg 300w, https:\/\/www.ull.es\/portal\/noticias\/wp-content\/uploads\/sites\/13\/2021\/04\/Donaciones-Dia-del-libro-11-768x512.jpg 768w, https:\/\/www.ull.es\/portal\/noticias\/wp-content\/uploads\/sites\/13\/2021\/04\/Donaciones-Dia-del-libro-11-375x250.jpg 375w, https:\/\/www.ull.es\/portal\/noticias\/wp-content\/uploads\/sites\/13\/2021\/04\/Donaciones-Dia-del-libro-11-750x500.jpg 750w, https:\/\/www.ull.es\/portal\/noticias\/wp-content\/uploads\/sites\/13\/2021\/04\/Donaciones-Dia-del-libro-11.jpg 1024w\" sizes=\"(max-width: 300px) 100vw, 300px\" \/><\/a><p id=\"caption-attachment-55823\" class=\"wp-caption-text\">Recepci\u00f3n del fondo del Colectivo Harimaguada.<\/p><\/div>\n<p>La donaci\u00f3n del Colectivo Harimaguada fue firmada por Mar\u00eda Dolores Gonz\u00e1lez D\u00edaz, quien vino acompa\u00f1ada por otra \u00edntegramente del grupo, Mar\u00eda del Carmen Bola\u00f1os Espinosa. Se\u00f1al\u00f3 que la donaci\u00f3n re\u00fane el trabajo \u201caltruista\u201d de m\u00e1s de cuatro d\u00e9cadas ahondando en el conocimiento necesario para lograr una educaci\u00f3n afectivo-sexual \u201cm\u00e1s satisfactoria, saludable y placentera\u201d, fondo que est\u00e1 ahora a disposici\u00f3n de todos los usuarios de la biblioteca universitaria.<\/p>\n<p>Por su parte, Jos\u00e9 Manuel Erbez, vocal de la asociaci\u00f3n Alumni ULL, reiter\u00f3 el compromiso de la organizaci\u00f3n que representa como una \u201caliada\u201d de la Universidad de La Laguna, comprometida con la mejora de la visibilidad de la instituci\u00f3n. Erbez, tambi\u00e9n responsable de la Secci\u00f3n de coordinaci\u00f3n del Servicio de Biblioteca, present\u00f3 igualmente el <a href=\"https:\/\/www.ull.es\/servicios\/biblioteca\/archivos-personales\/\" target=\"_blank\" rel=\"noopener\" target=\"_blank\" rel=\"noopener\">nuevo portal web<\/a> que concentrar\u00e1 toda la informaci\u00f3n sobre los fondos documentales m\u00e1s valiosos de los donados a la instituci\u00f3n.<\/p>\n<p>Explic\u00f3 que algunos fondos documentales como el \u00c1lvarez Rixo, Padr\u00f3n Albornoz, Gonz\u00e1lez Vicen y Romeu de Armas, ten\u00edan p\u00e1ginas web propias e independientes. El nuevo portal las enlaza para que est\u00e9n localizadas todas en un mismo lugar y, adem\u00e1s, ofrece informaci\u00f3n sobre otros fondos disponibles, incorporando informaci\u00f3n sobre su inventario. Se trata de un proyecto de futuro que seguir\u00e1 creciendo con la incorporaci\u00f3n de informaci\u00f3n sobre otros fondos. Se puede consultar informaci\u00f3n sobre los fondos donados en esta <a href=\"https:\/\/www.ull.es\/portal\/noticias\/2021\/ull-estrenara-web-archivos-personales-biblioteca\/\" target=\"_blank\" rel=\"noopener\" target=\"_blank\" rel=\"noopener\">nota de prensa<\/a> anterior.<\/p>\n<div><strong>Rostros y rastros\u00a0<\/strong><\/div>\n<div><\/div>\n<div>Por otra parte, el Vicerrectorado de Cultura y Participaci\u00f3n Social est\u00e1 preparando la pr\u00f3xima llegada de la exposici\u00f3n &#8216;Rostros y rastros&#8217;, de la Casa Museo Tom\u00e1s Morales. Se trata de\u00a0un total de 47 retratos de poetas canarios realizados por dos importantes fot\u00f3grafos, Tato Gongalves (que ha realizado y sigue realizando los retratos a los escritores de la provincia de Las Palmas de Gran Canaria) y Carlos A. Schwartz ( a los de Santa Cruz de Tenerife). La muestra permanecer\u00e1 en el Espacio Cultural La Capilla desde el 7 de mayo hasta el 11 de junio, y contar\u00e1 tambi\u00e9n con la colaboraci\u00f3n de la Biblioteca Universitaria, que aportar\u00e1 libros de los escritores retratados.<\/div>\n<div><\/div>\n<div>En el contexto de la exposici\u00f3n, la Universidad de La Laguna desarrollar\u00e1 varias actividades paralelas relacionados con la poes\u00eda\u00a0 y la literatura, recitales po\u00e9ticos, presentaci\u00f3n de libros y entrega de los premios literarios de la universidad. La idea es que el mes de mayo sirva para acercar la poes\u00eda al centro acad\u00e9mico.<\/div>\n","protected":false},"excerpt":{"rendered":"<p>Como cada 23 de abril, la Universidad de La Laguna ha celebrado el Dia del Libro con un acto organizado&#8230;<\/p>\n","protected":false},"author":21,"featured_media":55821,"comment_status":"closed","ping_status":"closed","sticky":false,"template":"","format":"standard","meta":{"inline_featured_image":false,"footnotes":""},"categories":[4534,344,345,348,2765],"tags":[4308,641,7342,1030,7331,3085,7341,2379],"acf":[],"yoast_head":"<!-- This site is optimized with the Yoast SEO plugin v21.3 - https:\/\/yoast.com\/wordpress\/plugins\/seo\/ -->\n<title>LaULL recibe los fondos S\u00e1nchez Navarro y del Colectivo Harimaguada<\/title>\n<meta name=\"description\" content=\"La Biblioteca recibe este D\u00efa del Libro dos importante fondos documentales: el del profesor Jes\u00fas S\u00e1nchez Navarro y el Colectivo Harimaguada.\" \/>\n<meta name=\"robots\" content=\"index, follow, max-snippet:-1, max-image-preview:large, max-video-preview:-1\" \/>\n<link rel=\"canonical\" href=\"https:\/\/www.ull.es\/portal\/noticias\/2021\/biblioteca-fondos-jesus-sanchez-navarro-colectivo-harimaguada\/\" \/>\n<meta property=\"og:locale\" content=\"es_ES\" \/>\n<meta property=\"og:type\" content=\"article\" \/>\n<meta property=\"og:title\" content=\"LaULL recibe los fondos S\u00e1nchez Navarro y del Colectivo Harimaguada\" \/>\n<meta property=\"og:description\" content=\"La Biblioteca recibe este D\u00efa del Libro dos importante fondos documentales: el del profesor Jes\u00fas S\u00e1nchez Navarro y el Colectivo Harimaguada.\" \/>\n<meta property=\"og:url\" content=\"https:\/\/www.ull.es\/portal\/noticias\/2021\/biblioteca-fondos-jesus-sanchez-navarro-colectivo-harimaguada\/\" \/>\n<meta property=\"og:site_name\" content=\"ULL - Noticias\" \/>\n<meta property=\"article:publisher\" content=\"https:\/\/www.facebook.com\/universidaddelalaguna\/\" \/>\n<meta property=\"article:published_time\" content=\"2021-04-23T14:01:40+00:00\" \/>\n<meta property=\"article:modified_time\" content=\"2021-04-26T11:46:45+00:00\" \/>\n<meta property=\"og:image\" content=\"https:\/\/www.ull.es\/portal\/noticias\/wp-content\/uploads\/sites\/13\/2021\/04\/Donaciones-Dia-del-libro-20.jpg\" \/>\n\t<meta property=\"og:image:width\" content=\"1024\" \/>\n\t<meta property=\"og:image:height\" content=\"683\" \/>\n\t<meta property=\"og:image:type\" content=\"image\/jpeg\" \/>\n<meta name=\"author\" content=\"prensa2\" \/>\n<meta name=\"twitter:card\" content=\"summary_large_image\" \/>\n<meta name=\"twitter:creator\" content=\"@CanalULL\" \/>\n<meta name=\"twitter:site\" content=\"@CanalULL\" \/>\n<meta name=\"twitter:label1\" content=\"Escrito por\" \/>\n\t<meta name=\"twitter:data1\" content=\"prensa2\" \/>\n\t<meta name=\"twitter:label2\" content=\"Tiempo de lectura\" \/>\n\t<meta name=\"twitter:data2\" content=\"4 minutos\" \/>\n<script type=\"application\/ld+json\" class=\"yoast-schema-graph\">{\"@context\":\"https:\/\/schema.org\",\"@graph\":[{\"@type\":\"WebPage\",\"@id\":\"https:\/\/www.ull.es\/portal\/noticias\/2021\/biblioteca-fondos-jesus-sanchez-navarro-colectivo-harimaguada\/\",\"url\":\"https:\/\/www.ull.es\/portal\/noticias\/2021\/biblioteca-fondos-jesus-sanchez-navarro-colectivo-harimaguada\/\",\"name\":\"LaULL recibe los fondos S\u00e1nchez Navarro y del Colectivo Harimaguada\",\"isPartOf\":{\"@id\":\"https:\/\/www.ull.es\/portal\/noticias\/#website\"},\"datePublished\":\"2021-04-23T14:01:40+00:00\",\"dateModified\":\"2021-04-26T11:46:45+00:00\",\"author\":{\"@id\":\"https:\/\/www.ull.es\/portal\/noticias\/#\/schema\/person\/c3b2aa857797592927a03740d6664376\"},\"description\":\"La Biblioteca recibe este D\u00efa del Libro dos importante fondos documentales: el del profesor Jes\u00fas S\u00e1nchez Navarro y el Colectivo Harimaguada.\",\"breadcrumb\":{\"@id\":\"https:\/\/www.ull.es\/portal\/noticias\/2021\/biblioteca-fondos-jesus-sanchez-navarro-colectivo-harimaguada\/#breadcrumb\"},\"inLanguage\":\"es\",\"potentialAction\":[{\"@type\":\"ReadAction\",\"target\":[\"https:\/\/www.ull.es\/portal\/noticias\/2021\/biblioteca-fondos-jesus-sanchez-navarro-colectivo-harimaguada\/\"]}]},{\"@type\":\"BreadcrumbList\",\"@id\":\"https:\/\/www.ull.es\/portal\/noticias\/2021\/biblioteca-fondos-jesus-sanchez-navarro-colectivo-harimaguada\/#breadcrumb\",\"itemListElement\":[{\"@type\":\"ListItem\",\"position\":1,\"name\":\"Portada\",\"item\":\"https:\/\/www.ull.es\/portal\/noticias\/\"},{\"@type\":\"ListItem\",\"position\":2,\"name\":\"La Biblioteca recoge en el D\u00eda del Libro los fondos de Jes\u00fas S\u00e1nchez Navarro y el Colectivo Harimaguada\"}]},{\"@type\":\"WebSite\",\"@id\":\"https:\/\/www.ull.es\/portal\/noticias\/#website\",\"url\":\"https:\/\/www.ull.es\/portal\/noticias\/\",\"name\":\"ULL - Noticias\",\"description\":\"\",\"potentialAction\":[{\"@type\":\"SearchAction\",\"target\":{\"@type\":\"EntryPoint\",\"urlTemplate\":\"https:\/\/www.ull.es\/portal\/noticias\/?s={search_term_string}\"},\"query-input\":\"required name=search_term_string\"}],\"inLanguage\":\"es\"},{\"@type\":\"Person\",\"@id\":\"https:\/\/www.ull.es\/portal\/noticias\/#\/schema\/person\/c3b2aa857797592927a03740d6664376\",\"name\":\"prensa2\",\"image\":{\"@type\":\"ImageObject\",\"inLanguage\":\"es\",\"@id\":\"https:\/\/www.ull.es\/portal\/noticias\/#\/schema\/person\/image\/\",\"url\":\"https:\/\/secure.gravatar.com\/avatar\/b58f310a5de5feb33d1e026d2493f23c?s=96&d=mm&r=g\",\"contentUrl\":\"https:\/\/secure.gravatar.com\/avatar\/b58f310a5de5feb33d1e026d2493f23c?s=96&d=mm&r=g\",\"caption\":\"prensa2\"},\"url\":\"https:\/\/www.ull.es\/portal\/noticias\/author\/prensa2\/\"}]}<\/script>\n<!-- \/ Yoast SEO plugin. -->","yoast_head_json":{"title":"LaULL recibe los fondos S\u00e1nchez Navarro y del Colectivo Harimaguada","description":"La Biblioteca recibe este D\u00efa del Libro dos importante fondos documentales: el del profesor Jes\u00fas S\u00e1nchez Navarro y el Colectivo Harimaguada.","robots":{"index":"index","follow":"follow","max-snippet":"max-snippet:-1","max-image-preview":"max-image-preview:large","max-video-preview":"max-video-preview:-1"},"canonical":"https:\/\/www.ull.es\/portal\/noticias\/2021\/biblioteca-fondos-jesus-sanchez-navarro-colectivo-harimaguada\/","og_locale":"es_ES","og_type":"article","og_title":"LaULL recibe los fondos S\u00e1nchez Navarro y del Colectivo Harimaguada","og_description":"La Biblioteca recibe este D\u00efa del Libro dos importante fondos documentales: el del profesor Jes\u00fas S\u00e1nchez Navarro y el Colectivo Harimaguada.","og_url":"https:\/\/www.ull.es\/portal\/noticias\/2021\/biblioteca-fondos-jesus-sanchez-navarro-colectivo-harimaguada\/","og_site_name":"ULL - Noticias","article_publisher":"https:\/\/www.facebook.com\/universidaddelalaguna\/","article_published_time":"2021-04-23T14:01:40+00:00","article_modified_time":"2021-04-26T11:46:45+00:00","og_image":[{"width":1024,"height":683,"url":"https:\/\/www.ull.es\/portal\/noticias\/wp-content\/uploads\/sites\/13\/2021\/04\/Donaciones-Dia-del-libro-20.jpg","type":"image\/jpeg"}],"author":"prensa2","twitter_card":"summary_large_image","twitter_creator":"@CanalULL","twitter_site":"@CanalULL","twitter_misc":{"Escrito por":"prensa2","Tiempo de lectura":"4 minutos"},"schema":{"@context":"https:\/\/schema.org","@graph":[{"@type":"WebPage","@id":"https:\/\/www.ull.es\/portal\/noticias\/2021\/biblioteca-fondos-jesus-sanchez-navarro-colectivo-harimaguada\/","url":"https:\/\/www.ull.es\/portal\/noticias\/2021\/biblioteca-fondos-jesus-sanchez-navarro-colectivo-harimaguada\/","name":"LaULL recibe los fondos S\u00e1nchez Navarro y del Colectivo Harimaguada","isPartOf":{"@id":"https:\/\/www.ull.es\/portal\/noticias\/#website"},"datePublished":"2021-04-23T14:01:40+00:00","dateModified":"2021-04-26T11:46:45+00:00","author":{"@id":"https:\/\/www.ull.es\/portal\/noticias\/#\/schema\/person\/c3b2aa857797592927a03740d6664376"},"description":"La Biblioteca recibe este D\u00efa del Libro dos importante fondos documentales: el del profesor Jes\u00fas S\u00e1nchez Navarro y el Colectivo Harimaguada.","breadcrumb":{"@id":"https:\/\/www.ull.es\/portal\/noticias\/2021\/biblioteca-fondos-jesus-sanchez-navarro-colectivo-harimaguada\/#breadcrumb"},"inLanguage":"es","potentialAction":[{"@type":"ReadAction","target":["https:\/\/www.ull.es\/portal\/noticias\/2021\/biblioteca-fondos-jesus-sanchez-navarro-colectivo-harimaguada\/"]}]},{"@type":"BreadcrumbList","@id":"https:\/\/www.ull.es\/portal\/noticias\/2021\/biblioteca-fondos-jesus-sanchez-navarro-colectivo-harimaguada\/#breadcrumb","itemListElement":[{"@type":"ListItem","position":1,"name":"Portada","item":"https:\/\/www.ull.es\/portal\/noticias\/"},{"@type":"ListItem","position":2,"name":"La Biblioteca recoge en el D\u00eda del Libro los fondos de Jes\u00fas S\u00e1nchez Navarro y el Colectivo Harimaguada"}]},{"@type":"WebSite","@id":"https:\/\/www.ull.es\/portal\/noticias\/#website","url":"https:\/\/www.ull.es\/portal\/noticias\/","name":"ULL - Noticias","description":"","potentialAction":[{"@type":"SearchAction","target":{"@type":"EntryPoint","urlTemplate":"https:\/\/www.ull.es\/portal\/noticias\/?s={search_term_string}"},"query-input":"required name=search_term_string"}],"inLanguage":"es"},{"@type":"Person","@id":"https:\/\/www.ull.es\/portal\/noticias\/#\/schema\/person\/c3b2aa857797592927a03740d6664376","name":"prensa2","image":{"@type":"ImageObject","inLanguage":"es","@id":"https:\/\/www.ull.es\/portal\/noticias\/#\/schema\/person\/image\/","url":"https:\/\/secure.gravatar.com\/avatar\/b58f310a5de5feb33d1e026d2493f23c?s=96&d=mm&r=g","contentUrl":"https:\/\/secure.gravatar.com\/avatar\/b58f310a5de5feb33d1e026d2493f23c?s=96&d=mm&r=g","caption":"prensa2"},"url":"https:\/\/www.ull.es\/portal\/noticias\/author\/prensa2\/"}]}},"primary_category":{"id":345,"name":"Destacado","slug":"destacado","link":"https:\/\/www.ull.es\/portal\/noticias\/category\/destacado\/"},"featured_image_thumbnail_url":"https:\/\/www.ull.es\/portal\/noticias\/wp-content\/uploads\/sites\/13\/2021\/04\/Donaciones-Dia-del-libro-20-300x200.jpg","_links":{"self":[{"href":"https:\/\/www.ull.es\/portal\/noticias\/wp-json\/wp\/v2\/posts\/55820"}],"collection":[{"href":"https:\/\/www.ull.es\/portal\/noticias\/wp-json\/wp\/v2\/posts"}],"about":[{"href":"https:\/\/www.ull.es\/portal\/noticias\/wp-json\/wp\/v2\/types\/post"}],"author":[{"embeddable":true,"href":"https:\/\/www.ull.es\/portal\/noticias\/wp-json\/wp\/v2\/users\/21"}],"replies":[{"embeddable":true,"href":"https:\/\/www.ull.es\/portal\/noticias\/wp-json\/wp\/v2\/comments?post=55820"}],"version-history":[{"count":5,"href":"https:\/\/www.ull.es\/portal\/noticias\/wp-json\/wp\/v2\/posts\/55820\/revisions"}],"predecessor-version":[{"id":55836,"href":"https:\/\/www.ull.es\/portal\/noticias\/wp-json\/wp\/v2\/posts\/55820\/revisions\/55836"}],"wp:featuredmedia":[{"embeddable":true,"href":"https:\/\/www.ull.es\/portal\/noticias\/wp-json\/wp\/v2\/media\/55821"}],"wp:attachment":[{"href":"https:\/\/www.ull.es\/portal\/noticias\/wp-json\/wp\/v2\/media?parent=55820"}],"wp:term":[{"taxonomy":"category","embeddable":true,"href":"https:\/\/www.ull.es\/portal\/noticias\/wp-json\/wp\/v2\/categories?post=55820"},{"taxonomy":"post_tag","embeddable":true,"href":"https:\/\/www.ull.es\/portal\/noticias\/wp-json\/wp\/v2\/tags?post=55820"}],"curies":[{"name":"wp","href":"https:\/\/api.w.org\/{rel}","templated":true}]}}