{"id":55870,"date":"2021-04-27T11:51:44","date_gmt":"2021-04-27T11:51:44","guid":{"rendered":"https:\/\/www.ull.es\/portal\/noticias\/?p=55870"},"modified":"2021-04-27T11:51:44","modified_gmt":"2021-04-27T11:51:44","slug":"la-xxxv-semana-de-la-empresa-de-la-ull-centra-su-atencion-en-los-ods","status":"publish","type":"post","link":"https:\/\/www.ull.es\/portal\/noticias\/2021\/la-xxxv-semana-de-la-empresa-de-la-ull-centra-su-atencion-en-los-ods\/","title":{"rendered":"La XXXV Semana de la Empresa de la ULL centra su atenci\u00f3n en los ODS  \u00a0"},"content":{"rendered":"<p>La Facultad de Econom\u00eda, Empresa y Turismo de la Universidad de La Laguna, en colaboraci\u00f3n con el Vicerrectorado de Cultura y Participaci\u00f3n Social, acoger\u00e1 los d\u00edas 28, 29 y 30 de abril, la trig\u00e9simo quinta edici\u00f3n de la Semana de la Empresa que se celebrar\u00e1 de manera <em>online<\/em> en abierto y en la que se enmarca el encuentro de C\u00e1tedras Institucionales y de Empresa de la instituci\u00f3n docente. Las jornadas estar\u00e1n centradas en esta edici\u00f3n en los Objetivos de Desarrollo Sostenible (ODS) y las sesiones se podr\u00e1n seguir previa inscripci\u00f3n o en directo a trav\u00e9s de youtube, en ambos casos se podr\u00e1 acceder mediante este <a href=\"https:\/\/plazagrande.es\/tribuna-eventos\/eventos\/xxxv-semana-de-la-empresa\/\" target=\"_blank\" rel=\"noopener\">enlace<\/a>.<\/p>\n<p>Como en ocasiones anteriores, esta iniciativa pretende servir de orientaci\u00f3n y formaci\u00f3n no solo para el estudiantado universitario, sino tambi\u00e9n para el conjunto de la sociedad. \u00a0Este a\u00f1o el objetivo estar\u00e1 centrado en conocer c\u00f3mo abordan los entes p\u00fablicos y privados de Canarias el cumplimiento de los mencionados Objetivos de Desarrollo Sostenible. Seg\u00fan la organizaci\u00f3n del evento, el escenario actual de acelerados cambios puede servir para sentar las bases que posibiliten construir una econom\u00eda pr\u00f3spera y una sociedad que tenga una mayor capacidad de resiliencia, pero para ello es preciso dise\u00f1ar un nuevo camino que se fundamente en los pilares necesarios.<\/p>\n<p>La primera sesi\u00f3n, que tendr\u00e1 lugar ma\u00f1ana de 10:00 a 15:00 horas, contar\u00e1 con la presencia del vicerrector de Cultura y Participaci\u00f3n Social, Juan Albino M\u00e9ndez, y del director general de Investigaci\u00f3n y Coordinaci\u00f3n del Desarrollo Sostenible del Gobierno de Canarias, David Padr\u00f3n. Ambos ser\u00e1n los encargados de realizar la apertura del acto. Seguidamente dar\u00e1 comienzo el primer punto de la jornada: los ODS en el marco de actuaci\u00f3n regional, en el que se expondr\u00e1 la Agenda 2030 insular del Cabildo de Tenerife y el desarrollo de la agenda 2030 desde el \u00e1mbito municipal por parte del Ayuntamiento de Adeje, entre otros temas. Tras un descanso, a partir de las 16:00 horas dar\u00e1 comienzo la sesi\u00f3n de tarde, centrada en colaboraci\u00f3n p\u00fablico-privada en el contexto de la recuperaci\u00f3n econ\u00f3mica.<\/p>\n<p>El jueves 29 la sesi\u00f3n de ma\u00f1ana, que se desarrollar\u00e1 entre las 09.30 y 14.30 horas, se centrar\u00e1 en la sociedad y los ODS. Intervendr\u00e1n la C\u00e1tedra de Econom\u00eda Social y Cooperativa para hablar del valor del voluntariado en tiempos de pandemia; la C\u00e1tedra de Turismo, que pondr\u00e1 en valor el compromiso del turismo con los ODS; y David Curbelo P\u00e9rez, miembro del Colegio Oficial de Titulados Mercantiles y Empresariales de Santa Cruz de Tenerife, que hablar\u00e1 de la contribuci\u00f3n de las pymes canarias a los ODS. Durante la sesi\u00f3n de tarde, que se extender\u00e1 desde las 16:00 hasta las 19:00 horas, tendr\u00e1 lugar la segunda jornada sobre colaboraci\u00f3n p\u00fablico-privada en el contexto de la recuperaci\u00f3n econ\u00f3mica.<\/p>\n<p><strong>Encuentro de c\u00e1tedras <\/strong><\/p>\n<p>El viernes 30, como parte de los eventos previstos durante la trig\u00e9simo quinta Semana de la Empresa, tendr\u00e1 lugar el <a href=\"https:\/\/www.ull.es\/portal\/agenda\/evento\/encuentro-de-catedras-institucionales-y-de-empresa-de-la-universidad-de-la-laguna-compromiso-para-la-implementacion-de-la-agenda-2030-en-canarias\/\" target=\"_blank\" rel=\"noopener\">Encuentro de C\u00e1tedras Institucionales y de Empresa<\/a> de la Universidad de La Laguna, organizado por el Vicerrectorado de Cultura y Participaci\u00f3n Social y que se desarrollar\u00e1 bajo el t\u00edtulo \u201cCompromiso para la implementaci\u00f3n de la Agenda 2030 en Canarias\u201d. El encuentro <em>online, <\/em>al que se puede acceder a trav\u00e9s de este <a href=\"https:\/\/www.youtube.com\/watch?v=gccGPGvYhTA\" target=\"_blank\" rel=\"noopener\">enlace<\/a> de youtube o inscribi\u00e9ndose <a href=\"https:\/\/plazagrande.es\/tribuna-eventos\/webinars\/sesion5-35semanadelaempresa\/\" target=\"_blank\" rel=\"noopener\">aqu\u00ed<\/a>, dar\u00e1 comienzo a las 09:30 horas y contar\u00e1 con la presencia de Rosa Aguilar, rectora de la instituci\u00f3n acad\u00e9mica.<\/p>\n<p>En el evento se pretende dar a conocer la filosof\u00eda de las c\u00e1tedras y los valores que las inspiran; las principales actuaciones que realizan en los \u00e1mbitos de la formaci\u00f3n, la investigaci\u00f3n y la transferencia de conocimiento; sus aportaciones al cumplimiento de los Objetivos de Desarrollo Sostenible de la Agenda 2030; los beneficios que generan para la comunidad universitaria y la sociedad; y sus planes futuros de actuaci\u00f3n.<\/p>\n<p>Tal y como apuntan desde la organizaci\u00f3n del encuentro, la Universidad de La Laguna se encuentra en un momento oportuno para reflexionar sobre cu\u00e1l ha de ser su funci\u00f3n en la sociedad ante los grandes desaf\u00edos planteados en estos inicios del siglo XXI. Las C\u00e1tedras Institucionales y de Empresa son un instrumento id\u00f3neo para llevar a cabo una colaboraci\u00f3n estable entre la Universidad de La Laguna y las empresas e instituciones de nuestro entorno, de cara al logro de objetivos de inter\u00e9s com\u00fan. En la actualidad est\u00e1n realizando una gran cantidad de actividades docentes, investigadoras y de transferencia de conocimiento que est\u00e1n alineadas con la Agenda 2030. Sus actuaciones se dirigen tanto a la comunidad universitaria como al conjunto de la poblaci\u00f3n.<\/p>\n<p>La Universidad de La Laguna emitir\u00e1 un certificado de asistencia a todas aquellas personas que asistan al total de las horas lectivas. Asimismo, esta actividad est\u00e1 enmarcada en el ciclo de \u00abSeminarios Interc\u00e1tedras 2020\/21\u00bb, de tal forma que el alumnado podr\u00e1 acumular este seminario para solicitar el reconocimiento de cr\u00e9ditos.<\/p>\n","protected":false},"excerpt":{"rendered":"<p>La Facultad de Econom\u00eda, Empresa y Turismo de la Universidad de La Laguna, en colaboraci\u00f3n con el Vicerrectorado de Cultura&#8230;<\/p>\n","protected":false},"author":23,"featured_media":55872,"comment_status":"closed","ping_status":"closed","sticky":false,"template":"","format":"standard","meta":{"inline_featured_image":false,"footnotes":""},"categories":[345,3906,348,2765],"tags":[7355],"acf":[],"yoast_head":"<!-- This site is optimized with the Yoast SEO plugin v21.3 - https:\/\/yoast.com\/wordpress\/plugins\/seo\/ -->\n<title>La XXXV Semana de la Empresa de la ULL centra su atenci\u00f3n en los ODS \u00a0 - ULL - Noticias<\/title>\n<meta name=\"robots\" content=\"index, follow, max-snippet:-1, max-image-preview:large, max-video-preview:-1\" \/>\n<link rel=\"canonical\" href=\"https:\/\/www.ull.es\/portal\/noticias\/2021\/la-xxxv-semana-de-la-empresa-de-la-ull-centra-su-atencion-en-los-ods\/\" \/>\n<meta property=\"og:locale\" content=\"es_ES\" \/>\n<meta property=\"og:type\" content=\"article\" \/>\n<meta property=\"og:title\" content=\"La XXXV Semana de la Empresa de la ULL centra su atenci\u00f3n en los ODS \u00a0 - ULL - Noticias\" \/>\n<meta property=\"og:description\" content=\"La Facultad de Econom\u00eda, Empresa y Turismo de la Universidad de La Laguna, en colaboraci\u00f3n con el Vicerrectorado de Cultura...\" \/>\n<meta property=\"og:url\" content=\"https:\/\/www.ull.es\/portal\/noticias\/2021\/la-xxxv-semana-de-la-empresa-de-la-ull-centra-su-atencion-en-los-ods\/\" \/>\n<meta property=\"og:site_name\" content=\"ULL - Noticias\" \/>\n<meta property=\"article:publisher\" content=\"https:\/\/www.facebook.com\/universidaddelalaguna\/\" \/>\n<meta property=\"article:published_time\" content=\"2021-04-27T11:51:44+00:00\" \/>\n<meta property=\"og:image\" content=\"https:\/\/www.ull.es\/portal\/noticias\/wp-content\/uploads\/sites\/13\/2021\/04\/semana-de-la-empresa.jpg\" \/>\n\t<meta property=\"og:image:width\" content=\"700\" \/>\n\t<meta property=\"og:image:height\" content=\"394\" \/>\n\t<meta property=\"og:image:type\" content=\"image\/jpeg\" \/>\n<meta name=\"author\" content=\"gaprsa\" \/>\n<meta name=\"twitter:card\" content=\"summary_large_image\" \/>\n<meta name=\"twitter:creator\" content=\"@CanalULL\" \/>\n<meta name=\"twitter:site\" content=\"@CanalULL\" \/>\n<meta name=\"twitter:label1\" content=\"Escrito por\" \/>\n\t<meta name=\"twitter:data1\" content=\"gaprsa\" \/>\n\t<meta name=\"twitter:label2\" content=\"Tiempo de lectura\" \/>\n\t<meta name=\"twitter:data2\" content=\"4 minutos\" \/>\n<script type=\"application\/ld+json\" class=\"yoast-schema-graph\">{\"@context\":\"https:\/\/schema.org\",\"@graph\":[{\"@type\":\"WebPage\",\"@id\":\"https:\/\/www.ull.es\/portal\/noticias\/2021\/la-xxxv-semana-de-la-empresa-de-la-ull-centra-su-atencion-en-los-ods\/\",\"url\":\"https:\/\/www.ull.es\/portal\/noticias\/2021\/la-xxxv-semana-de-la-empresa-de-la-ull-centra-su-atencion-en-los-ods\/\",\"name\":\"La XXXV Semana de la Empresa de la ULL centra su atenci\u00f3n en los ODS \u00a0 - ULL - Noticias\",\"isPartOf\":{\"@id\":\"https:\/\/www.ull.es\/portal\/noticias\/#website\"},\"datePublished\":\"2021-04-27T11:51:44+00:00\",\"dateModified\":\"2021-04-27T11:51:44+00:00\",\"author\":{\"@id\":\"https:\/\/www.ull.es\/portal\/noticias\/#\/schema\/person\/b2b1a89d43ffa609e591f7df8ef3e817\"},\"breadcrumb\":{\"@id\":\"https:\/\/www.ull.es\/portal\/noticias\/2021\/la-xxxv-semana-de-la-empresa-de-la-ull-centra-su-atencion-en-los-ods\/#breadcrumb\"},\"inLanguage\":\"es\",\"potentialAction\":[{\"@type\":\"ReadAction\",\"target\":[\"https:\/\/www.ull.es\/portal\/noticias\/2021\/la-xxxv-semana-de-la-empresa-de-la-ull-centra-su-atencion-en-los-ods\/\"]}]},{\"@type\":\"BreadcrumbList\",\"@id\":\"https:\/\/www.ull.es\/portal\/noticias\/2021\/la-xxxv-semana-de-la-empresa-de-la-ull-centra-su-atencion-en-los-ods\/#breadcrumb\",\"itemListElement\":[{\"@type\":\"ListItem\",\"position\":1,\"name\":\"Portada\",\"item\":\"https:\/\/www.ull.es\/portal\/noticias\/\"},{\"@type\":\"ListItem\",\"position\":2,\"name\":\"La XXXV Semana de la Empresa de la ULL centra su atenci\u00f3n en los ODS \u00a0\"}]},{\"@type\":\"WebSite\",\"@id\":\"https:\/\/www.ull.es\/portal\/noticias\/#website\",\"url\":\"https:\/\/www.ull.es\/portal\/noticias\/\",\"name\":\"ULL - Noticias\",\"description\":\"\",\"potentialAction\":[{\"@type\":\"SearchAction\",\"target\":{\"@type\":\"EntryPoint\",\"urlTemplate\":\"https:\/\/www.ull.es\/portal\/noticias\/?s={search_term_string}\"},\"query-input\":\"required name=search_term_string\"}],\"inLanguage\":\"es\"},{\"@type\":\"Person\",\"@id\":\"https:\/\/www.ull.es\/portal\/noticias\/#\/schema\/person\/b2b1a89d43ffa609e591f7df8ef3e817\",\"name\":\"gaprsa\",\"image\":{\"@type\":\"ImageObject\",\"inLanguage\":\"es\",\"@id\":\"https:\/\/www.ull.es\/portal\/noticias\/#\/schema\/person\/image\/\",\"url\":\"https:\/\/secure.gravatar.com\/avatar\/443820550921091458b4823867723b3d?s=96&d=mm&r=g\",\"contentUrl\":\"https:\/\/secure.gravatar.com\/avatar\/443820550921091458b4823867723b3d?s=96&d=mm&r=g\",\"caption\":\"gaprsa\"},\"url\":\"https:\/\/www.ull.es\/portal\/noticias\/author\/gaprsa\/\"}]}<\/script>\n<!-- \/ Yoast SEO plugin. -->","yoast_head_json":{"title":"La XXXV Semana de la Empresa de la ULL centra su atenci\u00f3n en los ODS \u00a0 - ULL - Noticias","robots":{"index":"index","follow":"follow","max-snippet":"max-snippet:-1","max-image-preview":"max-image-preview:large","max-video-preview":"max-video-preview:-1"},"canonical":"https:\/\/www.ull.es\/portal\/noticias\/2021\/la-xxxv-semana-de-la-empresa-de-la-ull-centra-su-atencion-en-los-ods\/","og_locale":"es_ES","og_type":"article","og_title":"La XXXV Semana de la Empresa de la ULL centra su atenci\u00f3n en los ODS \u00a0 - ULL - Noticias","og_description":"La Facultad de Econom\u00eda, Empresa y Turismo de la Universidad de La Laguna, en colaboraci\u00f3n con el Vicerrectorado de Cultura...","og_url":"https:\/\/www.ull.es\/portal\/noticias\/2021\/la-xxxv-semana-de-la-empresa-de-la-ull-centra-su-atencion-en-los-ods\/","og_site_name":"ULL - Noticias","article_publisher":"https:\/\/www.facebook.com\/universidaddelalaguna\/","article_published_time":"2021-04-27T11:51:44+00:00","og_image":[{"width":700,"height":394,"url":"https:\/\/www.ull.es\/portal\/noticias\/wp-content\/uploads\/sites\/13\/2021\/04\/semana-de-la-empresa.jpg","type":"image\/jpeg"}],"author":"gaprsa","twitter_card":"summary_large_image","twitter_creator":"@CanalULL","twitter_site":"@CanalULL","twitter_misc":{"Escrito por":"gaprsa","Tiempo de lectura":"4 minutos"},"schema":{"@context":"https:\/\/schema.org","@graph":[{"@type":"WebPage","@id":"https:\/\/www.ull.es\/portal\/noticias\/2021\/la-xxxv-semana-de-la-empresa-de-la-ull-centra-su-atencion-en-los-ods\/","url":"https:\/\/www.ull.es\/portal\/noticias\/2021\/la-xxxv-semana-de-la-empresa-de-la-ull-centra-su-atencion-en-los-ods\/","name":"La XXXV Semana de la Empresa de la ULL centra su atenci\u00f3n en los ODS \u00a0 - ULL - Noticias","isPartOf":{"@id":"https:\/\/www.ull.es\/portal\/noticias\/#website"},"datePublished":"2021-04-27T11:51:44+00:00","dateModified":"2021-04-27T11:51:44+00:00","author":{"@id":"https:\/\/www.ull.es\/portal\/noticias\/#\/schema\/person\/b2b1a89d43ffa609e591f7df8ef3e817"},"breadcrumb":{"@id":"https:\/\/www.ull.es\/portal\/noticias\/2021\/la-xxxv-semana-de-la-empresa-de-la-ull-centra-su-atencion-en-los-ods\/#breadcrumb"},"inLanguage":"es","potentialAction":[{"@type":"ReadAction","target":["https:\/\/www.ull.es\/portal\/noticias\/2021\/la-xxxv-semana-de-la-empresa-de-la-ull-centra-su-atencion-en-los-ods\/"]}]},{"@type":"BreadcrumbList","@id":"https:\/\/www.ull.es\/portal\/noticias\/2021\/la-xxxv-semana-de-la-empresa-de-la-ull-centra-su-atencion-en-los-ods\/#breadcrumb","itemListElement":[{"@type":"ListItem","position":1,"name":"Portada","item":"https:\/\/www.ull.es\/portal\/noticias\/"},{"@type":"ListItem","position":2,"name":"La XXXV Semana de la Empresa de la ULL centra su atenci\u00f3n en los ODS \u00a0"}]},{"@type":"WebSite","@id":"https:\/\/www.ull.es\/portal\/noticias\/#website","url":"https:\/\/www.ull.es\/portal\/noticias\/","name":"ULL - Noticias","description":"","potentialAction":[{"@type":"SearchAction","target":{"@type":"EntryPoint","urlTemplate":"https:\/\/www.ull.es\/portal\/noticias\/?s={search_term_string}"},"query-input":"required name=search_term_string"}],"inLanguage":"es"},{"@type":"Person","@id":"https:\/\/www.ull.es\/portal\/noticias\/#\/schema\/person\/b2b1a89d43ffa609e591f7df8ef3e817","name":"gaprsa","image":{"@type":"ImageObject","inLanguage":"es","@id":"https:\/\/www.ull.es\/portal\/noticias\/#\/schema\/person\/image\/","url":"https:\/\/secure.gravatar.com\/avatar\/443820550921091458b4823867723b3d?s=96&d=mm&r=g","contentUrl":"https:\/\/secure.gravatar.com\/avatar\/443820550921091458b4823867723b3d?s=96&d=mm&r=g","caption":"gaprsa"},"url":"https:\/\/www.ull.es\/portal\/noticias\/author\/gaprsa\/"}]}},"primary_category":{"id":345,"name":"Destacado","slug":"destacado","link":"https:\/\/www.ull.es\/portal\/noticias\/category\/destacado\/"},"featured_image_thumbnail_url":"https:\/\/www.ull.es\/portal\/noticias\/wp-content\/uploads\/sites\/13\/2021\/04\/semana-de-la-empresa-300x169.jpg","_links":{"self":[{"href":"https:\/\/www.ull.es\/portal\/noticias\/wp-json\/wp\/v2\/posts\/55870"}],"collection":[{"href":"https:\/\/www.ull.es\/portal\/noticias\/wp-json\/wp\/v2\/posts"}],"about":[{"href":"https:\/\/www.ull.es\/portal\/noticias\/wp-json\/wp\/v2\/types\/post"}],"author":[{"embeddable":true,"href":"https:\/\/www.ull.es\/portal\/noticias\/wp-json\/wp\/v2\/users\/23"}],"replies":[{"embeddable":true,"href":"https:\/\/www.ull.es\/portal\/noticias\/wp-json\/wp\/v2\/comments?post=55870"}],"version-history":[{"count":1,"href":"https:\/\/www.ull.es\/portal\/noticias\/wp-json\/wp\/v2\/posts\/55870\/revisions"}],"predecessor-version":[{"id":55871,"href":"https:\/\/www.ull.es\/portal\/noticias\/wp-json\/wp\/v2\/posts\/55870\/revisions\/55871"}],"wp:featuredmedia":[{"embeddable":true,"href":"https:\/\/www.ull.es\/portal\/noticias\/wp-json\/wp\/v2\/media\/55872"}],"wp:attachment":[{"href":"https:\/\/www.ull.es\/portal\/noticias\/wp-json\/wp\/v2\/media?parent=55870"}],"wp:term":[{"taxonomy":"category","embeddable":true,"href":"https:\/\/www.ull.es\/portal\/noticias\/wp-json\/wp\/v2\/categories?post=55870"},{"taxonomy":"post_tag","embeddable":true,"href":"https:\/\/www.ull.es\/portal\/noticias\/wp-json\/wp\/v2\/tags?post=55870"}],"curies":[{"name":"wp","href":"https:\/\/api.w.org\/{rel}","templated":true}]}}