{"id":55873,"date":"2021-04-27T12:47:37","date_gmt":"2021-04-27T12:47:37","guid":{"rendered":"https:\/\/www.ull.es\/portal\/noticias\/?p=55873"},"modified":"2021-04-27T12:47:37","modified_gmt":"2021-04-27T12:47:37","slug":"musica-de-camara-y-clarinete-se-dan-cita-esta-semana-en-el-paraninfo-de-la-ull","status":"publish","type":"post","link":"https:\/\/www.ull.es\/portal\/noticias\/2021\/musica-de-camara-y-clarinete-se-dan-cita-esta-semana-en-el-paraninfo-de-la-ull\/","title":{"rendered":"M\u00fasica de c\u00e1mara y clarinete se dan cita esta semana en el Paraninfo de la ULL"},"content":{"rendered":"<p>El Paraninfo de la Universidad de La Laguna acoger\u00e1 hoy y ma\u00f1ana, 27 y 28 de abril, dos nuevas sesiones del ciclo musical Primavera J\u00f3venes Int\u00e9rpretes. Los conciertos, el primero de m\u00fasica de c\u00e1mara y el segundo un recital de clarinete, tendr\u00e1n lugar de 19:30 a 21:00 horas y la entrada es gratuita, pero por razones de control de aforo ser\u00e1 necesario retirar invitaci\u00f3n a trav\u00e9s de la plataforma <a href=\"https:\/\/www.tomaticket.es\/recintos\/paraninfo-ull\" target=\"_blank\" rel=\"noopener\">Tomaticket<\/a>.\u00a0La cita musical de hoy estar\u00e1 protagonizada por m\u00e1s de una veintena de m\u00fasicos cuyo repertorio girar\u00e1 en torno a obras de los compositores C\u00e9sar Cu\u00ed, Josef Suk, George Gershwin, Claude-Paul Taffanel, Franz Doppler, Saint-S\u00e4ens y Aram Kachaturian. De esta forma el periodo musical que abarcar\u00e1n los int\u00e9rpretes se centrar\u00e1 en los siglos XIX y XX.<\/p>\n<p>Ma\u00f1ana, 28 de abril, la clarinetista Alexandra Romero, en compa\u00f1\u00eda de Ana Luc\u00eda Dom\u00ednguez al piano, tomar\u00e1 el escenario del Paraninfo para brindar al p\u00fablico un recital de clarinete. Entre las piezas que interpretar\u00e1 destacan la sonatina para clarinete y piano de Joseph Horovitz, el solo de concurso de Andr\u00e9 Messager o el concierto n\u00ba2 de Bernhard Henrik Crusell. Romero ha realizado sus estudios musicales en el Conservatorio Profesional de M\u00fasica de Santa Cruz de Tenerife y posteriormente en el Conservatorio Superior de M\u00fasica de Canarias, donde actualmente contin\u00faa form\u00e1ndose. Ha participado en festivales como el Tenerife Clarinet Fest y ha tomado clases con los clarinetistas Luis G\u00f3mez, Spyros Mourikis y Cristo Barrios.<\/p>\n<p>Estos ciclos de conciertos brindan al alumnado del conservatorio la oportunidad de mostrar sus capacidades interpretativas y creativas en un ambiente y espacio profesional con la asistencia de p\u00fablico, de manera que les sea posible adquirir la madurez necesaria para asumir retos de mayor envergadura. Adem\u00e1s, tienen como objetivo mantener la colaboraci\u00f3n entre la instituci\u00f3n acad\u00e9mica y el Conservatorio de M\u00fasica de Santa Cruz de Tenerife.<\/p>\n<p>Con la intenci\u00f3n de garantizar el cumplimiento de las medidas de seguridad impuestas por las autoridades sanitarias y que la asistencia al evento sea segura, el Paraninfo de la Universidad de La Laguna tiene un Plan de Prevenci\u00f3n de la Covid-19 en el que se destacan medidas como el uso obligatorio de mascarilla en todo momento, la distancia de seguridad entre personas que no pertenezcan al mismo n\u00facleo de convivencia, el uso de gel hidroalcoh\u00f3lico y la se\u00f1alizaci\u00f3n de entradas y salidas, as\u00ed como las indicaciones del personal de sala y de seguridad. Asimismo, queda prohibido colocar objetos personales en las butacas y formar aglomeraciones en cualquiera de las instalaciones del recinto.<\/p>\n","protected":false},"excerpt":{"rendered":"<p>El Paraninfo de la Universidad de La Laguna acoger\u00e1 hoy y ma\u00f1ana, 27 y 28 de abril, dos nuevas sesiones&#8230;<\/p>\n","protected":false},"author":23,"featured_media":55875,"comment_status":"closed","ping_status":"closed","sticky":false,"template":"","format":"standard","meta":{"inline_featured_image":false,"footnotes":""},"categories":[344,345,2765],"tags":[7357,7356,2047,7358],"acf":[],"yoast_head":"<!-- This site is optimized with the Yoast SEO plugin v21.3 - https:\/\/yoast.com\/wordpress\/plugins\/seo\/ -->\n<title>M\u00fasica de c\u00e1mara y clarinete se dan cita esta semana en el Paraninfo de la ULL - ULL - Noticias<\/title>\n<meta name=\"robots\" content=\"index, follow, max-snippet:-1, max-image-preview:large, max-video-preview:-1\" \/>\n<link rel=\"canonical\" href=\"https:\/\/www.ull.es\/portal\/noticias\/2021\/musica-de-camara-y-clarinete-se-dan-cita-esta-semana-en-el-paraninfo-de-la-ull\/\" \/>\n<meta property=\"og:locale\" content=\"es_ES\" \/>\n<meta property=\"og:type\" content=\"article\" \/>\n<meta property=\"og:title\" content=\"M\u00fasica de c\u00e1mara y clarinete se dan cita esta semana en el Paraninfo de la ULL - ULL - Noticias\" \/>\n<meta property=\"og:description\" content=\"El Paraninfo de la Universidad de La Laguna acoger\u00e1 hoy y ma\u00f1ana, 27 y 28 de abril, dos nuevas sesiones...\" \/>\n<meta property=\"og:url\" content=\"https:\/\/www.ull.es\/portal\/noticias\/2021\/musica-de-camara-y-clarinete-se-dan-cita-esta-semana-en-el-paraninfo-de-la-ull\/\" \/>\n<meta property=\"og:site_name\" content=\"ULL - Noticias\" \/>\n<meta property=\"article:publisher\" content=\"https:\/\/www.facebook.com\/universidaddelalaguna\/\" \/>\n<meta property=\"article:published_time\" content=\"2021-04-27T12:47:37+00:00\" \/>\n<meta property=\"og:image\" content=\"https:\/\/www.ull.es\/portal\/noticias\/wp-content\/uploads\/sites\/13\/2021\/04\/CARTEL28ABRIL_agenda.jpg\" \/>\n\t<meta property=\"og:image:width\" content=\"700\" \/>\n\t<meta property=\"og:image:height\" content=\"350\" \/>\n\t<meta property=\"og:image:type\" content=\"image\/jpeg\" \/>\n<meta name=\"author\" content=\"gaprsa\" \/>\n<meta name=\"twitter:card\" content=\"summary_large_image\" \/>\n<meta name=\"twitter:creator\" content=\"@CanalULL\" \/>\n<meta name=\"twitter:site\" content=\"@CanalULL\" \/>\n<meta name=\"twitter:label1\" content=\"Escrito por\" \/>\n\t<meta name=\"twitter:data1\" content=\"gaprsa\" \/>\n\t<meta name=\"twitter:label2\" content=\"Tiempo de lectura\" \/>\n\t<meta name=\"twitter:data2\" content=\"2 minutos\" \/>\n<script type=\"application\/ld+json\" class=\"yoast-schema-graph\">{\"@context\":\"https:\/\/schema.org\",\"@graph\":[{\"@type\":\"WebPage\",\"@id\":\"https:\/\/www.ull.es\/portal\/noticias\/2021\/musica-de-camara-y-clarinete-se-dan-cita-esta-semana-en-el-paraninfo-de-la-ull\/\",\"url\":\"https:\/\/www.ull.es\/portal\/noticias\/2021\/musica-de-camara-y-clarinete-se-dan-cita-esta-semana-en-el-paraninfo-de-la-ull\/\",\"name\":\"M\u00fasica de c\u00e1mara y clarinete se dan cita esta semana en el Paraninfo de la ULL - ULL - Noticias\",\"isPartOf\":{\"@id\":\"https:\/\/www.ull.es\/portal\/noticias\/#website\"},\"datePublished\":\"2021-04-27T12:47:37+00:00\",\"dateModified\":\"2021-04-27T12:47:37+00:00\",\"author\":{\"@id\":\"https:\/\/www.ull.es\/portal\/noticias\/#\/schema\/person\/b2b1a89d43ffa609e591f7df8ef3e817\"},\"breadcrumb\":{\"@id\":\"https:\/\/www.ull.es\/portal\/noticias\/2021\/musica-de-camara-y-clarinete-se-dan-cita-esta-semana-en-el-paraninfo-de-la-ull\/#breadcrumb\"},\"inLanguage\":\"es\",\"potentialAction\":[{\"@type\":\"ReadAction\",\"target\":[\"https:\/\/www.ull.es\/portal\/noticias\/2021\/musica-de-camara-y-clarinete-se-dan-cita-esta-semana-en-el-paraninfo-de-la-ull\/\"]}]},{\"@type\":\"BreadcrumbList\",\"@id\":\"https:\/\/www.ull.es\/portal\/noticias\/2021\/musica-de-camara-y-clarinete-se-dan-cita-esta-semana-en-el-paraninfo-de-la-ull\/#breadcrumb\",\"itemListElement\":[{\"@type\":\"ListItem\",\"position\":1,\"name\":\"Portada\",\"item\":\"https:\/\/www.ull.es\/portal\/noticias\/\"},{\"@type\":\"ListItem\",\"position\":2,\"name\":\"M\u00fasica de c\u00e1mara y clarinete se dan cita esta semana en el Paraninfo de la ULL\"}]},{\"@type\":\"WebSite\",\"@id\":\"https:\/\/www.ull.es\/portal\/noticias\/#website\",\"url\":\"https:\/\/www.ull.es\/portal\/noticias\/\",\"name\":\"ULL - Noticias\",\"description\":\"\",\"potentialAction\":[{\"@type\":\"SearchAction\",\"target\":{\"@type\":\"EntryPoint\",\"urlTemplate\":\"https:\/\/www.ull.es\/portal\/noticias\/?s={search_term_string}\"},\"query-input\":\"required name=search_term_string\"}],\"inLanguage\":\"es\"},{\"@type\":\"Person\",\"@id\":\"https:\/\/www.ull.es\/portal\/noticias\/#\/schema\/person\/b2b1a89d43ffa609e591f7df8ef3e817\",\"name\":\"gaprsa\",\"image\":{\"@type\":\"ImageObject\",\"inLanguage\":\"es\",\"@id\":\"https:\/\/www.ull.es\/portal\/noticias\/#\/schema\/person\/image\/\",\"url\":\"https:\/\/secure.gravatar.com\/avatar\/443820550921091458b4823867723b3d?s=96&d=mm&r=g\",\"contentUrl\":\"https:\/\/secure.gravatar.com\/avatar\/443820550921091458b4823867723b3d?s=96&d=mm&r=g\",\"caption\":\"gaprsa\"},\"url\":\"https:\/\/www.ull.es\/portal\/noticias\/author\/gaprsa\/\"}]}<\/script>\n<!-- \/ Yoast SEO plugin. -->","yoast_head_json":{"title":"M\u00fasica de c\u00e1mara y clarinete se dan cita esta semana en el Paraninfo de la ULL - ULL - Noticias","robots":{"index":"index","follow":"follow","max-snippet":"max-snippet:-1","max-image-preview":"max-image-preview:large","max-video-preview":"max-video-preview:-1"},"canonical":"https:\/\/www.ull.es\/portal\/noticias\/2021\/musica-de-camara-y-clarinete-se-dan-cita-esta-semana-en-el-paraninfo-de-la-ull\/","og_locale":"es_ES","og_type":"article","og_title":"M\u00fasica de c\u00e1mara y clarinete se dan cita esta semana en el Paraninfo de la ULL - ULL - Noticias","og_description":"El Paraninfo de la Universidad de La Laguna acoger\u00e1 hoy y ma\u00f1ana, 27 y 28 de abril, dos nuevas sesiones...","og_url":"https:\/\/www.ull.es\/portal\/noticias\/2021\/musica-de-camara-y-clarinete-se-dan-cita-esta-semana-en-el-paraninfo-de-la-ull\/","og_site_name":"ULL - Noticias","article_publisher":"https:\/\/www.facebook.com\/universidaddelalaguna\/","article_published_time":"2021-04-27T12:47:37+00:00","og_image":[{"width":700,"height":350,"url":"https:\/\/www.ull.es\/portal\/noticias\/wp-content\/uploads\/sites\/13\/2021\/04\/CARTEL28ABRIL_agenda.jpg","type":"image\/jpeg"}],"author":"gaprsa","twitter_card":"summary_large_image","twitter_creator":"@CanalULL","twitter_site":"@CanalULL","twitter_misc":{"Escrito por":"gaprsa","Tiempo de lectura":"2 minutos"},"schema":{"@context":"https:\/\/schema.org","@graph":[{"@type":"WebPage","@id":"https:\/\/www.ull.es\/portal\/noticias\/2021\/musica-de-camara-y-clarinete-se-dan-cita-esta-semana-en-el-paraninfo-de-la-ull\/","url":"https:\/\/www.ull.es\/portal\/noticias\/2021\/musica-de-camara-y-clarinete-se-dan-cita-esta-semana-en-el-paraninfo-de-la-ull\/","name":"M\u00fasica de c\u00e1mara y clarinete se dan cita esta semana en el Paraninfo de la ULL - ULL - Noticias","isPartOf":{"@id":"https:\/\/www.ull.es\/portal\/noticias\/#website"},"datePublished":"2021-04-27T12:47:37+00:00","dateModified":"2021-04-27T12:47:37+00:00","author":{"@id":"https:\/\/www.ull.es\/portal\/noticias\/#\/schema\/person\/b2b1a89d43ffa609e591f7df8ef3e817"},"breadcrumb":{"@id":"https:\/\/www.ull.es\/portal\/noticias\/2021\/musica-de-camara-y-clarinete-se-dan-cita-esta-semana-en-el-paraninfo-de-la-ull\/#breadcrumb"},"inLanguage":"es","potentialAction":[{"@type":"ReadAction","target":["https:\/\/www.ull.es\/portal\/noticias\/2021\/musica-de-camara-y-clarinete-se-dan-cita-esta-semana-en-el-paraninfo-de-la-ull\/"]}]},{"@type":"BreadcrumbList","@id":"https:\/\/www.ull.es\/portal\/noticias\/2021\/musica-de-camara-y-clarinete-se-dan-cita-esta-semana-en-el-paraninfo-de-la-ull\/#breadcrumb","itemListElement":[{"@type":"ListItem","position":1,"name":"Portada","item":"https:\/\/www.ull.es\/portal\/noticias\/"},{"@type":"ListItem","position":2,"name":"M\u00fasica de c\u00e1mara y clarinete se dan cita esta semana en el Paraninfo de la ULL"}]},{"@type":"WebSite","@id":"https:\/\/www.ull.es\/portal\/noticias\/#website","url":"https:\/\/www.ull.es\/portal\/noticias\/","name":"ULL - Noticias","description":"","potentialAction":[{"@type":"SearchAction","target":{"@type":"EntryPoint","urlTemplate":"https:\/\/www.ull.es\/portal\/noticias\/?s={search_term_string}"},"query-input":"required name=search_term_string"}],"inLanguage":"es"},{"@type":"Person","@id":"https:\/\/www.ull.es\/portal\/noticias\/#\/schema\/person\/b2b1a89d43ffa609e591f7df8ef3e817","name":"gaprsa","image":{"@type":"ImageObject","inLanguage":"es","@id":"https:\/\/www.ull.es\/portal\/noticias\/#\/schema\/person\/image\/","url":"https:\/\/secure.gravatar.com\/avatar\/443820550921091458b4823867723b3d?s=96&d=mm&r=g","contentUrl":"https:\/\/secure.gravatar.com\/avatar\/443820550921091458b4823867723b3d?s=96&d=mm&r=g","caption":"gaprsa"},"url":"https:\/\/www.ull.es\/portal\/noticias\/author\/gaprsa\/"}]}},"primary_category":{"id":345,"name":"Destacado","slug":"destacado","link":"https:\/\/www.ull.es\/portal\/noticias\/category\/destacado\/"},"featured_image_thumbnail_url":"https:\/\/www.ull.es\/portal\/noticias\/wp-content\/uploads\/sites\/13\/2021\/04\/CARTEL28ABRIL_agenda-300x150.jpg","_links":{"self":[{"href":"https:\/\/www.ull.es\/portal\/noticias\/wp-json\/wp\/v2\/posts\/55873"}],"collection":[{"href":"https:\/\/www.ull.es\/portal\/noticias\/wp-json\/wp\/v2\/posts"}],"about":[{"href":"https:\/\/www.ull.es\/portal\/noticias\/wp-json\/wp\/v2\/types\/post"}],"author":[{"embeddable":true,"href":"https:\/\/www.ull.es\/portal\/noticias\/wp-json\/wp\/v2\/users\/23"}],"replies":[{"embeddable":true,"href":"https:\/\/www.ull.es\/portal\/noticias\/wp-json\/wp\/v2\/comments?post=55873"}],"version-history":[{"count":2,"href":"https:\/\/www.ull.es\/portal\/noticias\/wp-json\/wp\/v2\/posts\/55873\/revisions"}],"predecessor-version":[{"id":55876,"href":"https:\/\/www.ull.es\/portal\/noticias\/wp-json\/wp\/v2\/posts\/55873\/revisions\/55876"}],"wp:featuredmedia":[{"embeddable":true,"href":"https:\/\/www.ull.es\/portal\/noticias\/wp-json\/wp\/v2\/media\/55875"}],"wp:attachment":[{"href":"https:\/\/www.ull.es\/portal\/noticias\/wp-json\/wp\/v2\/media?parent=55873"}],"wp:term":[{"taxonomy":"category","embeddable":true,"href":"https:\/\/www.ull.es\/portal\/noticias\/wp-json\/wp\/v2\/categories?post=55873"},{"taxonomy":"post_tag","embeddable":true,"href":"https:\/\/www.ull.es\/portal\/noticias\/wp-json\/wp\/v2\/tags?post=55873"}],"curies":[{"name":"wp","href":"https:\/\/api.w.org\/{rel}","templated":true}]}}