{"id":55908,"date":"2021-04-28T12:48:55","date_gmt":"2021-04-28T12:48:55","guid":{"rendered":"https:\/\/www.ull.es\/portal\/noticias\/?p=55908"},"modified":"2021-04-28T12:48:55","modified_gmt":"2021-04-28T12:48:55","slug":"la-semana-de-la-empresa-de-la-ull-ahonda-en-nuevos-parametros-para-medir-la-productividad-empresarial","status":"publish","type":"post","link":"https:\/\/www.ull.es\/portal\/noticias\/2021\/la-semana-de-la-empresa-de-la-ull-ahonda-en-nuevos-parametros-para-medir-la-productividad-empresarial\/","title":{"rendered":"La Semana de la Empresa de la ULL ahonda en nuevos par\u00e1metros para medir la productividad empresarial"},"content":{"rendered":"<p>La trig\u00e9simo quinta edici\u00f3n de la Semana de la Empresa de la Universidad de La Laguna, que en esta ocasi\u00f3n se centrar\u00e1 en los Objetivos de Desarrollo Sostenible (ODS), ha comenzado hoy 28 de abril. Durante la sesi\u00f3n, el director general de Investigaci\u00f3n y Coordinaci\u00f3n del Desarrollo Sostenible del Gobierno de Canarias, David Padr\u00f3n, habl\u00f3 de los nuevos par\u00e1metros competitivos con los que medir la productividad empresarial de Canarias y expuso los hitos m\u00e1s importantes alcanzados en el proceso de elaboraci\u00f3n de la Agenda Canaria de Desarrollo Sostenible, la representaci\u00f3n de los objetivos propuestos por Naciones Unidas para alcanzar antes de 2030, adaptada al \u00e1mbito geogr\u00e1fico del archipi\u00e9lago.<\/p>\n<p>La agenda elaborada por Naciones Unidas pivota sobre tres dimensiones b\u00e1sicas: la sostenibilidad ambiental, la sostenibilidad social y la sostenibilidad econ\u00f3mica, entendida tambi\u00e9n como prosperidad. El reto invita a desarrollar esas tres dimensiones de forma simult\u00e1nea y equilibrada, pero durante su ponencia Padr\u00f3n quiso hacer hincapi\u00e9 en la dimensi\u00f3n econ\u00f3mica. Seg\u00fan el experto, el esp\u00edritu de la Agenda 2030 cada vez va calando m\u00e1s en foros puramente econ\u00f3micos que hablan de competitividad. Los par\u00e1metros competitivos presentes en la sociedad canaria no van a seguir siendo los mismos que en el pasado, por lo que el economista aboga por establecer nuevos par\u00e1metros con los que regir el futuro de nuestra regi\u00f3n y de nuestro tejido empresarial.<\/p>\n<p>Padr\u00f3n, tambi\u00e9n profesor de Econom\u00eda Aplicada y M\u00e9todos Cuantitativos de la Universidad de La Laguna habl\u00f3, entre otros asuntos, sobre un nuevo concepto que deber\u00edamos manejar en cuanto a la competitividad en Canarias: la competitividad territorial sostenible, que se podr\u00eda definir como el conjunto de pol\u00edticas, instituciones y factores que van a facilitar que de forma continuada y sustentable en el tiempo se mejore la productividad y se genere un entorno favorable a la creaci\u00f3n de valor por parte de las empresas, pero siempre en convivencia con la sostenibilidad social y ambiental.<\/p>\n<p>Destac\u00f3 tambi\u00e9n la importancia del concepto de capital territorial a la hora de reflexionar sobre si los flujos tradicionales de medici\u00f3n econ\u00f3mica, como un avance del PIB per c\u00e1pita, se est\u00e1 haciendo a costa de la base patrimonial del territorio, erosionando el capital social y natural, por ejemplo. De ser as\u00ed, tal y como apunta el experto, en el futuro disminuir\u00e1 la corriente de flujos, lo que hace necesario tener en cuenta qu\u00e9 impacto est\u00e1 teniendo el proceso de generaci\u00f3n de flujos sobre la riqueza territorial.<\/p>\n<p>Seg\u00fan Padr\u00f3n, el contexto actual presenta una oportunidad hist\u00f3rica de convertir una adversidad como es la crisis provocada por la Covid-19, en un punto de partida hacia el desarrollo sostenible. El experto apunta que, al calor de los aprendizajes acumulados de la crisis anterior, en estos momentos es necesaria una inyecci\u00f3n econ\u00f3mica que debe ser utilizada para acelerar el proceso transformador de la realidad social. Para ello, la hoja de ruta por la que guiarse es la Agenda 2030 de la ONU y su materializaci\u00f3n local: la Agenda Canaria de Desarrollo Sostenible.<\/p>\n<p>Tambi\u00e9n estuvieron presentes los dos m\u00e1ximos responsables de los \u00f3rganos que planifican las jornadas, el vicerrector de Cultura y Participaci\u00f3n Social, Juan Albino M\u00e9ndez, y el decano de la Facultad de Econom\u00eda, Empresa y Turismo de la Universidad de La Laguna, Jos\u00e9 Adri\u00e1n Garc\u00eda. Durante su intervenci\u00f3n, el vicerrector destac\u00f3 dos aspectos importantes de las jornadas: por un lado, el enfoque de las jornadas alineado con la Agenda 2030 de Canarias en materia de los ODS; y por otro lado, el rol que juega la universidad en la coyuntura social y econ\u00f3mica actual. En su opini\u00f3n, el centro acad\u00e9mico debe jugar un papel fundamental en la propuesta de soluciones, en la que es fundamental que los agentes que intervengan trabajen de forma sin\u00e9rgica. \u201cEs importante que las administraciones p\u00fablicas se impliquen en el proceso de recuperaci\u00f3n econ\u00f3mica y es importante tambi\u00e9n contar con el sector privado\u201d, se\u00f1al\u00f3 M\u00e9ndez, que afirm\u00f3 adem\u00e1s que estas jornadas suponen un punto de encuentro entre academia, instituciones y el sector privado, lo que a su juicio propiciar\u00e1 el avance econ\u00f3mico social con un sentido estrat\u00e9gico de futuro.<\/p>\n<p>Tanto el vicerrector como el decano anfitri\u00f3n agradecieron la participaci\u00f3n del Colegio Oficial de Titulados Mercantiles y Empresariales de Santa Cruz de Tenerife y al resto de entidades y empresas colaboradoras en las jornadas. Garc\u00eda quiso adem\u00e1s destacar la labor de \u00c1ngel Chinea, vicedecano de Relaciones con la Sociedad, y al estudiantado de la facultad, cuya participaci\u00f3n considera fundamental para el desarrollo de esta iniciativa. Ambos recordaron que este viernes se celebrar\u00e1, en el marco de esta trig\u00e9simo quinta Semana de la Empresa, el encuentro de C\u00e1tedras Institucionales y de Empresa de la instituci\u00f3n docente.<\/p>\n","protected":false},"excerpt":{"rendered":"<p>La trig\u00e9simo quinta edici\u00f3n de la Semana de la Empresa de la Universidad de La Laguna, que en esta ocasi\u00f3n&#8230;<\/p>\n","protected":false},"author":23,"featured_media":55909,"comment_status":"closed","ping_status":"closed","sticky":false,"template":"","format":"standard","meta":{"inline_featured_image":false,"footnotes":""},"categories":[345,3906,348,2765],"tags":[7364,7363,7355],"acf":[],"yoast_head":"<!-- This site is optimized with the Yoast SEO plugin v21.3 - https:\/\/yoast.com\/wordpress\/plugins\/seo\/ -->\n<title>La Semana de la Empresa de la ULL ahonda en nuevos par\u00e1metros para medir la productividad empresarial - ULL - Noticias<\/title>\n<meta name=\"robots\" content=\"index, follow, max-snippet:-1, max-image-preview:large, max-video-preview:-1\" \/>\n<link rel=\"canonical\" href=\"https:\/\/www.ull.es\/portal\/noticias\/2021\/la-semana-de-la-empresa-de-la-ull-ahonda-en-nuevos-parametros-para-medir-la-productividad-empresarial\/\" \/>\n<meta property=\"og:locale\" content=\"es_ES\" \/>\n<meta property=\"og:type\" content=\"article\" \/>\n<meta property=\"og:title\" content=\"La Semana de la Empresa de la ULL ahonda en nuevos par\u00e1metros para medir la productividad empresarial - ULL - Noticias\" \/>\n<meta property=\"og:description\" content=\"La trig\u00e9simo quinta edici\u00f3n de la Semana de la Empresa de la Universidad de La Laguna, que en esta ocasi\u00f3n...\" \/>\n<meta property=\"og:url\" content=\"https:\/\/www.ull.es\/portal\/noticias\/2021\/la-semana-de-la-empresa-de-la-ull-ahonda-en-nuevos-parametros-para-medir-la-productividad-empresarial\/\" \/>\n<meta property=\"og:site_name\" content=\"ULL - Noticias\" \/>\n<meta property=\"article:publisher\" content=\"https:\/\/www.facebook.com\/universidaddelalaguna\/\" \/>\n<meta property=\"article:published_time\" content=\"2021-04-28T12:48:55+00:00\" \/>\n<meta property=\"og:image\" content=\"https:\/\/www.ull.es\/portal\/noticias\/wp-content\/uploads\/sites\/13\/2021\/04\/semana-de-la-empresa-1.jpg\" \/>\n\t<meta property=\"og:image:width\" content=\"1024\" \/>\n\t<meta property=\"og:image:height\" content=\"683\" \/>\n\t<meta property=\"og:image:type\" content=\"image\/jpeg\" \/>\n<meta name=\"author\" content=\"gaprsa\" \/>\n<meta name=\"twitter:card\" content=\"summary_large_image\" \/>\n<meta name=\"twitter:creator\" content=\"@CanalULL\" \/>\n<meta name=\"twitter:site\" content=\"@CanalULL\" \/>\n<meta name=\"twitter:label1\" content=\"Escrito por\" \/>\n\t<meta name=\"twitter:data1\" content=\"gaprsa\" \/>\n\t<meta name=\"twitter:label2\" content=\"Tiempo de lectura\" \/>\n\t<meta name=\"twitter:data2\" content=\"4 minutos\" \/>\n<script type=\"application\/ld+json\" class=\"yoast-schema-graph\">{\"@context\":\"https:\/\/schema.org\",\"@graph\":[{\"@type\":\"WebPage\",\"@id\":\"https:\/\/www.ull.es\/portal\/noticias\/2021\/la-semana-de-la-empresa-de-la-ull-ahonda-en-nuevos-parametros-para-medir-la-productividad-empresarial\/\",\"url\":\"https:\/\/www.ull.es\/portal\/noticias\/2021\/la-semana-de-la-empresa-de-la-ull-ahonda-en-nuevos-parametros-para-medir-la-productividad-empresarial\/\",\"name\":\"La Semana de la Empresa de la ULL ahonda en nuevos par\u00e1metros para medir la productividad empresarial - ULL - Noticias\",\"isPartOf\":{\"@id\":\"https:\/\/www.ull.es\/portal\/noticias\/#website\"},\"datePublished\":\"2021-04-28T12:48:55+00:00\",\"dateModified\":\"2021-04-28T12:48:55+00:00\",\"author\":{\"@id\":\"https:\/\/www.ull.es\/portal\/noticias\/#\/schema\/person\/b2b1a89d43ffa609e591f7df8ef3e817\"},\"breadcrumb\":{\"@id\":\"https:\/\/www.ull.es\/portal\/noticias\/2021\/la-semana-de-la-empresa-de-la-ull-ahonda-en-nuevos-parametros-para-medir-la-productividad-empresarial\/#breadcrumb\"},\"inLanguage\":\"es\",\"potentialAction\":[{\"@type\":\"ReadAction\",\"target\":[\"https:\/\/www.ull.es\/portal\/noticias\/2021\/la-semana-de-la-empresa-de-la-ull-ahonda-en-nuevos-parametros-para-medir-la-productividad-empresarial\/\"]}]},{\"@type\":\"BreadcrumbList\",\"@id\":\"https:\/\/www.ull.es\/portal\/noticias\/2021\/la-semana-de-la-empresa-de-la-ull-ahonda-en-nuevos-parametros-para-medir-la-productividad-empresarial\/#breadcrumb\",\"itemListElement\":[{\"@type\":\"ListItem\",\"position\":1,\"name\":\"Portada\",\"item\":\"https:\/\/www.ull.es\/portal\/noticias\/\"},{\"@type\":\"ListItem\",\"position\":2,\"name\":\"La Semana de la Empresa de la ULL ahonda en nuevos par\u00e1metros para medir la productividad empresarial\"}]},{\"@type\":\"WebSite\",\"@id\":\"https:\/\/www.ull.es\/portal\/noticias\/#website\",\"url\":\"https:\/\/www.ull.es\/portal\/noticias\/\",\"name\":\"ULL - Noticias\",\"description\":\"\",\"potentialAction\":[{\"@type\":\"SearchAction\",\"target\":{\"@type\":\"EntryPoint\",\"urlTemplate\":\"https:\/\/www.ull.es\/portal\/noticias\/?s={search_term_string}\"},\"query-input\":\"required name=search_term_string\"}],\"inLanguage\":\"es\"},{\"@type\":\"Person\",\"@id\":\"https:\/\/www.ull.es\/portal\/noticias\/#\/schema\/person\/b2b1a89d43ffa609e591f7df8ef3e817\",\"name\":\"gaprsa\",\"image\":{\"@type\":\"ImageObject\",\"inLanguage\":\"es\",\"@id\":\"https:\/\/www.ull.es\/portal\/noticias\/#\/schema\/person\/image\/\",\"url\":\"https:\/\/secure.gravatar.com\/avatar\/443820550921091458b4823867723b3d?s=96&d=mm&r=g\",\"contentUrl\":\"https:\/\/secure.gravatar.com\/avatar\/443820550921091458b4823867723b3d?s=96&d=mm&r=g\",\"caption\":\"gaprsa\"},\"url\":\"https:\/\/www.ull.es\/portal\/noticias\/author\/gaprsa\/\"}]}<\/script>\n<!-- \/ Yoast SEO plugin. -->","yoast_head_json":{"title":"La Semana de la Empresa de la ULL ahonda en nuevos par\u00e1metros para medir la productividad empresarial - ULL - Noticias","robots":{"index":"index","follow":"follow","max-snippet":"max-snippet:-1","max-image-preview":"max-image-preview:large","max-video-preview":"max-video-preview:-1"},"canonical":"https:\/\/www.ull.es\/portal\/noticias\/2021\/la-semana-de-la-empresa-de-la-ull-ahonda-en-nuevos-parametros-para-medir-la-productividad-empresarial\/","og_locale":"es_ES","og_type":"article","og_title":"La Semana de la Empresa de la ULL ahonda en nuevos par\u00e1metros para medir la productividad empresarial - ULL - Noticias","og_description":"La trig\u00e9simo quinta edici\u00f3n de la Semana de la Empresa de la Universidad de La Laguna, que en esta ocasi\u00f3n...","og_url":"https:\/\/www.ull.es\/portal\/noticias\/2021\/la-semana-de-la-empresa-de-la-ull-ahonda-en-nuevos-parametros-para-medir-la-productividad-empresarial\/","og_site_name":"ULL - Noticias","article_publisher":"https:\/\/www.facebook.com\/universidaddelalaguna\/","article_published_time":"2021-04-28T12:48:55+00:00","og_image":[{"width":1024,"height":683,"url":"https:\/\/www.ull.es\/portal\/noticias\/wp-content\/uploads\/sites\/13\/2021\/04\/semana-de-la-empresa-1.jpg","type":"image\/jpeg"}],"author":"gaprsa","twitter_card":"summary_large_image","twitter_creator":"@CanalULL","twitter_site":"@CanalULL","twitter_misc":{"Escrito por":"gaprsa","Tiempo de lectura":"4 minutos"},"schema":{"@context":"https:\/\/schema.org","@graph":[{"@type":"WebPage","@id":"https:\/\/www.ull.es\/portal\/noticias\/2021\/la-semana-de-la-empresa-de-la-ull-ahonda-en-nuevos-parametros-para-medir-la-productividad-empresarial\/","url":"https:\/\/www.ull.es\/portal\/noticias\/2021\/la-semana-de-la-empresa-de-la-ull-ahonda-en-nuevos-parametros-para-medir-la-productividad-empresarial\/","name":"La Semana de la Empresa de la ULL ahonda en nuevos par\u00e1metros para medir la productividad empresarial - ULL - Noticias","isPartOf":{"@id":"https:\/\/www.ull.es\/portal\/noticias\/#website"},"datePublished":"2021-04-28T12:48:55+00:00","dateModified":"2021-04-28T12:48:55+00:00","author":{"@id":"https:\/\/www.ull.es\/portal\/noticias\/#\/schema\/person\/b2b1a89d43ffa609e591f7df8ef3e817"},"breadcrumb":{"@id":"https:\/\/www.ull.es\/portal\/noticias\/2021\/la-semana-de-la-empresa-de-la-ull-ahonda-en-nuevos-parametros-para-medir-la-productividad-empresarial\/#breadcrumb"},"inLanguage":"es","potentialAction":[{"@type":"ReadAction","target":["https:\/\/www.ull.es\/portal\/noticias\/2021\/la-semana-de-la-empresa-de-la-ull-ahonda-en-nuevos-parametros-para-medir-la-productividad-empresarial\/"]}]},{"@type":"BreadcrumbList","@id":"https:\/\/www.ull.es\/portal\/noticias\/2021\/la-semana-de-la-empresa-de-la-ull-ahonda-en-nuevos-parametros-para-medir-la-productividad-empresarial\/#breadcrumb","itemListElement":[{"@type":"ListItem","position":1,"name":"Portada","item":"https:\/\/www.ull.es\/portal\/noticias\/"},{"@type":"ListItem","position":2,"name":"La Semana de la Empresa de la ULL ahonda en nuevos par\u00e1metros para medir la productividad empresarial"}]},{"@type":"WebSite","@id":"https:\/\/www.ull.es\/portal\/noticias\/#website","url":"https:\/\/www.ull.es\/portal\/noticias\/","name":"ULL - Noticias","description":"","potentialAction":[{"@type":"SearchAction","target":{"@type":"EntryPoint","urlTemplate":"https:\/\/www.ull.es\/portal\/noticias\/?s={search_term_string}"},"query-input":"required name=search_term_string"}],"inLanguage":"es"},{"@type":"Person","@id":"https:\/\/www.ull.es\/portal\/noticias\/#\/schema\/person\/b2b1a89d43ffa609e591f7df8ef3e817","name":"gaprsa","image":{"@type":"ImageObject","inLanguage":"es","@id":"https:\/\/www.ull.es\/portal\/noticias\/#\/schema\/person\/image\/","url":"https:\/\/secure.gravatar.com\/avatar\/443820550921091458b4823867723b3d?s=96&d=mm&r=g","contentUrl":"https:\/\/secure.gravatar.com\/avatar\/443820550921091458b4823867723b3d?s=96&d=mm&r=g","caption":"gaprsa"},"url":"https:\/\/www.ull.es\/portal\/noticias\/author\/gaprsa\/"}]}},"primary_category":{"id":345,"name":"Destacado","slug":"destacado","link":"https:\/\/www.ull.es\/portal\/noticias\/category\/destacado\/"},"featured_image_thumbnail_url":"https:\/\/www.ull.es\/portal\/noticias\/wp-content\/uploads\/sites\/13\/2021\/04\/semana-de-la-empresa-1-300x200.jpg","_links":{"self":[{"href":"https:\/\/www.ull.es\/portal\/noticias\/wp-json\/wp\/v2\/posts\/55908"}],"collection":[{"href":"https:\/\/www.ull.es\/portal\/noticias\/wp-json\/wp\/v2\/posts"}],"about":[{"href":"https:\/\/www.ull.es\/portal\/noticias\/wp-json\/wp\/v2\/types\/post"}],"author":[{"embeddable":true,"href":"https:\/\/www.ull.es\/portal\/noticias\/wp-json\/wp\/v2\/users\/23"}],"replies":[{"embeddable":true,"href":"https:\/\/www.ull.es\/portal\/noticias\/wp-json\/wp\/v2\/comments?post=55908"}],"version-history":[{"count":1,"href":"https:\/\/www.ull.es\/portal\/noticias\/wp-json\/wp\/v2\/posts\/55908\/revisions"}],"predecessor-version":[{"id":55910,"href":"https:\/\/www.ull.es\/portal\/noticias\/wp-json\/wp\/v2\/posts\/55908\/revisions\/55910"}],"wp:featuredmedia":[{"embeddable":true,"href":"https:\/\/www.ull.es\/portal\/noticias\/wp-json\/wp\/v2\/media\/55909"}],"wp:attachment":[{"href":"https:\/\/www.ull.es\/portal\/noticias\/wp-json\/wp\/v2\/media?parent=55908"}],"wp:term":[{"taxonomy":"category","embeddable":true,"href":"https:\/\/www.ull.es\/portal\/noticias\/wp-json\/wp\/v2\/categories?post=55908"},{"taxonomy":"post_tag","embeddable":true,"href":"https:\/\/www.ull.es\/portal\/noticias\/wp-json\/wp\/v2\/tags?post=55908"}],"curies":[{"name":"wp","href":"https:\/\/api.w.org\/{rel}","templated":true}]}}