{"id":55952,"date":"2021-04-30T09:07:29","date_gmt":"2021-04-30T09:07:29","guid":{"rendered":"https:\/\/www.ull.es\/portal\/noticias\/?p=55952"},"modified":"2021-04-30T09:09:37","modified_gmt":"2021-04-30T09:09:37","slug":"la-ull-y-la-ulpgc-sellan-su-colaboracion-para-los-proximos-anos","status":"publish","type":"post","link":"https:\/\/www.ull.es\/portal\/noticias\/2021\/la-ull-y-la-ulpgc-sellan-su-colaboracion-para-los-proximos-anos\/","title":{"rendered":"La ULL y la ULPGC sellan su colaboraci\u00f3n para los pr\u00f3ximos a\u00f1os"},"content":{"rendered":"<p>Las dos universidades p\u00fablicas canarias han celebrado una primera reuni\u00f3n de coordinaci\u00f3n el pasado lunes 26 de abril, con unas delegaciones presididas por sus respectivos rectores, Rosa Aguilar, de la Universidad de La Laguna, y Llu\u00eds Serra Majem, de la Universidad de Las Palmas de Gran Canaria, junto a los responsables de las respectivas Gerencias, y los Vicerrectorados de Investigaci\u00f3n y Titulaciones.<\/p>\n<p>En esta cita se han abordado diferentes temas en los que las dos universidades quieren trabajar de forma coordinada y unida, en especial lo que se refiere a la preparaci\u00f3n de una serie de propuestas dirigidas al Gobierno de Canarias para el fomento de la I+D+i y el apoyo al desarrollo de las universidades p\u00fablicas canarias.<\/p>\n<p>Ambas universidades coinciden en que contar con una postura com\u00fan y consensuada las har\u00e1 m\u00e1s fuertes y coherentes.<\/p>\n<p>El primer acuerdo alcanzado, por lo que respecta a la docencia, se refiere a la necesidad de recuperar poco a poco la presencialidad de la docencia universitaria, donde deber\u00e1 ganar espacio la docencia h\u00edbrida, debiendo priorizarse la presencialidad en las clases pr\u00e1cticas, aunque depender\u00e1 de las especificidades de cada Centro y de la evoluci\u00f3n de las condiciones sanitarias por pandemia en la comunidad y en cada isla. Se estima un % basal o m\u00ednimo de presencialidad en cada Centro o Facultad del 50% a principios del curso 2021-22. Ambas universidades conf\u00edan y se comprometen a que en el segundo cuatrimestre del pr\u00f3ximo curso 2021-2022 se pueda recuperar la presencialidad completa de todas las titulaciones.<\/p>\n<p>Asimismo, se va a analizar un aumento de plazas en el m\u00e1ster de Profesorado, y en Ciencias Jur\u00eddicas, que se imparte en ambas universidades p\u00fablicas para dar respuesta a la alta demanda que se recibe cada a\u00f1o en esta titulaci\u00f3n.<\/p>\n<p>Por lo que respecta a la investigaci\u00f3n, las universidades p\u00fablicas canarias estudiar\u00e1n la realizaci\u00f3n de un mapa convergente de investigadores de ambas universidades por \u00e1reas, con el fin de buscar financiaci\u00f3n conjunta en las diferentes convocatorias y mejorar la transferencia y el impacto social.<\/p>\n<p>En cuanto a la captaci\u00f3n de fondos, se ha abordado que en el Plan Canario de I+D habr\u00eda que plantear el objetivo en los pr\u00f3ximos 6 a\u00f1os de llegar al menos al 0.5% del PIB, que es la media nacional, pues en Canarias est\u00e1 en 0.37%.<\/p>\n<p>Por lo que respecta a la gesti\u00f3n de fondos, se plantea la dificultad de gestionar los fondos de investigaci\u00f3n con escaso personal, de modo que se proponen mejoras en recursos humanos. Se plantea negociar con la Direcci\u00f3n General de Universidades la captaci\u00f3n de recursos humanos de gesti\u00f3n administrativa de alto nivel para t\u00e9cnicos de OTRI o de proyectos europeos, imprescindible para los pr\u00f3ximos a\u00f1os. Tambi\u00e9n se propone analizar la posibilidad de reforzar las convocatorias de personal investigador cualificado en el contexto de los campos de investigaci\u00f3n priorizados para Canarias.<\/p>\n<p>En el campo de la financiaci\u00f3n, ambas universidades reconocen la necesidad de estar coordinadas, con el fin de afrontar juntas las necesidades docentes y el necesario incremento en la financiaci\u00f3n, as\u00ed como coinciden en solicitar un contrato programa al Gobierno de Canarias para 2023 en adelante.<\/p>\n<p>Para 2022, la Consejer\u00eda ha ofrecido replicar los presupuestos de 2021, con lo que, si hay que aplicar la subida salarial, la realidad es que las Universidades contar\u00e1n con menos fondos disponibles.<\/p>\n<p>Tambi\u00e9n se abord\u00f3 la necesidad de establecer mesas de negociaci\u00f3n conjuntas para los distintos colectivos\u00a0 universitarios con las administraciones pertinentes.<\/p>\n<p>Este primer encuentro de ambas universidades p\u00fablicas canarias se considera por ambas partes un punto de partida para fortalecer las relaciones, alcanzando posiciones conjuntas y consensuadas. En este sentido, es voluntad de ambas partes mantener estos contactos con una frecuencia semestral.<\/p>\n","protected":false},"excerpt":{"rendered":"<p>Las dos universidades p\u00fablicas canarias han celebrado una primera reuni\u00f3n de coordinaci\u00f3n el pasado lunes 26 de abril, con unas&#8230;<\/p>\n","protected":false},"author":67,"featured_media":55953,"comment_status":"closed","ping_status":"closed","sticky":false,"template":"","format":"standard","meta":{"inline_featured_image":false,"footnotes":""},"categories":[345,348,2765],"tags":[2538],"acf":[],"yoast_head":"<!-- This site is optimized with the Yoast SEO plugin v21.3 - https:\/\/yoast.com\/wordpress\/plugins\/seo\/ -->\n<title>La ULL y la ULPGC sellan su colaboraci\u00f3n para los pr\u00f3ximos a\u00f1os - ULL - Noticias<\/title>\n<meta name=\"description\" content=\"Las dos universidades p\u00fablicas canarias han celebrado una primera reuni\u00f3n de coordinaci\u00f3n con unas delegaciones presididas por sus respectivos rectores, Rosa Aguilar, de la Universidad de La Laguna, y Llu\u00eds Serra Majem, de la Universidad de Las Palmas de Gran Canaria, junto a los responsables de las respectivas Gerencias, y los Vicerrectorados de Investigaci\u00f3n y Titulaciones.\" \/>\n<meta name=\"robots\" content=\"index, follow, max-snippet:-1, max-image-preview:large, max-video-preview:-1\" \/>\n<link rel=\"canonical\" href=\"https:\/\/www.ull.es\/portal\/noticias\/2021\/la-ull-y-la-ulpgc-sellan-su-colaboracion-para-los-proximos-anos\/\" \/>\n<meta property=\"og:locale\" content=\"es_ES\" \/>\n<meta property=\"og:type\" content=\"article\" \/>\n<meta property=\"og:title\" content=\"La ULL y la ULPGC sellan su colaboraci\u00f3n para los pr\u00f3ximos a\u00f1os - ULL - Noticias\" \/>\n<meta property=\"og:description\" content=\"Las dos universidades p\u00fablicas canarias han celebrado una primera reuni\u00f3n de coordinaci\u00f3n con unas delegaciones presididas por sus respectivos rectores, Rosa Aguilar, de la Universidad de La Laguna, y Llu\u00eds Serra Majem, de la Universidad de Las Palmas de Gran Canaria, junto a los responsables de las respectivas Gerencias, y los Vicerrectorados de Investigaci\u00f3n y Titulaciones.\" \/>\n<meta property=\"og:url\" content=\"https:\/\/www.ull.es\/portal\/noticias\/2021\/la-ull-y-la-ulpgc-sellan-su-colaboracion-para-los-proximos-anos\/\" \/>\n<meta property=\"og:site_name\" content=\"ULL - Noticias\" \/>\n<meta property=\"article:publisher\" content=\"https:\/\/www.facebook.com\/universidaddelalaguna\/\" \/>\n<meta property=\"article:published_time\" content=\"2021-04-30T09:07:29+00:00\" \/>\n<meta property=\"article:modified_time\" content=\"2021-04-30T09:09:37+00:00\" \/>\n<meta property=\"og:image\" content=\"https:\/\/www.ull.es\/portal\/noticias\/wp-content\/uploads\/sites\/13\/2021\/04\/foto-rectores.jpg\" \/>\n\t<meta property=\"og:image:width\" content=\"1200\" \/>\n\t<meta property=\"og:image:height\" content=\"800\" \/>\n\t<meta property=\"og:image:type\" content=\"image\/jpeg\" \/>\n<meta name=\"author\" content=\"gcom5\" \/>\n<meta name=\"twitter:card\" content=\"summary_large_image\" \/>\n<meta name=\"twitter:creator\" content=\"@CanalULL\" \/>\n<meta name=\"twitter:site\" content=\"@CanalULL\" \/>\n<meta name=\"twitter:label1\" content=\"Escrito por\" \/>\n\t<meta name=\"twitter:data1\" content=\"gcom5\" \/>\n\t<meta name=\"twitter:label2\" content=\"Tiempo de lectura\" \/>\n\t<meta name=\"twitter:data2\" content=\"3 minutos\" \/>\n<script type=\"application\/ld+json\" class=\"yoast-schema-graph\">{\"@context\":\"https:\/\/schema.org\",\"@graph\":[{\"@type\":\"WebPage\",\"@id\":\"https:\/\/www.ull.es\/portal\/noticias\/2021\/la-ull-y-la-ulpgc-sellan-su-colaboracion-para-los-proximos-anos\/\",\"url\":\"https:\/\/www.ull.es\/portal\/noticias\/2021\/la-ull-y-la-ulpgc-sellan-su-colaboracion-para-los-proximos-anos\/\",\"name\":\"La ULL y la ULPGC sellan su colaboraci\u00f3n para los pr\u00f3ximos a\u00f1os - ULL - Noticias\",\"isPartOf\":{\"@id\":\"https:\/\/www.ull.es\/portal\/noticias\/#website\"},\"datePublished\":\"2021-04-30T09:07:29+00:00\",\"dateModified\":\"2021-04-30T09:09:37+00:00\",\"author\":{\"@id\":\"https:\/\/www.ull.es\/portal\/noticias\/#\/schema\/person\/8027c6c4687adc2c90dc1532715d34df\"},\"description\":\"Las dos universidades p\u00fablicas canarias han celebrado una primera reuni\u00f3n de coordinaci\u00f3n con unas delegaciones presididas por sus respectivos rectores, Rosa Aguilar, de la Universidad de La Laguna, y Llu\u00eds Serra Majem, de la Universidad de Las Palmas de Gran Canaria, junto a los responsables de las respectivas Gerencias, y los Vicerrectorados de Investigaci\u00f3n y Titulaciones.\",\"breadcrumb\":{\"@id\":\"https:\/\/www.ull.es\/portal\/noticias\/2021\/la-ull-y-la-ulpgc-sellan-su-colaboracion-para-los-proximos-anos\/#breadcrumb\"},\"inLanguage\":\"es\",\"potentialAction\":[{\"@type\":\"ReadAction\",\"target\":[\"https:\/\/www.ull.es\/portal\/noticias\/2021\/la-ull-y-la-ulpgc-sellan-su-colaboracion-para-los-proximos-anos\/\"]}]},{\"@type\":\"BreadcrumbList\",\"@id\":\"https:\/\/www.ull.es\/portal\/noticias\/2021\/la-ull-y-la-ulpgc-sellan-su-colaboracion-para-los-proximos-anos\/#breadcrumb\",\"itemListElement\":[{\"@type\":\"ListItem\",\"position\":1,\"name\":\"Portada\",\"item\":\"https:\/\/www.ull.es\/portal\/noticias\/\"},{\"@type\":\"ListItem\",\"position\":2,\"name\":\"La ULL y la ULPGC sellan su colaboraci\u00f3n para los pr\u00f3ximos a\u00f1os\"}]},{\"@type\":\"WebSite\",\"@id\":\"https:\/\/www.ull.es\/portal\/noticias\/#website\",\"url\":\"https:\/\/www.ull.es\/portal\/noticias\/\",\"name\":\"ULL - Noticias\",\"description\":\"\",\"potentialAction\":[{\"@type\":\"SearchAction\",\"target\":{\"@type\":\"EntryPoint\",\"urlTemplate\":\"https:\/\/www.ull.es\/portal\/noticias\/?s={search_term_string}\"},\"query-input\":\"required name=search_term_string\"}],\"inLanguage\":\"es\"},{\"@type\":\"Person\",\"@id\":\"https:\/\/www.ull.es\/portal\/noticias\/#\/schema\/person\/8027c6c4687adc2c90dc1532715d34df\",\"name\":\"gcom5\",\"image\":{\"@type\":\"ImageObject\",\"inLanguage\":\"es\",\"@id\":\"https:\/\/www.ull.es\/portal\/noticias\/#\/schema\/person\/image\/\",\"url\":\"https:\/\/secure.gravatar.com\/avatar\/8b3777f8048001fa57b88338ce5605b9?s=96&d=mm&r=g\",\"contentUrl\":\"https:\/\/secure.gravatar.com\/avatar\/8b3777f8048001fa57b88338ce5605b9?s=96&d=mm&r=g\",\"caption\":\"gcom5\"},\"url\":\"https:\/\/www.ull.es\/portal\/noticias\/author\/gcom5\/\"}]}<\/script>\n<!-- \/ Yoast SEO plugin. -->","yoast_head_json":{"title":"La ULL y la ULPGC sellan su colaboraci\u00f3n para los pr\u00f3ximos a\u00f1os - ULL - Noticias","description":"Las dos universidades p\u00fablicas canarias han celebrado una primera reuni\u00f3n de coordinaci\u00f3n con unas delegaciones presididas por sus respectivos rectores, Rosa Aguilar, de la Universidad de La Laguna, y Llu\u00eds Serra Majem, de la Universidad de Las Palmas de Gran Canaria, junto a los responsables de las respectivas Gerencias, y los Vicerrectorados de Investigaci\u00f3n y Titulaciones.","robots":{"index":"index","follow":"follow","max-snippet":"max-snippet:-1","max-image-preview":"max-image-preview:large","max-video-preview":"max-video-preview:-1"},"canonical":"https:\/\/www.ull.es\/portal\/noticias\/2021\/la-ull-y-la-ulpgc-sellan-su-colaboracion-para-los-proximos-anos\/","og_locale":"es_ES","og_type":"article","og_title":"La ULL y la ULPGC sellan su colaboraci\u00f3n para los pr\u00f3ximos a\u00f1os - ULL - Noticias","og_description":"Las dos universidades p\u00fablicas canarias han celebrado una primera reuni\u00f3n de coordinaci\u00f3n con unas delegaciones presididas por sus respectivos rectores, Rosa Aguilar, de la Universidad de La Laguna, y Llu\u00eds Serra Majem, de la Universidad de Las Palmas de Gran Canaria, junto a los responsables de las respectivas Gerencias, y los Vicerrectorados de Investigaci\u00f3n y Titulaciones.","og_url":"https:\/\/www.ull.es\/portal\/noticias\/2021\/la-ull-y-la-ulpgc-sellan-su-colaboracion-para-los-proximos-anos\/","og_site_name":"ULL - Noticias","article_publisher":"https:\/\/www.facebook.com\/universidaddelalaguna\/","article_published_time":"2021-04-30T09:07:29+00:00","article_modified_time":"2021-04-30T09:09:37+00:00","og_image":[{"width":1200,"height":800,"url":"https:\/\/www.ull.es\/portal\/noticias\/wp-content\/uploads\/sites\/13\/2021\/04\/foto-rectores.jpg","type":"image\/jpeg"}],"author":"gcom5","twitter_card":"summary_large_image","twitter_creator":"@CanalULL","twitter_site":"@CanalULL","twitter_misc":{"Escrito por":"gcom5","Tiempo de lectura":"3 minutos"},"schema":{"@context":"https:\/\/schema.org","@graph":[{"@type":"WebPage","@id":"https:\/\/www.ull.es\/portal\/noticias\/2021\/la-ull-y-la-ulpgc-sellan-su-colaboracion-para-los-proximos-anos\/","url":"https:\/\/www.ull.es\/portal\/noticias\/2021\/la-ull-y-la-ulpgc-sellan-su-colaboracion-para-los-proximos-anos\/","name":"La ULL y la ULPGC sellan su colaboraci\u00f3n para los pr\u00f3ximos a\u00f1os - ULL - Noticias","isPartOf":{"@id":"https:\/\/www.ull.es\/portal\/noticias\/#website"},"datePublished":"2021-04-30T09:07:29+00:00","dateModified":"2021-04-30T09:09:37+00:00","author":{"@id":"https:\/\/www.ull.es\/portal\/noticias\/#\/schema\/person\/8027c6c4687adc2c90dc1532715d34df"},"description":"Las dos universidades p\u00fablicas canarias han celebrado una primera reuni\u00f3n de coordinaci\u00f3n con unas delegaciones presididas por sus respectivos rectores, Rosa Aguilar, de la Universidad de La Laguna, y Llu\u00eds Serra Majem, de la Universidad de Las Palmas de Gran Canaria, junto a los responsables de las respectivas Gerencias, y los Vicerrectorados de Investigaci\u00f3n y Titulaciones.","breadcrumb":{"@id":"https:\/\/www.ull.es\/portal\/noticias\/2021\/la-ull-y-la-ulpgc-sellan-su-colaboracion-para-los-proximos-anos\/#breadcrumb"},"inLanguage":"es","potentialAction":[{"@type":"ReadAction","target":["https:\/\/www.ull.es\/portal\/noticias\/2021\/la-ull-y-la-ulpgc-sellan-su-colaboracion-para-los-proximos-anos\/"]}]},{"@type":"BreadcrumbList","@id":"https:\/\/www.ull.es\/portal\/noticias\/2021\/la-ull-y-la-ulpgc-sellan-su-colaboracion-para-los-proximos-anos\/#breadcrumb","itemListElement":[{"@type":"ListItem","position":1,"name":"Portada","item":"https:\/\/www.ull.es\/portal\/noticias\/"},{"@type":"ListItem","position":2,"name":"La ULL y la ULPGC sellan su colaboraci\u00f3n para los pr\u00f3ximos a\u00f1os"}]},{"@type":"WebSite","@id":"https:\/\/www.ull.es\/portal\/noticias\/#website","url":"https:\/\/www.ull.es\/portal\/noticias\/","name":"ULL - Noticias","description":"","potentialAction":[{"@type":"SearchAction","target":{"@type":"EntryPoint","urlTemplate":"https:\/\/www.ull.es\/portal\/noticias\/?s={search_term_string}"},"query-input":"required name=search_term_string"}],"inLanguage":"es"},{"@type":"Person","@id":"https:\/\/www.ull.es\/portal\/noticias\/#\/schema\/person\/8027c6c4687adc2c90dc1532715d34df","name":"gcom5","image":{"@type":"ImageObject","inLanguage":"es","@id":"https:\/\/www.ull.es\/portal\/noticias\/#\/schema\/person\/image\/","url":"https:\/\/secure.gravatar.com\/avatar\/8b3777f8048001fa57b88338ce5605b9?s=96&d=mm&r=g","contentUrl":"https:\/\/secure.gravatar.com\/avatar\/8b3777f8048001fa57b88338ce5605b9?s=96&d=mm&r=g","caption":"gcom5"},"url":"https:\/\/www.ull.es\/portal\/noticias\/author\/gcom5\/"}]}},"primary_category":{"id":348,"name":"Instituci\u00f3n","slug":"institucion","link":"https:\/\/www.ull.es\/portal\/noticias\/category\/institucion\/"},"featured_image_thumbnail_url":"https:\/\/www.ull.es\/portal\/noticias\/wp-content\/uploads\/sites\/13\/2021\/04\/foto-rectores-300x200.jpg","_links":{"self":[{"href":"https:\/\/www.ull.es\/portal\/noticias\/wp-json\/wp\/v2\/posts\/55952"}],"collection":[{"href":"https:\/\/www.ull.es\/portal\/noticias\/wp-json\/wp\/v2\/posts"}],"about":[{"href":"https:\/\/www.ull.es\/portal\/noticias\/wp-json\/wp\/v2\/types\/post"}],"author":[{"embeddable":true,"href":"https:\/\/www.ull.es\/portal\/noticias\/wp-json\/wp\/v2\/users\/67"}],"replies":[{"embeddable":true,"href":"https:\/\/www.ull.es\/portal\/noticias\/wp-json\/wp\/v2\/comments?post=55952"}],"version-history":[{"count":2,"href":"https:\/\/www.ull.es\/portal\/noticias\/wp-json\/wp\/v2\/posts\/55952\/revisions"}],"predecessor-version":[{"id":55956,"href":"https:\/\/www.ull.es\/portal\/noticias\/wp-json\/wp\/v2\/posts\/55952\/revisions\/55956"}],"wp:featuredmedia":[{"embeddable":true,"href":"https:\/\/www.ull.es\/portal\/noticias\/wp-json\/wp\/v2\/media\/55953"}],"wp:attachment":[{"href":"https:\/\/www.ull.es\/portal\/noticias\/wp-json\/wp\/v2\/media?parent=55952"}],"wp:term":[{"taxonomy":"category","embeddable":true,"href":"https:\/\/www.ull.es\/portal\/noticias\/wp-json\/wp\/v2\/categories?post=55952"},{"taxonomy":"post_tag","embeddable":true,"href":"https:\/\/www.ull.es\/portal\/noticias\/wp-json\/wp\/v2\/tags?post=55952"}],"curies":[{"name":"wp","href":"https:\/\/api.w.org\/{rel}","templated":true}]}}