{"id":55960,"date":"2021-04-30T12:18:58","date_gmt":"2021-04-30T12:18:58","guid":{"rendered":"https:\/\/www.ull.es\/portal\/noticias\/?p=55960"},"modified":"2021-04-30T12:45:25","modified_gmt":"2021-04-30T12:45:25","slug":"traslado-expediente-convalidacion-estudios-extranjeros","status":"publish","type":"post","link":"https:\/\/www.ull.es\/portal\/noticias\/2021\/traslado-expediente-convalidacion-estudios-extranjeros\/","title":{"rendered":"La ULL abre las solicitudes de traslado de expediente y convalidaci\u00f3n de estudios extranjeros a grados  \u00a0"},"content":{"rendered":"<p>La Universidad de La Laguna abre el pr\u00f3ximo lunes, 3 de mayo, el plazo para presentar las solicitudes de <a href=\"https:\/\/sede.ull.es\/ecivilis-site\/catalog\/showProcedure\/510\" target=\"_blank\" rel=\"noopener\">traslado de expediente<\/a> y <a href=\"https:\/\/sede.ull.es\/ecivilis-site\/catalog\/showProcedure\/507\" target=\"_blank\" rel=\"noopener\">convalidaci\u00f3n parcial de estudios extranjeros<\/a> a titulaciones oficiales de grado. El periodo para solicitar estos procedimientos a trav\u00e9s de la sede electr\u00f3nica de la instituci\u00f3n acad\u00e9mica estar\u00e1 vigente hasta el lunes 10 de mayo.<\/p>\n<p>En la p\u00e1gina web de la instituci\u00f3n hay <a href=\"https:\/\/www.ull.es\/admision-becas\/admision-a-titulaciones-oficiales-de-grado\/traslado-de-expediente\/#traslado-de-expediente\" target=\"_blank\" rel=\"noopener\">informaci\u00f3n detallada<\/a> sobre los requisitos necesarios para poder solicitar el traslado de expediente, as\u00ed como la documentaci\u00f3n necesaria y la normativa aplicable. Es un procedimiento aplicable para que las personas que hayan iniciado sus estudios en otra universidad espa\u00f1ola puedan continuarlos en La Laguna. Para poder solicitarlo, el interesado o interesada debe tener, al menos, 30 cr\u00e9ditos ECTS reconocidos y cumplir las normas de permanencia de sus estudios de origen.<\/p>\n<p>Por otro lado, la web <a href=\"https:\/\/www.ull.es\/admision-becas\/admision-a-titulaciones-oficiales-de-grado\/convalidacion-estudios-parciales-extranjeros\/#concepto-y-efectos\" target=\"_blank\" rel=\"noopener\">tambi\u00e9n contiene informaci\u00f3n<\/a> sobre la convalidaci\u00f3n parcial de estudios extranjeros, la cual supone el reconocimiento oficial de la validez a efectos acad\u00e9micos de la formaci\u00f3n recibida en instituciones de otro pa\u00eds, independientemente de si ha finalizado o no con la obtenci\u00f3n de un t\u00edtulo. Superar este tr\u00e1mite permite continuar estudios dentro del sistema educativo espa\u00f1ol hasta lograr el t\u00edtulo correspondiente.<\/p>\n<p>Para ambos procedimientos ordinarios, la Universidad de La Lagua ha dispuesto el mismo calendario: tras el cierre de recepci\u00f3n de solicitudes el 10 de mayo, la resoluci\u00f3n provisional de solicitudes admitidas y excluidas ser\u00e1 publicada, como m\u00e1ximo, el 20 de mayo, y hasta el d\u00eda 25 del mismo mes ser\u00e1 posible presentar alegaciones.<\/p>\n<p>Una vez resueltas estas, la resoluci\u00f3n definitiva de admitidos y excluidos ser\u00e1 difundida, como m\u00e1ximo, el 1 de julio y la matr\u00edcula se podr\u00e1 formalizar en septiembre, tal y como establezca la instrucci\u00f3n de matr\u00edcula que se publicar\u00e1 pr\u00f3ximamente.<\/p>\n<p>En ambas convocatorias tambi\u00e9n se establece la posibilidad de abrir un plazo de solicitud extraordinario a partir del 1 de septiembre.<\/p>\n","protected":false},"excerpt":{"rendered":"<p>La Universidad de La Laguna abre el pr\u00f3ximo lunes, 3 de mayo, el plazo para presentar las solicitudes de traslado&#8230;<\/p>\n","protected":false},"author":21,"featured_media":55961,"comment_status":"closed","ping_status":"closed","sticky":false,"template":"","format":"standard","meta":{"inline_featured_image":false,"footnotes":""},"categories":[343,345,348,2765],"tags":[7372,7371],"acf":[],"yoast_head":"<!-- This site is optimized with the Yoast SEO plugin v21.3 - https:\/\/yoast.com\/wordpress\/plugins\/seo\/ -->\n<title>Abierto el traslado de expediente y convalidaci\u00f3n de estudios extranjeros<\/title>\n<meta name=\"description\" content=\"Entre el 3 y el 10 de mayo se puede solicitar en la ULL el traslado de expediente y la convalidaci\u00f3n parcial de estudios extranjeros a grado.\" \/>\n<meta name=\"robots\" content=\"index, follow, max-snippet:-1, max-image-preview:large, max-video-preview:-1\" \/>\n<link rel=\"canonical\" href=\"https:\/\/www.ull.es\/portal\/noticias\/2021\/traslado-expediente-convalidacion-estudios-extranjeros\/\" \/>\n<meta property=\"og:locale\" content=\"es_ES\" \/>\n<meta property=\"og:type\" content=\"article\" \/>\n<meta property=\"og:title\" content=\"Abierto el traslado de expediente y convalidaci\u00f3n de estudios extranjeros\" \/>\n<meta property=\"og:description\" content=\"Entre el 3 y el 10 de mayo se puede solicitar en la ULL el traslado de expediente y la convalidaci\u00f3n parcial de estudios extranjeros a grado.\" \/>\n<meta property=\"og:url\" content=\"https:\/\/www.ull.es\/portal\/noticias\/2021\/traslado-expediente-convalidacion-estudios-extranjeros\/\" \/>\n<meta property=\"og:site_name\" content=\"ULL - Noticias\" \/>\n<meta property=\"article:publisher\" content=\"https:\/\/www.facebook.com\/universidaddelalaguna\/\" \/>\n<meta property=\"article:published_time\" content=\"2021-04-30T12:18:58+00:00\" \/>\n<meta property=\"article:modified_time\" content=\"2021-04-30T12:45:25+00:00\" \/>\n<meta property=\"og:image\" content=\"https:\/\/www.ull.es\/portal\/noticias\/wp-content\/uploads\/sites\/13\/2021\/04\/Selectividad-EBAU-sept20-34.jpg\" \/>\n\t<meta property=\"og:image:width\" content=\"1024\" \/>\n\t<meta property=\"og:image:height\" content=\"683\" \/>\n\t<meta property=\"og:image:type\" content=\"image\/jpeg\" \/>\n<meta name=\"author\" content=\"prensa2\" \/>\n<meta name=\"twitter:card\" content=\"summary_large_image\" \/>\n<meta name=\"twitter:creator\" content=\"@CanalULL\" \/>\n<meta name=\"twitter:site\" content=\"@CanalULL\" \/>\n<meta name=\"twitter:label1\" content=\"Escrito por\" \/>\n\t<meta name=\"twitter:data1\" content=\"prensa2\" \/>\n\t<meta name=\"twitter:label2\" content=\"Tiempo de lectura\" \/>\n\t<meta name=\"twitter:data2\" content=\"2 minutos\" \/>\n<script type=\"application\/ld+json\" class=\"yoast-schema-graph\">{\"@context\":\"https:\/\/schema.org\",\"@graph\":[{\"@type\":\"WebPage\",\"@id\":\"https:\/\/www.ull.es\/portal\/noticias\/2021\/traslado-expediente-convalidacion-estudios-extranjeros\/\",\"url\":\"https:\/\/www.ull.es\/portal\/noticias\/2021\/traslado-expediente-convalidacion-estudios-extranjeros\/\",\"name\":\"Abierto el traslado de expediente y convalidaci\u00f3n de estudios extranjeros\",\"isPartOf\":{\"@id\":\"https:\/\/www.ull.es\/portal\/noticias\/#website\"},\"datePublished\":\"2021-04-30T12:18:58+00:00\",\"dateModified\":\"2021-04-30T12:45:25+00:00\",\"author\":{\"@id\":\"https:\/\/www.ull.es\/portal\/noticias\/#\/schema\/person\/c3b2aa857797592927a03740d6664376\"},\"description\":\"Entre el 3 y el 10 de mayo se puede solicitar en la ULL el traslado de expediente y la convalidaci\u00f3n parcial de estudios extranjeros a grado.\",\"breadcrumb\":{\"@id\":\"https:\/\/www.ull.es\/portal\/noticias\/2021\/traslado-expediente-convalidacion-estudios-extranjeros\/#breadcrumb\"},\"inLanguage\":\"es\",\"potentialAction\":[{\"@type\":\"ReadAction\",\"target\":[\"https:\/\/www.ull.es\/portal\/noticias\/2021\/traslado-expediente-convalidacion-estudios-extranjeros\/\"]}]},{\"@type\":\"BreadcrumbList\",\"@id\":\"https:\/\/www.ull.es\/portal\/noticias\/2021\/traslado-expediente-convalidacion-estudios-extranjeros\/#breadcrumb\",\"itemListElement\":[{\"@type\":\"ListItem\",\"position\":1,\"name\":\"Portada\",\"item\":\"https:\/\/www.ull.es\/portal\/noticias\/\"},{\"@type\":\"ListItem\",\"position\":2,\"name\":\"La ULL abre las solicitudes de traslado de expediente y convalidaci\u00f3n de estudios extranjeros a grados \u00a0\"}]},{\"@type\":\"WebSite\",\"@id\":\"https:\/\/www.ull.es\/portal\/noticias\/#website\",\"url\":\"https:\/\/www.ull.es\/portal\/noticias\/\",\"name\":\"ULL - Noticias\",\"description\":\"\",\"potentialAction\":[{\"@type\":\"SearchAction\",\"target\":{\"@type\":\"EntryPoint\",\"urlTemplate\":\"https:\/\/www.ull.es\/portal\/noticias\/?s={search_term_string}\"},\"query-input\":\"required name=search_term_string\"}],\"inLanguage\":\"es\"},{\"@type\":\"Person\",\"@id\":\"https:\/\/www.ull.es\/portal\/noticias\/#\/schema\/person\/c3b2aa857797592927a03740d6664376\",\"name\":\"prensa2\",\"image\":{\"@type\":\"ImageObject\",\"inLanguage\":\"es\",\"@id\":\"https:\/\/www.ull.es\/portal\/noticias\/#\/schema\/person\/image\/\",\"url\":\"https:\/\/secure.gravatar.com\/avatar\/b58f310a5de5feb33d1e026d2493f23c?s=96&d=mm&r=g\",\"contentUrl\":\"https:\/\/secure.gravatar.com\/avatar\/b58f310a5de5feb33d1e026d2493f23c?s=96&d=mm&r=g\",\"caption\":\"prensa2\"},\"url\":\"https:\/\/www.ull.es\/portal\/noticias\/author\/prensa2\/\"}]}<\/script>\n<!-- \/ Yoast SEO plugin. -->","yoast_head_json":{"title":"Abierto el traslado de expediente y convalidaci\u00f3n de estudios extranjeros","description":"Entre el 3 y el 10 de mayo se puede solicitar en la ULL el traslado de expediente y la convalidaci\u00f3n parcial de estudios extranjeros a grado.","robots":{"index":"index","follow":"follow","max-snippet":"max-snippet:-1","max-image-preview":"max-image-preview:large","max-video-preview":"max-video-preview:-1"},"canonical":"https:\/\/www.ull.es\/portal\/noticias\/2021\/traslado-expediente-convalidacion-estudios-extranjeros\/","og_locale":"es_ES","og_type":"article","og_title":"Abierto el traslado de expediente y convalidaci\u00f3n de estudios extranjeros","og_description":"Entre el 3 y el 10 de mayo se puede solicitar en la ULL el traslado de expediente y la convalidaci\u00f3n parcial de estudios extranjeros a grado.","og_url":"https:\/\/www.ull.es\/portal\/noticias\/2021\/traslado-expediente-convalidacion-estudios-extranjeros\/","og_site_name":"ULL - Noticias","article_publisher":"https:\/\/www.facebook.com\/universidaddelalaguna\/","article_published_time":"2021-04-30T12:18:58+00:00","article_modified_time":"2021-04-30T12:45:25+00:00","og_image":[{"width":1024,"height":683,"url":"https:\/\/www.ull.es\/portal\/noticias\/wp-content\/uploads\/sites\/13\/2021\/04\/Selectividad-EBAU-sept20-34.jpg","type":"image\/jpeg"}],"author":"prensa2","twitter_card":"summary_large_image","twitter_creator":"@CanalULL","twitter_site":"@CanalULL","twitter_misc":{"Escrito por":"prensa2","Tiempo de lectura":"2 minutos"},"schema":{"@context":"https:\/\/schema.org","@graph":[{"@type":"WebPage","@id":"https:\/\/www.ull.es\/portal\/noticias\/2021\/traslado-expediente-convalidacion-estudios-extranjeros\/","url":"https:\/\/www.ull.es\/portal\/noticias\/2021\/traslado-expediente-convalidacion-estudios-extranjeros\/","name":"Abierto el traslado de expediente y convalidaci\u00f3n de estudios extranjeros","isPartOf":{"@id":"https:\/\/www.ull.es\/portal\/noticias\/#website"},"datePublished":"2021-04-30T12:18:58+00:00","dateModified":"2021-04-30T12:45:25+00:00","author":{"@id":"https:\/\/www.ull.es\/portal\/noticias\/#\/schema\/person\/c3b2aa857797592927a03740d6664376"},"description":"Entre el 3 y el 10 de mayo se puede solicitar en la ULL el traslado de expediente y la convalidaci\u00f3n parcial de estudios extranjeros a grado.","breadcrumb":{"@id":"https:\/\/www.ull.es\/portal\/noticias\/2021\/traslado-expediente-convalidacion-estudios-extranjeros\/#breadcrumb"},"inLanguage":"es","potentialAction":[{"@type":"ReadAction","target":["https:\/\/www.ull.es\/portal\/noticias\/2021\/traslado-expediente-convalidacion-estudios-extranjeros\/"]}]},{"@type":"BreadcrumbList","@id":"https:\/\/www.ull.es\/portal\/noticias\/2021\/traslado-expediente-convalidacion-estudios-extranjeros\/#breadcrumb","itemListElement":[{"@type":"ListItem","position":1,"name":"Portada","item":"https:\/\/www.ull.es\/portal\/noticias\/"},{"@type":"ListItem","position":2,"name":"La ULL abre las solicitudes de traslado de expediente y convalidaci\u00f3n de estudios extranjeros a grados \u00a0"}]},{"@type":"WebSite","@id":"https:\/\/www.ull.es\/portal\/noticias\/#website","url":"https:\/\/www.ull.es\/portal\/noticias\/","name":"ULL - Noticias","description":"","potentialAction":[{"@type":"SearchAction","target":{"@type":"EntryPoint","urlTemplate":"https:\/\/www.ull.es\/portal\/noticias\/?s={search_term_string}"},"query-input":"required name=search_term_string"}],"inLanguage":"es"},{"@type":"Person","@id":"https:\/\/www.ull.es\/portal\/noticias\/#\/schema\/person\/c3b2aa857797592927a03740d6664376","name":"prensa2","image":{"@type":"ImageObject","inLanguage":"es","@id":"https:\/\/www.ull.es\/portal\/noticias\/#\/schema\/person\/image\/","url":"https:\/\/secure.gravatar.com\/avatar\/b58f310a5de5feb33d1e026d2493f23c?s=96&d=mm&r=g","contentUrl":"https:\/\/secure.gravatar.com\/avatar\/b58f310a5de5feb33d1e026d2493f23c?s=96&d=mm&r=g","caption":"prensa2"},"url":"https:\/\/www.ull.es\/portal\/noticias\/author\/prensa2\/"}]}},"primary_category":{"id":345,"name":"Destacado","slug":"destacado","link":"https:\/\/www.ull.es\/portal\/noticias\/category\/destacado\/"},"featured_image_thumbnail_url":"https:\/\/www.ull.es\/portal\/noticias\/wp-content\/uploads\/sites\/13\/2021\/04\/Selectividad-EBAU-sept20-34-300x200.jpg","_links":{"self":[{"href":"https:\/\/www.ull.es\/portal\/noticias\/wp-json\/wp\/v2\/posts\/55960"}],"collection":[{"href":"https:\/\/www.ull.es\/portal\/noticias\/wp-json\/wp\/v2\/posts"}],"about":[{"href":"https:\/\/www.ull.es\/portal\/noticias\/wp-json\/wp\/v2\/types\/post"}],"author":[{"embeddable":true,"href":"https:\/\/www.ull.es\/portal\/noticias\/wp-json\/wp\/v2\/users\/21"}],"replies":[{"embeddable":true,"href":"https:\/\/www.ull.es\/portal\/noticias\/wp-json\/wp\/v2\/comments?post=55960"}],"version-history":[{"count":2,"href":"https:\/\/www.ull.es\/portal\/noticias\/wp-json\/wp\/v2\/posts\/55960\/revisions"}],"predecessor-version":[{"id":55965,"href":"https:\/\/www.ull.es\/portal\/noticias\/wp-json\/wp\/v2\/posts\/55960\/revisions\/55965"}],"wp:featuredmedia":[{"embeddable":true,"href":"https:\/\/www.ull.es\/portal\/noticias\/wp-json\/wp\/v2\/media\/55961"}],"wp:attachment":[{"href":"https:\/\/www.ull.es\/portal\/noticias\/wp-json\/wp\/v2\/media?parent=55960"}],"wp:term":[{"taxonomy":"category","embeddable":true,"href":"https:\/\/www.ull.es\/portal\/noticias\/wp-json\/wp\/v2\/categories?post=55960"},{"taxonomy":"post_tag","embeddable":true,"href":"https:\/\/www.ull.es\/portal\/noticias\/wp-json\/wp\/v2\/tags?post=55960"}],"curies":[{"name":"wp","href":"https:\/\/api.w.org\/{rel}","templated":true}]}}