{"id":55963,"date":"2021-04-30T12:45:38","date_gmt":"2021-04-30T12:45:38","guid":{"rendered":"https:\/\/www.ull.es\/portal\/noticias\/?p=55963"},"modified":"2021-04-30T13:11:49","modified_gmt":"2021-04-30T13:11:49","slug":"proyecto-ull-opta-premio-nacional-arqueologia-y-paleontologia","status":"publish","type":"post","link":"https:\/\/www.ull.es\/portal\/noticias\/2021\/proyecto-ull-opta-premio-nacional-arqueologia-y-paleontologia\/","title":{"rendered":"Un proyecto liderado por la ULL opta al Premio Nacional de Arqueolog\u00eda y Paleontolog\u00eda de Fundaci\u00f3n Palarq"},"content":{"rendered":"<p>El grupo de investigaci\u00f3n \u201c<a href=\"https:\/\/portalciencia.ull.es\/grupos\/6495\/detalle\" target=\"_blank\" rel=\"noopener\">Evoluci\u00f3n, Gen\u00e9tica de Poblaciones y Paleogen\u00f3mica<\/a>\u201d, de la Universidad de La Laguna opta al Premio Nacional de Arqueolog\u00eda y Paleontolog\u00eda de la <a href=\"https:\/\/fundacionpalarq.com\/\" target=\"_blank\" rel=\"noopener\">Fundaci\u00f3n Palarq<\/a> por el proyecto PALEUCOL. En concreto, la investigaci\u00f3n impulsada por Rosa Fregel, profesora del \u00c1rea de Gen\u00e9tica de la instituci\u00f3n acad\u00e9mica e investigadora principal del grupo, propone el primer estudio de ADN antiguo para determinar el impacto del colonialismo europeo sobre las poblaciones ind\u00edgenas. Para ello, se centra en varios objetivos, incluyendo el an\u00e1lisis paleogen\u00f3mico de poblaciones abor\u00edgenes e hist\u00f3ricas de las Islas Canarias.<\/p>\n<p>Los objetivos que persigue el proyecto liderado por Fregel pasan por caracterizar la poblaci\u00f3n aborigen a nivel paleogen\u00f3mico; entender el alcance del impacto demogr\u00e1fico de la conquista y colonizaci\u00f3n mediante el an\u00e1lisis de poblaciones hist\u00f3ricas como la de la Iglesia de la Concepci\u00f3n en Santa Cruz; y complementar el estudio gen\u00f3mico de poblaciones humanas prehisp\u00e1nicas e hist\u00f3ricas con el de especies dom\u00e9sticas, como cabras o cebada. Adem\u00e1s, el desarrollo de este proyecto supondr\u00e1 que por primera vez se analice el ADN de pat\u00f3genos en restos humanos abor\u00edgenes e hist\u00f3ricos de Canarias para determinar el efecto de la introducci\u00f3n de enfermedades en la pervivencia aborigen.<\/p>\n<p>El colonialismo europeo desencaden\u00f3 un sinf\u00edn de consecuencias de \u00edndole pol\u00edtica, econ\u00f3mica, demogr\u00e1fica y ecol\u00f3gica a escala mundial. Debido a su peque\u00f1a extensi\u00f3n y a su naturaleza insular, el estudio de la poblaci\u00f3n hist\u00f3rica de Canarias ofrece una perspectiva emp\u00edrica del impacto demogr\u00e1fico de la colonizaci\u00f3n europea en una regi\u00f3n peque\u00f1a, pero con siete escenarios independientes. El periodo que estudia la investigaci\u00f3n se remonta a la colonizaci\u00f3n del archipi\u00e9lago por parte de poblaciones bereberes, en torno al cambio de era, y se extiende hasta la consolidaci\u00f3n de la sociedad mestiza, a finales del siglo XVIII d.C.<\/p>\n<p>El grupo de investigaci\u00f3n descubri\u00f3 que la distribuci\u00f3n de los linajes de ADN mitocondrial entre las islas orientales y occidentales es diferente, lo que respalda evidencias arqueol\u00f3gicas y de ADN moderno que apuntan a una colonizaci\u00f3n aborigen del archipi\u00e9lago en varios eventos migratorios. Tambi\u00e9n observaron diferencias en la contribuci\u00f3n de los linajes abor\u00edgenes en las poblaciones modernas, con una mayor superviviencia en la isla de La Gomera. Sin embargo, excluyendo esta \u00fanica excepci\u00f3n, las poblaciones insulares actuales son homog\u00e9neas, lo que respalda la teor\u00eda de la movilidad humana extensa despu\u00e9s de la conquista europea.<\/p>\n<p>La Fundaci\u00f3n Palarq es una entidad privada y sin \u00e1nimo de lucro que trata de difundir y ampliar el conocimiento de la paleontolog\u00eda humana y de la arqueolog\u00eda. El proyecto liderado por la Universidad de La Laguna es uno de los 20 que optan al premio bienal de la fundaci\u00f3n y que cuenta con una dotaci\u00f3n econ\u00f3mica de 80.000\u20ac. El objetivo del certamen es reconocer la excelencia y originalidad, y contribuir en los pr\u00f3ximos avances del proyecto ganador.<\/p>\n","protected":false},"excerpt":{"rendered":"<p>El grupo de investigaci\u00f3n \u201cEvoluci\u00f3n, Gen\u00e9tica de Poblaciones y Paleogen\u00f3mica\u201d, de la Universidad de La Laguna opta al Premio Nacional&#8230;<\/p>\n","protected":false},"author":21,"featured_media":55964,"comment_status":"closed","ping_status":"closed","sticky":false,"template":"","format":"standard","meta":{"inline_featured_image":false,"footnotes":""},"categories":[345,350,2765],"tags":[5225,7373,5448,7374,5503,5224],"acf":[],"yoast_head":"<!-- This site is optimized with the Yoast SEO plugin v21.3 - https:\/\/yoast.com\/wordpress\/plugins\/seo\/ -->\n<title>La ULL opta a un premio nacional de Arqueolog\u00eda y Paleontolog\u00eda<\/title>\n<meta name=\"description\" content=\"El proyecto coordinado por Rosa Fregel opta al Premio Nacional de Arqueolog\u00eda y Paleontolog\u00eda de la Fundaci\u00f3n Palarq.\" \/>\n<meta name=\"robots\" content=\"index, follow, max-snippet:-1, max-image-preview:large, max-video-preview:-1\" \/>\n<link rel=\"canonical\" href=\"https:\/\/www.ull.es\/portal\/noticias\/2021\/proyecto-ull-opta-premio-nacional-arqueologia-y-paleontologia\/\" \/>\n<meta property=\"og:locale\" content=\"es_ES\" \/>\n<meta property=\"og:type\" content=\"article\" \/>\n<meta property=\"og:title\" content=\"La ULL opta a un premio nacional de Arqueolog\u00eda y Paleontolog\u00eda\" \/>\n<meta property=\"og:description\" content=\"El proyecto coordinado por Rosa Fregel opta al Premio Nacional de Arqueolog\u00eda y Paleontolog\u00eda de la Fundaci\u00f3n Palarq.\" \/>\n<meta property=\"og:url\" content=\"https:\/\/www.ull.es\/portal\/noticias\/2021\/proyecto-ull-opta-premio-nacional-arqueologia-y-paleontologia\/\" \/>\n<meta property=\"og:site_name\" content=\"ULL - Noticias\" \/>\n<meta property=\"article:publisher\" content=\"https:\/\/www.facebook.com\/universidaddelalaguna\/\" \/>\n<meta property=\"article:published_time\" content=\"2021-04-30T12:45:38+00:00\" \/>\n<meta property=\"article:modified_time\" content=\"2021-04-30T13:11:49+00:00\" \/>\n<meta property=\"og:image\" content=\"https:\/\/www.ull.es\/portal\/noticias\/wp-content\/uploads\/sites\/13\/2021\/04\/Entrev-Rosa-Fregel-031.jpg\" \/>\n\t<meta property=\"og:image:width\" content=\"1024\" \/>\n\t<meta property=\"og:image:height\" content=\"683\" \/>\n\t<meta property=\"og:image:type\" content=\"image\/jpeg\" \/>\n<meta name=\"author\" content=\"prensa2\" \/>\n<meta name=\"twitter:card\" content=\"summary_large_image\" \/>\n<meta name=\"twitter:creator\" content=\"@CanalULL\" \/>\n<meta name=\"twitter:site\" content=\"@CanalULL\" \/>\n<meta name=\"twitter:label1\" content=\"Escrito por\" \/>\n\t<meta name=\"twitter:data1\" content=\"prensa2\" \/>\n\t<meta name=\"twitter:label2\" content=\"Tiempo de lectura\" \/>\n\t<meta name=\"twitter:data2\" content=\"3 minutos\" \/>\n<script type=\"application\/ld+json\" class=\"yoast-schema-graph\">{\"@context\":\"https:\/\/schema.org\",\"@graph\":[{\"@type\":\"WebPage\",\"@id\":\"https:\/\/www.ull.es\/portal\/noticias\/2021\/proyecto-ull-opta-premio-nacional-arqueologia-y-paleontologia\/\",\"url\":\"https:\/\/www.ull.es\/portal\/noticias\/2021\/proyecto-ull-opta-premio-nacional-arqueologia-y-paleontologia\/\",\"name\":\"La ULL opta a un premio nacional de Arqueolog\u00eda y Paleontolog\u00eda\",\"isPartOf\":{\"@id\":\"https:\/\/www.ull.es\/portal\/noticias\/#website\"},\"datePublished\":\"2021-04-30T12:45:38+00:00\",\"dateModified\":\"2021-04-30T13:11:49+00:00\",\"author\":{\"@id\":\"https:\/\/www.ull.es\/portal\/noticias\/#\/schema\/person\/c3b2aa857797592927a03740d6664376\"},\"description\":\"El proyecto coordinado por Rosa Fregel opta al Premio Nacional de Arqueolog\u00eda y Paleontolog\u00eda de la Fundaci\u00f3n Palarq.\",\"breadcrumb\":{\"@id\":\"https:\/\/www.ull.es\/portal\/noticias\/2021\/proyecto-ull-opta-premio-nacional-arqueologia-y-paleontologia\/#breadcrumb\"},\"inLanguage\":\"es\",\"potentialAction\":[{\"@type\":\"ReadAction\",\"target\":[\"https:\/\/www.ull.es\/portal\/noticias\/2021\/proyecto-ull-opta-premio-nacional-arqueologia-y-paleontologia\/\"]}]},{\"@type\":\"BreadcrumbList\",\"@id\":\"https:\/\/www.ull.es\/portal\/noticias\/2021\/proyecto-ull-opta-premio-nacional-arqueologia-y-paleontologia\/#breadcrumb\",\"itemListElement\":[{\"@type\":\"ListItem\",\"position\":1,\"name\":\"Portada\",\"item\":\"https:\/\/www.ull.es\/portal\/noticias\/\"},{\"@type\":\"ListItem\",\"position\":2,\"name\":\"Un proyecto liderado por la ULL opta al Premio Nacional de Arqueolog\u00eda y Paleontolog\u00eda de Fundaci\u00f3n Palarq\"}]},{\"@type\":\"WebSite\",\"@id\":\"https:\/\/www.ull.es\/portal\/noticias\/#website\",\"url\":\"https:\/\/www.ull.es\/portal\/noticias\/\",\"name\":\"ULL - Noticias\",\"description\":\"\",\"potentialAction\":[{\"@type\":\"SearchAction\",\"target\":{\"@type\":\"EntryPoint\",\"urlTemplate\":\"https:\/\/www.ull.es\/portal\/noticias\/?s={search_term_string}\"},\"query-input\":\"required name=search_term_string\"}],\"inLanguage\":\"es\"},{\"@type\":\"Person\",\"@id\":\"https:\/\/www.ull.es\/portal\/noticias\/#\/schema\/person\/c3b2aa857797592927a03740d6664376\",\"name\":\"prensa2\",\"image\":{\"@type\":\"ImageObject\",\"inLanguage\":\"es\",\"@id\":\"https:\/\/www.ull.es\/portal\/noticias\/#\/schema\/person\/image\/\",\"url\":\"https:\/\/secure.gravatar.com\/avatar\/b58f310a5de5feb33d1e026d2493f23c?s=96&d=mm&r=g\",\"contentUrl\":\"https:\/\/secure.gravatar.com\/avatar\/b58f310a5de5feb33d1e026d2493f23c?s=96&d=mm&r=g\",\"caption\":\"prensa2\"},\"url\":\"https:\/\/www.ull.es\/portal\/noticias\/author\/prensa2\/\"}]}<\/script>\n<!-- \/ Yoast SEO plugin. -->","yoast_head_json":{"title":"La ULL opta a un premio nacional de Arqueolog\u00eda y Paleontolog\u00eda","description":"El proyecto coordinado por Rosa Fregel opta al Premio Nacional de Arqueolog\u00eda y Paleontolog\u00eda de la Fundaci\u00f3n Palarq.","robots":{"index":"index","follow":"follow","max-snippet":"max-snippet:-1","max-image-preview":"max-image-preview:large","max-video-preview":"max-video-preview:-1"},"canonical":"https:\/\/www.ull.es\/portal\/noticias\/2021\/proyecto-ull-opta-premio-nacional-arqueologia-y-paleontologia\/","og_locale":"es_ES","og_type":"article","og_title":"La ULL opta a un premio nacional de Arqueolog\u00eda y Paleontolog\u00eda","og_description":"El proyecto coordinado por Rosa Fregel opta al Premio Nacional de Arqueolog\u00eda y Paleontolog\u00eda de la Fundaci\u00f3n Palarq.","og_url":"https:\/\/www.ull.es\/portal\/noticias\/2021\/proyecto-ull-opta-premio-nacional-arqueologia-y-paleontologia\/","og_site_name":"ULL - Noticias","article_publisher":"https:\/\/www.facebook.com\/universidaddelalaguna\/","article_published_time":"2021-04-30T12:45:38+00:00","article_modified_time":"2021-04-30T13:11:49+00:00","og_image":[{"width":1024,"height":683,"url":"https:\/\/www.ull.es\/portal\/noticias\/wp-content\/uploads\/sites\/13\/2021\/04\/Entrev-Rosa-Fregel-031.jpg","type":"image\/jpeg"}],"author":"prensa2","twitter_card":"summary_large_image","twitter_creator":"@CanalULL","twitter_site":"@CanalULL","twitter_misc":{"Escrito por":"prensa2","Tiempo de lectura":"3 minutos"},"schema":{"@context":"https:\/\/schema.org","@graph":[{"@type":"WebPage","@id":"https:\/\/www.ull.es\/portal\/noticias\/2021\/proyecto-ull-opta-premio-nacional-arqueologia-y-paleontologia\/","url":"https:\/\/www.ull.es\/portal\/noticias\/2021\/proyecto-ull-opta-premio-nacional-arqueologia-y-paleontologia\/","name":"La ULL opta a un premio nacional de Arqueolog\u00eda y Paleontolog\u00eda","isPartOf":{"@id":"https:\/\/www.ull.es\/portal\/noticias\/#website"},"datePublished":"2021-04-30T12:45:38+00:00","dateModified":"2021-04-30T13:11:49+00:00","author":{"@id":"https:\/\/www.ull.es\/portal\/noticias\/#\/schema\/person\/c3b2aa857797592927a03740d6664376"},"description":"El proyecto coordinado por Rosa Fregel opta al Premio Nacional de Arqueolog\u00eda y Paleontolog\u00eda de la Fundaci\u00f3n Palarq.","breadcrumb":{"@id":"https:\/\/www.ull.es\/portal\/noticias\/2021\/proyecto-ull-opta-premio-nacional-arqueologia-y-paleontologia\/#breadcrumb"},"inLanguage":"es","potentialAction":[{"@type":"ReadAction","target":["https:\/\/www.ull.es\/portal\/noticias\/2021\/proyecto-ull-opta-premio-nacional-arqueologia-y-paleontologia\/"]}]},{"@type":"BreadcrumbList","@id":"https:\/\/www.ull.es\/portal\/noticias\/2021\/proyecto-ull-opta-premio-nacional-arqueologia-y-paleontologia\/#breadcrumb","itemListElement":[{"@type":"ListItem","position":1,"name":"Portada","item":"https:\/\/www.ull.es\/portal\/noticias\/"},{"@type":"ListItem","position":2,"name":"Un proyecto liderado por la ULL opta al Premio Nacional de Arqueolog\u00eda y Paleontolog\u00eda de Fundaci\u00f3n Palarq"}]},{"@type":"WebSite","@id":"https:\/\/www.ull.es\/portal\/noticias\/#website","url":"https:\/\/www.ull.es\/portal\/noticias\/","name":"ULL - Noticias","description":"","potentialAction":[{"@type":"SearchAction","target":{"@type":"EntryPoint","urlTemplate":"https:\/\/www.ull.es\/portal\/noticias\/?s={search_term_string}"},"query-input":"required name=search_term_string"}],"inLanguage":"es"},{"@type":"Person","@id":"https:\/\/www.ull.es\/portal\/noticias\/#\/schema\/person\/c3b2aa857797592927a03740d6664376","name":"prensa2","image":{"@type":"ImageObject","inLanguage":"es","@id":"https:\/\/www.ull.es\/portal\/noticias\/#\/schema\/person\/image\/","url":"https:\/\/secure.gravatar.com\/avatar\/b58f310a5de5feb33d1e026d2493f23c?s=96&d=mm&r=g","contentUrl":"https:\/\/secure.gravatar.com\/avatar\/b58f310a5de5feb33d1e026d2493f23c?s=96&d=mm&r=g","caption":"prensa2"},"url":"https:\/\/www.ull.es\/portal\/noticias\/author\/prensa2\/"}]}},"primary_category":{"id":345,"name":"Destacado","slug":"destacado","link":"https:\/\/www.ull.es\/portal\/noticias\/category\/destacado\/"},"featured_image_thumbnail_url":"https:\/\/www.ull.es\/portal\/noticias\/wp-content\/uploads\/sites\/13\/2021\/04\/Entrev-Rosa-Fregel-031-300x200.jpg","_links":{"self":[{"href":"https:\/\/www.ull.es\/portal\/noticias\/wp-json\/wp\/v2\/posts\/55963"}],"collection":[{"href":"https:\/\/www.ull.es\/portal\/noticias\/wp-json\/wp\/v2\/posts"}],"about":[{"href":"https:\/\/www.ull.es\/portal\/noticias\/wp-json\/wp\/v2\/types\/post"}],"author":[{"embeddable":true,"href":"https:\/\/www.ull.es\/portal\/noticias\/wp-json\/wp\/v2\/users\/21"}],"replies":[{"embeddable":true,"href":"https:\/\/www.ull.es\/portal\/noticias\/wp-json\/wp\/v2\/comments?post=55963"}],"version-history":[{"count":1,"href":"https:\/\/www.ull.es\/portal\/noticias\/wp-json\/wp\/v2\/posts\/55963\/revisions"}],"predecessor-version":[{"id":55966,"href":"https:\/\/www.ull.es\/portal\/noticias\/wp-json\/wp\/v2\/posts\/55963\/revisions\/55966"}],"wp:featuredmedia":[{"embeddable":true,"href":"https:\/\/www.ull.es\/portal\/noticias\/wp-json\/wp\/v2\/media\/55964"}],"wp:attachment":[{"href":"https:\/\/www.ull.es\/portal\/noticias\/wp-json\/wp\/v2\/media?parent=55963"}],"wp:term":[{"taxonomy":"category","embeddable":true,"href":"https:\/\/www.ull.es\/portal\/noticias\/wp-json\/wp\/v2\/categories?post=55963"},{"taxonomy":"post_tag","embeddable":true,"href":"https:\/\/www.ull.es\/portal\/noticias\/wp-json\/wp\/v2\/tags?post=55963"}],"curies":[{"name":"wp","href":"https:\/\/api.w.org\/{rel}","templated":true}]}}