{"id":55975,"date":"2021-04-30T14:13:08","date_gmt":"2021-04-30T14:13:08","guid":{"rendered":"https:\/\/www.ull.es\/portal\/noticias\/?p=55975"},"modified":"2021-04-30T14:13:08","modified_gmt":"2021-04-30T14:13:08","slug":"ull-prosigue-estrategia-internacionalizacion-en-casa","status":"publish","type":"post","link":"https:\/\/www.ull.es\/portal\/noticias\/2021\/ull-prosigue-estrategia-internacionalizacion-en-casa\/","title":{"rendered":"La ULL prosigue la estrategia \u201cInternacionalizaci\u00f3n en Casa\u201d con un curso sobre competencias interculturales"},"content":{"rendered":"<p>El Vicerrectorado de Proyecci\u00f3n, Internacionalizaci\u00f3n y Cooperaci\u00f3n de la Universidad de La Laguna contin\u00faa promoviendo la adquisici\u00f3n de competencias internacionales ente el alumnado a trav\u00e9s de su estrategia de \u201cInternacionalizaci\u00f3n en casa\u201d. Por ello, desde ayer, jueves 29 de abril, y hasta el 18 de mayo, las 31 personas inscritas est\u00e1n siguiendo el curso \u201cCompetencias Internacionales e Interculturales\u201d, que pretende dotar al alumnado de habilidades transversales que les sirvan para su desarrollo profesional y personal<\/p>\n<p>\u201cInternacionalizaci\u00f3n en casa\u201d es una estrategia que trata de dotar al alumnado de experiencias de internacionalizaci\u00f3n para un mundo globalizado que tiende a la interculturalidad y en el cual la creciente digitalizaci\u00f3n est\u00e1 permitiendo el acercamiento y la comunicaci\u00f3n de personas de distintas partes del planeta. Este hecho requiere que el alumnado adquiera competencias y capacidades que le permitan vivir, trabajar y relacionarse con naturalidad en contextos internacionales y multiculturales.<\/p>\n<p>El Proyecto \u201cWe are International\u201d, del que forma parte este curso, es una de las l\u00edneas de actuaci\u00f3n clave para dotar al alumnado de estas habilidades transversales. Tuvo una primera edici\u00f3n entre octubre y noviembre de 2020 y la excelente valoraci\u00f3n por parte de los asistentes, tanto de la formaci\u00f3n recibida como del profesorado que se encarg\u00f3 de impartirla, ha promovido la celebraci\u00f3n de esta segunda edici\u00f3n, cuya apertura fue presidida por la Directora de Secretariado de Movilidad Internacional, Sandra D\u00e9vora Guti\u00e9rrez, y el profesor Javier Mendoza Jim\u00e9nez.<\/p>\n<p>Esta nueva convocatoria ha adaptado su estructura para dotar al alumnado de m\u00e1s protagonismo. El curso es eminentemente pr\u00e1ctico y consta de seis sesiones dirigidas a desarrollar habilidades y herramientas sobre cinco grades \u00e1reas. La primera es Econom\u00eda y Emprendimiento, centrada en c\u00f3mo crear una marca personal usando Europass. La segunda, sobre Convivencia Intercultural, ense\u00f1a a conocer el mundo desde la propia cotidianeidad, utilizando Tenerife como reflejo de un mundo diverso y multicultural.<\/p>\n<p>La tercera \u00e1rea del curso, la Uni\u00f3n Europea, ofrecer\u00e1 una visi\u00f3n sobre qui\u00e9n es qui\u00e9n en dicha organizaci\u00f3n y sobre su actuaci\u00f3n como gran legislador y dinamizador de pol\u00edticas p\u00fablicas y la pandemia de la Covid-19. La cuarta o se centra en las Habilidades Interpersonales, y en ella se debatir\u00e1 sobre su papel en la interculturalidad y la importancia de la promoci\u00f3n de habilidades b\u00e1sicas como la comunicaci\u00f3n, la empat\u00eda, o la expresi\u00f3n de emociones. El apartado final hablar\u00e1 sobre las diferentes ciudadan\u00edas y sobre una universidad sin muros.<\/p>\n<p><strong>Be International<\/strong><\/p>\n<p>La otra l\u00ednea de actuaci\u00f3n se est\u00e1 desarrollando a trav\u00e9s del programa \u201cBe International\u201d, son los encuentros virtuales \u201cBe Global-minded\u201d. Se trata de una serie de reuniones online entre alumnado de diversas nacionalidades, para fomentar la interculturalidad, el aprendizaje de la idiosincrasia y las oportunidades que ofertan los diferentes pa\u00edses.<\/p>\n<p>Hasta la fecha ya se han celebrado dos Webinar: \u201cI Encuentro Virtual Be Global-minded\u201d y \u00abOportunidades formativas y laborales en el extranjero\u00bb. Un tercer webinar, \u201cGet to know the real United States\u201d, tendr\u00e1 lugar el pr\u00f3ximo mi\u00e9rcoles 5 de mayo y contar\u00e1 con la perspectiva de los Estados Unidos de Am\u00e9rica de tres becarios Fulbright procedentes de Nueva York, Chicago y Arizona.<\/p>\n","protected":false},"excerpt":{"rendered":"<p>El Vicerrectorado de Proyecci\u00f3n, Internacionalizaci\u00f3n y Cooperaci\u00f3n de la Universidad de La Laguna contin\u00faa promoviendo la adquisici\u00f3n de competencias internacionales&#8230;<\/p>\n","protected":false},"author":21,"featured_media":55976,"comment_status":"closed","ping_status":"closed","sticky":false,"template":"","format":"standard","meta":{"inline_featured_image":false,"footnotes":""},"categories":[345,349,2765],"tags":[1537,6574,7375],"acf":[],"yoast_head":"<!-- This site is optimized with the Yoast SEO plugin v21.3 - https:\/\/yoast.com\/wordpress\/plugins\/seo\/ -->\n<title>La ULL imparte un curso sobre competencias interculturales<\/title>\n<meta name=\"description\" content=\"Del 29 de abril al 18 de mayo, el curso \u201cCompetencias Internacionales e Interculturales\u201d dotar\u00e1 al alumnado de habilidades transversales.\" \/>\n<meta name=\"robots\" content=\"index, follow, max-snippet:-1, max-image-preview:large, max-video-preview:-1\" \/>\n<link rel=\"canonical\" href=\"https:\/\/www.ull.es\/portal\/noticias\/2021\/ull-prosigue-estrategia-internacionalizacion-en-casa\/\" \/>\n<meta property=\"og:locale\" content=\"es_ES\" \/>\n<meta property=\"og:type\" content=\"article\" \/>\n<meta property=\"og:title\" content=\"La ULL imparte un curso sobre competencias interculturales\" \/>\n<meta property=\"og:description\" content=\"Del 29 de abril al 18 de mayo, el curso \u201cCompetencias Internacionales e Interculturales\u201d dotar\u00e1 al alumnado de habilidades transversales.\" \/>\n<meta property=\"og:url\" content=\"https:\/\/www.ull.es\/portal\/noticias\/2021\/ull-prosigue-estrategia-internacionalizacion-en-casa\/\" \/>\n<meta property=\"og:site_name\" content=\"ULL - Noticias\" \/>\n<meta property=\"article:publisher\" content=\"https:\/\/www.facebook.com\/universidaddelalaguna\/\" \/>\n<meta property=\"article:published_time\" content=\"2021-04-30T14:13:08+00:00\" \/>\n<meta property=\"og:image\" content=\"https:\/\/www.ull.es\/portal\/noticias\/wp-content\/uploads\/sites\/13\/2021\/04\/Inauguracion-modificada.jpg\" \/>\n\t<meta property=\"og:image:width\" content=\"1004\" \/>\n\t<meta property=\"og:image:height\" content=\"706\" \/>\n\t<meta property=\"og:image:type\" content=\"image\/jpeg\" \/>\n<meta name=\"author\" content=\"prensa2\" \/>\n<meta name=\"twitter:card\" content=\"summary_large_image\" \/>\n<meta name=\"twitter:creator\" content=\"@CanalULL\" \/>\n<meta name=\"twitter:site\" content=\"@CanalULL\" \/>\n<meta name=\"twitter:label1\" content=\"Escrito por\" \/>\n\t<meta name=\"twitter:data1\" content=\"prensa2\" \/>\n\t<meta name=\"twitter:label2\" content=\"Tiempo de lectura\" \/>\n\t<meta name=\"twitter:data2\" content=\"3 minutos\" \/>\n<script type=\"application\/ld+json\" class=\"yoast-schema-graph\">{\"@context\":\"https:\/\/schema.org\",\"@graph\":[{\"@type\":\"WebPage\",\"@id\":\"https:\/\/www.ull.es\/portal\/noticias\/2021\/ull-prosigue-estrategia-internacionalizacion-en-casa\/\",\"url\":\"https:\/\/www.ull.es\/portal\/noticias\/2021\/ull-prosigue-estrategia-internacionalizacion-en-casa\/\",\"name\":\"La ULL imparte un curso sobre competencias interculturales\",\"isPartOf\":{\"@id\":\"https:\/\/www.ull.es\/portal\/noticias\/#website\"},\"datePublished\":\"2021-04-30T14:13:08+00:00\",\"dateModified\":\"2021-04-30T14:13:08+00:00\",\"author\":{\"@id\":\"https:\/\/www.ull.es\/portal\/noticias\/#\/schema\/person\/c3b2aa857797592927a03740d6664376\"},\"description\":\"Del 29 de abril al 18 de mayo, el curso \u201cCompetencias Internacionales e Interculturales\u201d dotar\u00e1 al alumnado de habilidades transversales.\",\"breadcrumb\":{\"@id\":\"https:\/\/www.ull.es\/portal\/noticias\/2021\/ull-prosigue-estrategia-internacionalizacion-en-casa\/#breadcrumb\"},\"inLanguage\":\"es\",\"potentialAction\":[{\"@type\":\"ReadAction\",\"target\":[\"https:\/\/www.ull.es\/portal\/noticias\/2021\/ull-prosigue-estrategia-internacionalizacion-en-casa\/\"]}]},{\"@type\":\"BreadcrumbList\",\"@id\":\"https:\/\/www.ull.es\/portal\/noticias\/2021\/ull-prosigue-estrategia-internacionalizacion-en-casa\/#breadcrumb\",\"itemListElement\":[{\"@type\":\"ListItem\",\"position\":1,\"name\":\"Portada\",\"item\":\"https:\/\/www.ull.es\/portal\/noticias\/\"},{\"@type\":\"ListItem\",\"position\":2,\"name\":\"La ULL prosigue la estrategia \u201cInternacionalizaci\u00f3n en Casa\u201d con un curso sobre competencias interculturales\"}]},{\"@type\":\"WebSite\",\"@id\":\"https:\/\/www.ull.es\/portal\/noticias\/#website\",\"url\":\"https:\/\/www.ull.es\/portal\/noticias\/\",\"name\":\"ULL - Noticias\",\"description\":\"\",\"potentialAction\":[{\"@type\":\"SearchAction\",\"target\":{\"@type\":\"EntryPoint\",\"urlTemplate\":\"https:\/\/www.ull.es\/portal\/noticias\/?s={search_term_string}\"},\"query-input\":\"required name=search_term_string\"}],\"inLanguage\":\"es\"},{\"@type\":\"Person\",\"@id\":\"https:\/\/www.ull.es\/portal\/noticias\/#\/schema\/person\/c3b2aa857797592927a03740d6664376\",\"name\":\"prensa2\",\"image\":{\"@type\":\"ImageObject\",\"inLanguage\":\"es\",\"@id\":\"https:\/\/www.ull.es\/portal\/noticias\/#\/schema\/person\/image\/\",\"url\":\"https:\/\/secure.gravatar.com\/avatar\/b58f310a5de5feb33d1e026d2493f23c?s=96&d=mm&r=g\",\"contentUrl\":\"https:\/\/secure.gravatar.com\/avatar\/b58f310a5de5feb33d1e026d2493f23c?s=96&d=mm&r=g\",\"caption\":\"prensa2\"},\"url\":\"https:\/\/www.ull.es\/portal\/noticias\/author\/prensa2\/\"}]}<\/script>\n<!-- \/ Yoast SEO plugin. -->","yoast_head_json":{"title":"La ULL imparte un curso sobre competencias interculturales","description":"Del 29 de abril al 18 de mayo, el curso \u201cCompetencias Internacionales e Interculturales\u201d dotar\u00e1 al alumnado de habilidades transversales.","robots":{"index":"index","follow":"follow","max-snippet":"max-snippet:-1","max-image-preview":"max-image-preview:large","max-video-preview":"max-video-preview:-1"},"canonical":"https:\/\/www.ull.es\/portal\/noticias\/2021\/ull-prosigue-estrategia-internacionalizacion-en-casa\/","og_locale":"es_ES","og_type":"article","og_title":"La ULL imparte un curso sobre competencias interculturales","og_description":"Del 29 de abril al 18 de mayo, el curso \u201cCompetencias Internacionales e Interculturales\u201d dotar\u00e1 al alumnado de habilidades transversales.","og_url":"https:\/\/www.ull.es\/portal\/noticias\/2021\/ull-prosigue-estrategia-internacionalizacion-en-casa\/","og_site_name":"ULL - Noticias","article_publisher":"https:\/\/www.facebook.com\/universidaddelalaguna\/","article_published_time":"2021-04-30T14:13:08+00:00","og_image":[{"width":1004,"height":706,"url":"https:\/\/www.ull.es\/portal\/noticias\/wp-content\/uploads\/sites\/13\/2021\/04\/Inauguracion-modificada.jpg","type":"image\/jpeg"}],"author":"prensa2","twitter_card":"summary_large_image","twitter_creator":"@CanalULL","twitter_site":"@CanalULL","twitter_misc":{"Escrito por":"prensa2","Tiempo de lectura":"3 minutos"},"schema":{"@context":"https:\/\/schema.org","@graph":[{"@type":"WebPage","@id":"https:\/\/www.ull.es\/portal\/noticias\/2021\/ull-prosigue-estrategia-internacionalizacion-en-casa\/","url":"https:\/\/www.ull.es\/portal\/noticias\/2021\/ull-prosigue-estrategia-internacionalizacion-en-casa\/","name":"La ULL imparte un curso sobre competencias interculturales","isPartOf":{"@id":"https:\/\/www.ull.es\/portal\/noticias\/#website"},"datePublished":"2021-04-30T14:13:08+00:00","dateModified":"2021-04-30T14:13:08+00:00","author":{"@id":"https:\/\/www.ull.es\/portal\/noticias\/#\/schema\/person\/c3b2aa857797592927a03740d6664376"},"description":"Del 29 de abril al 18 de mayo, el curso \u201cCompetencias Internacionales e Interculturales\u201d dotar\u00e1 al alumnado de habilidades transversales.","breadcrumb":{"@id":"https:\/\/www.ull.es\/portal\/noticias\/2021\/ull-prosigue-estrategia-internacionalizacion-en-casa\/#breadcrumb"},"inLanguage":"es","potentialAction":[{"@type":"ReadAction","target":["https:\/\/www.ull.es\/portal\/noticias\/2021\/ull-prosigue-estrategia-internacionalizacion-en-casa\/"]}]},{"@type":"BreadcrumbList","@id":"https:\/\/www.ull.es\/portal\/noticias\/2021\/ull-prosigue-estrategia-internacionalizacion-en-casa\/#breadcrumb","itemListElement":[{"@type":"ListItem","position":1,"name":"Portada","item":"https:\/\/www.ull.es\/portal\/noticias\/"},{"@type":"ListItem","position":2,"name":"La ULL prosigue la estrategia \u201cInternacionalizaci\u00f3n en Casa\u201d con un curso sobre competencias interculturales"}]},{"@type":"WebSite","@id":"https:\/\/www.ull.es\/portal\/noticias\/#website","url":"https:\/\/www.ull.es\/portal\/noticias\/","name":"ULL - Noticias","description":"","potentialAction":[{"@type":"SearchAction","target":{"@type":"EntryPoint","urlTemplate":"https:\/\/www.ull.es\/portal\/noticias\/?s={search_term_string}"},"query-input":"required name=search_term_string"}],"inLanguage":"es"},{"@type":"Person","@id":"https:\/\/www.ull.es\/portal\/noticias\/#\/schema\/person\/c3b2aa857797592927a03740d6664376","name":"prensa2","image":{"@type":"ImageObject","inLanguage":"es","@id":"https:\/\/www.ull.es\/portal\/noticias\/#\/schema\/person\/image\/","url":"https:\/\/secure.gravatar.com\/avatar\/b58f310a5de5feb33d1e026d2493f23c?s=96&d=mm&r=g","contentUrl":"https:\/\/secure.gravatar.com\/avatar\/b58f310a5de5feb33d1e026d2493f23c?s=96&d=mm&r=g","caption":"prensa2"},"url":"https:\/\/www.ull.es\/portal\/noticias\/author\/prensa2\/"}]}},"primary_category":{"id":345,"name":"Destacado","slug":"destacado","link":"https:\/\/www.ull.es\/portal\/noticias\/category\/destacado\/"},"featured_image_thumbnail_url":"https:\/\/www.ull.es\/portal\/noticias\/wp-content\/uploads\/sites\/13\/2021\/04\/Inauguracion-modificada-300x211.jpg","_links":{"self":[{"href":"https:\/\/www.ull.es\/portal\/noticias\/wp-json\/wp\/v2\/posts\/55975"}],"collection":[{"href":"https:\/\/www.ull.es\/portal\/noticias\/wp-json\/wp\/v2\/posts"}],"about":[{"href":"https:\/\/www.ull.es\/portal\/noticias\/wp-json\/wp\/v2\/types\/post"}],"author":[{"embeddable":true,"href":"https:\/\/www.ull.es\/portal\/noticias\/wp-json\/wp\/v2\/users\/21"}],"replies":[{"embeddable":true,"href":"https:\/\/www.ull.es\/portal\/noticias\/wp-json\/wp\/v2\/comments?post=55975"}],"version-history":[{"count":1,"href":"https:\/\/www.ull.es\/portal\/noticias\/wp-json\/wp\/v2\/posts\/55975\/revisions"}],"predecessor-version":[{"id":55977,"href":"https:\/\/www.ull.es\/portal\/noticias\/wp-json\/wp\/v2\/posts\/55975\/revisions\/55977"}],"wp:featuredmedia":[{"embeddable":true,"href":"https:\/\/www.ull.es\/portal\/noticias\/wp-json\/wp\/v2\/media\/55976"}],"wp:attachment":[{"href":"https:\/\/www.ull.es\/portal\/noticias\/wp-json\/wp\/v2\/media?parent=55975"}],"wp:term":[{"taxonomy":"category","embeddable":true,"href":"https:\/\/www.ull.es\/portal\/noticias\/wp-json\/wp\/v2\/categories?post=55975"},{"taxonomy":"post_tag","embeddable":true,"href":"https:\/\/www.ull.es\/portal\/noticias\/wp-json\/wp\/v2\/tags?post=55975"}],"curies":[{"name":"wp","href":"https:\/\/api.w.org\/{rel}","templated":true}]}}