{"id":56027,"date":"2021-05-04T13:50:38","date_gmt":"2021-05-04T13:50:38","guid":{"rendered":"https:\/\/www.ull.es\/portal\/noticias\/?p=56027"},"modified":"2021-05-04T13:52:20","modified_gmt":"2021-05-04T13:52:20","slug":"el-paraninfo-acoge-esta-semana-dos-nuevas-sesiones-del-ciclo-de-conciertos-de-jovenes-interpretes","status":"publish","type":"post","link":"https:\/\/www.ull.es\/portal\/noticias\/2021\/el-paraninfo-acoge-esta-semana-dos-nuevas-sesiones-del-ciclo-de-conciertos-de-jovenes-interpretes\/","title":{"rendered":"El Paraninfo acoge esta semana dos nuevas sesiones del ciclo de Conciertos de J\u00f3venes Int\u00e9rpretes"},"content":{"rendered":"<p>El Paraninfo de la Universidad de La Laguna acoger\u00e1 hoy 4 de mayo, y el jueves 6, dos nuevas sesiones del ciclo musical Primavera J\u00f3venes Int\u00e9rpretes. El de hoy ser\u00e1 un recital de violonchelo y piano, mientras que el del jueves se define como una conferencia-concierto de piano. Como en anteriores ocasiones, las actuaciones se desarrollar\u00e1n entre las 19:30 y las 21:00 horas y en ambos casos la entrada es gratuita, pero con la intenci\u00f3n de controlar el aforo, ser\u00e1 necesario retirar invitaciones a trav\u00e9s de este <a href=\"https:\/\/www.tomaticket.es\/recintos\/paraninfo-ull\" target=\"_blank\" rel=\"noopener\" target=\"_blank\" rel=\"noopener\">enlace<\/a>.<\/p>\n<p>La <a href=\"https:\/\/www.ull.es\/portal\/agenda\/evento\/ciclo-de-primavera-de-jovenes-interpretes-recital-de-violonchelo-y-piano\/\" target=\"_blank\" rel=\"noopener\" target=\"_blank\" rel=\"noopener\">cita musical de la jornada de hoy<\/a> estar\u00e1 protagonizada por Paula Torres Vega al violonchelo y Sandra Gonz\u00e1lez al piano. Las concertistas interpretar\u00e1n un quinteto de obras musicales: Suite V (preludio y giga) de Johann Sebastian Bach; la sonata n\u00famero 3, Op. 69 de Beethoven; el concierto para cello en mi menor de Elgar; Requiebros, del compositor espa\u00f1ol Gaspar Cassad\u00f3; y \u201cDe un lejano amor\u201d. Este \u00faltimo tema musical, con el que cerrar\u00e1n el recital, fue compuesto en 2013 por la profesora de m\u00fasica y reconocida compositora grancanaria Laura Vega, que cuenta en su cat\u00e1logo con m\u00e1s medio centenar de obras.<a href=\"https:\/\/www.ull.es\/portal\/noticias\/wp-content\/uploads\/sites\/13\/2021\/05\/6MAYO_AGENDA.jpg\" target=\"_blank\" rel=\"noopener\"><img decoding=\"async\" loading=\"lazy\" class=\"alignright size-medium wp-image-56030\" src=\"https:\/\/www.ull.es\/portal\/noticias\/wp-content\/uploads\/sites\/13\/2021\/05\/6MAYO_AGENDA-300x150.jpg\" alt=\"\" width=\"300\" height=\"150\" srcset=\"https:\/\/www.ull.es\/portal\/noticias\/wp-content\/uploads\/sites\/13\/2021\/05\/6MAYO_AGENDA-300x150.jpg 300w, https:\/\/www.ull.es\/portal\/noticias\/wp-content\/uploads\/sites\/13\/2021\/05\/6MAYO_AGENDA-375x188.jpg 375w, https:\/\/www.ull.es\/portal\/noticias\/wp-content\/uploads\/sites\/13\/2021\/05\/6MAYO_AGENDA.jpg 700w\" sizes=\"(max-width: 300px) 100vw, 300px\" \/><\/a><\/p>\n<p><a href=\"https:\/\/www.ull.es\/portal\/agenda\/evento\/ciclo-de-primavera-de-jovenes-interpretes-conferencia-concierto-de-piano\/\" target=\"_blank\" rel=\"noopener\" target=\"_blank\" rel=\"noopener\">La actuaci\u00f3n del jueves<\/a> estar\u00e1 a cargo del pianista Eduardo Corcuera Botana, que ofrecer\u00e1 una versi\u00f3n de Preludio y Fuga n\u00famero 16 de Bach; la sonata n\u00famero 3, Op. 2 de Beethoven; Liebesleid de Fritz Kreisler; y, como cierre, El Corpus Christi en Sevilla del compositor y pianista espa\u00f1ol Isaac Alb\u00e9niz.<\/p>\n<p>Estos ciclos de conciertos brindan al alumnado del conservatorio la oportunidad de mostrar sus capacidades interpretativas y creativas en un ambiente y espacio profesional con la asistencia de p\u00fablico, de manera que les sea posible adquirir la madurez necesaria para asumir retos de mayor envergadura. Adem\u00e1s, tienen como objetivo mantener la colaboraci\u00f3n entre la instituci\u00f3n acad\u00e9mica y el Conservatorio de M\u00fasica de Santa Cruz de Tenerife.<\/p>\n<p>Con la intenci\u00f3n de garantizar el cumplimiento de las medidas de seguridad impuestas por las autoridades sanitarias y que la asistencia al evento sea segura, el Paraninfo de la Universidad de La Laguna tiene un Plan de Prevenci\u00f3n de la Covid-19 en el que se destacan medidas como el uso obligatorio de mascarilla en todo momento, la distancia de seguridad entre personas que no pertenezcan al mismo n\u00facleo de convivencia, el uso de gel hidroalcoh\u00f3lico y la se\u00f1alizaci\u00f3n de entradas y salidas, as\u00ed como las indicaciones del personal de sala y de seguridad.<\/p>\n","protected":false},"excerpt":{"rendered":"<p>El Paraninfo de la Universidad de La Laguna acoger\u00e1 hoy 4 de mayo, y el jueves 6, dos nuevas sesiones&#8230;<\/p>\n","protected":false},"author":67,"featured_media":56028,"comment_status":"closed","ping_status":"closed","sticky":false,"template":"","format":"standard","meta":{"inline_featured_image":false,"footnotes":""},"categories":[344,345,348,2765],"tags":[7221,2048],"acf":[],"yoast_head":"<!-- This site is optimized with the Yoast SEO plugin v21.3 - https:\/\/yoast.com\/wordpress\/plugins\/seo\/ -->\n<title>El Paraninfo acoge esta semana dos nuevas sesiones del ciclo de Conciertos de J\u00f3venes Int\u00e9rpretes - ULL - Noticias<\/title>\n<meta name=\"description\" content=\"El Paraninfo de la Universidad de La Laguna acoger\u00e1 hoy 4 de mayo, y el jueves 6, dos nuevas sesiones del ciclo musical Primavera J\u00f3venes Int\u00e9rpretes. El de hoy ser\u00e1 un recital de violonchelo y piano, mientras que el del jueves se define como una conferencia-concierto de piano.\" \/>\n<meta name=\"robots\" content=\"index, follow, max-snippet:-1, max-image-preview:large, max-video-preview:-1\" \/>\n<link rel=\"canonical\" href=\"https:\/\/www.ull.es\/portal\/noticias\/2021\/el-paraninfo-acoge-esta-semana-dos-nuevas-sesiones-del-ciclo-de-conciertos-de-jovenes-interpretes\/\" \/>\n<meta property=\"og:locale\" content=\"es_ES\" \/>\n<meta property=\"og:type\" content=\"article\" \/>\n<meta property=\"og:title\" content=\"El Paraninfo acoge esta semana dos nuevas sesiones del ciclo de Conciertos de J\u00f3venes Int\u00e9rpretes - ULL - Noticias\" \/>\n<meta property=\"og:description\" content=\"El Paraninfo de la Universidad de La Laguna acoger\u00e1 hoy 4 de mayo, y el jueves 6, dos nuevas sesiones del ciclo musical Primavera J\u00f3venes Int\u00e9rpretes. El de hoy ser\u00e1 un recital de violonchelo y piano, mientras que el del jueves se define como una conferencia-concierto de piano.\" \/>\n<meta property=\"og:url\" content=\"https:\/\/www.ull.es\/portal\/noticias\/2021\/el-paraninfo-acoge-esta-semana-dos-nuevas-sesiones-del-ciclo-de-conciertos-de-jovenes-interpretes\/\" \/>\n<meta property=\"og:site_name\" content=\"ULL - Noticias\" \/>\n<meta property=\"article:publisher\" content=\"https:\/\/www.facebook.com\/universidaddelalaguna\/\" \/>\n<meta property=\"article:published_time\" content=\"2021-05-04T13:50:38+00:00\" \/>\n<meta property=\"article:modified_time\" content=\"2021-05-04T13:52:20+00:00\" \/>\n<meta property=\"og:image\" content=\"https:\/\/www.ull.es\/portal\/noticias\/wp-content\/uploads\/sites\/13\/2021\/05\/4MAYO_AGENDA.jpg\" \/>\n\t<meta property=\"og:image:width\" content=\"700\" \/>\n\t<meta property=\"og:image:height\" content=\"350\" \/>\n\t<meta property=\"og:image:type\" content=\"image\/jpeg\" \/>\n<meta name=\"author\" content=\"gcom5\" \/>\n<meta name=\"twitter:card\" content=\"summary_large_image\" \/>\n<meta name=\"twitter:creator\" content=\"@CanalULL\" \/>\n<meta name=\"twitter:site\" content=\"@CanalULL\" \/>\n<meta name=\"twitter:label1\" content=\"Escrito por\" \/>\n\t<meta name=\"twitter:data1\" content=\"gcom5\" \/>\n\t<meta name=\"twitter:label2\" content=\"Tiempo de lectura\" \/>\n\t<meta name=\"twitter:data2\" content=\"2 minutos\" \/>\n<script type=\"application\/ld+json\" class=\"yoast-schema-graph\">{\"@context\":\"https:\/\/schema.org\",\"@graph\":[{\"@type\":\"WebPage\",\"@id\":\"https:\/\/www.ull.es\/portal\/noticias\/2021\/el-paraninfo-acoge-esta-semana-dos-nuevas-sesiones-del-ciclo-de-conciertos-de-jovenes-interpretes\/\",\"url\":\"https:\/\/www.ull.es\/portal\/noticias\/2021\/el-paraninfo-acoge-esta-semana-dos-nuevas-sesiones-del-ciclo-de-conciertos-de-jovenes-interpretes\/\",\"name\":\"El Paraninfo acoge esta semana dos nuevas sesiones del ciclo de Conciertos de J\u00f3venes Int\u00e9rpretes - ULL - Noticias\",\"isPartOf\":{\"@id\":\"https:\/\/www.ull.es\/portal\/noticias\/#website\"},\"datePublished\":\"2021-05-04T13:50:38+00:00\",\"dateModified\":\"2021-05-04T13:52:20+00:00\",\"author\":{\"@id\":\"https:\/\/www.ull.es\/portal\/noticias\/#\/schema\/person\/8027c6c4687adc2c90dc1532715d34df\"},\"description\":\"El Paraninfo de la Universidad de La Laguna acoger\u00e1 hoy 4 de mayo, y el jueves 6, dos nuevas sesiones del ciclo musical Primavera J\u00f3venes Int\u00e9rpretes. El de hoy ser\u00e1 un recital de violonchelo y piano, mientras que el del jueves se define como una conferencia-concierto de piano.\",\"breadcrumb\":{\"@id\":\"https:\/\/www.ull.es\/portal\/noticias\/2021\/el-paraninfo-acoge-esta-semana-dos-nuevas-sesiones-del-ciclo-de-conciertos-de-jovenes-interpretes\/#breadcrumb\"},\"inLanguage\":\"es\",\"potentialAction\":[{\"@type\":\"ReadAction\",\"target\":[\"https:\/\/www.ull.es\/portal\/noticias\/2021\/el-paraninfo-acoge-esta-semana-dos-nuevas-sesiones-del-ciclo-de-conciertos-de-jovenes-interpretes\/\"]}]},{\"@type\":\"BreadcrumbList\",\"@id\":\"https:\/\/www.ull.es\/portal\/noticias\/2021\/el-paraninfo-acoge-esta-semana-dos-nuevas-sesiones-del-ciclo-de-conciertos-de-jovenes-interpretes\/#breadcrumb\",\"itemListElement\":[{\"@type\":\"ListItem\",\"position\":1,\"name\":\"Portada\",\"item\":\"https:\/\/www.ull.es\/portal\/noticias\/\"},{\"@type\":\"ListItem\",\"position\":2,\"name\":\"El Paraninfo acoge esta semana dos nuevas sesiones del ciclo de Conciertos de J\u00f3venes Int\u00e9rpretes\"}]},{\"@type\":\"WebSite\",\"@id\":\"https:\/\/www.ull.es\/portal\/noticias\/#website\",\"url\":\"https:\/\/www.ull.es\/portal\/noticias\/\",\"name\":\"ULL - Noticias\",\"description\":\"\",\"potentialAction\":[{\"@type\":\"SearchAction\",\"target\":{\"@type\":\"EntryPoint\",\"urlTemplate\":\"https:\/\/www.ull.es\/portal\/noticias\/?s={search_term_string}\"},\"query-input\":\"required name=search_term_string\"}],\"inLanguage\":\"es\"},{\"@type\":\"Person\",\"@id\":\"https:\/\/www.ull.es\/portal\/noticias\/#\/schema\/person\/8027c6c4687adc2c90dc1532715d34df\",\"name\":\"gcom5\",\"image\":{\"@type\":\"ImageObject\",\"inLanguage\":\"es\",\"@id\":\"https:\/\/www.ull.es\/portal\/noticias\/#\/schema\/person\/image\/\",\"url\":\"https:\/\/secure.gravatar.com\/avatar\/8b3777f8048001fa57b88338ce5605b9?s=96&d=mm&r=g\",\"contentUrl\":\"https:\/\/secure.gravatar.com\/avatar\/8b3777f8048001fa57b88338ce5605b9?s=96&d=mm&r=g\",\"caption\":\"gcom5\"},\"url\":\"https:\/\/www.ull.es\/portal\/noticias\/author\/gcom5\/\"}]}<\/script>\n<!-- \/ Yoast SEO plugin. -->","yoast_head_json":{"title":"El Paraninfo acoge esta semana dos nuevas sesiones del ciclo de Conciertos de J\u00f3venes Int\u00e9rpretes - ULL - Noticias","description":"El Paraninfo de la Universidad de La Laguna acoger\u00e1 hoy 4 de mayo, y el jueves 6, dos nuevas sesiones del ciclo musical Primavera J\u00f3venes Int\u00e9rpretes. El de hoy ser\u00e1 un recital de violonchelo y piano, mientras que el del jueves se define como una conferencia-concierto de piano.","robots":{"index":"index","follow":"follow","max-snippet":"max-snippet:-1","max-image-preview":"max-image-preview:large","max-video-preview":"max-video-preview:-1"},"canonical":"https:\/\/www.ull.es\/portal\/noticias\/2021\/el-paraninfo-acoge-esta-semana-dos-nuevas-sesiones-del-ciclo-de-conciertos-de-jovenes-interpretes\/","og_locale":"es_ES","og_type":"article","og_title":"El Paraninfo acoge esta semana dos nuevas sesiones del ciclo de Conciertos de J\u00f3venes Int\u00e9rpretes - ULL - Noticias","og_description":"El Paraninfo de la Universidad de La Laguna acoger\u00e1 hoy 4 de mayo, y el jueves 6, dos nuevas sesiones del ciclo musical Primavera J\u00f3venes Int\u00e9rpretes. El de hoy ser\u00e1 un recital de violonchelo y piano, mientras que el del jueves se define como una conferencia-concierto de piano.","og_url":"https:\/\/www.ull.es\/portal\/noticias\/2021\/el-paraninfo-acoge-esta-semana-dos-nuevas-sesiones-del-ciclo-de-conciertos-de-jovenes-interpretes\/","og_site_name":"ULL - Noticias","article_publisher":"https:\/\/www.facebook.com\/universidaddelalaguna\/","article_published_time":"2021-05-04T13:50:38+00:00","article_modified_time":"2021-05-04T13:52:20+00:00","og_image":[{"width":700,"height":350,"url":"https:\/\/www.ull.es\/portal\/noticias\/wp-content\/uploads\/sites\/13\/2021\/05\/4MAYO_AGENDA.jpg","type":"image\/jpeg"}],"author":"gcom5","twitter_card":"summary_large_image","twitter_creator":"@CanalULL","twitter_site":"@CanalULL","twitter_misc":{"Escrito por":"gcom5","Tiempo de lectura":"2 minutos"},"schema":{"@context":"https:\/\/schema.org","@graph":[{"@type":"WebPage","@id":"https:\/\/www.ull.es\/portal\/noticias\/2021\/el-paraninfo-acoge-esta-semana-dos-nuevas-sesiones-del-ciclo-de-conciertos-de-jovenes-interpretes\/","url":"https:\/\/www.ull.es\/portal\/noticias\/2021\/el-paraninfo-acoge-esta-semana-dos-nuevas-sesiones-del-ciclo-de-conciertos-de-jovenes-interpretes\/","name":"El Paraninfo acoge esta semana dos nuevas sesiones del ciclo de Conciertos de J\u00f3venes Int\u00e9rpretes - ULL - Noticias","isPartOf":{"@id":"https:\/\/www.ull.es\/portal\/noticias\/#website"},"datePublished":"2021-05-04T13:50:38+00:00","dateModified":"2021-05-04T13:52:20+00:00","author":{"@id":"https:\/\/www.ull.es\/portal\/noticias\/#\/schema\/person\/8027c6c4687adc2c90dc1532715d34df"},"description":"El Paraninfo de la Universidad de La Laguna acoger\u00e1 hoy 4 de mayo, y el jueves 6, dos nuevas sesiones del ciclo musical Primavera J\u00f3venes Int\u00e9rpretes. El de hoy ser\u00e1 un recital de violonchelo y piano, mientras que el del jueves se define como una conferencia-concierto de piano.","breadcrumb":{"@id":"https:\/\/www.ull.es\/portal\/noticias\/2021\/el-paraninfo-acoge-esta-semana-dos-nuevas-sesiones-del-ciclo-de-conciertos-de-jovenes-interpretes\/#breadcrumb"},"inLanguage":"es","potentialAction":[{"@type":"ReadAction","target":["https:\/\/www.ull.es\/portal\/noticias\/2021\/el-paraninfo-acoge-esta-semana-dos-nuevas-sesiones-del-ciclo-de-conciertos-de-jovenes-interpretes\/"]}]},{"@type":"BreadcrumbList","@id":"https:\/\/www.ull.es\/portal\/noticias\/2021\/el-paraninfo-acoge-esta-semana-dos-nuevas-sesiones-del-ciclo-de-conciertos-de-jovenes-interpretes\/#breadcrumb","itemListElement":[{"@type":"ListItem","position":1,"name":"Portada","item":"https:\/\/www.ull.es\/portal\/noticias\/"},{"@type":"ListItem","position":2,"name":"El Paraninfo acoge esta semana dos nuevas sesiones del ciclo de Conciertos de J\u00f3venes Int\u00e9rpretes"}]},{"@type":"WebSite","@id":"https:\/\/www.ull.es\/portal\/noticias\/#website","url":"https:\/\/www.ull.es\/portal\/noticias\/","name":"ULL - Noticias","description":"","potentialAction":[{"@type":"SearchAction","target":{"@type":"EntryPoint","urlTemplate":"https:\/\/www.ull.es\/portal\/noticias\/?s={search_term_string}"},"query-input":"required name=search_term_string"}],"inLanguage":"es"},{"@type":"Person","@id":"https:\/\/www.ull.es\/portal\/noticias\/#\/schema\/person\/8027c6c4687adc2c90dc1532715d34df","name":"gcom5","image":{"@type":"ImageObject","inLanguage":"es","@id":"https:\/\/www.ull.es\/portal\/noticias\/#\/schema\/person\/image\/","url":"https:\/\/secure.gravatar.com\/avatar\/8b3777f8048001fa57b88338ce5605b9?s=96&d=mm&r=g","contentUrl":"https:\/\/secure.gravatar.com\/avatar\/8b3777f8048001fa57b88338ce5605b9?s=96&d=mm&r=g","caption":"gcom5"},"url":"https:\/\/www.ull.es\/portal\/noticias\/author\/gcom5\/"}]}},"primary_category":{"id":344,"name":"Cultura","slug":"cultura","link":"https:\/\/www.ull.es\/portal\/noticias\/category\/cultura\/"},"featured_image_thumbnail_url":"https:\/\/www.ull.es\/portal\/noticias\/wp-content\/uploads\/sites\/13\/2021\/05\/4MAYO_AGENDA-300x150.jpg","_links":{"self":[{"href":"https:\/\/www.ull.es\/portal\/noticias\/wp-json\/wp\/v2\/posts\/56027"}],"collection":[{"href":"https:\/\/www.ull.es\/portal\/noticias\/wp-json\/wp\/v2\/posts"}],"about":[{"href":"https:\/\/www.ull.es\/portal\/noticias\/wp-json\/wp\/v2\/types\/post"}],"author":[{"embeddable":true,"href":"https:\/\/www.ull.es\/portal\/noticias\/wp-json\/wp\/v2\/users\/67"}],"replies":[{"embeddable":true,"href":"https:\/\/www.ull.es\/portal\/noticias\/wp-json\/wp\/v2\/comments?post=56027"}],"version-history":[{"count":2,"href":"https:\/\/www.ull.es\/portal\/noticias\/wp-json\/wp\/v2\/posts\/56027\/revisions"}],"predecessor-version":[{"id":56031,"href":"https:\/\/www.ull.es\/portal\/noticias\/wp-json\/wp\/v2\/posts\/56027\/revisions\/56031"}],"wp:featuredmedia":[{"embeddable":true,"href":"https:\/\/www.ull.es\/portal\/noticias\/wp-json\/wp\/v2\/media\/56028"}],"wp:attachment":[{"href":"https:\/\/www.ull.es\/portal\/noticias\/wp-json\/wp\/v2\/media?parent=56027"}],"wp:term":[{"taxonomy":"category","embeddable":true,"href":"https:\/\/www.ull.es\/portal\/noticias\/wp-json\/wp\/v2\/categories?post=56027"},{"taxonomy":"post_tag","embeddable":true,"href":"https:\/\/www.ull.es\/portal\/noticias\/wp-json\/wp\/v2\/tags?post=56027"}],"curies":[{"name":"wp","href":"https:\/\/api.w.org\/{rel}","templated":true}]}}